{"id":236219,"date":"2026-05-03T06:25:00","date_gmt":"2026-05-03T09:25:00","guid":{"rendered":"https:\/\/www.correiobraziliense.com.br\/cbradar\/?p=236219"},"modified":"2026-05-03T03:17:38","modified_gmt":"2026-05-03T06:17:38","slug":"eleita-a-4a-melhor-do-brasil-a-capital-do-oeste-cresce-com-5-mil-novos-moradores-por-ano-e-sedia-a-maior-feira-agro-da-america-latina","status":"publish","type":"post","link":"https:\/\/www.correiobraziliense.com.br\/cbradar\/eleita-a-4a-melhor-do-brasil-a-capital-do-oeste-cresce-com-5-mil-novos-moradores-por-ano-e-sedia-a-maior-feira-agro-da-america-latina\/","title":{"rendered":"Eleita a 4\u00aa melhor do Brasil, a \u201cCapital do Oeste\u201d cresce com 5 mil novos moradores por ano e sedia a maior feira agro da Am\u00e9rica Latina"},"content":{"rendered":"\n<p>Ruas amplas, bairros arborizados e um crescimento que n\u00e3o abre m\u00e3o da organiza\u00e7\u00e3o definem <strong>Cascavel<\/strong>, conhecida como <strong>\u201cCapital do Oeste\u201d<\/strong>, no interior do <strong>Paran\u00e1<\/strong>. Hoje, como o quinto munic\u00edpio mais populoso do estado, a cidade atrai fam\u00edlias e profissionais de v\u00e1rias regi\u00f5es do Brasil ao combinar custo de vida equilibrado, economia diversificada e uma infraestrutura compar\u00e1vel \u00e0 de muitas capitais.<\/p>\n\n\n\n<h2 class=\"wp-block-heading\">Uma cidade jovem com planejamento de longa data<\/h2>\n\n\n\n<p>Emancipada em <strong>1951<\/strong>, <strong>Cascavel<\/strong> surgiu a partir de um entroncamento de estradas em meio ao interior paranaense. O nome pode ter origem tanto na presen\u00e7a de cobras cascavel quanto no tra\u00e7ado sinuoso de um c\u00f3rrego local. A ocupa\u00e7\u00e3o ganhou impulso a partir dos anos <strong>1930<\/strong>, com a chegada de fam\u00edlias vindas de <strong>Santa Catarina<\/strong> e do <strong>Rio Grande do Sul<\/strong>, atra\u00eddas pela fertilidade da terra roxa.<\/p>\n\n\n\n<p>Mesmo com crescimento acelerado, o munic\u00edpio investiu em planejamento urbano. Em <strong>2020<\/strong>, <strong>Cascavel<\/strong> alcan\u00e7ou o <strong>4\u00ba lugar<\/strong> no ranking <strong>Connected Smart Cities<\/strong>, na categoria urbanismo, destacando-se por avenidas largas e bairros bem distribu\u00eddos. A estimativa do <strong>IBGE<\/strong> para <strong>2025<\/strong> aponta cerca de <strong>368.195 habitantes<\/strong>, e a cidade se consolida como polo regional ao liderar uma \u00e1rea metropolitana com <strong>23 munic\u00edpios<\/strong>.<\/p>\n\n\n<div class=\"wp-block-image\">\n<figure class=\"aligncenter size-large\"><img decoding=\"async\" width=\"1024\" height=\"576\" src=\"https:\/\/www.correiobraziliense.com.br\/cbradar\/wp-content\/uploads\/2025\/03\/Samsung-Galaxy-A55-42-1-1024x576.png\" alt=\"A Capital do Oeste foi eleita a 4\u00aa melhor do Brasil e recebe 5 mil novos moradores por ano, al\u00e9m de sediar a maior feira agro da Am\u00e9rica Latina\" class=\"wp-image-8703\" srcset=\"https:\/\/www.correiobraziliense.com.br\/cbradar\/wp-content\/uploads\/2025\/03\/Samsung-Galaxy-A55-42-1-1024x576.png 1024w, https:\/\/www.correiobraziliense.com.br\/cbradar\/wp-content\/uploads\/2025\/03\/Samsung-Galaxy-A55-42-1-300x169.png 300w, https:\/\/www.correiobraziliense.com.br\/cbradar\/wp-content\/uploads\/2025\/03\/Samsung-Galaxy-A55-42-1-768x432.png 768w, https:\/\/www.correiobraziliense.com.br\/cbradar\/wp-content\/uploads\/2025\/03\/Samsung-Galaxy-A55-42-1-750x422.png 750w, https:\/\/www.correiobraziliense.com.br\/cbradar\/wp-content\/uploads\/2025\/03\/Samsung-Galaxy-A55-42-1-1140x641.png 1140w, https:\/\/www.correiobraziliense.com.br\/cbradar\/wp-content\/uploads\/2025\/03\/Samsung-Galaxy-A55-42-1.png 1280w\" sizes=\"(max-width: 1024px) 100vw, 1024px\" \/><figcaption class=\"wp-element-caption\">Cascavel combina infraestrutura moderna, educa\u00e7\u00e3o de qualidade e ambiente acolhedor. \/\/ Cr\u00e9ditos: Wikimedia Commons<\/figcaption><\/figure><\/div>\n\n\n<h2 class=\"wp-block-heading\">Como \u00e9 a rotina de quem mora na capital do agroneg\u00f3cio?<\/h2>\n\n\n\n<p>O dia a dia em Cascavel combina a praticidade de uma cidade de porte m\u00e9dio com a oferta de servi\u00e7os de centro regional. A <strong>Universidade Estadual do Oeste do Paran\u00e1 (Unioeste)<\/strong> oferece cursos como Medicina, Agronomia e Engenharia. Faculdades particulares e o <strong>Instituto Federal do Paran\u00e1 (IFPR)<\/strong> ampliam as op\u00e7\u00f5es de ensino superior. Escolas p\u00fablicas atendem 99,15% das crian\u00e7as entre 6 e 14 anos.<\/p>\n\n\n\n<p>No setor de sa\u00fade, hospitais como o <strong>Hospital Universit\u00e1rio<\/strong> e o <strong>Hospital S\u00e3o Lucas<\/strong> s\u00e3o refer\u00eancia para toda a regi\u00e3o oeste. O com\u00e9rcio forte e a proximidade com <strong>Foz do Igua\u00e7u<\/strong> (140 km) e com o <strong>Paraguai<\/strong> movimentam a economia local. O <strong>IDHM<\/strong> de 0,782 \u00e9 classificado como alto e coloca Cascavel entre as primeiras posi\u00e7\u00f5es no Paran\u00e1.<\/p>\n\n\n\n<p>O v\u00eddeo do canal &#8220;Coisas do Mundo&#8221; apresenta <strong>Cascavel<\/strong>, no Oeste do Paran\u00e1, destacando-a como uma das cidades mais pr\u00f3speras e com melhor qualidade de vida do Brasil.<\/p>\n\n\n\n<figure class=\"wp-block-embed aligncenter is-type-video is-provider-youtube wp-block-embed-youtube wp-embed-aspect-16-9 wp-has-aspect-ratio\"><div class=\"wp-block-embed__wrapper\">\n<div class=\"jeg_video_container jeg_video_content\"><iframe loading=\"lazy\" title=\"CASCAVEL - PR. Conhe\u00e7a essa joia do interior paranaense!\" width=\"500\" height=\"281\" src=\"https:\/\/www.youtube.com\/embed\/_mWdtb5beHU?feature=oembed\" frameborder=\"0\" allow=\"accelerometer; autoplay; clipboard-write; encrypted-media; gyroscope; picture-in-picture; web-share\" referrerpolicy=\"strict-origin-when-cross-origin\" allowfullscreen><\/iframe><\/div>\n<\/div><\/figure>\n\n\n\n<h2 class=\"wp-block-heading\">Onde ficam os melhores bairros para morar?<\/h2>\n\n\n\n<p>A cidade oferece op\u00e7\u00f5es para diferentes perfis e or\u00e7amentos. Bairros centrais concentram edif\u00edcios residenciais modernos, enquanto regi\u00f5es mais afastadas t\u00eam condom\u00ednios fechados e casas com quintal.<\/p>\n\n\n\n<ul class=\"wp-block-list\">\n<li><strong>Centro<\/strong>: com\u00e9rcio variado, bancos, restaurantes e acesso r\u00e1pido aos principais servi\u00e7os. Im\u00f3veis mais valorizados.<\/li>\n\n\n\n<li><strong>Country<\/strong>: um dos bairros mais nobres, com ruas arborizadas, pra\u00e7as e boa infraestrutura escolar.<\/li>\n\n\n\n<li><strong>Neva<\/strong> e <strong>Floresta<\/strong>: op\u00e7\u00f5es com custo acess\u00edvel, transporte p\u00fablico e proximidade de \u00e1reas verdes.<\/li>\n\n\n\n<li><strong>Parque S\u00e3o Paulo<\/strong>: crescimento recente, com empreendimentos novos e f\u00e1cil acesso \u00e0 <strong>BR-277<\/strong>.<\/li>\n\n\n\n<li><strong>Regi\u00e3o do Lago Municipal<\/strong>: ideal para quem prioriza lazer ao ar livre e caminhadas di\u00e1rias.<\/li>\n<\/ul>\n\n\n<div class=\"wp-block-image\">\n<figure class=\"aligncenter size-large\"><img decoding=\"async\" width=\"1024\" height=\"576\" src=\"https:\/\/www.correiobraziliense.com.br\/cbradar\/wp-content\/uploads\/2025\/07\/Edicoes-48-1-1024x576.png\" alt=\"Essa cidade planejada do Paran\u00e1 \u00e9 perfeita para quem quer crescer na vida e viver com seguran\u00e7a\" class=\"wp-image-70070\" srcset=\"https:\/\/www.correiobraziliense.com.br\/cbradar\/wp-content\/uploads\/2025\/07\/Edicoes-48-1-1024x576.png 1024w, https:\/\/www.correiobraziliense.com.br\/cbradar\/wp-content\/uploads\/2025\/07\/Edicoes-48-1-300x169.png 300w, https:\/\/www.correiobraziliense.com.br\/cbradar\/wp-content\/uploads\/2025\/07\/Edicoes-48-1-768x432.png 768w, https:\/\/www.correiobraziliense.com.br\/cbradar\/wp-content\/uploads\/2025\/07\/Edicoes-48-1-750x422.png 750w, https:\/\/www.correiobraziliense.com.br\/cbradar\/wp-content\/uploads\/2025\/07\/Edicoes-48-1-1140x641.png 1140w, https:\/\/www.correiobraziliense.com.br\/cbradar\/wp-content\/uploads\/2025\/07\/Edicoes-48-1.png 1280w\" sizes=\"(max-width: 1024px) 100vw, 1024px\" \/><figcaption class=\"wp-element-caption\">Cascavel \u00e9 refer\u00eancia no interior do Paran\u00e1 por unir desenvolvimento e bem-estar social. \/\/ Cr\u00e9ditos: Wikip\u00e9dia<\/figcaption><\/figure><\/div>\n\n\n<h2 class=\"wp-block-heading\">Parques, lago e aut\u00f3dromo no fim de semana<\/h2>\n\n\n\n<p>O <strong>Parque Ecol\u00f3gico Paulo Gorski<\/strong>, mais conhecido como Lago Municipal, \u00e9 o cart\u00e3o-postal da cidade. Com trilhas, pistas de caminhada e \u00e1rea para piquenique, o parque funciona como quintal coletivo dos cascavelenses. O <strong>Zool\u00f3gico Municipal Danilo Galafassi<\/strong>, anexo ao lago, abriga esp\u00e9cies nativas e recebe fam\u00edlias durante todo o ano.<\/p>\n\n\n\n<p>O <strong>Parque Vit\u00f3ria<\/strong> e o <strong>Parque das Torres<\/strong> oferecem \u00e1reas verdes para esporte e conviv\u00eancia. Para quem gosta de velocidade, o <strong>Aut\u00f3dromo Zilmar Beux<\/strong> recebe etapas da <strong>Stock Car<\/strong> e da <strong>Copa Truck<\/strong>, al\u00e9m da tradicional prova <strong>Cascavel de Ouro<\/strong>, disputada desde 1967. O <a href=\"https:\/\/showrural.com.br\" target=\"_blank\" rel=\"noreferrer noopener\"><strong>Show Rural Coopavel<\/strong><\/a>, realizado desde 1989, \u00e9 a maior feira de tecnologia agropecu\u00e1ria da Am\u00e9rica Latina. A 38\u00aa edi\u00e7\u00e3o, em fevereiro de 2026, reuniu mais de 600 expositores em 720 mil m\u00b2 de \u00e1rea.<\/p>\n\n\n\n<p><strong>Leia tamb\u00e9m: <a href=\"https:\/\/www.correiobraziliense.com.br\/cbradar\/como-a-inteligencia-artificial-esta-ajudando-cientistas-a-fazer-descobertas-que-antes-levariam-decadas\/\" target=\"_blank\" rel=\"noreferrer noopener\">Como a intelig\u00eancia artificial est\u00e1 ajudando cientistas a fazer descobertas que antes levariam d\u00e9cadas.<\/a><\/strong><\/p>\n\n\n\n<h2 class=\"wp-block-heading\">Costela fogo de ch\u00e3o e a mesa do oeste paranaense<\/h2>\n\n\n\n<p>A gastronomia de Cascavel reflete a heran\u00e7a ga\u00facha e catarinense dos primeiros colonizadores, com tempero pr\u00f3prio do oeste paranaense.<\/p>\n\n\n\n<ul class=\"wp-block-list\">\n<li><strong>Costela fogo de ch\u00e3o<\/strong>: considerada prato t\u00edpico do munic\u00edpio, assada lentamente sobre brasas em eventos e festas tradicionais.<\/li>\n\n\n\n<li><strong>Churrasco paranaense<\/strong>: presente nos fins de semana e nos clubes sociais, com cortes generosos e acompanhamentos regionais.<\/li>\n\n\n\n<li><strong>Comida colonial<\/strong>: cucas, salames, geleias e vinhos da agricultura familiar, com destaque na feira do Show Rural.<\/li>\n<\/ul>\n\n\n<div class=\"wp-block-image\">\n<figure class=\"aligncenter size-large\"><img decoding=\"async\" width=\"1024\" height=\"576\" src=\"https:\/\/www.correiobraziliense.com.br\/cbradar\/wp-content\/uploads\/2025\/07\/Edicoes-2025-07-29T211714.719-1024x576.png\" alt=\"Eleita a 4\u00aa melhor do Brasil, essa cidade do Paran\u00e1 planejada oferece avenidas largas e desenvolvimento no interior\" class=\"wp-image-77752\" srcset=\"https:\/\/www.correiobraziliense.com.br\/cbradar\/wp-content\/uploads\/2025\/07\/Edicoes-2025-07-29T211714.719-1024x576.png 1024w, https:\/\/www.correiobraziliense.com.br\/cbradar\/wp-content\/uploads\/2025\/07\/Edicoes-2025-07-29T211714.719-300x169.png 300w, https:\/\/www.correiobraziliense.com.br\/cbradar\/wp-content\/uploads\/2025\/07\/Edicoes-2025-07-29T211714.719-768x432.png 768w, https:\/\/www.correiobraziliense.com.br\/cbradar\/wp-content\/uploads\/2025\/07\/Edicoes-2025-07-29T211714.719-750x422.png 750w, https:\/\/www.correiobraziliense.com.br\/cbradar\/wp-content\/uploads\/2025\/07\/Edicoes-2025-07-29T211714.719-1140x641.png 1140w, https:\/\/www.correiobraziliense.com.br\/cbradar\/wp-content\/uploads\/2025\/07\/Edicoes-2025-07-29T211714.719.png 1280w\" sizes=\"(max-width: 1024px) 100vw, 1024px\" \/><figcaption class=\"wp-element-caption\">Cascavel se destaca no Paran\u00e1 pela qualidade de vida, seguran\u00e7a e crescimento sustent\u00e1vel. \/\/ Cr\u00e9ditos: YouTube @aerodronbroficial<\/figcaption><\/figure><\/div>\n\n\n<h2 class=\"wp-block-heading\">Como \u00e9 o clima no oeste do Paran\u00e1?<\/h2>\n\n\n\n<p>Cascavel tem clima subtropical \u00famido, com esta\u00e7\u00f5es bem definidas. O ver\u00e3o \u00e9 quente e chuvoso; o inverno, seco e com manh\u00e3s frias. A temperatura m\u00e9dia anual gira em torno de 19 \u00b0C.<\/p>\n\n\n\n<style>\n  \/* --- CONTAINER GERAL --- *\/\n  .cascavel-cards-wrapper {\n    font-family: -apple-system, BlinkMacSystemFont, \"Segoe UI\", Roboto, Helvetica, Arial, sans-serif;\n    max-width: 1100px;\n    margin: 20px auto;\n    color: #1e293b;\n    padding: 10px;\n  }\n\n  \/* --- GRID DE CARDS (DESKTOP - 4 COLUNAS) --- *\/\n  .cascavel-grid {\n    display: grid;\n    grid-template-columns: repeat(4, 1fr);\n    gap: 15px;\n  }\n\n  \/* --- ESTILO DO CARD --- *\/\n  .cascavel-card {\n    background-color: #ffffff;\n    border: 1px solid #f1f5f9;\n    border-radius: 20px;\n    padding: 25px 15px;\n    display: flex;\n    flex-direction: column;\n    align-items: center;\n    text-align: center;\n    box-shadow: 0 4px 12px rgba(2, 132, 199, 0.03);\n    transition: transform 0.2s ease;\n  }\n\n  @media (min-width: 769px) {\n    .cascavel-card:hover {\n      transform: translateY(-5px);\n      box-shadow: 0 8px 20px rgba(2, 132, 199, 0.08);\n      border-color: #bae6fd;\n    }\n  }\n\n  \/* --- ELEMENTOS INTERNOS (AZUL) --- *\/\n  .cascavel-estacao { \n    font-size: 15px; \n    font-weight: 800; \n    color: #0284c7;\n    text-transform: uppercase;\n    letter-spacing: 1.2px;\n    margin-bottom: 5px;\n  }\n\n  .cascavel-meses { \n    font-size: 10px; \n    text-transform: uppercase; \n    font-weight: 700; \n    color: #64748b;\n    margin-bottom: 15px;\n  }\n\n  .cascavel-temp-valor { \n    font-size: 26px; \n    font-weight: 800; \n    color: #0c4a6e;\n    margin-bottom: 2px;\n  }\n\n  .cascavel-temp-label {\n    font-size: 9px;\n    color: #38bdf8;\n    text-transform: uppercase;\n    font-weight: 600;\n    margin-bottom: 15px;\n  }\n\n  .cascavel-desc { \n    font-size: 13px; \n    line-height: 1.5; \n    color: #334155;\n    margin-bottom: 20px;\n    flex-grow: 1;\n  }\n\n  .cascavel-tag-chuva { \n    padding: 6px 14px; \n    border-radius: 20px; \n    font-size: 9px; \n    font-weight: 700; \n    text-transform: uppercase;\n    display: inline-flex;\n    align-items: center;\n    gap: 5px;\n    background-color: #f0f9ff;\n    color: #0369a1;\n    border: 1px solid #e0f2fe;\n    margin-top: auto;\n  }\n\n  \/* --- MOBILE --- *\/\n  @media (max-width: 768px) {\n    .cascavel-grid {\n      grid-template-columns: 1fr;\n    }\n  }\n<\/style>\n\n<div class=\"cascavel-cards-wrapper\">\n  <div class=\"cascavel-grid\">\n    \n    <div class=\"cascavel-card\">\n      <div class=\"cascavel-estacao\">\u2600\ufe0f Ver\u00e3o<\/div>\n      <div class=\"cascavel-meses\">Dezembro a Fevereiro<\/div>\n      <div class=\"cascavel-temp-valor\">18-30 \u00b0C<\/div>\n      <div class=\"cascavel-temp-label\">Temperatura<\/div>\n      <div class=\"cascavel-desc\">\u00c9poca de grande movimento. Aproveite o <b>Lago Municipal<\/b> para lazer e visite o mundialmente famoso <b>Show Rural Coopavel<\/b> em fevereiro.<\/div>\n      <div class=\"cascavel-tag-chuva\">\ud83c\udf27\ufe0f Alta<\/div>\n    <\/div>\n\n    <div class=\"cascavel-card\">\n      <div class=\"cascavel-estacao\">\ud83c\udf42 Outono<\/div>\n      <div class=\"cascavel-meses\">Mar\u00e7o a Maio<\/div>\n      <div class=\"cascavel-temp-valor\">14-25 \u00b0C<\/div>\n      <div class=\"cascavel-temp-label\">Temperatura<\/div>\n      <div class=\"cascavel-desc\">Clima ameno e agrad\u00e1vel. Ideal para praticar <b>cicloturismo<\/b> pelas estradas rurais e visitar as diversas <b>feiras regionais<\/b> da cidade.<\/div>\n      <div class=\"cascavel-tag-chuva\">\ud83c\udf26\ufe0f M\u00e9dia<\/div>\n    <\/div>\n\n    <div class=\"cascavel-card\">\n      <div class=\"cascavel-estacao\">\u2744\ufe0f Inverno<\/div>\n      <div class=\"cascavel-meses\">Junho a Agosto<\/div>\n      <div class=\"cascavel-temp-valor\">10-22 \u00b0C<\/div>\n      <div class=\"cascavel-temp-label\">Temperatura<\/div>\n      <div class=\"cascavel-desc\">Dias frescos e ensolarados. Momento perfeito para explorar a <b>gastronomia<\/b> local e curtir caminhadas nos <b>parques ao sol<\/b> para aquecer.<\/div>\n      <div class=\"cascavel-tag-chuva\">\u2600\ufe0f Baixa<\/div>\n    <\/div>\n\n    <div class=\"cascavel-card\">\n      <div class=\"cascavel-estacao\">\ud83c\udf38 Primavera<\/div>\n      <div class=\"cascavel-meses\">Setembro a Novembro<\/div>\n      <div class=\"cascavel-temp-valor\">15-28 \u00b0C<\/div>\n      <div class=\"cascavel-temp-label\">Temperatura<\/div>\n      <div class=\"cascavel-desc\">Cultura e velocidade. Esta\u00e7\u00e3o com intensa agenda no <b>Aut\u00f3dromo<\/b> Zilmar Beux e diversos <b>eventos culturais<\/b> nas pra\u00e7as e teatros.<\/div>\n      <div class=\"cascavel-tag-chuva\">\ud83c\udf26\ufe0f M\u00e9dia<\/div>\n    <\/div>\n\n  <\/div>\n<\/div>\n\n\n\n<p><em>Temperaturas aproximadas com base no <a href=\"https:\/\/www.climatempo.com.br\/previsao-do-tempo\/cidade\/268\/cascavel-pr\" target=\"_blank\" rel=\"noreferrer noopener\"><strong>Climatempo<\/strong><\/a>. Condi\u00e7\u00f5es podem variar.<\/em><\/p>\n\n\n\n<h2 class=\"wp-block-heading\">Como chegar \u00e0 Capital do Oeste<\/h2>\n\n\n\n<p><strong>Cascavel<\/strong> conta com o <strong>Aeroporto Adalberto Mendes da Silva<\/strong>, que opera voos diretos para capitais do <strong>Sul<\/strong> e <strong>Sudeste<\/strong>. Por estrada, o principal acesso \u00e9 pela <strong>BR-277<\/strong>, que liga a cidade a <strong>Curitiba<\/strong> em cerca de <strong>491 km<\/strong> (aproximadamente <strong>5h30<\/strong> de viagem) e a <strong>Foz do Igua\u00e7u<\/strong>, a <strong>140 km<\/strong>. J\u00e1 a <strong>BR-369<\/strong> conecta <strong>Cascavel<\/strong> a <strong>Maring\u00e1<\/strong> e <strong>Londrina<\/strong>, ampliando a integra\u00e7\u00e3o regional. A rodovi\u00e1ria local tamb\u00e9m recebe linhas intermunicipais e interestaduais diariamente.<\/p>\n\n\n\n<h2 class=\"wp-block-heading\">Um crescimento que mant\u00e9m o equil\u00edbrio<\/h2>\n\n\n\n<p><strong>Cascavel<\/strong> se destaca por entregar na pr\u00e1tica o que muitas capitais apenas prometem: planejamento urbano eficiente, oportunidades de trabalho, ensino superior consolidado e contato com a natureza pr\u00f3ximo de casa. Mesmo em expans\u00e3o, a cidade preserva o ritmo tranquilo do interior.<\/p>\n\n\n\n<p>Caminhar pelo <strong>Lago Municipal<\/strong> em uma manh\u00e3 fria \u00e9 uma das formas mais simples de sentir esse equil\u00edbrio. \u00c9 nesse cen\u00e1rio que se entende por que tantos brasileiros t\u00eam trocado o tr\u00e2nsito das grandes capitais pela qualidade de vida encontrada em <strong>Cascavel<\/strong>.<\/p>\n","protected":false},"excerpt":{"rendered":"<p>Ruas amplas, bairros arborizados e um crescimento que n\u00e3o abre m\u00e3o da organiza\u00e7\u00e3o definem Cascavel, conhecida como \u201cCapital do Oeste\u201d, no interior do Paran\u00e1. Hoje, como o quinto munic\u00edpio mais populoso do estado, a cidade atrai fam\u00edlias e profissionais de v\u00e1rias regi\u00f5es do Brasil ao combinar custo de vida equilibrado, economia diversificada e uma infraestrutura [&hellip;]<\/p>\n","protected":false},"author":8,"featured_media":236221,"comment_status":"open","ping_status":"open","sticky":false,"template":"","format":"standard","meta":{"_yoast_wpseo_focuskw":"CAPITAL DO OESTE","_yoast_wpseo_title":"","_yoast_wpseo_metadesc":"Eleita a 4\u00aa melhor do Brasil, a Capital do Oeste recebe cerca de 5 mil novos moradores por ano e sedia a maior feira agro da Am\u00e9rica Latina.","jnews-multi-image_gallery":[],"jnews_single_post":{"format":"standard"},"jnews_primary_category":[],"jnews_social_meta":[],"jnews_override_counter":[],"footnotes":""},"categories":[108,111],"tags":[584,664],"class_list":["post-236219","post","type-post","status-publish","format-standard","has-post-thumbnail","hentry","category-cidades","category-turismo","tag-cascavel","tag-parana"],"yoast_head":"<!-- This site is optimized with the Yoast SEO plugin v24.6 - https:\/\/yoast.com\/wordpress\/plugins\/seo\/ -->\n<title>Eleita a 4\u00aa melhor do Brasil, a \u201cCapital do Oeste\u201d cresce com 5 mil novos moradores por ano e sedia a maior feira agro da Am\u00e9rica Latina - Correio Braziliense - Radar<\/title>\n<meta name=\"description\" content=\"Eleita a 4\u00aa melhor do Brasil, a Capital do Oeste recebe cerca de 5 mil novos moradores por ano e sedia a maior feira agro da Am\u00e9rica Latina.\" \/>\n<meta name=\"robots\" content=\"index, follow, max-snippet:-1, max-image-preview:large, max-video-preview:-1\" \/>\n<link rel=\"canonical\" href=\"https:\/\/www.correiobraziliense.com.br\/cbradar\/eleita-a-4a-melhor-do-brasil-a-capital-do-oeste-cresce-com-5-mil-novos-moradores-por-ano-e-sedia-a-maior-feira-agro-da-america-latina\/\" \/>\n<meta property=\"og:locale\" content=\"pt_BR\" \/>\n<meta property=\"og:type\" content=\"article\" \/>\n<meta property=\"og:title\" content=\"Eleita a 4\u00aa melhor do Brasil, a \u201cCapital do Oeste\u201d cresce com 5 mil novos moradores por ano e sedia a maior feira agro da Am\u00e9rica Latina - Correio Braziliense - Radar\" \/>\n<meta property=\"og:description\" content=\"Eleita a 4\u00aa melhor do Brasil, a Capital do Oeste recebe cerca de 5 mil novos moradores por ano e sedia a maior feira agro da Am\u00e9rica Latina.\" \/>\n<meta property=\"og:url\" content=\"https:\/\/www.correiobraziliense.com.br\/cbradar\/eleita-a-4a-melhor-do-brasil-a-capital-do-oeste-cresce-com-5-mil-novos-moradores-por-ano-e-sedia-a-maior-feira-agro-da-america-latina\/\" \/>\n<meta property=\"og:site_name\" content=\"Correio Braziliense - Radar\" \/>\n<meta property=\"article:published_time\" content=\"2026-05-03T09:25:00+00:00\" \/>\n<meta property=\"og:image\" content=\"https:\/\/www.correiobraziliense.com.br\/cbradar\/wp-content\/uploads\/2026\/05\/aaa-2.png\" \/>\n\t<meta property=\"og:image:width\" content=\"1280\" \/>\n\t<meta property=\"og:image:height\" content=\"720\" \/>\n\t<meta property=\"og:image:type\" content=\"image\/png\" \/>\n<meta name=\"author\" content=\"Maura Pereira\" \/>\n<meta name=\"twitter:card\" content=\"summary_large_image\" \/>\n<meta name=\"twitter:label1\" content=\"Escrito por\" \/>\n\t<meta name=\"twitter:data1\" content=\"Maura Pereira\" \/>\n\t<meta name=\"twitter:label2\" content=\"Est. tempo de leitura\" \/>\n\t<meta name=\"twitter:data2\" content=\"7 minutos\" \/>\n<!-- \/ Yoast SEO plugin. -->","yoast_head_json":{"title":"Eleita a 4\u00aa melhor do Brasil, a \u201cCapital do Oeste\u201d cresce com 5 mil novos moradores por ano e sedia a maior feira agro da Am\u00e9rica Latina - Correio Braziliense - Radar","description":"Eleita a 4\u00aa melhor do Brasil, a Capital do Oeste recebe cerca de 5 mil novos moradores por ano e sedia a maior feira agro da Am\u00e9rica Latina.","robots":{"index":"index","follow":"follow","max-snippet":"max-snippet:-1","max-image-preview":"max-image-preview:large","max-video-preview":"max-video-preview:-1"},"canonical":"https:\/\/www.correiobraziliense.com.br\/cbradar\/eleita-a-4a-melhor-do-brasil-a-capital-do-oeste-cresce-com-5-mil-novos-moradores-por-ano-e-sedia-a-maior-feira-agro-da-america-latina\/","og_locale":"pt_BR","og_type":"article","og_title":"Eleita a 4\u00aa melhor do Brasil, a \u201cCapital do Oeste\u201d cresce com 5 mil novos moradores por ano e sedia a maior feira agro da Am\u00e9rica Latina - Correio Braziliense - Radar","og_description":"Eleita a 4\u00aa melhor do Brasil, a Capital do Oeste recebe cerca de 5 mil novos moradores por ano e sedia a maior feira agro da Am\u00e9rica Latina.","og_url":"https:\/\/www.correiobraziliense.com.br\/cbradar\/eleita-a-4a-melhor-do-brasil-a-capital-do-oeste-cresce-com-5-mil-novos-moradores-por-ano-e-sedia-a-maior-feira-agro-da-america-latina\/","og_site_name":"Correio Braziliense - Radar","article_published_time":"2026-05-03T09:25:00+00:00","og_image":[{"width":1280,"height":720,"url":"https:\/\/www.correiobraziliense.com.br\/cbradar\/wp-content\/uploads\/2026\/05\/aaa-2.png","type":"image\/png"}],"author":"Maura Pereira","twitter_card":"summary_large_image","twitter_misc":{"Escrito por":"Maura Pereira","Est. tempo de leitura":"7 minutos"},"schema":{"@context":"https:\/\/schema.org","@graph":[{"@type":"WebPage","@id":"https:\/\/www.correiobraziliense.com.br\/cbradar\/eleita-a-4a-melhor-do-brasil-a-capital-do-oeste-cresce-com-5-mil-novos-moradores-por-ano-e-sedia-a-maior-feira-agro-da-america-latina\/","url":"https:\/\/www.correiobraziliense.com.br\/cbradar\/eleita-a-4a-melhor-do-brasil-a-capital-do-oeste-cresce-com-5-mil-novos-moradores-por-ano-e-sedia-a-maior-feira-agro-da-america-latina\/","name":"Eleita a 4\u00aa melhor do Brasil, a \u201cCapital do Oeste\u201d cresce com 5 mil novos moradores por ano e sedia a maior feira agro da Am\u00e9rica Latina - Correio Braziliense - Radar","isPartOf":{"@id":"https:\/\/www.correiobraziliense.com.br\/cbradar\/#website"},"primaryImageOfPage":{"@id":"https:\/\/www.correiobraziliense.com.br\/cbradar\/eleita-a-4a-melhor-do-brasil-a-capital-do-oeste-cresce-com-5-mil-novos-moradores-por-ano-e-sedia-a-maior-feira-agro-da-america-latina\/#primaryimage"},"image":{"@id":"https:\/\/www.correiobraziliense.com.br\/cbradar\/eleita-a-4a-melhor-do-brasil-a-capital-do-oeste-cresce-com-5-mil-novos-moradores-por-ano-e-sedia-a-maior-feira-agro-da-america-latina\/#primaryimage"},"thumbnailUrl":"https:\/\/www.correiobraziliense.com.br\/cbradar\/wp-content\/uploads\/2026\/05\/aaa-2.png","datePublished":"2026-05-03T09:25:00+00:00","author":{"@id":"https:\/\/www.correiobraziliense.com.br\/cbradar\/#\/schema\/person\/4053c651a9bfc785afc6f4cbc9032fd3"},"description":"Eleita a 4\u00aa melhor do Brasil, a Capital do Oeste recebe cerca de 5 mil novos moradores por ano e sedia a maior feira agro da Am\u00e9rica Latina.","breadcrumb":{"@id":"https:\/\/www.correiobraziliense.com.br\/cbradar\/eleita-a-4a-melhor-do-brasil-a-capital-do-oeste-cresce-com-5-mil-novos-moradores-por-ano-e-sedia-a-maior-feira-agro-da-america-latina\/#breadcrumb"},"inLanguage":"pt-BR","potentialAction":[{"@type":"ReadAction","target":["https:\/\/www.correiobraziliense.com.br\/cbradar\/eleita-a-4a-melhor-do-brasil-a-capital-do-oeste-cresce-com-5-mil-novos-moradores-por-ano-e-sedia-a-maior-feira-agro-da-america-latina\/"]}]},{"@type":"ImageObject","inLanguage":"pt-BR","@id":"https:\/\/www.correiobraziliense.com.br\/cbradar\/eleita-a-4a-melhor-do-brasil-a-capital-do-oeste-cresce-com-5-mil-novos-moradores-por-ano-e-sedia-a-maior-feira-agro-da-america-latina\/#primaryimage","url":"https:\/\/www.correiobraziliense.com.br\/cbradar\/wp-content\/uploads\/2026\/05\/aaa-2.png","contentUrl":"https:\/\/www.correiobraziliense.com.br\/cbradar\/wp-content\/uploads\/2026\/05\/aaa-2.png","width":1280,"height":720},{"@type":"BreadcrumbList","@id":"https:\/\/www.correiobraziliense.com.br\/cbradar\/eleita-a-4a-melhor-do-brasil-a-capital-do-oeste-cresce-com-5-mil-novos-moradores-por-ano-e-sedia-a-maior-feira-agro-da-america-latina\/#breadcrumb","itemListElement":[{"@type":"ListItem","position":1,"name":"In\u00edcio","item":"https:\/\/www.correiobraziliense.com.br\/cbradar\/"},{"@type":"ListItem","position":2,"name":"Eleita a 4\u00aa melhor do Brasil, a \u201cCapital do Oeste\u201d cresce com 5 mil novos moradores por ano e sedia a maior feira agro da Am\u00e9rica Latina"}]},{"@type":"WebSite","@id":"https:\/\/www.correiobraziliense.com.br\/cbradar\/#website","url":"https:\/\/www.correiobraziliense.com.br\/cbradar\/","name":"Correio Braziliense - Radar","description":"Acompanhe as \u00faltimas not\u00edcias e fique bem informado sobre tudo o que acontece no Brasil e no mundo.","potentialAction":[{"@type":"SearchAction","target":{"@type":"EntryPoint","urlTemplate":"https:\/\/www.correiobraziliense.com.br\/cbradar\/?s={search_term_string}"},"query-input":{"@type":"PropertyValueSpecification","valueRequired":true,"valueName":"search_term_string"}}],"inLanguage":"pt-BR"},{"@type":"Person","@id":"https:\/\/www.correiobraziliense.com.br\/cbradar\/#\/schema\/person\/4053c651a9bfc785afc6f4cbc9032fd3","name":"Maura Pereira","image":{"@type":"ImageObject","inLanguage":"pt-BR","@id":"https:\/\/www.correiobraziliense.com.br\/cbradar\/#\/schema\/person\/image\/","url":"https:\/\/secure.gravatar.com\/avatar\/3effd6bdadfa447f15089c7f7144eaa6?s=96&d=mm&r=g","contentUrl":"https:\/\/secure.gravatar.com\/avatar\/3effd6bdadfa447f15089c7f7144eaa6?s=96&d=mm&r=g","caption":"Maura Pereira"},"sameAs":["https:\/\/www.correiobraziliense.com.br\/"],"url":"https:\/\/www.correiobraziliense.com.br\/cbradar\/author\/mauramyth\/"}]}},"_links":{"self":[{"href":"https:\/\/www.correiobraziliense.com.br\/cbradar\/wp-json\/wp\/v2\/posts\/236219","targetHints":{"allow":["GET"]}}],"collection":[{"href":"https:\/\/www.correiobraziliense.com.br\/cbradar\/wp-json\/wp\/v2\/posts"}],"about":[{"href":"https:\/\/www.correiobraziliense.com.br\/cbradar\/wp-json\/wp\/v2\/types\/post"}],"author":[{"embeddable":true,"href":"https:\/\/www.correiobraziliense.com.br\/cbradar\/wp-json\/wp\/v2\/users\/8"}],"replies":[{"embeddable":true,"href":"https:\/\/www.correiobraziliense.com.br\/cbradar\/wp-json\/wp\/v2\/comments?post=236219"}],"version-history":[{"count":2,"href":"https:\/\/www.correiobraziliense.com.br\/cbradar\/wp-json\/wp\/v2\/posts\/236219\/revisions"}],"predecessor-version":[{"id":236222,"href":"https:\/\/www.correiobraziliense.com.br\/cbradar\/wp-json\/wp\/v2\/posts\/236219\/revisions\/236222"}],"wp:featuredmedia":[{"embeddable":true,"href":"https:\/\/www.correiobraziliense.com.br\/cbradar\/wp-json\/wp\/v2\/media\/236221"}],"wp:attachment":[{"href":"https:\/\/www.correiobraziliense.com.br\/cbradar\/wp-json\/wp\/v2\/media?parent=236219"}],"wp:term":[{"taxonomy":"category","embeddable":true,"href":"https:\/\/www.correiobraziliense.com.br\/cbradar\/wp-json\/wp\/v2\/categories?post=236219"},{"taxonomy":"post_tag","embeddable":true,"href":"https:\/\/www.correiobraziliense.com.br\/cbradar\/wp-json\/wp\/v2\/tags?post=236219"}],"curies":[{"name":"wp","href":"https:\/\/api.w.org\/{rel}","templated":true}]}}