{"id":236234,"date":"2026-05-03T05:20:00","date_gmt":"2026-05-03T08:20:00","guid":{"rendered":"https:\/\/www.correiobraziliense.com.br\/cbradar\/?p=236234"},"modified":"2026-05-03T05:18:36","modified_gmt":"2026-05-03T08:18:36","slug":"a-psicologia-diz-que-pessoas-que-preferem-comer-sozinhas-no-trabalho-nao-sao-antissociais-elas-desenvolveram-uma-autorregulacao-emocional-que-poucos-reconhecem-como-forca","status":"publish","type":"post","link":"https:\/\/www.correiobraziliense.com.br\/cbradar\/a-psicologia-diz-que-pessoas-que-preferem-comer-sozinhas-no-trabalho-nao-sao-antissociais-elas-desenvolveram-uma-autorregulacao-emocional-que-poucos-reconhecem-como-forca\/","title":{"rendered":"A psicologia diz que pessoas que preferem comer sozinhas no trabalho n\u00e3o s\u00e3o antissociais, elas desenvolveram uma autorregula\u00e7\u00e3o emocional que poucos reconhecem como for\u00e7a"},"content":{"rendered":"\n<p><strong>Psicologia comportamental<\/strong> ajuda a desmontar uma cena mal interpretada no ambiente corporativo: a pessoa que escolhe almo\u00e7ar sozinha nem sempre est\u00e1 rejeitando colegas. Em muitos casos, ela est\u00e1 usando a pausa como ajuste de energia, redu\u00e7\u00e3o de est\u00edmulos e pr\u00e1tica de <strong>autorregula\u00e7\u00e3o emocional<\/strong>. Essa leitura muda bastante quando entram em pauta introvers\u00e3o, rotina de trabalho e sa\u00fade mental.<\/p>\n\n\n\n<h2 class=\"wp-block-heading\">Por que comer sozinho no trabalho costuma ser mal interpretado?<\/h2>\n\n\n\n<p>No escrit\u00f3rio, no refeit\u00f3rio ou na copa, ainda existe a ideia de que sociabilidade vis\u00edvel \u00e9 sin\u00f4nimo de boa adapta\u00e7\u00e3o. S\u00f3 que a psicologia comportamental observa o contexto antes de rotular um h\u00e1bito. Quem prefere uma refei\u00e7\u00e3o silenciosa pode estar preservando aten\u00e7\u00e3o, baixando a ativa\u00e7\u00e3o ap\u00f3s reuni\u00f5es e evitando sobrecarga sensorial no meio do expediente.<\/p>\n\n\n\n<p>Introvers\u00e3o tamb\u00e9m costuma entrar nessa conversa de forma simplificada. Ser introvertido n\u00e3o significa ser distante, frio ou incapaz de v\u00ednculo. Muitas pessoas com introvers\u00e3o preservam rela\u00e7\u00f5es consistentes, participam bem em equipe e apenas n\u00e3o usam o hor\u00e1rio do almo\u00e7o como principal espa\u00e7o de intera\u00e7\u00e3o. Isso tem rela\u00e7\u00e3o direta com sa\u00fade mental no trabalho, porque pausas mal aproveitadas podem manter o c\u00e9rebro em estado de alerta por horas.<\/p>\n\n\n\n<h2 class=\"wp-block-heading\">O que a autorregula\u00e7\u00e3o emocional tem a ver com a pausa do almo\u00e7o?<\/h2>\n\n\n\n<p>A autorregula\u00e7\u00e3o emocional aparece quando a pessoa percebe o pr\u00f3prio limite e ajusta o ambiente para se recuperar. Em vez de seguir a press\u00e3o informal do grupo, ela escolhe um intervalo que favorece digest\u00e3o tranquila, organiza\u00e7\u00e3o mental e retorno mais est\u00e1vel \u00e0s tarefas. N\u00e3o \u00e9 isolamento autom\u00e1tico, \u00e9 manejo de energia ps\u00edquica.<\/p>\n\n\n\n<p>Na pr\u00e1tica, esse comportamento costuma incluir sinais bem concretos:<\/p>\n\n\n\n<ul class=\"wp-block-list\">\n<li>buscar um local com menos ru\u00eddo e menos interrup\u00e7\u00f5es;<\/li>\n\n\n\n<li>evitar conversas quando o n\u00edvel de cansa\u00e7o j\u00e1 est\u00e1 alto;<\/li>\n\n\n\n<li>usar a refei\u00e7\u00e3o para desacelerar pensamentos e tens\u00e3o corporal;<\/li>\n\n\n\n<li>retomar o trabalho com mais foco, menos irrita\u00e7\u00e3o e melhor controle de resposta.<\/li>\n<\/ul>\n\n\n<div class=\"wp-block-image\">\n<figure class=\"aligncenter\"><img decoding=\"async\" width=\"1280\" height=\"720\" src=\"https:\/\/www.correiobraziliense.com.br\/cbradar\/wp-content\/uploads\/2026\/05\/a-psicologia-diz-que-pessoas-que-preferem-comer-sozinha-corpo-1.jpg\" alt=\"Pausa silenciosa ajuda a reduzir est\u00edmulos e recuperar foco mental.\" class=\"wp-image-236283\" srcset=\"https:\/\/www.correiobraziliense.com.br\/cbradar\/wp-content\/uploads\/2026\/05\/a-psicologia-diz-que-pessoas-que-preferem-comer-sozinha-corpo-1.jpg 1280w, https:\/\/www.correiobraziliense.com.br\/cbradar\/wp-content\/uploads\/2026\/05\/a-psicologia-diz-que-pessoas-que-preferem-comer-sozinha-corpo-1-300x169.jpg 300w, https:\/\/www.correiobraziliense.com.br\/cbradar\/wp-content\/uploads\/2026\/05\/a-psicologia-diz-que-pessoas-que-preferem-comer-sozinha-corpo-1-768x432.jpg 768w, https:\/\/www.correiobraziliense.com.br\/cbradar\/wp-content\/uploads\/2026\/05\/a-psicologia-diz-que-pessoas-que-preferem-comer-sozinha-corpo-1-750x422.jpg 750w, https:\/\/www.correiobraziliense.com.br\/cbradar\/wp-content\/uploads\/2026\/05\/a-psicologia-diz-que-pessoas-que-preferem-comer-sozinha-corpo-1-1140x641.jpg 1140w\" sizes=\"(max-width: 1280px) 100vw, 1280px\" \/><figcaption class=\"wp-element-caption\">Pausa silenciosa ajuda a reduzir est\u00edmulos e recuperar foco mental.<\/figcaption><\/figure><\/div>\n\n\n<h2 class=\"wp-block-heading\">Introvers\u00e3o e antissocialidade s\u00e3o a mesma coisa?<\/h2>\n\n\n\n<p>N\u00e3o. Introvers\u00e3o descreve uma forma de processar est\u00edmulos e administrar energia social. Antissocialidade, por outro lado, aponta para outro campo de comportamento, muitas vezes ligado a desrespeito persistente a normas e aos outros. Misturar esses conceitos cria julgamentos injustos sobre colegas que apenas funcionam melhor com intervalos mais reservados.<\/p>\n\n\n\n<p>Psicologia comportamental e sa\u00fade mental se cruzam justamente aqui. Uma pessoa pode colaborar em projetos, ouvir com aten\u00e7\u00e3o, cumprir prazos e ainda assim querer sil\u00eancio na hora de comer. O almo\u00e7o sozinho, nesse caso, n\u00e3o empobrece o conv\u00edvio, ele impede fadiga social acumulada. Em equipes intensas, essa diferen\u00e7a faz bastante sentido.<\/p>\n\n\n\n<h2 class=\"wp-block-heading\">O que a pesquisa cient\u00edfica mostra sobre solitude e regula\u00e7\u00e3o afetiva?<\/h2>\n\n\n\n<p>Esse ponto ganha for\u00e7a quando a conversa sai do palpite e entra na evid\u00eancia. A literatura sobre solitude volunt\u00e1ria vem mostrando que estar s\u00f3 por escolha n\u00e3o \u00e9 igual a solid\u00e3o, rejei\u00e7\u00e3o ou retraimento problem\u00e1tico. O efeito depende de autonomia, contexto e da fun\u00e7\u00e3o psicol\u00f3gica que aquele momento cumpre na rotina.<\/p>\n\n\n\n<p>Segundo o estudo <strong>Solitude as an Approach to Affective Self-Regulation<\/strong>, publicado no peri\u00f3dico <strong>Personality and Social Psychology Bulletin<\/strong>, per\u00edodos de solitude tiveram efeito de desativa\u00e7\u00e3o afetiva, com redu\u00e7\u00e3o de estados emocionais de alta ativa\u00e7\u00e3o, e a experi\u00eancia p\u00f4de favorecer relaxamento e menor estresse quando a pessoa escolhia ficar sozinha. Isso conversa diretamente com quem usa a pausa no trabalho para baixar a tens\u00e3o antes de voltar ao fluxo de tarefas. O artigo pode ser consultado em <a href=\"https:\/\/journals.sagepub.com\/doi\/10.1177\/0146167217733073?campaign_id=18&amp;instance_id=123576&amp;nl=well&amp;regi_id=226172959&amp;segment_id=166896&amp;te=1&amp;user_id=975f34c51570d4d9451edc65789b9924\" target=\"_blank\" rel=\"noopener noreferrer\">p\u00e1gina do estudo sobre solitude e autorregula\u00e7\u00e3o afetiva<\/a>.<\/p>\n\n\n\n<h2 class=\"wp-block-heading\">Quando esse h\u00e1bito \u00e9 sinal de for\u00e7a emocional?<\/h2>\n\n\n\n<p>Ele vira sinal de for\u00e7a quando a escolha \u00e9 consciente, flex\u00edvel e funcional. A pessoa sabe interagir quando precisa, mas n\u00e3o transforma toda pausa em obriga\u00e7\u00e3o social. Isso revela leitura do pr\u00f3prio estado interno, capacidade de limite e uma no\u00e7\u00e3o madura de recupera\u00e7\u00e3o emocional durante a jornada.<\/p>\n\n\n\n<p>Alguns ind\u00edcios ajudam a diferenciar autorregula\u00e7\u00e3o de esquiva:<\/p>\n\n\n\n<ul class=\"wp-block-list\">\n<li>h\u00e1 escolha, n\u00e3o medo constante de contato;<\/li>\n\n\n\n<li>o profissional mant\u00e9m coopera\u00e7\u00e3o normal nas atividades do time;<\/li>\n\n\n\n<li>o momento sozinho melhora humor, foco e produtividade depois;<\/li>\n\n\n\n<li>n\u00e3o existe sofrimento intenso nem preju\u00edzo relacional persistente.<\/li>\n<\/ul>\n\n\n\n<h2 class=\"wp-block-heading\">Quando vale prestar aten\u00e7\u00e3o com mais cuidado?<\/h2>\n\n\n\n<p>Sa\u00fade mental pede nuance. Se a pessoa evita contato o tempo todo, demonstra sofrimento vis\u00edvel, perde v\u00ednculos importantes ou sente ang\u00fastia at\u00e9 em intera\u00e7\u00f5es simples, o almo\u00e7o solit\u00e1rio pode ser apenas um dos sinais de outra dificuldade. A diferen\u00e7a est\u00e1 no conjunto do comportamento, n\u00e3o no prato sozinho sobre a mesa.<\/p>\n\n\n\n<p>Curiosidades sobre comportamento humano costumam ganhar r\u00f3tulos r\u00e1pidos, mas a psicologia comportamental trabalha melhor com fun\u00e7\u00e3o do que com apar\u00eancia. No cotidiano profissional, comer sozinho pode ser uma estrat\u00e9gia leg\u00edtima de autorregula\u00e7\u00e3o emocional, especialmente em perfis com introvers\u00e3o ou em rotinas muito carregadas. Quando esse espa\u00e7o protege foco, reduz estresse e preserva sa\u00fade mental, ele deixa de parecer dist\u00e2ncia e passa a ser compet\u00eancia emocional aplicada ao trabalho.<\/p>\n","protected":false},"excerpt":{"rendered":"<p>Psicologia comportamental ajuda a desmontar uma cena mal interpretada no ambiente corporativo: a pessoa que escolhe almo\u00e7ar sozinha nem sempre est\u00e1 rejeitando colegas. Em muitos casos, ela est\u00e1 usando a pausa como ajuste de energia, redu\u00e7\u00e3o de est\u00edmulos e pr\u00e1tica de autorregula\u00e7\u00e3o emocional. Essa leitura muda bastante quando entram em pauta introvers\u00e3o, rotina de trabalho [&hellip;]<\/p>\n","protected":false},"author":12,"featured_media":236232,"comment_status":"open","ping_status":"open","sticky":false,"template":"","format":"standard","meta":{"_yoast_wpseo_focuskw":"psicologia comportamental","_yoast_wpseo_title":"","_yoast_wpseo_metadesc":"A psicologia comportamental sugere que almo\u00e7ar sozinho no trabalho pode indicar um recurso emocional pouco notado, com efeitos al\u00e9m da sociabilidade.","jnews-multi-image_gallery":[],"jnews_single_post":{"format":"standard"},"jnews_primary_category":[],"jnews_social_meta":[],"jnews_override_counter":[],"footnotes":""},"categories":[112],"tags":[8557,144,7901,10010,405],"class_list":["post-236234","post","type-post","status-publish","format-standard","has-post-thumbnail","hentry","category-curiosidades","tag-autorregulacao-emocional","tag-curiosidades","tag-introversao","tag-psicologia-comportamental","tag-saude-mental"],"yoast_head":"<!-- This site is optimized with the Yoast SEO plugin v24.6 - https:\/\/yoast.com\/wordpress\/plugins\/seo\/ -->\n<title>A psicologia diz que pessoas que preferem comer sozinhas no trabalho n\u00e3o s\u00e3o antissociais, elas desenvolveram uma autorregula\u00e7\u00e3o emocional que poucos reconhecem como for\u00e7a - Correio Braziliense - Radar<\/title>\n<meta name=\"description\" content=\"A psicologia comportamental sugere que almo\u00e7ar sozinho no trabalho pode indicar um recurso emocional pouco notado, com efeitos al\u00e9m da sociabilidade.\" \/>\n<meta name=\"robots\" content=\"index, follow, max-snippet:-1, max-image-preview:large, max-video-preview:-1\" \/>\n<link rel=\"canonical\" href=\"https:\/\/www.correiobraziliense.com.br\/cbradar\/a-psicologia-diz-que-pessoas-que-preferem-comer-sozinhas-no-trabalho-nao-sao-antissociais-elas-desenvolveram-uma-autorregulacao-emocional-que-poucos-reconhecem-como-forca\/\" \/>\n<meta property=\"og:locale\" content=\"pt_BR\" \/>\n<meta property=\"og:type\" content=\"article\" \/>\n<meta property=\"og:title\" content=\"A psicologia diz que pessoas que preferem comer sozinhas no trabalho n\u00e3o s\u00e3o antissociais, elas desenvolveram uma autorregula\u00e7\u00e3o emocional que poucos reconhecem como for\u00e7a - Correio Braziliense - Radar\" \/>\n<meta property=\"og:description\" content=\"A psicologia comportamental sugere que almo\u00e7ar sozinho no trabalho pode indicar um recurso emocional pouco notado, com efeitos al\u00e9m da sociabilidade.\" \/>\n<meta property=\"og:url\" content=\"https:\/\/www.correiobraziliense.com.br\/cbradar\/a-psicologia-diz-que-pessoas-que-preferem-comer-sozinhas-no-trabalho-nao-sao-antissociais-elas-desenvolveram-uma-autorregulacao-emocional-que-poucos-reconhecem-como-forca\/\" \/>\n<meta property=\"og:site_name\" content=\"Correio Braziliense - Radar\" \/>\n<meta property=\"article:published_time\" content=\"2026-05-03T08:20:00+00:00\" \/>\n<meta property=\"og:image\" content=\"https:\/\/www.correiobraziliense.com.br\/cbradar\/wp-content\/uploads\/2026\/05\/a-psicologia-diz-que-pessoas-que-preferem-comer-sozinhas-no-.jpg\" \/>\n\t<meta property=\"og:image:width\" content=\"1280\" \/>\n\t<meta property=\"og:image:height\" content=\"720\" \/>\n\t<meta property=\"og:image:type\" content=\"image\/jpeg\" \/>\n<meta name=\"author\" content=\"Gabriel Leme\" \/>\n<meta name=\"twitter:card\" content=\"summary_large_image\" \/>\n<meta name=\"twitter:label1\" content=\"Escrito por\" \/>\n\t<meta name=\"twitter:data1\" content=\"Gabriel Leme\" \/>\n\t<meta name=\"twitter:label2\" content=\"Est. tempo de leitura\" \/>\n\t<meta name=\"twitter:data2\" content=\"5 minutos\" \/>\n<!-- \/ Yoast SEO plugin. -->","yoast_head_json":{"title":"A psicologia diz que pessoas que preferem comer sozinhas no trabalho n\u00e3o s\u00e3o antissociais, elas desenvolveram uma autorregula\u00e7\u00e3o emocional que poucos reconhecem como for\u00e7a - Correio Braziliense - Radar","description":"A psicologia comportamental sugere que almo\u00e7ar sozinho no trabalho pode indicar um recurso emocional pouco notado, com efeitos al\u00e9m da sociabilidade.","robots":{"index":"index","follow":"follow","max-snippet":"max-snippet:-1","max-image-preview":"max-image-preview:large","max-video-preview":"max-video-preview:-1"},"canonical":"https:\/\/www.correiobraziliense.com.br\/cbradar\/a-psicologia-diz-que-pessoas-que-preferem-comer-sozinhas-no-trabalho-nao-sao-antissociais-elas-desenvolveram-uma-autorregulacao-emocional-que-poucos-reconhecem-como-forca\/","og_locale":"pt_BR","og_type":"article","og_title":"A psicologia diz que pessoas que preferem comer sozinhas no trabalho n\u00e3o s\u00e3o antissociais, elas desenvolveram uma autorregula\u00e7\u00e3o emocional que poucos reconhecem como for\u00e7a - Correio Braziliense - Radar","og_description":"A psicologia comportamental sugere que almo\u00e7ar sozinho no trabalho pode indicar um recurso emocional pouco notado, com efeitos al\u00e9m da sociabilidade.","og_url":"https:\/\/www.correiobraziliense.com.br\/cbradar\/a-psicologia-diz-que-pessoas-que-preferem-comer-sozinhas-no-trabalho-nao-sao-antissociais-elas-desenvolveram-uma-autorregulacao-emocional-que-poucos-reconhecem-como-forca\/","og_site_name":"Correio Braziliense - Radar","article_published_time":"2026-05-03T08:20:00+00:00","og_image":[{"width":1280,"height":720,"url":"https:\/\/www.correiobraziliense.com.br\/cbradar\/wp-content\/uploads\/2026\/05\/a-psicologia-diz-que-pessoas-que-preferem-comer-sozinhas-no-.jpg","type":"image\/jpeg"}],"author":"Gabriel Leme","twitter_card":"summary_large_image","twitter_misc":{"Escrito por":"Gabriel Leme","Est. tempo de leitura":"5 minutos"},"schema":{"@context":"https:\/\/schema.org","@graph":[{"@type":"WebPage","@id":"https:\/\/www.correiobraziliense.com.br\/cbradar\/a-psicologia-diz-que-pessoas-que-preferem-comer-sozinhas-no-trabalho-nao-sao-antissociais-elas-desenvolveram-uma-autorregulacao-emocional-que-poucos-reconhecem-como-forca\/","url":"https:\/\/www.correiobraziliense.com.br\/cbradar\/a-psicologia-diz-que-pessoas-que-preferem-comer-sozinhas-no-trabalho-nao-sao-antissociais-elas-desenvolveram-uma-autorregulacao-emocional-que-poucos-reconhecem-como-forca\/","name":"A psicologia diz que pessoas que preferem comer sozinhas no trabalho n\u00e3o s\u00e3o antissociais, elas desenvolveram uma autorregula\u00e7\u00e3o emocional que poucos reconhecem como for\u00e7a - Correio Braziliense - Radar","isPartOf":{"@id":"https:\/\/www.correiobraziliense.com.br\/cbradar\/#website"},"primaryImageOfPage":{"@id":"https:\/\/www.correiobraziliense.com.br\/cbradar\/a-psicologia-diz-que-pessoas-que-preferem-comer-sozinhas-no-trabalho-nao-sao-antissociais-elas-desenvolveram-uma-autorregulacao-emocional-que-poucos-reconhecem-como-forca\/#primaryimage"},"image":{"@id":"https:\/\/www.correiobraziliense.com.br\/cbradar\/a-psicologia-diz-que-pessoas-que-preferem-comer-sozinhas-no-trabalho-nao-sao-antissociais-elas-desenvolveram-uma-autorregulacao-emocional-que-poucos-reconhecem-como-forca\/#primaryimage"},"thumbnailUrl":"https:\/\/www.correiobraziliense.com.br\/cbradar\/wp-content\/uploads\/2026\/05\/a-psicologia-diz-que-pessoas-que-preferem-comer-sozinhas-no-.jpg","datePublished":"2026-05-03T08:20:00+00:00","author":{"@id":"https:\/\/www.correiobraziliense.com.br\/cbradar\/#\/schema\/person\/67a081d63a0fe55fb267145a7be2f7c1"},"description":"A psicologia comportamental sugere que almo\u00e7ar sozinho no trabalho pode indicar um recurso emocional pouco notado, com efeitos al\u00e9m da sociabilidade.","breadcrumb":{"@id":"https:\/\/www.correiobraziliense.com.br\/cbradar\/a-psicologia-diz-que-pessoas-que-preferem-comer-sozinhas-no-trabalho-nao-sao-antissociais-elas-desenvolveram-uma-autorregulacao-emocional-que-poucos-reconhecem-como-forca\/#breadcrumb"},"inLanguage":"pt-BR","potentialAction":[{"@type":"ReadAction","target":["https:\/\/www.correiobraziliense.com.br\/cbradar\/a-psicologia-diz-que-pessoas-que-preferem-comer-sozinhas-no-trabalho-nao-sao-antissociais-elas-desenvolveram-uma-autorregulacao-emocional-que-poucos-reconhecem-como-forca\/"]}]},{"@type":"ImageObject","inLanguage":"pt-BR","@id":"https:\/\/www.correiobraziliense.com.br\/cbradar\/a-psicologia-diz-que-pessoas-que-preferem-comer-sozinhas-no-trabalho-nao-sao-antissociais-elas-desenvolveram-uma-autorregulacao-emocional-que-poucos-reconhecem-como-forca\/#primaryimage","url":"https:\/\/www.correiobraziliense.com.br\/cbradar\/wp-content\/uploads\/2026\/05\/a-psicologia-diz-que-pessoas-que-preferem-comer-sozinhas-no-.jpg","contentUrl":"https:\/\/www.correiobraziliense.com.br\/cbradar\/wp-content\/uploads\/2026\/05\/a-psicologia-diz-que-pessoas-que-preferem-comer-sozinhas-no-.jpg","width":1280,"height":720,"caption":"Almo\u00e7ar sozinho no trabalho pode ser autorregula\u00e7\u00e3o emocional, n\u00e3o rejei\u00e7\u00e3o."},{"@type":"BreadcrumbList","@id":"https:\/\/www.correiobraziliense.com.br\/cbradar\/a-psicologia-diz-que-pessoas-que-preferem-comer-sozinhas-no-trabalho-nao-sao-antissociais-elas-desenvolveram-uma-autorregulacao-emocional-que-poucos-reconhecem-como-forca\/#breadcrumb","itemListElement":[{"@type":"ListItem","position":1,"name":"In\u00edcio","item":"https:\/\/www.correiobraziliense.com.br\/cbradar\/"},{"@type":"ListItem","position":2,"name":"A psicologia diz que pessoas que preferem comer sozinhas no trabalho n\u00e3o s\u00e3o antissociais, elas desenvolveram uma autorregula\u00e7\u00e3o emocional que poucos reconhecem como for\u00e7a"}]},{"@type":"WebSite","@id":"https:\/\/www.correiobraziliense.com.br\/cbradar\/#website","url":"https:\/\/www.correiobraziliense.com.br\/cbradar\/","name":"Correio Braziliense - Radar","description":"Acompanhe as \u00faltimas not\u00edcias e fique bem informado sobre tudo o que acontece no Brasil e no mundo.","potentialAction":[{"@type":"SearchAction","target":{"@type":"EntryPoint","urlTemplate":"https:\/\/www.correiobraziliense.com.br\/cbradar\/?s={search_term_string}"},"query-input":{"@type":"PropertyValueSpecification","valueRequired":true,"valueName":"search_term_string"}}],"inLanguage":"pt-BR"},{"@type":"Person","@id":"https:\/\/www.correiobraziliense.com.br\/cbradar\/#\/schema\/person\/67a081d63a0fe55fb267145a7be2f7c1","name":"Gabriel Leme","image":{"@type":"ImageObject","inLanguage":"pt-BR","@id":"https:\/\/www.correiobraziliense.com.br\/cbradar\/#\/schema\/person\/image\/","url":"https:\/\/secure.gravatar.com\/avatar\/85bf2e3517d27149969b72412b460c20?s=96&d=mm&r=g","contentUrl":"https:\/\/secure.gravatar.com\/avatar\/85bf2e3517d27149969b72412b460c20?s=96&d=mm&r=g","caption":"Gabriel Leme"},"sameAs":["https:\/\/www.correiobraziliense.com.br\/"],"url":"https:\/\/www.correiobraziliense.com.br\/cbradar\/author\/gabrielmyth\/"}]}},"_links":{"self":[{"href":"https:\/\/www.correiobraziliense.com.br\/cbradar\/wp-json\/wp\/v2\/posts\/236234","targetHints":{"allow":["GET"]}}],"collection":[{"href":"https:\/\/www.correiobraziliense.com.br\/cbradar\/wp-json\/wp\/v2\/posts"}],"about":[{"href":"https:\/\/www.correiobraziliense.com.br\/cbradar\/wp-json\/wp\/v2\/types\/post"}],"author":[{"embeddable":true,"href":"https:\/\/www.correiobraziliense.com.br\/cbradar\/wp-json\/wp\/v2\/users\/12"}],"replies":[{"embeddable":true,"href":"https:\/\/www.correiobraziliense.com.br\/cbradar\/wp-json\/wp\/v2\/comments?post=236234"}],"version-history":[{"count":1,"href":"https:\/\/www.correiobraziliense.com.br\/cbradar\/wp-json\/wp\/v2\/posts\/236234\/revisions"}],"predecessor-version":[{"id":236284,"href":"https:\/\/www.correiobraziliense.com.br\/cbradar\/wp-json\/wp\/v2\/posts\/236234\/revisions\/236284"}],"wp:featuredmedia":[{"embeddable":true,"href":"https:\/\/www.correiobraziliense.com.br\/cbradar\/wp-json\/wp\/v2\/media\/236232"}],"wp:attachment":[{"href":"https:\/\/www.correiobraziliense.com.br\/cbradar\/wp-json\/wp\/v2\/media?parent=236234"}],"wp:term":[{"taxonomy":"category","embeddable":true,"href":"https:\/\/www.correiobraziliense.com.br\/cbradar\/wp-json\/wp\/v2\/categories?post=236234"},{"taxonomy":"post_tag","embeddable":true,"href":"https:\/\/www.correiobraziliense.com.br\/cbradar\/wp-json\/wp\/v2\/tags?post=236234"}],"curies":[{"name":"wp","href":"https:\/\/api.w.org\/{rel}","templated":true}]}}