{"id":236240,"date":"2026-05-03T05:40:00","date_gmt":"2026-05-03T08:40:00","guid":{"rendered":"https:\/\/www.correiobraziliense.com.br\/cbradar\/?p=236240"},"modified":"2026-05-03T05:24:24","modified_gmt":"2026-05-03T08:24:24","slug":"o-que-o-cafe-preto-em-jejum-faz-no-figado-e-na-pressao-arterial","status":"publish","type":"post","link":"https:\/\/www.correiobraziliense.com.br\/cbradar\/o-que-o-cafe-preto-em-jejum-faz-no-figado-e-na-pressao-arterial\/","title":{"rendered":"O que o caf\u00e9 preto em jejum faz no f\u00edgado e na press\u00e3o arterial"},"content":{"rendered":"\n<p><strong>Caf\u00e9 preto<\/strong> em jejum costuma entrar na rotina de quem busca energia logo cedo, mas essa escolha conversa com outros pontos do bem-estar, como metabolismo, digest\u00e3o, hidrata\u00e7\u00e3o, sa\u00fade do f\u00edgado e controle da <strong>press\u00e3o arterial<\/strong>. O efeito n\u00e3o \u00e9 igual para todo mundo. Dose, sensibilidade \u00e0 cafe\u00edna, hor\u00e1rio e presen\u00e7a de hipertens\u00e3o ou gastrite mudam bastante a resposta do organismo.<\/p>\n\n\n\n<h2 class=\"wp-block-heading\">Tomar caf\u00e9 preto sem comer antes muda mesmo a press\u00e3o?<\/h2>\n\n\n\n<p>Em jejum, a absor\u00e7\u00e3o da cafe\u00edna pode parecer mais intensa, principalmente em pessoas que n\u00e3o t\u00eam h\u00e1bito di\u00e1rio. Isso pode acelerar os batimentos, aumentar o estado de alerta e provocar uma eleva\u00e7\u00e3o passageira da press\u00e3o arterial. Em quem j\u00e1 convive com hipertens\u00e3o, ansiedade ou palpita\u00e7\u00f5es, esse pico merece aten\u00e7\u00e3o, porque costuma ser mais percept\u00edvel nas primeiras x\u00edcaras do dia.<\/p>\n\n\n\n<p>Ao mesmo tempo, o consumo habitual cria toler\u00e2ncia parcial. Por isso, muita gente toma caf\u00e9 preto todos os dias e n\u00e3o nota altera\u00e7\u00e3o importante na press\u00e3o ao longo do tempo. O problema aparece quando o jejum vem junto de sono ruim, desidrata\u00e7\u00e3o, treino intenso ou v\u00e1rias doses concentradas em pouco espa\u00e7o de tempo.<\/p>\n\n\n\n<h2 class=\"wp-block-heading\">O que acontece no organismo quando a x\u00edcara vem antes do caf\u00e9 da manh\u00e3?<\/h2>\n\n\n\n<p>O jejum n\u00e3o transforma o caf\u00e9 em vil\u00e3o, mas muda o contexto fisiol\u00f3gico. Sem alimento no est\u00f4mago, a bebida pode estimular mais a secre\u00e7\u00e3o g\u00e1strica, aumentar tremor, dar sensa\u00e7\u00e3o de vazio e at\u00e9 piorar enjoo em pessoas sens\u00edveis. Tamb\u00e9m \u00e9 comum confundir o efeito estimulante com disposi\u00e7\u00e3o real, quando na pr\u00e1tica o corpo ainda est\u00e1 com baixa ingest\u00e3o de \u00e1gua e energia.<\/p>\n\n\n\n<p>Alguns sinais ajudam a perceber que a combina\u00e7\u00e3o entre caf\u00e9 preto e jejum n\u00e3o est\u00e1 funcionando bem:<\/p>\n\n\n\n<ul class=\"wp-block-list\">\n<li>tontura ou fraqueza logo depois da bebida<\/li>\n\n\n\n<li>m\u00e3os tr\u00eamulas e suor frio<\/li>\n\n\n\n<li>azia, queima\u00e7\u00e3o ou dor no est\u00f4mago<\/li>\n\n\n\n<li>taquicardia e desconforto ap\u00f3s a segunda x\u00edcara<\/li>\n\n\n\n<li>irritabilidade seguida de queda brusca de energia<\/li>\n<\/ul>\n\n\n<div class=\"wp-block-image\">\n<figure class=\"aligncenter\"><img decoding=\"async\" src=\"https:\/\/www.correiobraziliense.com.br\/cbradar\/wp-content\/uploads\/2026\/05\/o-que-o-cafe-preto-em-jejum-faz-no-figado-e-na-pressao-corpo.jpg\" alt=\"\u00c1gua e alimento leve podem melhorar a toler\u00e2ncia ao caf\u00e9 matinal.\"\/><figcaption class=\"wp-element-caption\">\u00c1gua e alimento leve podem melhorar a toler\u00e2ncia ao caf\u00e9 matinal.<\/figcaption><\/figure><\/div>\n\n\n<h2 class=\"wp-block-heading\">Sa\u00fade do f\u00edgado: existe benef\u00edcio real ou \u00e9 exagero?<\/h2>\n\n\n\n<p>A rela\u00e7\u00e3o entre caf\u00e9 e <strong>sa\u00fade do f\u00edgado<\/strong> \u00e9 uma das mais consistentes na literatura nutricional. Compostos bioativos da bebida, como cafe\u00edna, polifen\u00f3is e \u00e1cidos clorog\u00eanicos, aparecem associados a menor inflama\u00e7\u00e3o hep\u00e1tica, melhor perfil de enzimas do f\u00edgado e menor progress\u00e3o de algumas doen\u00e7as cr\u00f4nicas. Isso n\u00e3o significa tratamento, nem licen\u00e7a para exageros, mas mostra que a bebida tem um papel mais interessante do que o senso comum sugere.<\/p>\n\n\n\n<p>Esse efeito protetor, por\u00e9m, n\u00e3o depende de estar em jejum. O f\u00edgado responde ao padr\u00e3o global de consumo e ao estilo de vida, com peso corporal, \u00e1lcool, qualidade da dieta, resist\u00eancia \u00e0 insulina e sono entrando na conta. Quem usa o jejum para organizar a rotina precisa olhar o pacote inteiro, n\u00e3o s\u00f3 a x\u00edcara isolada.<\/p>\n\n\n\n<h2 class=\"wp-block-heading\">O que a pesquisa cient\u00edfica mostra sobre caf\u00e9 e f\u00edgado?<\/h2>\n\n\n\n<p>Quando o assunto \u00e9 prote\u00e7\u00e3o hep\u00e1tica, os dados mais fortes costumam vir de revis\u00f5es que juntam v\u00e1rios estudos observacionais. Segundo a <strong>meta-an\u00e1lise<\/strong> Inverse Association of Coffee with Liver Cancer Development: An Updated Systematic Review and Meta-analysis, publicada no peri\u00f3dico <strong>Nutrients<\/strong>, o consumo de caf\u00e9 foi associado a menor risco de desenvolvimento de c\u00e2ncer de f\u00edgado em estudos reunidos pelos autores. O trabalho ajuda a refor\u00e7ar a ideia de que o caf\u00e9 n\u00e3o atua s\u00f3 como estimulante, mas tamb\u00e9m se relaciona com marcadores importantes da sa\u00fade hep\u00e1tica. O estudo pode ser consultado em <a href=\"https:\/\/pubmed.ncbi.nlm.nih.gov\/32830818\/\" target=\"_blank\" rel=\"noopener noreferrer\">registro do estudo na base PubMed com refer\u00eancia ao artigo publicado em Nutrients<\/a>.<\/p>\n\n\n\n<p>No campo da press\u00e3o arterial, uma revis\u00e3o sistem\u00e1tica com meta-an\u00e1lise publicada no Journal of Human Hypertension observou que o consumo habitual de caf\u00e9 n\u00e3o mostrou aumento linear do risco de hipertens\u00e3o nas coortes avaliadas, e os autores encontraram at\u00e9 associa\u00e7\u00e3o inversa modesta em an\u00e1lises de dose-resposta. Isso n\u00e3o elimina a alta passageira ap\u00f3s a ingest\u00e3o, mas separa duas coisas que muita gente mistura: efeito agudo da cafe\u00edna e risco cardiovascular no longo prazo.<\/p>\n\n\n\n<h2 class=\"wp-block-heading\">Quem precisa ter mais cuidado com essa combina\u00e7\u00e3o?<\/h2>\n\n\n\n<p>Nem todo organismo lida do mesmo jeito com jejum e cafe\u00edna. Algumas pessoas sentem foco e disposi\u00e7\u00e3o. Outras t\u00eam dor de cabe\u00e7a, refluxo, eleva\u00e7\u00e3o da press\u00e3o arterial ou mal-estar logo cedo. O grupo que mais se beneficia de cautela inclui:<\/p>\n\n\n\n<ul class=\"wp-block-list\">\n<li>quem j\u00e1 tem hipertens\u00e3o n\u00e3o controlada<\/li>\n\n\n\n<li>pessoas com gastrite, refluxo ou \u00falcera<\/li>\n\n\n\n<li>quem apresenta ansiedade, ins\u00f4nia ou palpita\u00e7\u00f5es<\/li>\n\n\n\n<li>gestantes e lactantes, conforme orienta\u00e7\u00e3o profissional<\/li>\n\n\n\n<li>quem usa o jejum prolongado e demora muito para se hidratar<\/li>\n<\/ul>\n\n\n\n<p>Se o caf\u00e9 preto em jejum causa desconforto recorrente, vale testar ajustes simples. Reduzir a dose, beber \u00e1gua antes, trocar o hor\u00e1rio ou consumir junto de um alimento leve muda bastante a resposta. Persistindo sintomas, a melhor leitura \u00e9 cl\u00ednica, com avalia\u00e7\u00e3o individual da press\u00e3o, do padr\u00e3o alimentar e do hist\u00f3rico digestivo.<\/p>\n\n\n\n<h2 class=\"wp-block-heading\">Como usar o caf\u00e9 preto sem atrapalhar o bem-estar?<\/h2>\n\n\n\n<p>Para muita gente, o ponto n\u00e3o \u00e9 cortar o caf\u00e9, e sim encaix\u00e1-lo melhor na rotina. Em vez de usar a bebida como muleta para noites mal dormidas ou jejum excessivo, faz mais sentido observar contexto, quantidade e sinais do corpo. Uma x\u00edcara coada costuma ser diferente de doses grandes de espresso, energ\u00e9ticos ou combina\u00e7\u00f5es com suplementos estimulantes.<\/p>\n\n\n\n<p>No cuidado di\u00e1rio com o bem-estar, caf\u00e9 preto, jejum, sa\u00fade do f\u00edgado e press\u00e3o arterial precisam ser lidos em conjunto. Se a bebida entra sem sintomas, com hidrata\u00e7\u00e3o adequada e dentro de uma rotina equilibrada, tende a ser bem tolerada. Se ela dispara azia, tontura, palpita\u00e7\u00e3o ou picos de press\u00e3o, o corpo j\u00e1 deu a informa\u00e7\u00e3o mais importante.<\/p>\n","protected":false},"excerpt":{"rendered":"<p>Caf\u00e9 preto em jejum costuma entrar na rotina de quem busca energia logo cedo, mas essa escolha conversa com outros pontos do bem-estar, como metabolismo, digest\u00e3o, hidrata\u00e7\u00e3o, sa\u00fade do f\u00edgado e controle da press\u00e3o arterial. O efeito n\u00e3o \u00e9 igual para todo mundo. Dose, sensibilidade \u00e0 cafe\u00edna, hor\u00e1rio e presen\u00e7a de hipertens\u00e3o ou gastrite mudam [&hellip;]<\/p>\n","protected":false},"author":12,"featured_media":236238,"comment_status":"open","ping_status":"open","sticky":false,"template":"","format":"standard","meta":{"_yoast_wpseo_focuskw":"caf\u00e9 preto","_yoast_wpseo_title":"","_yoast_wpseo_metadesc":"Caf\u00e9 preto em jejum pode pesar na press\u00e3o arterial e ter uma rela\u00e7\u00e3o pouco \u00f3bvia com o f\u00edgado, algo que muda conforme dose, rotina e sensibilidade.","jnews-multi-image_gallery":[],"jnews_single_post":{"format":"standard"},"jnews_primary_category":[],"jnews_social_meta":[],"jnews_override_counter":[],"footnotes":""},"categories":[119],"tags":[120,18613,1487,4099,3335],"class_list":["post-236240","post","type-post","status-publish","format-standard","has-post-thumbnail","hentry","category-bem-estar","tag-bem-estar","tag-cafe-preto","tag-jejum","tag-pressao-arterial","tag-saude-do-figado"],"yoast_head":"<!-- This site is optimized with the Yoast SEO plugin v24.6 - https:\/\/yoast.com\/wordpress\/plugins\/seo\/ -->\n<title>O que o caf\u00e9 preto em jejum faz no f\u00edgado e na press\u00e3o arterial - Correio Braziliense - Radar<\/title>\n<meta name=\"description\" content=\"Caf\u00e9 preto em jejum pode pesar na press\u00e3o arterial e ter uma rela\u00e7\u00e3o pouco \u00f3bvia com o f\u00edgado, algo que muda conforme dose, rotina e sensibilidade.\" \/>\n<meta name=\"robots\" content=\"index, follow, max-snippet:-1, max-image-preview:large, max-video-preview:-1\" \/>\n<link rel=\"canonical\" href=\"https:\/\/www.correiobraziliense.com.br\/cbradar\/o-que-o-cafe-preto-em-jejum-faz-no-figado-e-na-pressao-arterial\/\" \/>\n<meta property=\"og:locale\" content=\"pt_BR\" \/>\n<meta property=\"og:type\" content=\"article\" \/>\n<meta property=\"og:title\" content=\"O que o caf\u00e9 preto em jejum faz no f\u00edgado e na press\u00e3o arterial - Correio Braziliense - Radar\" \/>\n<meta property=\"og:description\" content=\"Caf\u00e9 preto em jejum pode pesar na press\u00e3o arterial e ter uma rela\u00e7\u00e3o pouco \u00f3bvia com o f\u00edgado, algo que muda conforme dose, rotina e sensibilidade.\" \/>\n<meta property=\"og:url\" content=\"https:\/\/www.correiobraziliense.com.br\/cbradar\/o-que-o-cafe-preto-em-jejum-faz-no-figado-e-na-pressao-arterial\/\" \/>\n<meta property=\"og:site_name\" content=\"Correio Braziliense - Radar\" \/>\n<meta property=\"article:published_time\" content=\"2026-05-03T08:40:00+00:00\" \/>\n<meta property=\"og:image\" content=\"https:\/\/www.correiobraziliense.com.br\/cbradar\/wp-content\/uploads\/2026\/05\/o-que-o-cafe-preto-em-jejum-faz-no-figado-e-na-pressao-arter.jpg\" \/>\n\t<meta property=\"og:image:width\" content=\"1280\" \/>\n\t<meta property=\"og:image:height\" content=\"720\" \/>\n\t<meta property=\"og:image:type\" content=\"image\/jpeg\" \/>\n<meta name=\"author\" content=\"Gabriel Leme\" \/>\n<meta name=\"twitter:card\" content=\"summary_large_image\" \/>\n<meta name=\"twitter:label1\" content=\"Escrito por\" \/>\n\t<meta name=\"twitter:data1\" content=\"Gabriel Leme\" \/>\n\t<meta name=\"twitter:label2\" content=\"Est. tempo de leitura\" \/>\n\t<meta name=\"twitter:data2\" content=\"5 minutos\" \/>\n<!-- \/ Yoast SEO plugin. -->","yoast_head_json":{"title":"O que o caf\u00e9 preto em jejum faz no f\u00edgado e na press\u00e3o arterial - Correio Braziliense - Radar","description":"Caf\u00e9 preto em jejum pode pesar na press\u00e3o arterial e ter uma rela\u00e7\u00e3o pouco \u00f3bvia com o f\u00edgado, algo que muda conforme dose, rotina e sensibilidade.","robots":{"index":"index","follow":"follow","max-snippet":"max-snippet:-1","max-image-preview":"max-image-preview:large","max-video-preview":"max-video-preview:-1"},"canonical":"https:\/\/www.correiobraziliense.com.br\/cbradar\/o-que-o-cafe-preto-em-jejum-faz-no-figado-e-na-pressao-arterial\/","og_locale":"pt_BR","og_type":"article","og_title":"O que o caf\u00e9 preto em jejum faz no f\u00edgado e na press\u00e3o arterial - Correio Braziliense - Radar","og_description":"Caf\u00e9 preto em jejum pode pesar na press\u00e3o arterial e ter uma rela\u00e7\u00e3o pouco \u00f3bvia com o f\u00edgado, algo que muda conforme dose, rotina e sensibilidade.","og_url":"https:\/\/www.correiobraziliense.com.br\/cbradar\/o-que-o-cafe-preto-em-jejum-faz-no-figado-e-na-pressao-arterial\/","og_site_name":"Correio Braziliense - Radar","article_published_time":"2026-05-03T08:40:00+00:00","og_image":[{"width":1280,"height":720,"url":"https:\/\/www.correiobraziliense.com.br\/cbradar\/wp-content\/uploads\/2026\/05\/o-que-o-cafe-preto-em-jejum-faz-no-figado-e-na-pressao-arter.jpg","type":"image\/jpeg"}],"author":"Gabriel Leme","twitter_card":"summary_large_image","twitter_misc":{"Escrito por":"Gabriel Leme","Est. tempo de leitura":"5 minutos"},"schema":{"@context":"https:\/\/schema.org","@graph":[{"@type":"WebPage","@id":"https:\/\/www.correiobraziliense.com.br\/cbradar\/o-que-o-cafe-preto-em-jejum-faz-no-figado-e-na-pressao-arterial\/","url":"https:\/\/www.correiobraziliense.com.br\/cbradar\/o-que-o-cafe-preto-em-jejum-faz-no-figado-e-na-pressao-arterial\/","name":"O que o caf\u00e9 preto em jejum faz no f\u00edgado e na press\u00e3o arterial - Correio Braziliense - Radar","isPartOf":{"@id":"https:\/\/www.correiobraziliense.com.br\/cbradar\/#website"},"primaryImageOfPage":{"@id":"https:\/\/www.correiobraziliense.com.br\/cbradar\/o-que-o-cafe-preto-em-jejum-faz-no-figado-e-na-pressao-arterial\/#primaryimage"},"image":{"@id":"https:\/\/www.correiobraziliense.com.br\/cbradar\/o-que-o-cafe-preto-em-jejum-faz-no-figado-e-na-pressao-arterial\/#primaryimage"},"thumbnailUrl":"https:\/\/www.correiobraziliense.com.br\/cbradar\/wp-content\/uploads\/2026\/05\/o-que-o-cafe-preto-em-jejum-faz-no-figado-e-na-pressao-arter.jpg","datePublished":"2026-05-03T08:40:00+00:00","author":{"@id":"https:\/\/www.correiobraziliense.com.br\/cbradar\/#\/schema\/person\/67a081d63a0fe55fb267145a7be2f7c1"},"description":"Caf\u00e9 preto em jejum pode pesar na press\u00e3o arterial e ter uma rela\u00e7\u00e3o pouco \u00f3bvia com o f\u00edgado, algo que muda conforme dose, rotina e sensibilidade.","breadcrumb":{"@id":"https:\/\/www.correiobraziliense.com.br\/cbradar\/o-que-o-cafe-preto-em-jejum-faz-no-figado-e-na-pressao-arterial\/#breadcrumb"},"inLanguage":"pt-BR","potentialAction":[{"@type":"ReadAction","target":["https:\/\/www.correiobraziliense.com.br\/cbradar\/o-que-o-cafe-preto-em-jejum-faz-no-figado-e-na-pressao-arterial\/"]}]},{"@type":"ImageObject","inLanguage":"pt-BR","@id":"https:\/\/www.correiobraziliense.com.br\/cbradar\/o-que-o-cafe-preto-em-jejum-faz-no-figado-e-na-pressao-arterial\/#primaryimage","url":"https:\/\/www.correiobraziliense.com.br\/cbradar\/wp-content\/uploads\/2026\/05\/o-que-o-cafe-preto-em-jejum-faz-no-figado-e-na-pressao-arter.jpg","contentUrl":"https:\/\/www.correiobraziliense.com.br\/cbradar\/wp-content\/uploads\/2026\/05\/o-que-o-cafe-preto-em-jejum-faz-no-figado-e-na-pressao-arter.jpg","width":1280,"height":720,"caption":"Caf\u00e9 preto em jejum pede aten\u00e7\u00e3o \u00e0 hidrata\u00e7\u00e3o e \u00e0 press\u00e3o arterial."},{"@type":"BreadcrumbList","@id":"https:\/\/www.correiobraziliense.com.br\/cbradar\/o-que-o-cafe-preto-em-jejum-faz-no-figado-e-na-pressao-arterial\/#breadcrumb","itemListElement":[{"@type":"ListItem","position":1,"name":"In\u00edcio","item":"https:\/\/www.correiobraziliense.com.br\/cbradar\/"},{"@type":"ListItem","position":2,"name":"O que o caf\u00e9 preto em jejum faz no f\u00edgado e na press\u00e3o arterial"}]},{"@type":"WebSite","@id":"https:\/\/www.correiobraziliense.com.br\/cbradar\/#website","url":"https:\/\/www.correiobraziliense.com.br\/cbradar\/","name":"Correio Braziliense - Radar","description":"Acompanhe as \u00faltimas not\u00edcias e fique bem informado sobre tudo o que acontece no Brasil e no mundo.","potentialAction":[{"@type":"SearchAction","target":{"@type":"EntryPoint","urlTemplate":"https:\/\/www.correiobraziliense.com.br\/cbradar\/?s={search_term_string}"},"query-input":{"@type":"PropertyValueSpecification","valueRequired":true,"valueName":"search_term_string"}}],"inLanguage":"pt-BR"},{"@type":"Person","@id":"https:\/\/www.correiobraziliense.com.br\/cbradar\/#\/schema\/person\/67a081d63a0fe55fb267145a7be2f7c1","name":"Gabriel Leme","image":{"@type":"ImageObject","inLanguage":"pt-BR","@id":"https:\/\/www.correiobraziliense.com.br\/cbradar\/#\/schema\/person\/image\/","url":"https:\/\/secure.gravatar.com\/avatar\/85bf2e3517d27149969b72412b460c20?s=96&d=mm&r=g","contentUrl":"https:\/\/secure.gravatar.com\/avatar\/85bf2e3517d27149969b72412b460c20?s=96&d=mm&r=g","caption":"Gabriel Leme"},"sameAs":["https:\/\/www.correiobraziliense.com.br\/"],"url":"https:\/\/www.correiobraziliense.com.br\/cbradar\/author\/gabrielmyth\/"}]}},"_links":{"self":[{"href":"https:\/\/www.correiobraziliense.com.br\/cbradar\/wp-json\/wp\/v2\/posts\/236240","targetHints":{"allow":["GET"]}}],"collection":[{"href":"https:\/\/www.correiobraziliense.com.br\/cbradar\/wp-json\/wp\/v2\/posts"}],"about":[{"href":"https:\/\/www.correiobraziliense.com.br\/cbradar\/wp-json\/wp\/v2\/types\/post"}],"author":[{"embeddable":true,"href":"https:\/\/www.correiobraziliense.com.br\/cbradar\/wp-json\/wp\/v2\/users\/12"}],"replies":[{"embeddable":true,"href":"https:\/\/www.correiobraziliense.com.br\/cbradar\/wp-json\/wp\/v2\/comments?post=236240"}],"version-history":[{"count":1,"href":"https:\/\/www.correiobraziliense.com.br\/cbradar\/wp-json\/wp\/v2\/posts\/236240\/revisions"}],"predecessor-version":[{"id":236298,"href":"https:\/\/www.correiobraziliense.com.br\/cbradar\/wp-json\/wp\/v2\/posts\/236240\/revisions\/236298"}],"wp:featuredmedia":[{"embeddable":true,"href":"https:\/\/www.correiobraziliense.com.br\/cbradar\/wp-json\/wp\/v2\/media\/236238"}],"wp:attachment":[{"href":"https:\/\/www.correiobraziliense.com.br\/cbradar\/wp-json\/wp\/v2\/media?parent=236240"}],"wp:term":[{"taxonomy":"category","embeddable":true,"href":"https:\/\/www.correiobraziliense.com.br\/cbradar\/wp-json\/wp\/v2\/categories?post=236240"},{"taxonomy":"post_tag","embeddable":true,"href":"https:\/\/www.correiobraziliense.com.br\/cbradar\/wp-json\/wp\/v2\/tags?post=236240"}],"curies":[{"name":"wp","href":"https:\/\/api.w.org\/{rel}","templated":true}]}}