{"id":236242,"date":"2026-05-03T08:25:00","date_gmt":"2026-05-03T11:25:00","guid":{"rendered":"https:\/\/www.correiobraziliense.com.br\/cbradar\/?p=236242"},"modified":"2026-05-03T05:16:04","modified_gmt":"2026-05-03T08:16:04","slug":"a-gruta-com-colunas-gemeas-unicas-no-brasil-abriga-cavernas-pre-historicas-a-72-km-de-belo-horizonte","status":"publish","type":"post","link":"https:\/\/www.correiobraziliense.com.br\/cbradar\/a-gruta-com-colunas-gemeas-unicas-no-brasil-abriga-cavernas-pre-historicas-a-72-km-de-belo-horizonte\/","title":{"rendered":"A gruta com colunas g\u00eameas \u00fanicas no Brasil abriga cavernas pr\u00e9-hist\u00f3ricas, a 72 km de Belo Horizonte"},"content":{"rendered":"\n<p><strong>Sete Lagoas <\/strong>carrega no nome suas sete lagoas urbanas, mas \u00e9 no subsolo que guarda um de seus maiores tesouros. A pouco mais de uma hora de Belo Horizonte, o munic\u00edpio combina espelhos d\u2019\u00e1gua, mirantes de serra e um patrim\u00f4nio natural moldado ao longo de milh\u00f5es de anos, um cen\u00e1rio que tamb\u00e9m atraiu estudos do naturalista <strong>Peter Wilhelm Lund.<\/strong><\/p>\n\n\n\n<h2 class=\"wp-block-heading\">O que a Gruta Rei do Mato revela abaixo da superf\u00edcie?<\/h2>\n\n\n\n<p>A Gruta Rei do Mato possui <strong>998 metros de extens\u00e3o<\/strong> e est\u00e1 entre as maiores cavernas de Minas Gerais, segundo a Sociedade Brasileira de Espeleologia. Cerca de <strong>220 metros<\/strong> s\u00e3o acess\u00edveis ao p\u00fablico, com passarelas e ilumina\u00e7\u00e3o em LED que conduzem por quatro sal\u00f5es com desn\u00edveis que chegam a <strong>30 metros<\/strong>.<\/p>\n\n\n\n<p>O destaque est\u00e1 no Sal\u00e3o das Raridades, onde ficam as <strong>Colunas G\u00eameas<\/strong>: duas forma\u00e7\u00f5es de calcita com aproximadamente <strong>12 metros de altura<\/strong> e apenas <strong>25 cent\u00edmetros de di\u00e2metro<\/strong>, resultado do encontro entre estalactites e estalagmites ao longo de milh\u00f5es de anos \u2014 um fen\u00f4meno raro no Brasil. Ao lado, a chamada Grutinha complementa a experi\u00eancia com pinturas rupestres de mais de <strong>6 mil anos<\/strong> e a r\u00e9plica de uma pregui\u00e7a gigante pr\u00e9-hist\u00f3rica encontrada na regi\u00e3o.<\/p>\n\n\n\n<p>O nome entrega o \u00f3bvio: s\u00e3o sete lagoas espalhadas pela cidade. O que ele n\u00e3o conta \u00e9 que o subsolo guarda uma das cavernas mais raras do pa\u00eds, com forma\u00e7\u00f5es que levaram milh\u00f5es de anos para existir. <strong>Sete Lagoas<\/strong>, a pouco mais de uma hora de <strong>Belo Horizonte<\/strong>, mistura espelhos d&#8217;\u00e1gua urbanos, serra com mirante e a heran\u00e7a das expedi\u00e7\u00f5es do naturalista dinamarqu\u00eas <strong>Peter Lund<\/strong>.<\/p>\n\n\n<div class=\"wp-block-image\">\n<figure class=\"aligncenter size-large\"><img decoding=\"async\" width=\"1024\" height=\"576\" src=\"https:\/\/www.correiobraziliense.com.br\/cbradar\/wp-content\/uploads\/2026\/02\/aaa-2026-02-06T062841.025-1024x576.png\" alt=\"Essa cidade de Minas Gerais chama aten\u00e7\u00e3o com cavernas pr\u00e9-hist\u00f3ricas e lagoas seculares a 72 km de Belo Horizonte\" class=\"wp-image-188475\" srcset=\"https:\/\/www.correiobraziliense.com.br\/cbradar\/wp-content\/uploads\/2026\/02\/aaa-2026-02-06T062841.025-1024x576.png 1024w, https:\/\/www.correiobraziliense.com.br\/cbradar\/wp-content\/uploads\/2026\/02\/aaa-2026-02-06T062841.025-300x169.png 300w, https:\/\/www.correiobraziliense.com.br\/cbradar\/wp-content\/uploads\/2026\/02\/aaa-2026-02-06T062841.025-768x432.png 768w, https:\/\/www.correiobraziliense.com.br\/cbradar\/wp-content\/uploads\/2026\/02\/aaa-2026-02-06T062841.025-750x422.png 750w, https:\/\/www.correiobraziliense.com.br\/cbradar\/wp-content\/uploads\/2026\/02\/aaa-2026-02-06T062841.025-1140x641.png 1140w, https:\/\/www.correiobraziliense.com.br\/cbradar\/wp-content\/uploads\/2026\/02\/aaa-2026-02-06T062841.025.png 1280w\" sizes=\"(max-width: 1024px) 100vw, 1024px\" \/><figcaption class=\"wp-element-caption\">Com forma\u00e7\u00f5es geol\u00f3gicas raras, a Gruta Rei do Mato encanta quem procura visitar Sete Lagoas \/ Cr\u00e9ditos: Wikim\u00e9dia Commons<\/figcaption><\/figure><\/div>\n\n\n<h2 class=\"wp-block-heading\">O que o Rei do Mato esconde embaixo da terra?<\/h2>\n\n\n\n<p>A <a href=\"https:\/\/ief.mg.gov.br\/w\/mne-gruta-rei-do-mato\" target=\"_blank\" rel=\"noreferrer noopener\"><strong>Gruta Rei do Mato<\/strong><\/a> tem 998 metros de extens\u00e3o e \u00e9 considerada uma das 50 maiores cavernas de <strong>Minas Gerais<\/strong> pela <strong>Sociedade Brasileira de Espeleologia<\/strong>. Desses, 220 metros est\u00e3o abertos ao p\u00fablico por passarelas e escadarias iluminadas com LED. A gruta \u00e9 dividida em quatro sal\u00f5es com desn\u00edveis de at\u00e9 30 metros.<\/p>\n\n\n\n<p>No Sal\u00e3o das Raridades est\u00e1 a forma\u00e7\u00e3o que atrai ge\u00f3logos do mundo inteiro: as <strong>Colunas G\u00eameas<\/strong>, duas estruturas cil\u00edndricas de calcita com cerca de 12 metros de altura e apenas 25 cent\u00edmetros de di\u00e2metro. Formadas pelo encontro de estalactites e estalagmites ao longo de milh\u00f5es de anos, s\u00e3o \u00fanicas entre as grutas brasileiras. Ao lado da caverna principal, a <strong>Grutinha<\/strong> exibe pinturas rupestres de mais de 6 mil anos e a r\u00e9plica de uma pregui\u00e7a gigante encontrada no local.<\/p>\n\n\n\n<h2 class=\"wp-block-heading\">Uma rota que segue os passos de um dinamarqu\u00eas do s\u00e9culo XIX<\/h2>\n\n\n\n<p><strong>Peter Lund<\/strong> explorou mais de 200 cavernas na regi\u00e3o de <strong>Lagoa Santa<\/strong> a partir de 1835 e \u00e9 considerado o pai da paleontologia e da arqueologia no <strong>Brasil<\/strong>. A <a href=\"https:\/\/circuitodasgrutas.com.br\/rota-peter-lund\/\" target=\"_blank\" rel=\"noreferrer noopener\"><strong>Rota das Grutas Peter Lund<\/strong><\/a>, circuito tur\u00edstico do Governo de Minas, conecta a Gruta Rei do Mato em Sete Lagoas \u00e0 <strong>Gruta da Lapinha<\/strong> (Lagoa Santa) e \u00e0 <strong>Gruta de Maquin\u00e9<\/strong> (Cordisburgo, terra de <strong>Guimar\u00e3es Rosa<\/strong>). A regi\u00e3o c\u00e1rstica abrange cerca de 50 cavernas e 170 s\u00edtios arqueol\u00f3gicos em pouco mais de 2,4 mil hectares.<\/p>\n\n\n\n<h2 class=\"wp-block-heading\">O que visitar na superf\u00edcie da cidade das lagoas?<\/h2>\n\n\n\n<p>As sete lagoas existem de verdade e organizam a vida da cidade ao redor delas. A lista a seguir cabe em um fim de semana bem planejado.<\/p>\n\n\n\n<ul class=\"wp-block-list\">\n<li><strong>Lagoa Paulino<\/strong>: a principal, no centro. Orla com bares, restaurantes e fonte iluminada. Feira de artesanato e comidas t\u00edpicas nas noites de sexta e s\u00e1bado.<\/li>\n\n\n\n<li><strong>Lagoa da Boa Vista<\/strong>: pista dupla de 1.630 metros ao redor, palco para eventos, pistas de skate e bicicross. Feirinha de produtos caseiros aos domingos de manh\u00e3.<\/li>\n\n\n\n<li><strong>Serra de Santa Helena<\/strong>: forma\u00e7\u00e3o calc\u00e1ria a 1.100 metros de altitude, com a vista mais ampla da regi\u00e3o. No topo fica a <strong>Capela de Santa Helena<\/strong>, constru\u00edda em 1852. A serra abriga rampa de voo livre e trilhas de mountain bike.<\/li>\n\n\n\n<li><strong>Parque da Cascata<\/strong>: 295 hectares de mata nativa com trilhas, lago, praia artificial e uma cascata acess\u00edvel por mirante. Fauna e flora de cerrado preservadas.<\/li>\n\n\n\n<li><strong>Museu Hist\u00f3rico Municipal<\/strong>: funciona na Fazenda das Sete Lagoas, constru\u00e7\u00e3o do s\u00e9culo XVIII. Acervo com pe\u00e7as do per\u00edodo colonial e da forma\u00e7\u00e3o da cidade.<\/li>\n<\/ul>\n\n\n\n<p>Conhe\u00e7a <strong>Sete Lagoas<\/strong>, em Minas Gerais, um importante polo econ\u00f4mico e tur\u00edstico localizado a apenas 75 km de Belo Horizonte. O v\u00eddeo do canal <strong>Naeco<\/strong> apresenta uma vis\u00e3o detalhada do munic\u00edpio, combinando imagens de drone com informa\u00e7\u00f5es hist\u00f3ricas e geogr\u00e1ficas:<\/p>\n\n\n\n<figure class=\"wp-block-embed aligncenter is-type-video is-provider-youtube wp-block-embed-youtube wp-embed-aspect-16-9 wp-has-aspect-ratio\"><div class=\"wp-block-embed__wrapper\">\n<div class=\"jeg_video_container jeg_video_content\"><iframe loading=\"lazy\" title=\"Sete Lagoas, MG \u2013 Cidade para passear, morar e investir.\" width=\"500\" height=\"281\" src=\"https:\/\/www.youtube.com\/embed\/wPpmC-SYDqg?feature=oembed\" frameborder=\"0\" allow=\"accelerometer; autoplay; clipboard-write; encrypted-media; gyroscope; picture-in-picture; web-share\" referrerpolicy=\"strict-origin-when-cross-origin\" allowfullscreen><\/iframe><\/div>\n<\/div><\/figure>\n\n\n\n<h2 class=\"wp-block-heading\">Que sabores mineiros esperam o visitante?<\/h2>\n\n\n\n<p>A gastronomia segue o ritmo de <strong>Minas<\/strong>: mesa farta e tempero de fog\u00e3o a lenha. O centro de Sete Lagoas concentra restaurantes que servem frango com quiabo, feij\u00e3o tropeiro e tutu de feij\u00e3o com torresmo. Ao redor da Lagoa Paulino, bares oferecem petiscos e cerveja gelada com vista para a fonte iluminada. Na zona rural, pousadas e restaurantes preparam comida mineira em ambiente de fazenda, ideal para quem combina a visita \u00e0 gruta com almo\u00e7o no campo.<\/p>\n\n\n\n<p><strong>Leia tamb\u00e9m: <a href=\"https:\/\/www.correiobraziliense.com.br\/cbradar\/a-unica-cidade-brasileira-entre-as-10-melhores-do-mundo-em-gastronomia-fica-na-foz-do-amazonas\/\" target=\"_blank\" rel=\"noreferrer noopener\">A \u00fanica cidade brasileira entre as 10 melhores do mundo em gastronomia fica na foz do Amazonas<\/a><\/strong>.<\/p>\n\n\n\n<h2 class=\"wp-block-heading\">Quando ir para aproveitar grutas e trilhas?<\/h2>\n\n\n\n<p>O clima tropical de altitude mant\u00e9m ver\u00f5es quentes com chuvas frequentes \u00e0 tarde e invernos secos com manh\u00e3s frescas. A gruta pode ser visitada o ano inteiro, j\u00e1 que a temperatura interna \u00e9 est\u00e1vel.<\/p>\n\n\n\n<style>\n  \/* --- CONTAINER BLINDADO --- *\/\n  .clima-grid-final {\n    font-family: -apple-system, BlinkMacSystemFont, \"Segoe UI\", Roboto, Arial, sans-serif !important;\n    width: 100% !important;\n    max-width: 1200px !important;\n    margin: 20px auto !important;\n    display: grid !important;\n    grid-template-columns: repeat(4, 1fr) !important; \n    gap: 15px !important;\n    box-sizing: border-box !important;\n  }\n\n  .clima-grid-final * {\n    box-sizing: border-box !important;\n  }\n\n  \/* --- CARD PADR\u00c3O (ESTILO SETE LAGOAS) --- *\/\n  .card-clima {\n    background: #ffffff !important;\n    border: 1px solid #e0e0e0 !important;\n    border-radius: 20px !important;\n    padding: 20px 10px !important;\n    text-align: center !important;\n    display: flex !important;\n    flex-direction: column !important;\n    align-items: center !important;\n    box-shadow: 0 4px 10px rgba(0, 0, 0, 0.05) !important;\n    transition: transform 0.2s ease, border-color 0.2s ease !important;\n    height: 100% !important;\n  }\n\n  .card-clima:hover {\n    transform: translateY(-5px) !important;\n    border-color: #0066b3 !important;\n  }\n\n  \/* --- TIPOGRAFIA --- *\/\n  .estacao-nome { \n    font-size: 14px !important; \n    font-weight: 800 !important; \n    color: #0066b3 !important; \n    text-transform: uppercase !important; \n    margin: 0 0 5px 0 !important; \n  }\n  \n  .estacao-meses { \n    font-size: 10px !important; \n    font-weight: 700 !important; \n    color: #666666 !important; \n    text-transform: uppercase !important; \n    margin-bottom: 15px !important; \n    display: block !important;\n  }\n  \n  .temp-valor { \n    font-size: 24px !important; \n    font-weight: 800 !important; \n    color: #000000 !important; \n    line-height: 1.1 !important; \n    margin: 0 !important;\n  }\n  \n  .temp-label { \n    font-size: 9px !important; \n    font-weight: 600 !important; \n    color: #999999 !important; \n    text-transform: uppercase !important; \n    margin-bottom: 15px !important; \n    display: block !important;\n  }\n  \n  .clima-desc { \n    font-size: 12px !important; \n    line-height: 1.4 !important; \n    color: #333333 !important; \n    margin-bottom: 15px !important; \n    flex-grow: 1 !important; \n  }\n\n  \/* --- TAGS DE STATUS --- *\/\n  .tag-status {\n    padding: 5px 12px !important;\n    border-radius: 20px !important;\n    font-size: 9px !important;\n    font-weight: 800 !important;\n    text-transform: uppercase !important;\n    margin-top: auto !important;\n  }\n\n  .status-alta { background-color: #ffebee !important; color: #c62828 !important; border: 1px solid #ffcdd2 !important; }\n  .status-media { background-color: #fff3e0 !important; color: #ef6c00 !important; border: 1px solid #ffe0b2 !important; }\n  .status-baixa { background-color: #e8f5e9 !important; color: #2e7d32 !important; border: 1px solid #c8e6c9 !important; }\n\n  \/* --- RESPONSIVIDADE --- *\/\n  @media (max-width: 900px) {\n    .clima-grid-final { grid-template-columns: repeat(2, 1fr) !important; }\n  }\n  @media (max-width: 500px) {\n    .clima-grid-final { grid-template-columns: 1fr !important; }\n  }\n<\/style>\n\n<div class=\"google-auto-ads-ignore clima-grid-final\">\n  \n  <!-- VER\u00c3O -->\n  <div class=\"card-clima\">\n    <div class=\"estacao-nome\">\u2600\ufe0f Ver\u00e3o<\/div>\n    <span class=\"estacao-meses\">Dez &#8211; Fev<\/span>\n    <div class=\"temp-valor\">19-30\u00b0C<\/div>\n    <span class=\"temp-label\">Temperatura<\/span>\n    <div class=\"clima-desc\">Mesmo com chuvas, aproveite a <b>Gruta Rei do Mato<\/b> pela manh\u00e3 e as <b>lagoas<\/b> da cidade para relaxar ao entardecer.<\/div>\n    <div class=\"tag-status status-alta\">\u26c8\ufe0f Chuva Alta<\/div>\n  <\/div>\n\n  <!-- OUTONO -->\n  <div class=\"card-clima\">\n    <div class=\"estacao-nome\">\ud83c\udf42 Outono<\/div>\n    <span class=\"estacao-meses\">Mar &#8211; Mai<\/span>\n    <div class=\"temp-valor\">16-28\u00b0C<\/div>\n    <span class=\"temp-label\">Temperatura<\/span>\n    <div class=\"clima-desc\">Clima ameno, perfeito para percorrer as <b>trilhas na Serra de Santa Helena<\/b> e apreciar a vista privilegiada.<\/div>\n    <div class=\"tag-status status-media\">\ud83c\udf26\ufe0f Chuva M\u00e9dia<\/div>\n  <\/div>\n\n  <!-- INVERNO -->\n  <div class=\"card-clima\">\n    <div class=\"estacao-nome\">\u26f0\ufe0f Inverno<\/div>\n    <span class=\"estacao-meses\">Jun &#8211; Ago<\/span>\n    <div class=\"temp-valor\">12-25\u00b0C<\/div>\n    <span class=\"temp-label\">Temperatura<\/span>\n    <div class=\"clima-desc\">Tempo seco e ventos favor\u00e1veis para a pr\u00e1tica de <b>voo livre<\/b> e passeios tranquilos no <b>Parque da Cascata<\/b>.<\/div>\n    <div class=\"tag-status status-baixa\">\u2600\ufe0f Chuva Baixa<\/div>\n  <\/div>\n\n  <!-- PRIMAVERA -->\n  <div class=\"card-clima\">\n    <div class=\"estacao-nome\">\ud83c\udf38 Primavera<\/div>\n    <span class=\"estacao-meses\">Set &#8211; Nov<\/span>\n    <div class=\"temp-valor\">17-29\u00b0C<\/div>\n    <span class=\"temp-label\">Temperatura<\/span>\n    <div class=\"clima-desc\">Esta\u00e7\u00e3o ideal para realizar a <b>Rota das Grutas<\/b> completa e curtir o florescer da natureza na regi\u00e3o.<\/div>\n    <div class=\"tag-status status-media\">\ud83c\udf26\ufe0f Chuva M\u00e9dia<\/div>\n  <\/div>\n\n<\/div>\n\n\n\n<p><em>Temperaturas aproximadas com base no <a href=\"https:\/\/www.climatempo.com.br\/climatologia\/189\/setelagoas-mg\" target=\"_blank\" rel=\"noreferrer noopener\"><strong>Climatempo<\/strong><\/a>. Condi\u00e7\u00f5es podem variar.<\/em><\/p>\n\n\n<div class=\"wp-block-image\">\n<figure class=\"aligncenter size-large\"><img decoding=\"async\" width=\"1024\" height=\"576\" src=\"https:\/\/www.correiobraziliense.com.br\/cbradar\/wp-content\/uploads\/2025\/08\/Edicoes-2025-08-09T031022.987-1024x576.png\" alt=\"Cidade das lagoas encantadas \u00e9 um ref\u00fagio de tranquilidade para se viver\" class=\"wp-image-83469\" srcset=\"https:\/\/www.correiobraziliense.com.br\/cbradar\/wp-content\/uploads\/2025\/08\/Edicoes-2025-08-09T031022.987-1024x576.png 1024w, https:\/\/www.correiobraziliense.com.br\/cbradar\/wp-content\/uploads\/2025\/08\/Edicoes-2025-08-09T031022.987-300x169.png 300w, https:\/\/www.correiobraziliense.com.br\/cbradar\/wp-content\/uploads\/2025\/08\/Edicoes-2025-08-09T031022.987-768x432.png 768w, https:\/\/www.correiobraziliense.com.br\/cbradar\/wp-content\/uploads\/2025\/08\/Edicoes-2025-08-09T031022.987-750x422.png 750w, https:\/\/www.correiobraziliense.com.br\/cbradar\/wp-content\/uploads\/2025\/08\/Edicoes-2025-08-09T031022.987-1140x641.png 1140w, https:\/\/www.correiobraziliense.com.br\/cbradar\/wp-content\/uploads\/2025\/08\/Edicoes-2025-08-09T031022.987.png 1280w\" sizes=\"(max-width: 1024px) 100vw, 1024px\" \/><figcaption class=\"wp-element-caption\">Sete Lagoas consolida-se como um dos principais centros industriais e tur\u00edsticos do estado de Minas Gerais. \/\/ Cr\u00e9ditos: YouTube @reloaddrone-urielmenezes<\/figcaption><\/figure><\/div>\n\n\n<h2 class=\"wp-block-heading\">Como chegar \u00e0 cidade das sete lagoas<\/h2>\n\n\n\n<p>Sete Lagoas est\u00e1 a cerca de <strong>70 km de Belo Horizonte<\/strong>, com acesso r\u00e1pido pela <strong>BR-040<\/strong> em aproximadamente <strong>1 hora de carro<\/strong>. A Gruta Rei do Mato fica logo no trevo de entrada da cidade, \u00e0s margens da rodovia, facilitando a visita. H\u00e1 tamb\u00e9m \u00f4nibus intermunicipais frequentes saindo da rodovi\u00e1ria de <strong>Belo Horizonte<\/strong>. Para quem vem de mais longe, o Aeroporto Internacional de Confins est\u00e1 a cerca de <strong>55 km<\/strong>, com acesso direto por estrada.<\/p>\n\n\n\n<h2 class=\"wp-block-heading\">Um destino que surpreende em todas as dire\u00e7\u00f5es<\/h2>\n\n\n\n<p>Mais do que as lagoas que d\u00e3o nome ao munic\u00edpio, <strong>Sete Lagoas<\/strong> revela atra\u00e7\u00f5es que v\u00e3o do subterr\u00e2neo \u00e0s alturas. As forma\u00e7\u00f5es raras da Gruta Rei do Mato contrastam com a vista panor\u00e2mica da Serra de Santa Helena, de onde \u00e9 poss\u00edvel avistar at\u00e9 a Serra do Espinha\u00e7o.<\/p>\n\n\n\n<p>Reservar um fim de semana \u00e9 o suficiente para viver duas experi\u00eancias marcantes: descer pelos sal\u00f5es da gruta e subir at\u00e9 o topo da serra. Em poucos quil\u00f4metros, a cidade re\u00fane natureza, hist\u00f3ria e a ess\u00eancia da hospitalidade mineira.<\/p>\n","protected":false},"excerpt":{"rendered":"<p>Sete Lagoas carrega no nome suas sete lagoas urbanas, mas \u00e9 no subsolo que guarda um de seus maiores tesouros. A pouco mais de uma hora de Belo Horizonte, o munic\u00edpio combina espelhos d\u2019\u00e1gua, mirantes de serra e um patrim\u00f4nio natural moldado ao longo de milh\u00f5es de anos, um cen\u00e1rio que tamb\u00e9m atraiu estudos do [&hellip;]<\/p>\n","protected":false},"author":8,"featured_media":188476,"comment_status":"open","ping_status":"open","sticky":false,"template":"","format":"standard","meta":{"_yoast_wpseo_focuskw":"Belo Horizonte","_yoast_wpseo_title":"","_yoast_wpseo_metadesc":"A apenas 72 km de Belo Horizonte, uma cidade chama aten\u00e7\u00e3o por suas cavernas pr\u00e9-hist\u00f3ricas e por abrigar uma gruta rara no Brasil.","jnews-multi-image_gallery":[],"jnews_single_post":{"format":"standard"},"jnews_primary_category":[],"jnews_social_meta":[],"jnews_override_counter":[],"footnotes":""},"categories":[108,111],"tags":[388,3467],"class_list":["post-236242","post","type-post","status-publish","format-standard","has-post-thumbnail","hentry","category-cidades","category-turismo","tag-minas-gerais","tag-sete-lagoas"],"yoast_head":"<!-- This site is optimized with the Yoast SEO plugin v24.6 - https:\/\/yoast.com\/wordpress\/plugins\/seo\/ -->\n<title>A gruta com colunas g\u00eameas \u00fanicas no Brasil abriga cavernas pr\u00e9-hist\u00f3ricas, a 72 km de Belo Horizonte - Correio Braziliense - Radar<\/title>\n<meta name=\"description\" content=\"A apenas 72 km de Belo Horizonte, uma cidade chama aten\u00e7\u00e3o por suas cavernas pr\u00e9-hist\u00f3ricas e por abrigar uma gruta rara no Brasil.\" \/>\n<meta name=\"robots\" content=\"index, follow, max-snippet:-1, max-image-preview:large, max-video-preview:-1\" \/>\n<link rel=\"canonical\" href=\"https:\/\/www.correiobraziliense.com.br\/cbradar\/a-gruta-com-colunas-gemeas-unicas-no-brasil-abriga-cavernas-pre-historicas-a-72-km-de-belo-horizonte\/\" \/>\n<meta property=\"og:locale\" content=\"pt_BR\" \/>\n<meta property=\"og:type\" content=\"article\" \/>\n<meta property=\"og:title\" content=\"A gruta com colunas g\u00eameas \u00fanicas no Brasil abriga cavernas pr\u00e9-hist\u00f3ricas, a 72 km de Belo Horizonte - Correio Braziliense - Radar\" \/>\n<meta property=\"og:description\" content=\"A apenas 72 km de Belo Horizonte, uma cidade chama aten\u00e7\u00e3o por suas cavernas pr\u00e9-hist\u00f3ricas e por abrigar uma gruta rara no Brasil.\" \/>\n<meta property=\"og:url\" content=\"https:\/\/www.correiobraziliense.com.br\/cbradar\/a-gruta-com-colunas-gemeas-unicas-no-brasil-abriga-cavernas-pre-historicas-a-72-km-de-belo-horizonte\/\" \/>\n<meta property=\"og:site_name\" content=\"Correio Braziliense - Radar\" \/>\n<meta property=\"article:published_time\" content=\"2026-05-03T11:25:00+00:00\" \/>\n<meta property=\"og:image\" content=\"https:\/\/www.correiobraziliense.com.br\/cbradar\/wp-content\/uploads\/2026\/02\/aaa-2026-02-06T063025.815.png\" \/>\n\t<meta property=\"og:image:width\" content=\"1280\" \/>\n\t<meta property=\"og:image:height\" content=\"720\" \/>\n\t<meta property=\"og:image:type\" content=\"image\/png\" \/>\n<meta name=\"author\" content=\"Maura Pereira\" \/>\n<meta name=\"twitter:card\" content=\"summary_large_image\" \/>\n<meta name=\"twitter:label1\" content=\"Escrito por\" \/>\n\t<meta name=\"twitter:data1\" content=\"Maura Pereira\" \/>\n\t<meta name=\"twitter:label2\" content=\"Est. tempo de leitura\" \/>\n\t<meta name=\"twitter:data2\" content=\"8 minutos\" \/>\n<!-- \/ Yoast SEO plugin. -->","yoast_head_json":{"title":"A gruta com colunas g\u00eameas \u00fanicas no Brasil abriga cavernas pr\u00e9-hist\u00f3ricas, a 72 km de Belo Horizonte - Correio Braziliense - Radar","description":"A apenas 72 km de Belo Horizonte, uma cidade chama aten\u00e7\u00e3o por suas cavernas pr\u00e9-hist\u00f3ricas e por abrigar uma gruta rara no Brasil.","robots":{"index":"index","follow":"follow","max-snippet":"max-snippet:-1","max-image-preview":"max-image-preview:large","max-video-preview":"max-video-preview:-1"},"canonical":"https:\/\/www.correiobraziliense.com.br\/cbradar\/a-gruta-com-colunas-gemeas-unicas-no-brasil-abriga-cavernas-pre-historicas-a-72-km-de-belo-horizonte\/","og_locale":"pt_BR","og_type":"article","og_title":"A gruta com colunas g\u00eameas \u00fanicas no Brasil abriga cavernas pr\u00e9-hist\u00f3ricas, a 72 km de Belo Horizonte - Correio Braziliense - Radar","og_description":"A apenas 72 km de Belo Horizonte, uma cidade chama aten\u00e7\u00e3o por suas cavernas pr\u00e9-hist\u00f3ricas e por abrigar uma gruta rara no Brasil.","og_url":"https:\/\/www.correiobraziliense.com.br\/cbradar\/a-gruta-com-colunas-gemeas-unicas-no-brasil-abriga-cavernas-pre-historicas-a-72-km-de-belo-horizonte\/","og_site_name":"Correio Braziliense - Radar","article_published_time":"2026-05-03T11:25:00+00:00","og_image":[{"width":1280,"height":720,"url":"https:\/\/www.correiobraziliense.com.br\/cbradar\/wp-content\/uploads\/2026\/02\/aaa-2026-02-06T063025.815.png","type":"image\/png"}],"author":"Maura Pereira","twitter_card":"summary_large_image","twitter_misc":{"Escrito por":"Maura Pereira","Est. tempo de leitura":"8 minutos"},"schema":{"@context":"https:\/\/schema.org","@graph":[{"@type":"WebPage","@id":"https:\/\/www.correiobraziliense.com.br\/cbradar\/a-gruta-com-colunas-gemeas-unicas-no-brasil-abriga-cavernas-pre-historicas-a-72-km-de-belo-horizonte\/","url":"https:\/\/www.correiobraziliense.com.br\/cbradar\/a-gruta-com-colunas-gemeas-unicas-no-brasil-abriga-cavernas-pre-historicas-a-72-km-de-belo-horizonte\/","name":"A gruta com colunas g\u00eameas \u00fanicas no Brasil abriga cavernas pr\u00e9-hist\u00f3ricas, a 72 km de Belo Horizonte - Correio Braziliense - Radar","isPartOf":{"@id":"https:\/\/www.correiobraziliense.com.br\/cbradar\/#website"},"primaryImageOfPage":{"@id":"https:\/\/www.correiobraziliense.com.br\/cbradar\/a-gruta-com-colunas-gemeas-unicas-no-brasil-abriga-cavernas-pre-historicas-a-72-km-de-belo-horizonte\/#primaryimage"},"image":{"@id":"https:\/\/www.correiobraziliense.com.br\/cbradar\/a-gruta-com-colunas-gemeas-unicas-no-brasil-abriga-cavernas-pre-historicas-a-72-km-de-belo-horizonte\/#primaryimage"},"thumbnailUrl":"https:\/\/www.correiobraziliense.com.br\/cbradar\/wp-content\/uploads\/2026\/02\/aaa-2026-02-06T063025.815.png","datePublished":"2026-05-03T11:25:00+00:00","author":{"@id":"https:\/\/www.correiobraziliense.com.br\/cbradar\/#\/schema\/person\/4053c651a9bfc785afc6f4cbc9032fd3"},"description":"A apenas 72 km de Belo Horizonte, uma cidade chama aten\u00e7\u00e3o por suas cavernas pr\u00e9-hist\u00f3ricas e por abrigar uma gruta rara no Brasil.","breadcrumb":{"@id":"https:\/\/www.correiobraziliense.com.br\/cbradar\/a-gruta-com-colunas-gemeas-unicas-no-brasil-abriga-cavernas-pre-historicas-a-72-km-de-belo-horizonte\/#breadcrumb"},"inLanguage":"pt-BR","potentialAction":[{"@type":"ReadAction","target":["https:\/\/www.correiobraziliense.com.br\/cbradar\/a-gruta-com-colunas-gemeas-unicas-no-brasil-abriga-cavernas-pre-historicas-a-72-km-de-belo-horizonte\/"]}]},{"@type":"ImageObject","inLanguage":"pt-BR","@id":"https:\/\/www.correiobraziliense.com.br\/cbradar\/a-gruta-com-colunas-gemeas-unicas-no-brasil-abriga-cavernas-pre-historicas-a-72-km-de-belo-horizonte\/#primaryimage","url":"https:\/\/www.correiobraziliense.com.br\/cbradar\/wp-content\/uploads\/2026\/02\/aaa-2026-02-06T063025.815.png","contentUrl":"https:\/\/www.correiobraziliense.com.br\/cbradar\/wp-content\/uploads\/2026\/02\/aaa-2026-02-06T063025.815.png","width":1280,"height":720,"caption":"Sete Laogas, al\u00e9m das grutas, tamb\u00e9m se destaca pela Serra de Santa Helena, um mirante natural que oferece uma das vistas mais espetaculares da regi\u00e3o. \/ Imagem Ilustrativa"},{"@type":"BreadcrumbList","@id":"https:\/\/www.correiobraziliense.com.br\/cbradar\/a-gruta-com-colunas-gemeas-unicas-no-brasil-abriga-cavernas-pre-historicas-a-72-km-de-belo-horizonte\/#breadcrumb","itemListElement":[{"@type":"ListItem","position":1,"name":"In\u00edcio","item":"https:\/\/www.correiobraziliense.com.br\/cbradar\/"},{"@type":"ListItem","position":2,"name":"A gruta com colunas g\u00eameas \u00fanicas no Brasil abriga cavernas pr\u00e9-hist\u00f3ricas, a 72 km de Belo Horizonte"}]},{"@type":"WebSite","@id":"https:\/\/www.correiobraziliense.com.br\/cbradar\/#website","url":"https:\/\/www.correiobraziliense.com.br\/cbradar\/","name":"Correio Braziliense - Radar","description":"Acompanhe as \u00faltimas not\u00edcias e fique bem informado sobre tudo o que acontece no Brasil e no mundo.","potentialAction":[{"@type":"SearchAction","target":{"@type":"EntryPoint","urlTemplate":"https:\/\/www.correiobraziliense.com.br\/cbradar\/?s={search_term_string}"},"query-input":{"@type":"PropertyValueSpecification","valueRequired":true,"valueName":"search_term_string"}}],"inLanguage":"pt-BR"},{"@type":"Person","@id":"https:\/\/www.correiobraziliense.com.br\/cbradar\/#\/schema\/person\/4053c651a9bfc785afc6f4cbc9032fd3","name":"Maura Pereira","image":{"@type":"ImageObject","inLanguage":"pt-BR","@id":"https:\/\/www.correiobraziliense.com.br\/cbradar\/#\/schema\/person\/image\/","url":"https:\/\/secure.gravatar.com\/avatar\/3effd6bdadfa447f15089c7f7144eaa6?s=96&d=mm&r=g","contentUrl":"https:\/\/secure.gravatar.com\/avatar\/3effd6bdadfa447f15089c7f7144eaa6?s=96&d=mm&r=g","caption":"Maura Pereira"},"sameAs":["https:\/\/www.correiobraziliense.com.br\/"],"url":"https:\/\/www.correiobraziliense.com.br\/cbradar\/author\/mauramyth\/"}]}},"_links":{"self":[{"href":"https:\/\/www.correiobraziliense.com.br\/cbradar\/wp-json\/wp\/v2\/posts\/236242","targetHints":{"allow":["GET"]}}],"collection":[{"href":"https:\/\/www.correiobraziliense.com.br\/cbradar\/wp-json\/wp\/v2\/posts"}],"about":[{"href":"https:\/\/www.correiobraziliense.com.br\/cbradar\/wp-json\/wp\/v2\/types\/post"}],"author":[{"embeddable":true,"href":"https:\/\/www.correiobraziliense.com.br\/cbradar\/wp-json\/wp\/v2\/users\/8"}],"replies":[{"embeddable":true,"href":"https:\/\/www.correiobraziliense.com.br\/cbradar\/wp-json\/wp\/v2\/comments?post=236242"}],"version-history":[{"count":5,"href":"https:\/\/www.correiobraziliense.com.br\/cbradar\/wp-json\/wp\/v2\/posts\/236242\/revisions"}],"predecessor-version":[{"id":236270,"href":"https:\/\/www.correiobraziliense.com.br\/cbradar\/wp-json\/wp\/v2\/posts\/236242\/revisions\/236270"}],"wp:featuredmedia":[{"embeddable":true,"href":"https:\/\/www.correiobraziliense.com.br\/cbradar\/wp-json\/wp\/v2\/media\/188476"}],"wp:attachment":[{"href":"https:\/\/www.correiobraziliense.com.br\/cbradar\/wp-json\/wp\/v2\/media?parent=236242"}],"wp:term":[{"taxonomy":"category","embeddable":true,"href":"https:\/\/www.correiobraziliense.com.br\/cbradar\/wp-json\/wp\/v2\/categories?post=236242"},{"taxonomy":"post_tag","embeddable":true,"href":"https:\/\/www.correiobraziliense.com.br\/cbradar\/wp-json\/wp\/v2\/tags?post=236242"}],"curies":[{"name":"wp","href":"https:\/\/api.w.org\/{rel}","templated":true}]}}