{"id":236247,"date":"2026-05-03T06:00:00","date_gmt":"2026-05-03T09:00:00","guid":{"rendered":"https:\/\/www.correiobraziliense.com.br\/cbradar\/?p=236247"},"modified":"2026-05-03T05:25:41","modified_gmt":"2026-05-03T08:25:41","slug":"a-geracao-que-cresceu-nos-anos-80-sem-celular-nao-desenvolveu-apenas-paciencia-construiu-uma-capacidade-de-tedio-produtivo-que-a-ciencia-hoje-associa-a-criatividade","status":"publish","type":"post","link":"https:\/\/www.correiobraziliense.com.br\/cbradar\/a-geracao-que-cresceu-nos-anos-80-sem-celular-nao-desenvolveu-apenas-paciencia-construiu-uma-capacidade-de-tedio-produtivo-que-a-ciencia-hoje-associa-a-criatividade\/","title":{"rendered":"A gera\u00e7\u00e3o que cresceu nos anos 80 sem celular n\u00e3o desenvolveu apenas paci\u00eancia, construiu uma capacidade de t\u00e9dio produtivo que a ci\u00eancia hoje associa \u00e0 criatividade"},"content":{"rendered":"\n<p>A <strong>gera\u00e7\u00e3o anos 80<\/strong> cresceu com campainha na rua, fila de telefone fixo, tardes longas e poucos est\u00edmulos imediatos. Nesse cen\u00e1rio, o t\u00e9dio n\u00e3o era um erro do dia, era parte da rotina. O que hoje parece falta de entretenimento ajudou a treinar aten\u00e7\u00e3o, imagina\u00e7\u00e3o e uma rela\u00e7\u00e3o mais ativa com o pr\u00f3prio tempo, tema que ganha espa\u00e7o nas conversas sobre <strong>comportamento humano<\/strong>.<\/p>\n\n\n\n<h2 class=\"wp-block-heading\">Por que ficar sem celular moldava o ritmo mental?<\/h2>\n\n\n\n<p>Sem notifica\u00e7\u00e3o, feed ou v\u00eddeo curto a cada minuto, a espera fazia parte da inf\u00e2ncia e da adolesc\u00eancia. A gera\u00e7\u00e3o anos 80 passava mais tempo observando o ambiente, inventando brincadeiras, repetindo gestos manuais e preenchendo intervalos com conversa, desenho, leitura ou devaneio. Esse tipo de experi\u00eancia favorecia uma mente menos condicionada \u00e0 recompensa instant\u00e2nea.<\/p>\n\n\n\n<p>Do ponto de vista do comportamento humano, isso importa porque o c\u00e9rebro reage ao ambiente dispon\u00edvel. Quando o est\u00edmulo externo \u00e9 escasso, ele procura associa\u00e7\u00e3o, mem\u00f3ria, fantasia e solu\u00e7\u00e3o improvisada. \u00c9 a\u00ed que o <strong>t\u00e9dio produtivo<\/strong> deixa de ser simples vazio e vira espa\u00e7o mental para testar ideias, reorganizar lembran\u00e7as e criar conex\u00f5es improv\u00e1veis.<\/p>\n\n\n\n<h2 class=\"wp-block-heading\">O que era t\u00e9dio produtivo na pr\u00e1tica?<\/h2>\n\n\n\n<p>Nem todo t\u00e9dio \u00e9 f\u00e9rtil, mas existe um tipo muito espec\u00edfico que empurra a pessoa para a a\u00e7\u00e3o inventiva. Em vez de anestesiar a aten\u00e7\u00e3o, ele abre uma lacuna. A gera\u00e7\u00e3o anos 80 conheceu bem essa sensa\u00e7\u00e3o em viagens longas, tardes sem programa\u00e7\u00e3o e fins de semana com poucos recursos eletr\u00f4nicos.<\/p>\n\n\n\n<p>Esse t\u00e9dio produtivo aparecia em cenas bem concretas:<\/p>\n\n\n\n<ul class=\"wp-block-list\">\n<li>criar jogos com papel, bola ou objetos da casa<\/li>\n\n\n\n<li>montar hist\u00f3rias, desenhar mapas e inventar personagens<\/li>\n\n\n\n<li>ouvir a mesma m\u00fasica v\u00e1rias vezes e imaginar cenas<\/li>\n\n\n\n<li>mexer em brinquedos, fitas, revistas e materiais escolares<\/li>\n\n\n\n<li>transformar espera e repeti\u00e7\u00e3o em brincadeira<\/li>\n<\/ul>\n\n\n<div class=\"wp-block-image\">\n<figure class=\"aligncenter\"><img decoding=\"async\" width=\"1280\" height=\"720\" src=\"https:\/\/www.correiobraziliense.com.br\/cbradar\/wp-content\/uploads\/2026\/05\/a-geracao-que-cresceu-nos-anos-80-sem-celular-nao-desen-corpo-1.jpg\" alt=\"Pausas sem tela ainda ajudam criatividade, foco e autonomia mental hoje.\" class=\"wp-image-236303\" srcset=\"https:\/\/www.correiobraziliense.com.br\/cbradar\/wp-content\/uploads\/2026\/05\/a-geracao-que-cresceu-nos-anos-80-sem-celular-nao-desen-corpo-1.jpg 1280w, https:\/\/www.correiobraziliense.com.br\/cbradar\/wp-content\/uploads\/2026\/05\/a-geracao-que-cresceu-nos-anos-80-sem-celular-nao-desen-corpo-1-300x169.jpg 300w, https:\/\/www.correiobraziliense.com.br\/cbradar\/wp-content\/uploads\/2026\/05\/a-geracao-que-cresceu-nos-anos-80-sem-celular-nao-desen-corpo-1-768x432.jpg 768w, https:\/\/www.correiobraziliense.com.br\/cbradar\/wp-content\/uploads\/2026\/05\/a-geracao-que-cresceu-nos-anos-80-sem-celular-nao-desen-corpo-1-750x422.jpg 750w, https:\/\/www.correiobraziliense.com.br\/cbradar\/wp-content\/uploads\/2026\/05\/a-geracao-que-cresceu-nos-anos-80-sem-celular-nao-desen-corpo-1-1140x641.jpg 1140w\" sizes=\"(max-width: 1280px) 100vw, 1280px\" \/><figcaption class=\"wp-element-caption\">Pausas sem tela ainda ajudam criatividade, foco e autonomia mental hoje.<\/figcaption><\/figure><\/div>\n\n\n<h2 class=\"wp-block-heading\">Essa experi\u00eancia ajuda a explicar mais criatividade?<\/h2>\n\n\n\n<p>A criatividade n\u00e3o nasce apenas de talento. Ela depende de repert\u00f3rio, aten\u00e7\u00e3o difusa, mem\u00f3ria e liberdade para experimentar sem meta imediata. Quando a rotina tem pausas reais, a mente vagueia com mais naturalidade. Esse movimento, muitas vezes visto como distra\u00e7\u00e3o, pode servir de incuba\u00e7\u00e3o para ideias novas.<\/p>\n\n\n\n<p>Na vida cotidiana, isso aparece quando algu\u00e9m encontra solu\u00e7\u00e3o no banho, no \u00f4nibus ou durante uma caminhada sem tela na m\u00e3o. A gera\u00e7\u00e3o anos 80 viveu esse mecanismo com frequ\u00eancia maior porque o cotidiano tinha mais intervalos vazios. Em termos de comportamento humano, menos est\u00edmulo cont\u00ednuo pode ampliar a toler\u00e2ncia \u00e0 frustra\u00e7\u00e3o e reduzir a necessidade de preencher todo sil\u00eancio com consumo.<\/p>\n\n\n\n<h2 class=\"wp-block-heading\">O que a ci\u00eancia diz sobre t\u00e9dio e cria\u00e7\u00e3o de ideias?<\/h2>\n\n\n\n<p>Esse v\u00ednculo deixou de ser apenas impress\u00e3o nost\u00e1lgica. Segundo o estudo <strong>Creativity, Boredom Proneness and Well-Being in the Pandemic<\/strong>, publicado no peri\u00f3dico cient\u00edfico <strong>Behavioral Sciences<\/strong>, pessoas que se envolveram mais em atividades criativas cotidianas relataram melhor bem-estar, enquanto n\u00edveis maiores de predisposi\u00e7\u00e3o ao t\u00e9dio apareceram ao lado de mais afeto negativo. O trabalho ajuda a separar duas coisas que costumam ser confundidas: o t\u00e9dio como tra\u00e7o desorganizador e o uso criativo do tempo ocioso como resposta adaptativa. O artigo pode ser consultado em <a href=\"https:\/\/pubmed.ncbi.nlm.nih.gov\/35323387\/\" target=\"_blank\" rel=\"noopener noreferrer\">registro do estudo no PubMed, com refer\u00eancia ao peri\u00f3dico Behavioral Sciences<\/a>.<\/p>\n\n\n\n<p>Isso n\u00e3o significa que qualquer vazio gera inven\u00e7\u00e3o autom\u00e1tica. O ponto central \u00e9 outro: quando a pessoa tolera a pausa e n\u00e3o corre para um est\u00edmulo imediato, aumenta a chance de engajar imagina\u00e7\u00e3o, curiosidade e experimenta\u00e7\u00e3o. A gera\u00e7\u00e3o anos 80, acostumada a intervalos mais longos e menos distra\u00e7\u00e3o port\u00e1til, treinou esse uso ativo da mente com muito mais frequ\u00eancia do que parece \u00e0 primeira vista.<\/p>\n\n\n\n<h2 class=\"wp-block-heading\">Quais h\u00e1bitos daquela \u00e9poca ainda fazem sentido hoje?<\/h2>\n\n\n\n<p>N\u00e3o se trata de romantizar a falta de tecnologia, e sim de observar pr\u00e1ticas que favoreciam aten\u00e7\u00e3o e autonomia mental. Muitas delas continuam \u00fateis para quem sente a cabe\u00e7a saturada por excesso de est\u00edmulo, rolagem infinita e fragmenta\u00e7\u00e3o do foco.<\/p>\n\n\n\n<p>Alguns h\u00e1bitos simples ajudam a recriar esse ambiente:<\/p>\n\n\n\n<ul class=\"wp-block-list\">\n<li>deixar pequenos per\u00edodos do dia sem tela e sem \u00e1udio<\/li>\n\n\n\n<li>manter atividades manuais, como desenho, escrita ou montagem<\/li>\n\n\n\n<li>caminhar sem celular na m\u00e3o por alguns minutos<\/li>\n\n\n\n<li>evitar preencher toda espera com redes sociais<\/li>\n\n\n\n<li>registrar ideias soltas antes de buscar distra\u00e7\u00e3o<\/li>\n<\/ul>\n\n\n\n<h2 class=\"wp-block-heading\">O que essa gera\u00e7\u00e3o ensina sobre comportamento humano hoje?<\/h2>\n\n\n\n<p>A gera\u00e7\u00e3o anos 80 revela algo valioso sobre comportamento humano: a mente n\u00e3o funciona bem apenas sob est\u00edmulo constante. Ela tamb\u00e9m precisa de pausa, repeti\u00e7\u00e3o, sil\u00eancio e tempo livre para divagar. O t\u00e9dio produtivo n\u00e3o era sinal de vida pobre, era um terreno de ensaio para imagina\u00e7\u00e3o, improviso e elabora\u00e7\u00e3o emocional.<\/p>\n\n\n\n<p>Quando a curiosidade observa esse passado sem caricatura, fica mais f\u00e1cil perceber por que a criatividade depende tanto do modo como usamos o tempo vazio. Em uma rotina dominada por alertas, velocidade e resposta imediata, recuperar espa\u00e7os de espera pode ser menos um gesto de nostalgia e mais uma forma concreta de proteger processos mentais que sempre fizeram parte da experi\u00eancia humana.<\/p>\n","protected":false},"excerpt":{"rendered":"<p>A gera\u00e7\u00e3o anos 80 cresceu com campainha na rua, fila de telefone fixo, tardes longas e poucos est\u00edmulos imediatos. Nesse cen\u00e1rio, o t\u00e9dio n\u00e3o era um erro do dia, era parte da rotina. O que hoje parece falta de entretenimento ajudou a treinar aten\u00e7\u00e3o, imagina\u00e7\u00e3o e uma rela\u00e7\u00e3o mais ativa com o pr\u00f3prio tempo, tema [&hellip;]<\/p>\n","protected":false},"author":12,"featured_media":236245,"comment_status":"open","ping_status":"open","sticky":false,"template":"","format":"standard","meta":{"_yoast_wpseo_focuskw":"gera\u00e7\u00e3o anos 80","_yoast_wpseo_title":"","_yoast_wpseo_metadesc":"A gera\u00e7\u00e3o anos 80 lidava com o vazio de um jeito que hoje parece raro, e esse detalhe muda a forma de olhar t\u00e9dio produtivo e criatividade.","jnews-multi-image_gallery":[],"jnews_single_post":{"format":"standard"},"jnews_primary_category":[],"jnews_social_meta":[],"jnews_override_counter":[],"footnotes":""},"categories":[112],"tags":[6173,2614,144,18615,18616],"class_list":["post-236247","post","type-post","status-publish","format-standard","has-post-thumbnail","hentry","category-curiosidades","tag-comportamento-humano","tag-criatividade","tag-curiosidades","tag-geracao-anos-80","tag-tedio-produtivo"],"yoast_head":"<!-- This site is optimized with the Yoast SEO plugin v24.6 - https:\/\/yoast.com\/wordpress\/plugins\/seo\/ -->\n<title>A gera\u00e7\u00e3o que cresceu nos anos 80 sem celular n\u00e3o desenvolveu apenas paci\u00eancia, construiu uma capacidade de t\u00e9dio produtivo que a ci\u00eancia hoje associa \u00e0 criatividade - Correio Braziliense - Radar<\/title>\n<meta name=\"description\" content=\"A gera\u00e7\u00e3o anos 80 lidava com o vazio de um jeito que hoje parece raro, e esse detalhe muda a forma de olhar t\u00e9dio produtivo e criatividade.\" \/>\n<meta name=\"robots\" content=\"index, follow, max-snippet:-1, max-image-preview:large, max-video-preview:-1\" \/>\n<link rel=\"canonical\" href=\"https:\/\/www.correiobraziliense.com.br\/cbradar\/a-geracao-que-cresceu-nos-anos-80-sem-celular-nao-desenvolveu-apenas-paciencia-construiu-uma-capacidade-de-tedio-produtivo-que-a-ciencia-hoje-associa-a-criatividade\/\" \/>\n<meta property=\"og:locale\" content=\"pt_BR\" \/>\n<meta property=\"og:type\" content=\"article\" \/>\n<meta property=\"og:title\" content=\"A gera\u00e7\u00e3o que cresceu nos anos 80 sem celular n\u00e3o desenvolveu apenas paci\u00eancia, construiu uma capacidade de t\u00e9dio produtivo que a ci\u00eancia hoje associa \u00e0 criatividade - Correio Braziliense - Radar\" \/>\n<meta property=\"og:description\" content=\"A gera\u00e7\u00e3o anos 80 lidava com o vazio de um jeito que hoje parece raro, e esse detalhe muda a forma de olhar t\u00e9dio produtivo e criatividade.\" \/>\n<meta property=\"og:url\" content=\"https:\/\/www.correiobraziliense.com.br\/cbradar\/a-geracao-que-cresceu-nos-anos-80-sem-celular-nao-desenvolveu-apenas-paciencia-construiu-uma-capacidade-de-tedio-produtivo-que-a-ciencia-hoje-associa-a-criatividade\/\" \/>\n<meta property=\"og:site_name\" content=\"Correio Braziliense - Radar\" \/>\n<meta property=\"article:published_time\" content=\"2026-05-03T09:00:00+00:00\" \/>\n<meta property=\"og:image\" content=\"https:\/\/www.correiobraziliense.com.br\/cbradar\/wp-content\/uploads\/2026\/05\/a-geracao-que-cresceu-nos-anos-80-sem-celular-nao-desenvolve.jpg\" \/>\n\t<meta property=\"og:image:width\" content=\"1280\" \/>\n\t<meta property=\"og:image:height\" content=\"720\" \/>\n\t<meta property=\"og:image:type\" content=\"image\/jpeg\" \/>\n<meta name=\"author\" content=\"Gabriel Leme\" \/>\n<meta name=\"twitter:card\" content=\"summary_large_image\" \/>\n<meta name=\"twitter:label1\" content=\"Escrito por\" \/>\n\t<meta name=\"twitter:data1\" content=\"Gabriel Leme\" \/>\n\t<meta name=\"twitter:label2\" content=\"Est. tempo de leitura\" \/>\n\t<meta name=\"twitter:data2\" content=\"4 minutos\" \/>\n<!-- \/ Yoast SEO plugin. -->","yoast_head_json":{"title":"A gera\u00e7\u00e3o que cresceu nos anos 80 sem celular n\u00e3o desenvolveu apenas paci\u00eancia, construiu uma capacidade de t\u00e9dio produtivo que a ci\u00eancia hoje associa \u00e0 criatividade - Correio Braziliense - Radar","description":"A gera\u00e7\u00e3o anos 80 lidava com o vazio de um jeito que hoje parece raro, e esse detalhe muda a forma de olhar t\u00e9dio produtivo e criatividade.","robots":{"index":"index","follow":"follow","max-snippet":"max-snippet:-1","max-image-preview":"max-image-preview:large","max-video-preview":"max-video-preview:-1"},"canonical":"https:\/\/www.correiobraziliense.com.br\/cbradar\/a-geracao-que-cresceu-nos-anos-80-sem-celular-nao-desenvolveu-apenas-paciencia-construiu-uma-capacidade-de-tedio-produtivo-que-a-ciencia-hoje-associa-a-criatividade\/","og_locale":"pt_BR","og_type":"article","og_title":"A gera\u00e7\u00e3o que cresceu nos anos 80 sem celular n\u00e3o desenvolveu apenas paci\u00eancia, construiu uma capacidade de t\u00e9dio produtivo que a ci\u00eancia hoje associa \u00e0 criatividade - Correio Braziliense - Radar","og_description":"A gera\u00e7\u00e3o anos 80 lidava com o vazio de um jeito que hoje parece raro, e esse detalhe muda a forma de olhar t\u00e9dio produtivo e criatividade.","og_url":"https:\/\/www.correiobraziliense.com.br\/cbradar\/a-geracao-que-cresceu-nos-anos-80-sem-celular-nao-desenvolveu-apenas-paciencia-construiu-uma-capacidade-de-tedio-produtivo-que-a-ciencia-hoje-associa-a-criatividade\/","og_site_name":"Correio Braziliense - Radar","article_published_time":"2026-05-03T09:00:00+00:00","og_image":[{"width":1280,"height":720,"url":"https:\/\/www.correiobraziliense.com.br\/cbradar\/wp-content\/uploads\/2026\/05\/a-geracao-que-cresceu-nos-anos-80-sem-celular-nao-desenvolve.jpg","type":"image\/jpeg"}],"author":"Gabriel Leme","twitter_card":"summary_large_image","twitter_misc":{"Escrito por":"Gabriel Leme","Est. tempo de leitura":"4 minutos"},"schema":{"@context":"https:\/\/schema.org","@graph":[{"@type":"WebPage","@id":"https:\/\/www.correiobraziliense.com.br\/cbradar\/a-geracao-que-cresceu-nos-anos-80-sem-celular-nao-desenvolveu-apenas-paciencia-construiu-uma-capacidade-de-tedio-produtivo-que-a-ciencia-hoje-associa-a-criatividade\/","url":"https:\/\/www.correiobraziliense.com.br\/cbradar\/a-geracao-que-cresceu-nos-anos-80-sem-celular-nao-desenvolveu-apenas-paciencia-construiu-uma-capacidade-de-tedio-produtivo-que-a-ciencia-hoje-associa-a-criatividade\/","name":"A gera\u00e7\u00e3o que cresceu nos anos 80 sem celular n\u00e3o desenvolveu apenas paci\u00eancia, construiu uma capacidade de t\u00e9dio produtivo que a ci\u00eancia hoje associa \u00e0 criatividade - Correio Braziliense - Radar","isPartOf":{"@id":"https:\/\/www.correiobraziliense.com.br\/cbradar\/#website"},"primaryImageOfPage":{"@id":"https:\/\/www.correiobraziliense.com.br\/cbradar\/a-geracao-que-cresceu-nos-anos-80-sem-celular-nao-desenvolveu-apenas-paciencia-construiu-uma-capacidade-de-tedio-produtivo-que-a-ciencia-hoje-associa-a-criatividade\/#primaryimage"},"image":{"@id":"https:\/\/www.correiobraziliense.com.br\/cbradar\/a-geracao-que-cresceu-nos-anos-80-sem-celular-nao-desenvolveu-apenas-paciencia-construiu-uma-capacidade-de-tedio-produtivo-que-a-ciencia-hoje-associa-a-criatividade\/#primaryimage"},"thumbnailUrl":"https:\/\/www.correiobraziliense.com.br\/cbradar\/wp-content\/uploads\/2026\/05\/a-geracao-que-cresceu-nos-anos-80-sem-celular-nao-desenvolve.jpg","datePublished":"2026-05-03T09:00:00+00:00","author":{"@id":"https:\/\/www.correiobraziliense.com.br\/cbradar\/#\/schema\/person\/67a081d63a0fe55fb267145a7be2f7c1"},"description":"A gera\u00e7\u00e3o anos 80 lidava com o vazio de um jeito que hoje parece raro, e esse detalhe muda a forma de olhar t\u00e9dio produtivo e criatividade.","breadcrumb":{"@id":"https:\/\/www.correiobraziliense.com.br\/cbradar\/a-geracao-que-cresceu-nos-anos-80-sem-celular-nao-desenvolveu-apenas-paciencia-construiu-uma-capacidade-de-tedio-produtivo-que-a-ciencia-hoje-associa-a-criatividade\/#breadcrumb"},"inLanguage":"pt-BR","potentialAction":[{"@type":"ReadAction","target":["https:\/\/www.correiobraziliense.com.br\/cbradar\/a-geracao-que-cresceu-nos-anos-80-sem-celular-nao-desenvolveu-apenas-paciencia-construiu-uma-capacidade-de-tedio-produtivo-que-a-ciencia-hoje-associa-a-criatividade\/"]}]},{"@type":"ImageObject","inLanguage":"pt-BR","@id":"https:\/\/www.correiobraziliense.com.br\/cbradar\/a-geracao-que-cresceu-nos-anos-80-sem-celular-nao-desenvolveu-apenas-paciencia-construiu-uma-capacidade-de-tedio-produtivo-que-a-ciencia-hoje-associa-a-criatividade\/#primaryimage","url":"https:\/\/www.correiobraziliense.com.br\/cbradar\/wp-content\/uploads\/2026\/05\/a-geracao-que-cresceu-nos-anos-80-sem-celular-nao-desenvolve.jpg","contentUrl":"https:\/\/www.correiobraziliense.com.br\/cbradar\/wp-content\/uploads\/2026\/05\/a-geracao-que-cresceu-nos-anos-80-sem-celular-nao-desenvolve.jpg","width":1280,"height":720,"caption":"T\u00e9dio produtivo na gera\u00e7\u00e3o anos 80 estimulava imagina\u00e7\u00e3o e aten\u00e7\u00e3o ativa."},{"@type":"BreadcrumbList","@id":"https:\/\/www.correiobraziliense.com.br\/cbradar\/a-geracao-que-cresceu-nos-anos-80-sem-celular-nao-desenvolveu-apenas-paciencia-construiu-uma-capacidade-de-tedio-produtivo-que-a-ciencia-hoje-associa-a-criatividade\/#breadcrumb","itemListElement":[{"@type":"ListItem","position":1,"name":"In\u00edcio","item":"https:\/\/www.correiobraziliense.com.br\/cbradar\/"},{"@type":"ListItem","position":2,"name":"A gera\u00e7\u00e3o que cresceu nos anos 80 sem celular n\u00e3o desenvolveu apenas paci\u00eancia, construiu uma capacidade de t\u00e9dio produtivo que a ci\u00eancia hoje associa \u00e0 criatividade"}]},{"@type":"WebSite","@id":"https:\/\/www.correiobraziliense.com.br\/cbradar\/#website","url":"https:\/\/www.correiobraziliense.com.br\/cbradar\/","name":"Correio Braziliense - Radar","description":"Acompanhe as \u00faltimas not\u00edcias e fique bem informado sobre tudo o que acontece no Brasil e no mundo.","potentialAction":[{"@type":"SearchAction","target":{"@type":"EntryPoint","urlTemplate":"https:\/\/www.correiobraziliense.com.br\/cbradar\/?s={search_term_string}"},"query-input":{"@type":"PropertyValueSpecification","valueRequired":true,"valueName":"search_term_string"}}],"inLanguage":"pt-BR"},{"@type":"Person","@id":"https:\/\/www.correiobraziliense.com.br\/cbradar\/#\/schema\/person\/67a081d63a0fe55fb267145a7be2f7c1","name":"Gabriel Leme","image":{"@type":"ImageObject","inLanguage":"pt-BR","@id":"https:\/\/www.correiobraziliense.com.br\/cbradar\/#\/schema\/person\/image\/","url":"https:\/\/secure.gravatar.com\/avatar\/85bf2e3517d27149969b72412b460c20?s=96&d=mm&r=g","contentUrl":"https:\/\/secure.gravatar.com\/avatar\/85bf2e3517d27149969b72412b460c20?s=96&d=mm&r=g","caption":"Gabriel Leme"},"sameAs":["https:\/\/www.correiobraziliense.com.br\/"],"url":"https:\/\/www.correiobraziliense.com.br\/cbradar\/author\/gabrielmyth\/"}]}},"_links":{"self":[{"href":"https:\/\/www.correiobraziliense.com.br\/cbradar\/wp-json\/wp\/v2\/posts\/236247","targetHints":{"allow":["GET"]}}],"collection":[{"href":"https:\/\/www.correiobraziliense.com.br\/cbradar\/wp-json\/wp\/v2\/posts"}],"about":[{"href":"https:\/\/www.correiobraziliense.com.br\/cbradar\/wp-json\/wp\/v2\/types\/post"}],"author":[{"embeddable":true,"href":"https:\/\/www.correiobraziliense.com.br\/cbradar\/wp-json\/wp\/v2\/users\/12"}],"replies":[{"embeddable":true,"href":"https:\/\/www.correiobraziliense.com.br\/cbradar\/wp-json\/wp\/v2\/comments?post=236247"}],"version-history":[{"count":1,"href":"https:\/\/www.correiobraziliense.com.br\/cbradar\/wp-json\/wp\/v2\/posts\/236247\/revisions"}],"predecessor-version":[{"id":236304,"href":"https:\/\/www.correiobraziliense.com.br\/cbradar\/wp-json\/wp\/v2\/posts\/236247\/revisions\/236304"}],"wp:featuredmedia":[{"embeddable":true,"href":"https:\/\/www.correiobraziliense.com.br\/cbradar\/wp-json\/wp\/v2\/media\/236245"}],"wp:attachment":[{"href":"https:\/\/www.correiobraziliense.com.br\/cbradar\/wp-json\/wp\/v2\/media?parent=236247"}],"wp:term":[{"taxonomy":"category","embeddable":true,"href":"https:\/\/www.correiobraziliense.com.br\/cbradar\/wp-json\/wp\/v2\/categories?post=236247"},{"taxonomy":"post_tag","embeddable":true,"href":"https:\/\/www.correiobraziliense.com.br\/cbradar\/wp-json\/wp\/v2\/tags?post=236247"}],"curies":[{"name":"wp","href":"https:\/\/api.w.org\/{rel}","templated":true}]}}