{"id":236254,"date":"2026-05-03T06:05:00","date_gmt":"2026-05-03T09:05:00","guid":{"rendered":"https:\/\/www.correiobraziliense.com.br\/cbradar\/?p=236254"},"modified":"2026-05-03T05:30:47","modified_gmt":"2026-05-03T08:30:47","slug":"segundo-a-psicologia-a-parte-mais-dificil-de-envelhecer-nao-e-o-corpo-mudar-e-perceber-que-voce-virou-a-referencia-que-antes-procurava-nos-outros","status":"publish","type":"post","link":"https:\/\/www.correiobraziliense.com.br\/cbradar\/segundo-a-psicologia-a-parte-mais-dificil-de-envelhecer-nao-e-o-corpo-mudar-e-perceber-que-voce-virou-a-referencia-que-antes-procurava-nos-outros\/","title":{"rendered":"Segundo a psicologia, a parte mais dif\u00edcil de envelhecer n\u00e3o \u00e9 o corpo mudar, \u00e9 perceber que voc\u00ea virou a refer\u00eancia que antes procurava nos outros"},"content":{"rendered":"\n<p>A <strong>psicologia<\/strong> observa o envelhecimento por um \u00e2ngulo que nem sempre aparece nas conversas sobre rugas, disposi\u00e7\u00e3o ou rotina. Em muitos casos, o impacto mais fundo n\u00e3o est\u00e1 no espelho, mas na passagem simb\u00f3lica de lugar: a pessoa deixa de buscar dire\u00e7\u00e3o o tempo todo e percebe que agora oferece repert\u00f3rio, escuta e presen\u00e7a. \u00c9 a\u00ed que <strong>envelhecimento<\/strong>, mem\u00f3ria e identidade se cruzam de um jeito muito \u00edntimo.<\/p>\n\n\n\n<h2 class=\"wp-block-heading\">Por que esse deslocamento pesa tanto na vida adulta?<\/h2>\n\n\n\n<p>Envelhecer mexe com a no\u00e7\u00e3o de tempo, papel social e pertencimento. Durante anos, muita gente se orienta por figuras de autoridade, como pais, professores, chefes e familiares mais velhos. Quando essa hierarquia muda, surge um estranhamento real: a refer\u00eancia externa perde for\u00e7a, e a b\u00fassola passa a depender mais de leitura emocional, repert\u00f3rio de vida e decis\u00e3o pr\u00f3pria.<\/p>\n\n\n\n<p>A psicologia costuma associar esse processo ao amadurecimento da identidade. N\u00e3o se trata de ter resposta para tudo, mas de notar que os outros j\u00e1 esperam de voc\u00ea pondera\u00e7\u00e3o, limite e acolhimento. Esse reconhecimento pode fortalecer a maturidade emocional, mas tamb\u00e9m exp\u00f5e inseguran\u00e7as antigas que antes ficavam escondidas atr\u00e1s da opini\u00e3o alheia.<\/p>\n\n\n\n<h2 class=\"wp-block-heading\">O que muda quando a refer\u00eancia passa a ser voc\u00ea?<\/h2>\n\n\n\n<p>Quando esse ponto chega, o autoconhecimento deixa de ser conceito abstrato e vira pr\u00e1tica cotidiana. A pessoa come\u00e7a a revisar padr\u00f5es, perceber o pr\u00f3prio modo de reagir a conflitos e entender quais valores realmente sustentam suas escolhas, no trabalho, na fam\u00edlia e nas amizades.<\/p>\n\n\n\n<p>Esse movimento costuma aparecer em sinais bem concretos:<\/p>\n\n\n\n<ul class=\"wp-block-list\">\n<li>menos urg\u00eancia para provar valor o tempo inteiro<\/li>\n\n\n\n<li>mais clareza para dizer n\u00e3o sem culpa autom\u00e1tica<\/li>\n\n\n\n<li>melhor leitura de v\u00ednculos desgastados ou superficiais<\/li>\n\n\n\n<li>maior toler\u00e2ncia \u00e0 ambival\u00eancia, sem buscar respostas perfeitas<\/li>\n<\/ul>\n\n\n<div class=\"wp-block-image\">\n<figure class=\"aligncenter\"><img decoding=\"async\" width=\"1280\" height=\"720\" src=\"https:\/\/www.correiobraziliense.com.br\/cbradar\/wp-content\/uploads\/2026\/05\/segundo-a-psicologia-a-parte-mais-dificil-de-envelhecer-corpo-1.jpg\" alt=\"Autoconhecimento na vida adulta fortalece maturidade emocional e decis\u00f5es mais conscientes.\" class=\"wp-image-236311\" srcset=\"https:\/\/www.correiobraziliense.com.br\/cbradar\/wp-content\/uploads\/2026\/05\/segundo-a-psicologia-a-parte-mais-dificil-de-envelhecer-corpo-1.jpg 1280w, https:\/\/www.correiobraziliense.com.br\/cbradar\/wp-content\/uploads\/2026\/05\/segundo-a-psicologia-a-parte-mais-dificil-de-envelhecer-corpo-1-300x169.jpg 300w, https:\/\/www.correiobraziliense.com.br\/cbradar\/wp-content\/uploads\/2026\/05\/segundo-a-psicologia-a-parte-mais-dificil-de-envelhecer-corpo-1-768x432.jpg 768w, https:\/\/www.correiobraziliense.com.br\/cbradar\/wp-content\/uploads\/2026\/05\/segundo-a-psicologia-a-parte-mais-dificil-de-envelhecer-corpo-1-750x422.jpg 750w, https:\/\/www.correiobraziliense.com.br\/cbradar\/wp-content\/uploads\/2026\/05\/segundo-a-psicologia-a-parte-mais-dificil-de-envelhecer-corpo-1-1140x641.jpg 1140w\" sizes=\"(max-width: 1280px) 100vw, 1280px\" \/><figcaption class=\"wp-element-caption\">Autoconhecimento na vida adulta fortalece maturidade emocional e decis\u00f5es mais conscientes.<\/figcaption><\/figure><\/div>\n\n\n<h2 class=\"wp-block-heading\">A maturidade emocional nasce da idade ou da experi\u00eancia elaborada?<\/h2>\n\n\n\n<p>A idade, sozinha, n\u00e3o entrega maturidade emocional pronta. O que pesa mais \u00e9 a forma como a pessoa interpreta perdas, frustra\u00e7\u00f5es, mudan\u00e7as de ciclo e responsabilidades acumuladas. H\u00e1 adultos jovens muito consistentes e pessoas mais velhas ainda presas a valida\u00e7\u00e3o externa, impulsividade ou fuga de conflito.<\/p>\n\n\n\n<p>Na pr\u00e1tica, a maturidade emocional aparece quando algu\u00e9m consegue sustentar conversa dif\u00edcil, rever posi\u00e7\u00e3o sem se destruir por isso e reconhecer limites sem transformar vulnerabilidade em fracasso. A psicologia v\u00ea valor justamente nessa elabora\u00e7\u00e3o interna, porque ela transforma experi\u00eancia em aprendizado, e n\u00e3o apenas em passagem de tempo.<\/p>\n\n\n\n<h2 class=\"wp-block-heading\">O que a ci\u00eancia mostra sobre a forma como enxergamos o pr\u00f3prio envelhecimento?<\/h2>\n\n\n\n<p>Esse ponto fica mais claro quando se observa a percep\u00e7\u00e3o que cada pessoa constr\u00f3i sobre a pr\u00f3pria idade. Segundo a revis\u00e3o sistem\u00e1tica <a href=\"https:\/\/pubmed.ncbi.nlm.nih.gov\/34498894\/\" target=\"_blank\" rel=\"noopener noreferrer\">Self-perceptions of aging: A systematic review of longitudinal studies<\/a>, publicada no peri\u00f3dico <strong>Psychology and Aging<\/strong>, a maneira como adultos mais velhos percebem o pr\u00f3prio envelhecimento se relaciona, ao longo do tempo, com sa\u00fade, bem-estar e funcionamento di\u00e1rio. Ou seja, n\u00e3o \u00e9 apenas o corpo que envelhece, a narrativa interna sobre esse processo tamb\u00e9m pesa nos desfechos.<\/p>\n\n\n\n<p>Esse dado ajuda a entender por que tanta gente sente desconforto ao perceber que virou refer\u00eancia. Se a pr\u00f3pria imagem de envelhecimento estiver carregada de perda, rigidez ou medo, a nova posi\u00e7\u00e3o social pode parecer um fardo. Quando h\u00e1 autoconhecimento e integra\u00e7\u00e3o da hist\u00f3ria pessoal, esse mesmo lugar tende a ser vivido com mais estabilidade psicol\u00f3gica e menos amea\u00e7a identit\u00e1ria.<\/p>\n\n\n\n<h2 class=\"wp-block-heading\">Quais sinais mostram que a transi\u00e7\u00e3o foi assimilada?<\/h2>\n\n\n\n<p>A assimila\u00e7\u00e3o n\u00e3o costuma vir em forma de epifania. Ela aparece em atitudes discretas, quase sempre ligadas \u00e0 regula\u00e7\u00e3o emocional e ao senso de responsabilidade afetiva. O envelhecimento, nesse est\u00e1gio, deixa de ser s\u00f3 marcador biol\u00f3gico e passa a organizar postura, linguagem e tomada de decis\u00e3o.<\/p>\n\n\n\n<p>Alguns sinais costumam se repetir:<\/p>\n\n\n\n<ul class=\"wp-block-list\">\n<li>voc\u00ea aconselha sem precisar controlar a vida do outro<\/li>\n\n\n\n<li>aceita n\u00e3o ser entendido de imediato em toda conversa<\/li>\n\n\n\n<li>reconhece a pr\u00f3pria hist\u00f3ria sem romantizar o passado<\/li>\n\n\n\n<li>usa experi\u00eancia para orientar, n\u00e3o para se impor<\/li>\n\n\n\n<li>tolera d\u00favidas sem perder o centro<\/li>\n<\/ul>\n\n\n\n<h2 class=\"wp-block-heading\">Como lidar com esse novo lugar sem endurecer?<\/h2>\n\n\n\n<p>Virar refer\u00eancia n\u00e3o exige assumir um personagem s\u00e1bio ou infal\u00edvel. O risco est\u00e1 justamente em confundir experi\u00eancia com rigidez. A psicologia aponta que v\u00ednculos saud\u00e1veis dependem de abertura ps\u00edquica, escuta e capacidade de atualiza\u00e7\u00e3o. Quem envelhece bem, em geral, n\u00e3o tenta congelar a pr\u00f3pria identidade, ajusta repert\u00f3rio sem abandonar convic\u00e7\u00f5es importantes.<\/p>\n\n\n\n<p>Por isso, o autoconhecimento segue central mesmo depois que a maturidade emocional j\u00e1 aparece com mais nitidez. O papel de refer\u00eancia fica mais leve quando a pessoa entende que orientar n\u00e3o \u00e9 ocupar o topo de uma hierarquia, mas oferecer presen\u00e7a confi\u00e1vel. Em termos humanos, o aspecto mais delicado do envelhecimento talvez seja exatamente esse: aceitar que sua experi\u00eancia agora comp\u00f5e o mapa afetivo dos outros, algo que a psicologia trata como uma mudan\u00e7a profunda de identidade e de posi\u00e7\u00e3o nas rela\u00e7\u00f5es.<\/p>\n","protected":false},"excerpt":{"rendered":"<p>A psicologia observa o envelhecimento por um \u00e2ngulo que nem sempre aparece nas conversas sobre rugas, disposi\u00e7\u00e3o ou rotina. Em muitos casos, o impacto mais fundo n\u00e3o est\u00e1 no espelho, mas na passagem simb\u00f3lica de lugar: a pessoa deixa de buscar dire\u00e7\u00e3o o tempo todo e percebe que agora oferece repert\u00f3rio, escuta e presen\u00e7a. \u00c9 [&hellip;]<\/p>\n","protected":false},"author":12,"featured_media":236252,"comment_status":"open","ping_status":"open","sticky":false,"template":"","format":"standard","meta":{"_yoast_wpseo_focuskw":"psicologia","_yoast_wpseo_title":"","_yoast_wpseo_metadesc":"A psicologia sugere que envelhecer mexe menos com o espelho e mais com um lugar simb\u00f3lico que muda rela\u00e7\u00f5es, escolhas e a forma de se perceber.","jnews-multi-image_gallery":[],"jnews_single_post":{"format":"standard"},"jnews_primary_category":[],"jnews_social_meta":[],"jnews_override_counter":[],"footnotes":""},"categories":[112],"tags":[7018,144,1225,14941,404],"class_list":["post-236254","post","type-post","status-publish","format-standard","has-post-thumbnail","hentry","category-curiosidades","tag-autoconhecimento","tag-curiosidades","tag-envelhecimento","tag-maturidade-emocional","tag-psicologia"],"yoast_head":"<!-- This site is optimized with the Yoast SEO plugin v24.6 - https:\/\/yoast.com\/wordpress\/plugins\/seo\/ -->\n<title>Segundo a psicologia, a parte mais dif\u00edcil de envelhecer n\u00e3o \u00e9 o corpo mudar, \u00e9 perceber que voc\u00ea virou a refer\u00eancia que antes procurava nos outros - Correio Braziliense - Radar<\/title>\n<meta name=\"description\" content=\"A psicologia sugere que envelhecer mexe menos com o espelho e mais com um lugar simb\u00f3lico que muda rela\u00e7\u00f5es, escolhas e a forma de se perceber.\" \/>\n<meta name=\"robots\" content=\"index, follow, max-snippet:-1, max-image-preview:large, max-video-preview:-1\" \/>\n<link rel=\"canonical\" href=\"https:\/\/www.correiobraziliense.com.br\/cbradar\/segundo-a-psicologia-a-parte-mais-dificil-de-envelhecer-nao-e-o-corpo-mudar-e-perceber-que-voce-virou-a-referencia-que-antes-procurava-nos-outros\/\" \/>\n<meta property=\"og:locale\" content=\"pt_BR\" \/>\n<meta property=\"og:type\" content=\"article\" \/>\n<meta property=\"og:title\" content=\"Segundo a psicologia, a parte mais dif\u00edcil de envelhecer n\u00e3o \u00e9 o corpo mudar, \u00e9 perceber que voc\u00ea virou a refer\u00eancia que antes procurava nos outros - Correio Braziliense - Radar\" \/>\n<meta property=\"og:description\" content=\"A psicologia sugere que envelhecer mexe menos com o espelho e mais com um lugar simb\u00f3lico que muda rela\u00e7\u00f5es, escolhas e a forma de se perceber.\" \/>\n<meta property=\"og:url\" content=\"https:\/\/www.correiobraziliense.com.br\/cbradar\/segundo-a-psicologia-a-parte-mais-dificil-de-envelhecer-nao-e-o-corpo-mudar-e-perceber-que-voce-virou-a-referencia-que-antes-procurava-nos-outros\/\" \/>\n<meta property=\"og:site_name\" content=\"Correio Braziliense - Radar\" \/>\n<meta property=\"article:published_time\" content=\"2026-05-03T09:05:00+00:00\" \/>\n<meta property=\"og:image\" content=\"https:\/\/www.correiobraziliense.com.br\/cbradar\/wp-content\/uploads\/2026\/05\/segundo-a-psicologia-a-parte-mais-dificil-de-envelhecer-nao-.jpg\" \/>\n\t<meta property=\"og:image:width\" content=\"1280\" \/>\n\t<meta property=\"og:image:height\" content=\"720\" \/>\n\t<meta property=\"og:image:type\" content=\"image\/jpeg\" \/>\n<meta name=\"author\" content=\"Gabriel Leme\" \/>\n<meta name=\"twitter:card\" content=\"summary_large_image\" \/>\n<meta name=\"twitter:label1\" content=\"Escrito por\" \/>\n\t<meta name=\"twitter:data1\" content=\"Gabriel Leme\" \/>\n\t<meta name=\"twitter:label2\" content=\"Est. tempo de leitura\" \/>\n\t<meta name=\"twitter:data2\" content=\"4 minutos\" \/>\n<!-- \/ Yoast SEO plugin. -->","yoast_head_json":{"title":"Segundo a psicologia, a parte mais dif\u00edcil de envelhecer n\u00e3o \u00e9 o corpo mudar, \u00e9 perceber que voc\u00ea virou a refer\u00eancia que antes procurava nos outros - Correio Braziliense - Radar","description":"A psicologia sugere que envelhecer mexe menos com o espelho e mais com um lugar simb\u00f3lico que muda rela\u00e7\u00f5es, escolhas e a forma de se perceber.","robots":{"index":"index","follow":"follow","max-snippet":"max-snippet:-1","max-image-preview":"max-image-preview:large","max-video-preview":"max-video-preview:-1"},"canonical":"https:\/\/www.correiobraziliense.com.br\/cbradar\/segundo-a-psicologia-a-parte-mais-dificil-de-envelhecer-nao-e-o-corpo-mudar-e-perceber-que-voce-virou-a-referencia-que-antes-procurava-nos-outros\/","og_locale":"pt_BR","og_type":"article","og_title":"Segundo a psicologia, a parte mais dif\u00edcil de envelhecer n\u00e3o \u00e9 o corpo mudar, \u00e9 perceber que voc\u00ea virou a refer\u00eancia que antes procurava nos outros - Correio Braziliense - Radar","og_description":"A psicologia sugere que envelhecer mexe menos com o espelho e mais com um lugar simb\u00f3lico que muda rela\u00e7\u00f5es, escolhas e a forma de se perceber.","og_url":"https:\/\/www.correiobraziliense.com.br\/cbradar\/segundo-a-psicologia-a-parte-mais-dificil-de-envelhecer-nao-e-o-corpo-mudar-e-perceber-que-voce-virou-a-referencia-que-antes-procurava-nos-outros\/","og_site_name":"Correio Braziliense - Radar","article_published_time":"2026-05-03T09:05:00+00:00","og_image":[{"width":1280,"height":720,"url":"https:\/\/www.correiobraziliense.com.br\/cbradar\/wp-content\/uploads\/2026\/05\/segundo-a-psicologia-a-parte-mais-dificil-de-envelhecer-nao-.jpg","type":"image\/jpeg"}],"author":"Gabriel Leme","twitter_card":"summary_large_image","twitter_misc":{"Escrito por":"Gabriel Leme","Est. tempo de leitura":"4 minutos"},"schema":{"@context":"https:\/\/schema.org","@graph":[{"@type":"WebPage","@id":"https:\/\/www.correiobraziliense.com.br\/cbradar\/segundo-a-psicologia-a-parte-mais-dificil-de-envelhecer-nao-e-o-corpo-mudar-e-perceber-que-voce-virou-a-referencia-que-antes-procurava-nos-outros\/","url":"https:\/\/www.correiobraziliense.com.br\/cbradar\/segundo-a-psicologia-a-parte-mais-dificil-de-envelhecer-nao-e-o-corpo-mudar-e-perceber-que-voce-virou-a-referencia-que-antes-procurava-nos-outros\/","name":"Segundo a psicologia, a parte mais dif\u00edcil de envelhecer n\u00e3o \u00e9 o corpo mudar, \u00e9 perceber que voc\u00ea virou a refer\u00eancia que antes procurava nos outros - Correio Braziliense - Radar","isPartOf":{"@id":"https:\/\/www.correiobraziliense.com.br\/cbradar\/#website"},"primaryImageOfPage":{"@id":"https:\/\/www.correiobraziliense.com.br\/cbradar\/segundo-a-psicologia-a-parte-mais-dificil-de-envelhecer-nao-e-o-corpo-mudar-e-perceber-que-voce-virou-a-referencia-que-antes-procurava-nos-outros\/#primaryimage"},"image":{"@id":"https:\/\/www.correiobraziliense.com.br\/cbradar\/segundo-a-psicologia-a-parte-mais-dificil-de-envelhecer-nao-e-o-corpo-mudar-e-perceber-que-voce-virou-a-referencia-que-antes-procurava-nos-outros\/#primaryimage"},"thumbnailUrl":"https:\/\/www.correiobraziliense.com.br\/cbradar\/wp-content\/uploads\/2026\/05\/segundo-a-psicologia-a-parte-mais-dificil-de-envelhecer-nao-.jpg","datePublished":"2026-05-03T09:05:00+00:00","author":{"@id":"https:\/\/www.correiobraziliense.com.br\/cbradar\/#\/schema\/person\/67a081d63a0fe55fb267145a7be2f7c1"},"description":"A psicologia sugere que envelhecer mexe menos com o espelho e mais com um lugar simb\u00f3lico que muda rela\u00e7\u00f5es, escolhas e a forma de se perceber.","breadcrumb":{"@id":"https:\/\/www.correiobraziliense.com.br\/cbradar\/segundo-a-psicologia-a-parte-mais-dificil-de-envelhecer-nao-e-o-corpo-mudar-e-perceber-que-voce-virou-a-referencia-que-antes-procurava-nos-outros\/#breadcrumb"},"inLanguage":"pt-BR","potentialAction":[{"@type":"ReadAction","target":["https:\/\/www.correiobraziliense.com.br\/cbradar\/segundo-a-psicologia-a-parte-mais-dificil-de-envelhecer-nao-e-o-corpo-mudar-e-perceber-que-voce-virou-a-referencia-que-antes-procurava-nos-outros\/"]}]},{"@type":"ImageObject","inLanguage":"pt-BR","@id":"https:\/\/www.correiobraziliense.com.br\/cbradar\/segundo-a-psicologia-a-parte-mais-dificil-de-envelhecer-nao-e-o-corpo-mudar-e-perceber-que-voce-virou-a-referencia-que-antes-procurava-nos-outros\/#primaryimage","url":"https:\/\/www.correiobraziliense.com.br\/cbradar\/wp-content\/uploads\/2026\/05\/segundo-a-psicologia-a-parte-mais-dificil-de-envelhecer-nao-.jpg","contentUrl":"https:\/\/www.correiobraziliense.com.br\/cbradar\/wp-content\/uploads\/2026\/05\/segundo-a-psicologia-a-parte-mais-dificil-de-envelhecer-nao-.jpg","width":1280,"height":720,"caption":"Envelhecimento tamb\u00e9m transforma identidade, escuta e o lugar de refer\u00eancia afetiva."},{"@type":"BreadcrumbList","@id":"https:\/\/www.correiobraziliense.com.br\/cbradar\/segundo-a-psicologia-a-parte-mais-dificil-de-envelhecer-nao-e-o-corpo-mudar-e-perceber-que-voce-virou-a-referencia-que-antes-procurava-nos-outros\/#breadcrumb","itemListElement":[{"@type":"ListItem","position":1,"name":"In\u00edcio","item":"https:\/\/www.correiobraziliense.com.br\/cbradar\/"},{"@type":"ListItem","position":2,"name":"Segundo a psicologia, a parte mais dif\u00edcil de envelhecer n\u00e3o \u00e9 o corpo mudar, \u00e9 perceber que voc\u00ea virou a refer\u00eancia que antes procurava nos outros"}]},{"@type":"WebSite","@id":"https:\/\/www.correiobraziliense.com.br\/cbradar\/#website","url":"https:\/\/www.correiobraziliense.com.br\/cbradar\/","name":"Correio Braziliense - Radar","description":"Acompanhe as \u00faltimas not\u00edcias e fique bem informado sobre tudo o que acontece no Brasil e no mundo.","potentialAction":[{"@type":"SearchAction","target":{"@type":"EntryPoint","urlTemplate":"https:\/\/www.correiobraziliense.com.br\/cbradar\/?s={search_term_string}"},"query-input":{"@type":"PropertyValueSpecification","valueRequired":true,"valueName":"search_term_string"}}],"inLanguage":"pt-BR"},{"@type":"Person","@id":"https:\/\/www.correiobraziliense.com.br\/cbradar\/#\/schema\/person\/67a081d63a0fe55fb267145a7be2f7c1","name":"Gabriel Leme","image":{"@type":"ImageObject","inLanguage":"pt-BR","@id":"https:\/\/www.correiobraziliense.com.br\/cbradar\/#\/schema\/person\/image\/","url":"https:\/\/secure.gravatar.com\/avatar\/85bf2e3517d27149969b72412b460c20?s=96&d=mm&r=g","contentUrl":"https:\/\/secure.gravatar.com\/avatar\/85bf2e3517d27149969b72412b460c20?s=96&d=mm&r=g","caption":"Gabriel Leme"},"sameAs":["https:\/\/www.correiobraziliense.com.br\/"],"url":"https:\/\/www.correiobraziliense.com.br\/cbradar\/author\/gabrielmyth\/"}]}},"_links":{"self":[{"href":"https:\/\/www.correiobraziliense.com.br\/cbradar\/wp-json\/wp\/v2\/posts\/236254","targetHints":{"allow":["GET"]}}],"collection":[{"href":"https:\/\/www.correiobraziliense.com.br\/cbradar\/wp-json\/wp\/v2\/posts"}],"about":[{"href":"https:\/\/www.correiobraziliense.com.br\/cbradar\/wp-json\/wp\/v2\/types\/post"}],"author":[{"embeddable":true,"href":"https:\/\/www.correiobraziliense.com.br\/cbradar\/wp-json\/wp\/v2\/users\/12"}],"replies":[{"embeddable":true,"href":"https:\/\/www.correiobraziliense.com.br\/cbradar\/wp-json\/wp\/v2\/comments?post=236254"}],"version-history":[{"count":1,"href":"https:\/\/www.correiobraziliense.com.br\/cbradar\/wp-json\/wp\/v2\/posts\/236254\/revisions"}],"predecessor-version":[{"id":236312,"href":"https:\/\/www.correiobraziliense.com.br\/cbradar\/wp-json\/wp\/v2\/posts\/236254\/revisions\/236312"}],"wp:featuredmedia":[{"embeddable":true,"href":"https:\/\/www.correiobraziliense.com.br\/cbradar\/wp-json\/wp\/v2\/media\/236252"}],"wp:attachment":[{"href":"https:\/\/www.correiobraziliense.com.br\/cbradar\/wp-json\/wp\/v2\/media?parent=236254"}],"wp:term":[{"taxonomy":"category","embeddable":true,"href":"https:\/\/www.correiobraziliense.com.br\/cbradar\/wp-json\/wp\/v2\/categories?post=236254"},{"taxonomy":"post_tag","embeddable":true,"href":"https:\/\/www.correiobraziliense.com.br\/cbradar\/wp-json\/wp\/v2\/tags?post=236254"}],"curies":[{"name":"wp","href":"https:\/\/api.w.org\/{rel}","templated":true}]}}