{"id":236258,"date":"2026-05-03T06:20:00","date_gmt":"2026-05-03T09:20:00","guid":{"rendered":"https:\/\/www.correiobraziliense.com.br\/cbradar\/?p=236258"},"modified":"2026-05-03T05:30:59","modified_gmt":"2026-05-03T08:30:59","slug":"o-que-a-banana-antes-de-dormir-faz-no-sono-e-na-recuperacao-muscular","status":"publish","type":"post","link":"https:\/\/www.correiobraziliense.com.br\/cbradar\/o-que-a-banana-antes-de-dormir-faz-no-sono-e-na-recuperacao-muscular\/","title":{"rendered":"O que a banana antes de dormir faz no sono e na recupera\u00e7\u00e3o muscular"},"content":{"rendered":"\n<p>A <strong>banana<\/strong> entrou na rotina noturna de muita gente por um motivo simples: ela \u00e9 pr\u00e1tica, tem carboidrato de f\u00e1cil digest\u00e3o e combina com estrat\u00e9gias de bem-estar voltadas a descanso, saciedade leve e treino. Quando aparece perto da hora de deitar, o efeito mais relevante n\u00e3o \u00e9 m\u00e1gico, e sim a soma entre conforto digestivo, oferta de energia e apoio indireto \u00e0 <strong>qualidade do sono<\/strong> e \u00e0 recupera\u00e7\u00e3o depois do esfor\u00e7o.<\/p>\n\n\n\n<h2 class=\"wp-block-heading\">Banana \u00e0 noite realmente ajuda a dormir melhor?<\/h2>\n\n\n\n<p>Em muitos casos, sim, mas o efeito depende do contexto. A fruta oferece carboidratos, pot\u00e1ssio, magn\u00e9sio e vitamina B6, nutrientes ligados ao relaxamento muscular, ao metabolismo energ\u00e9tico e ao funcionamento neuromuscular. Para quem vai dormir com fome, a banana tende a reduzir desconforto, evitar aquele vazio no est\u00f4mago e deixar a alimenta\u00e7\u00e3o noturna mais est\u00e1vel.<\/p>\n\n\n\n<p>Isso n\u00e3o significa que comer banana funcione como sedativo. O que costuma melhorar o sono \u00e9 a combina\u00e7\u00e3o entre rotina regular, jantar sem excesso de gordura, baixa ingest\u00e3o de \u00e1lcool e um lanche simples quando h\u00e1 necessidade. Nessa l\u00f3gica, a banana pode favorecer uma noite mais tranquila porque entra bem numa ceia leve, sem pesar na digest\u00e3o nem provocar picos exagerados de volume alimentar.<\/p>\n\n\n\n<h2 class=\"wp-block-heading\">O que muda na recupera\u00e7\u00e3o muscular durante a noite?<\/h2>\n\n\n\n<p>A <strong>recupera\u00e7\u00e3o muscular<\/strong> acontece enquanto o corpo rep\u00f5e glicog\u00eanio, repara microles\u00f5es e reorganiza o equil\u00edbrio de l\u00edquidos e eletr\u00f3litos. A banana participa dessa etapa por fornecer carboidrato, importante para restaurar reservas energ\u00e9ticas depois do treino, al\u00e9m de pot\u00e1ssio, mineral envolvido na contra\u00e7\u00e3o muscular e na condu\u00e7\u00e3o nervosa.<\/p>\n\n\n\n<p>Se o treino foi \u00e0 tarde ou \u00e0 noite, a fruta pode funcionar melhor quando entra junto de uma fonte de prote\u00edna, como iogurte natural, leite, kefir ou pasta de amendoim em pequena quantidade. A banana sozinha ajuda no abastecimento energ\u00e9tico, mas a combina\u00e7\u00e3o com prote\u00edna deixa a ceia mais alinhada ao reparo muscular e ao controle da fome at\u00e9 o amanhecer.<\/p>\n\n\n<div class=\"wp-block-image\">\n<figure class=\"aligncenter\"><img decoding=\"async\" src=\"https:\/\/www.correiobraziliense.com.br\/cbradar\/wp-content\/uploads\/2026\/05\/o-que-a-banana-antes-de-dormir-faz-no-sono-e-na-recuper-corpo.jpg\" alt=\"Combinar banana e prote\u00edna ajuda na recupera\u00e7\u00e3o muscular ap\u00f3s treino noturno.\"\/><figcaption class=\"wp-element-caption\">Combinar banana e prote\u00edna ajuda na recupera\u00e7\u00e3o muscular ap\u00f3s treino noturno.<\/figcaption><\/figure><\/div>\n\n\n<h2 class=\"wp-block-heading\">Quando a alimenta\u00e7\u00e3o noturna com banana faz mais sentido?<\/h2>\n\n\n\n<p>Nem toda fome antes de dormir pede a mesma resposta. A alimenta\u00e7\u00e3o noturna com banana costuma ser mais \u00fatil em alguns cen\u00e1rios bem espec\u00edficos:<\/p>\n\n\n\n<ul class=\"wp-block-list\">\n<li>Depois de treino noturno com sensa\u00e7\u00e3o de desgaste ou pernas pesadas.<\/li>\n\n\n\n<li>Quando o jantar foi cedo e o intervalo at\u00e9 o sono ficou muito longo.<\/li>\n\n\n\n<li>Em fases de aumento de volume de treino, com maior gasto energ\u00e9tico.<\/li>\n\n\n\n<li>Para quem sente desconforto ao deitar de est\u00f4mago vazio.<\/li>\n<\/ul>\n\n\n\n<p>Tamb\u00e9m vale observar o tamanho da por\u00e7\u00e3o. Uma banana m\u00e9dia costuma bastar para uma ceia leve. Se houver objetivo de melhorar a recupera\u00e7\u00e3o, faz sentido associar prote\u00edna e hidrata\u00e7\u00e3o. Se houver refluxo, distens\u00e3o abdominal ou sensibilidade intestinal, o hor\u00e1rio e a quantidade precisam ser testados com calma, porque o problema pode estar menos na fruta e mais no padr\u00e3o completo do jantar.<\/p>\n\n\n\n<h2 class=\"wp-block-heading\">O que os estudos mostram sobre sono e recupera\u00e7\u00e3o?<\/h2>\n\n\n\n<p>A rela\u00e7\u00e3o entre comida noturna, descanso e desempenho f\u00edsico ainda est\u00e1 sendo refinada pela ci\u00eancia, mas j\u00e1 existem bons sinais. Segundo a revis\u00e3o sistem\u00e1tica <a href=\"https:\/\/www.sciencedirect.com\/science\/article\/pii\/S1087079221000150\" target=\"_blank\" rel=\"noopener noreferrer\">Association between diet and sleep quality<\/a>, publicada no peri\u00f3dico <strong>Sleep Medicine Reviews<\/strong>, padr\u00f5es alimentares com maior presen\u00e7a de alimentos de origem vegetal estiveram associados a melhor qualidade do sono, enquanto maior consumo de ultraprocessados e itens ricos em a\u00e7\u00facar livre apareceu ligado a piores desfechos de sono.<\/p>\n\n\n\n<p>No campo do exerc\u00edcio, o estudo randomizado crossover <a href=\"https:\/\/journals.plos.org\/plosone\/article?id=10.1371%2Fjournal.pone.0194843\" target=\"_blank\" rel=\"noopener noreferrer\">Metabolic recovery from heavy exertion following banana compared to sugar beverage or water only ingestion<\/a>, publicado no peri\u00f3dico <strong>PLOS One<\/strong>, observou que a ingest\u00e3o aguda de banana ou bebida com carboidrato atenuou perturba\u00e7\u00f5es metab\u00f3licas e inflamat\u00f3rias ap\u00f3s esfor\u00e7o intenso, em compara\u00e7\u00e3o com \u00e1gua. Na pr\u00e1tica, isso refor\u00e7a a ideia de que a banana pode ser uma op\u00e7\u00e3o \u00fatil na janela p\u00f3s-treino, especialmente quando a meta \u00e9 repor energia de forma simples durante a noite.<\/p>\n\n\n\n<h2 class=\"wp-block-heading\">Qual \u00e9 a melhor forma de comer banana antes de deitar?<\/h2>\n\n\n\n<p>A forma de consumo muda bastante a resposta do corpo. Para usar a banana sem pesar no sono, algumas combina\u00e7\u00f5es costumam funcionar melhor:<\/p>\n\n\n\n<ul class=\"wp-block-list\">\n<li>Banana com iogurte natural, boa para unir carboidrato e prote\u00edna.<\/li>\n\n\n\n<li>Banana com aveia, \u00fatil quando h\u00e1 fome maior e necessidade de mais saciedade.<\/li>\n\n\n\n<li>Banana amassada com canela, op\u00e7\u00e3o leve para noites sem treino intenso.<\/li>\n\n\n\n<li>Vitamina de banana com leite, interessante para quem tolera bem latic\u00ednios.<\/li>\n<\/ul>\n\n\n\n<p>O ponto principal \u00e9 evitar transformar a ceia em uma refei\u00e7\u00e3o grande. Excesso de volume, muito a\u00e7\u00facar adicionado, chocolate em grande quantidade e preparos muito gordurosos podem atrapalhar a digest\u00e3o e quebrar a arquitetura do sono. A banana funciona melhor como parte de um ritual noturno simples, coerente com o hor\u00e1rio do treino, o jantar e a necessidade real de energia.<\/p>\n\n\n\n<h2 class=\"wp-block-heading\">Vale a pena incluir banana na rotina noturna?<\/h2>\n\n\n\n<p>Para muita gente, vale, especialmente quando existe treino no fim do dia, fome antes de deitar ou necessidade de uma ceia f\u00e1cil de digerir. A banana pode colaborar com saciedade leve, reposi\u00e7\u00e3o de carboidrato e suporte indireto ao relaxamento muscular. Ela n\u00e3o substitui prote\u00edna adequada, hidrata\u00e7\u00e3o, horas de sono suficientes nem um plano alimentar compat\u00edvel com o n\u00edvel de atividade f\u00edsica.<\/p>\n\n\n\n<p>Quando a rotina \u00e9 bem ajustada, a banana deixa de ser s\u00f3 um lanche r\u00e1pido e passa a ter fun\u00e7\u00e3o estrat\u00e9gica dentro do bem-estar. Nesse cen\u00e1rio, a qualidade do sono, a recupera\u00e7\u00e3o muscular e a alimenta\u00e7\u00e3o noturna se conectam de forma pr\u00e1tica: menos improviso \u00e0 noite, melhor reposi\u00e7\u00e3o ap\u00f3s o treino e um corpo mais pronto para acordar sem sensa\u00e7\u00e3o de esgotamento.<\/p>\n","protected":false},"excerpt":{"rendered":"<p>A banana entrou na rotina noturna de muita gente por um motivo simples: ela \u00e9 pr\u00e1tica, tem carboidrato de f\u00e1cil digest\u00e3o e combina com estrat\u00e9gias de bem-estar voltadas a descanso, saciedade leve e treino. Quando aparece perto da hora de deitar, o efeito mais relevante n\u00e3o \u00e9 m\u00e1gico, e sim a soma entre conforto digestivo, [&hellip;]<\/p>\n","protected":false},"author":12,"featured_media":236255,"comment_status":"open","ping_status":"open","sticky":false,"template":"","format":"standard","meta":{"_yoast_wpseo_focuskw":"banana","_yoast_wpseo_title":"","_yoast_wpseo_metadesc":"A banana antes de dormir tem um papel que poucos consideram quando o assunto \u00e9 qualidade do sono e recupera\u00e7\u00e3o muscular ap\u00f3s o treino noturno.","jnews-multi-image_gallery":[],"jnews_single_post":{"format":"standard"},"jnews_primary_category":[],"jnews_social_meta":[],"jnews_override_counter":[],"footnotes":""},"categories":[119],"tags":[18444,877,120,2222,9820],"class_list":["post-236258","post","type-post","status-publish","format-standard","has-post-thumbnail","hentry","category-bem-estar","tag-alimentacao-noturna","tag-banana","tag-bem-estar","tag-qualidade-do-sono","tag-recuperacao-muscular"],"yoast_head":"<!-- This site is optimized with the Yoast SEO plugin v24.6 - https:\/\/yoast.com\/wordpress\/plugins\/seo\/ -->\n<title>O que a banana antes de dormir faz no sono e na recupera\u00e7\u00e3o muscular - Correio Braziliense - Radar<\/title>\n<meta name=\"description\" content=\"A banana antes de dormir tem um papel que poucos consideram quando o assunto \u00e9 qualidade do sono e recupera\u00e7\u00e3o muscular ap\u00f3s o treino noturno.\" \/>\n<meta name=\"robots\" content=\"index, follow, max-snippet:-1, max-image-preview:large, max-video-preview:-1\" \/>\n<link rel=\"canonical\" href=\"https:\/\/www.correiobraziliense.com.br\/cbradar\/o-que-a-banana-antes-de-dormir-faz-no-sono-e-na-recuperacao-muscular\/\" \/>\n<meta property=\"og:locale\" content=\"pt_BR\" \/>\n<meta property=\"og:type\" content=\"article\" \/>\n<meta property=\"og:title\" content=\"O que a banana antes de dormir faz no sono e na recupera\u00e7\u00e3o muscular - Correio Braziliense - Radar\" \/>\n<meta property=\"og:description\" content=\"A banana antes de dormir tem um papel que poucos consideram quando o assunto \u00e9 qualidade do sono e recupera\u00e7\u00e3o muscular ap\u00f3s o treino noturno.\" \/>\n<meta property=\"og:url\" content=\"https:\/\/www.correiobraziliense.com.br\/cbradar\/o-que-a-banana-antes-de-dormir-faz-no-sono-e-na-recuperacao-muscular\/\" \/>\n<meta property=\"og:site_name\" content=\"Correio Braziliense - Radar\" \/>\n<meta property=\"article:published_time\" content=\"2026-05-03T09:20:00+00:00\" \/>\n<meta property=\"og:image\" content=\"https:\/\/www.correiobraziliense.com.br\/cbradar\/wp-content\/uploads\/2026\/05\/o-que-a-banana-antes-de-dormir-faz-no-sono-e-na-recuperacao-.jpg\" \/>\n\t<meta property=\"og:image:width\" content=\"1280\" \/>\n\t<meta property=\"og:image:height\" content=\"720\" \/>\n\t<meta property=\"og:image:type\" content=\"image\/jpeg\" \/>\n<meta name=\"author\" content=\"Gabriel Leme\" \/>\n<meta name=\"twitter:card\" content=\"summary_large_image\" \/>\n<meta name=\"twitter:label1\" content=\"Escrito por\" \/>\n\t<meta name=\"twitter:data1\" content=\"Gabriel Leme\" \/>\n\t<meta name=\"twitter:label2\" content=\"Est. tempo de leitura\" \/>\n\t<meta name=\"twitter:data2\" content=\"5 minutos\" \/>\n<!-- \/ Yoast SEO plugin. -->","yoast_head_json":{"title":"O que a banana antes de dormir faz no sono e na recupera\u00e7\u00e3o muscular - Correio Braziliense - Radar","description":"A banana antes de dormir tem um papel que poucos consideram quando o assunto \u00e9 qualidade do sono e recupera\u00e7\u00e3o muscular ap\u00f3s o treino noturno.","robots":{"index":"index","follow":"follow","max-snippet":"max-snippet:-1","max-image-preview":"max-image-preview:large","max-video-preview":"max-video-preview:-1"},"canonical":"https:\/\/www.correiobraziliense.com.br\/cbradar\/o-que-a-banana-antes-de-dormir-faz-no-sono-e-na-recuperacao-muscular\/","og_locale":"pt_BR","og_type":"article","og_title":"O que a banana antes de dormir faz no sono e na recupera\u00e7\u00e3o muscular - Correio Braziliense - Radar","og_description":"A banana antes de dormir tem um papel que poucos consideram quando o assunto \u00e9 qualidade do sono e recupera\u00e7\u00e3o muscular ap\u00f3s o treino noturno.","og_url":"https:\/\/www.correiobraziliense.com.br\/cbradar\/o-que-a-banana-antes-de-dormir-faz-no-sono-e-na-recuperacao-muscular\/","og_site_name":"Correio Braziliense - Radar","article_published_time":"2026-05-03T09:20:00+00:00","og_image":[{"width":1280,"height":720,"url":"https:\/\/www.correiobraziliense.com.br\/cbradar\/wp-content\/uploads\/2026\/05\/o-que-a-banana-antes-de-dormir-faz-no-sono-e-na-recuperacao-.jpg","type":"image\/jpeg"}],"author":"Gabriel Leme","twitter_card":"summary_large_image","twitter_misc":{"Escrito por":"Gabriel Leme","Est. tempo de leitura":"5 minutos"},"schema":{"@context":"https:\/\/schema.org","@graph":[{"@type":"WebPage","@id":"https:\/\/www.correiobraziliense.com.br\/cbradar\/o-que-a-banana-antes-de-dormir-faz-no-sono-e-na-recuperacao-muscular\/","url":"https:\/\/www.correiobraziliense.com.br\/cbradar\/o-que-a-banana-antes-de-dormir-faz-no-sono-e-na-recuperacao-muscular\/","name":"O que a banana antes de dormir faz no sono e na recupera\u00e7\u00e3o muscular - Correio Braziliense - Radar","isPartOf":{"@id":"https:\/\/www.correiobraziliense.com.br\/cbradar\/#website"},"primaryImageOfPage":{"@id":"https:\/\/www.correiobraziliense.com.br\/cbradar\/o-que-a-banana-antes-de-dormir-faz-no-sono-e-na-recuperacao-muscular\/#primaryimage"},"image":{"@id":"https:\/\/www.correiobraziliense.com.br\/cbradar\/o-que-a-banana-antes-de-dormir-faz-no-sono-e-na-recuperacao-muscular\/#primaryimage"},"thumbnailUrl":"https:\/\/www.correiobraziliense.com.br\/cbradar\/wp-content\/uploads\/2026\/05\/o-que-a-banana-antes-de-dormir-faz-no-sono-e-na-recuperacao-.jpg","datePublished":"2026-05-03T09:20:00+00:00","author":{"@id":"https:\/\/www.correiobraziliense.com.br\/cbradar\/#\/schema\/person\/67a081d63a0fe55fb267145a7be2f7c1"},"description":"A banana antes de dormir tem um papel que poucos consideram quando o assunto \u00e9 qualidade do sono e recupera\u00e7\u00e3o muscular ap\u00f3s o treino noturno.","breadcrumb":{"@id":"https:\/\/www.correiobraziliense.com.br\/cbradar\/o-que-a-banana-antes-de-dormir-faz-no-sono-e-na-recuperacao-muscular\/#breadcrumb"},"inLanguage":"pt-BR","potentialAction":[{"@type":"ReadAction","target":["https:\/\/www.correiobraziliense.com.br\/cbradar\/o-que-a-banana-antes-de-dormir-faz-no-sono-e-na-recuperacao-muscular\/"]}]},{"@type":"ImageObject","inLanguage":"pt-BR","@id":"https:\/\/www.correiobraziliense.com.br\/cbradar\/o-que-a-banana-antes-de-dormir-faz-no-sono-e-na-recuperacao-muscular\/#primaryimage","url":"https:\/\/www.correiobraziliense.com.br\/cbradar\/wp-content\/uploads\/2026\/05\/o-que-a-banana-antes-de-dormir-faz-no-sono-e-na-recuperacao-.jpg","contentUrl":"https:\/\/www.correiobraziliense.com.br\/cbradar\/wp-content\/uploads\/2026\/05\/o-que-a-banana-antes-de-dormir-faz-no-sono-e-na-recuperacao-.jpg","width":1280,"height":720,"caption":"Banana com iogurte forma uma ceia leve para sono mais tranquilo."},{"@type":"BreadcrumbList","@id":"https:\/\/www.correiobraziliense.com.br\/cbradar\/o-que-a-banana-antes-de-dormir-faz-no-sono-e-na-recuperacao-muscular\/#breadcrumb","itemListElement":[{"@type":"ListItem","position":1,"name":"In\u00edcio","item":"https:\/\/www.correiobraziliense.com.br\/cbradar\/"},{"@type":"ListItem","position":2,"name":"O que a banana antes de dormir faz no sono e na recupera\u00e7\u00e3o muscular"}]},{"@type":"WebSite","@id":"https:\/\/www.correiobraziliense.com.br\/cbradar\/#website","url":"https:\/\/www.correiobraziliense.com.br\/cbradar\/","name":"Correio Braziliense - Radar","description":"Acompanhe as \u00faltimas not\u00edcias e fique bem informado sobre tudo o que acontece no Brasil e no mundo.","potentialAction":[{"@type":"SearchAction","target":{"@type":"EntryPoint","urlTemplate":"https:\/\/www.correiobraziliense.com.br\/cbradar\/?s={search_term_string}"},"query-input":{"@type":"PropertyValueSpecification","valueRequired":true,"valueName":"search_term_string"}}],"inLanguage":"pt-BR"},{"@type":"Person","@id":"https:\/\/www.correiobraziliense.com.br\/cbradar\/#\/schema\/person\/67a081d63a0fe55fb267145a7be2f7c1","name":"Gabriel Leme","image":{"@type":"ImageObject","inLanguage":"pt-BR","@id":"https:\/\/www.correiobraziliense.com.br\/cbradar\/#\/schema\/person\/image\/","url":"https:\/\/secure.gravatar.com\/avatar\/85bf2e3517d27149969b72412b460c20?s=96&d=mm&r=g","contentUrl":"https:\/\/secure.gravatar.com\/avatar\/85bf2e3517d27149969b72412b460c20?s=96&d=mm&r=g","caption":"Gabriel Leme"},"sameAs":["https:\/\/www.correiobraziliense.com.br\/"],"url":"https:\/\/www.correiobraziliense.com.br\/cbradar\/author\/gabrielmyth\/"}]}},"_links":{"self":[{"href":"https:\/\/www.correiobraziliense.com.br\/cbradar\/wp-json\/wp\/v2\/posts\/236258","targetHints":{"allow":["GET"]}}],"collection":[{"href":"https:\/\/www.correiobraziliense.com.br\/cbradar\/wp-json\/wp\/v2\/posts"}],"about":[{"href":"https:\/\/www.correiobraziliense.com.br\/cbradar\/wp-json\/wp\/v2\/types\/post"}],"author":[{"embeddable":true,"href":"https:\/\/www.correiobraziliense.com.br\/cbradar\/wp-json\/wp\/v2\/users\/12"}],"replies":[{"embeddable":true,"href":"https:\/\/www.correiobraziliense.com.br\/cbradar\/wp-json\/wp\/v2\/comments?post=236258"}],"version-history":[{"count":1,"href":"https:\/\/www.correiobraziliense.com.br\/cbradar\/wp-json\/wp\/v2\/posts\/236258\/revisions"}],"predecessor-version":[{"id":236313,"href":"https:\/\/www.correiobraziliense.com.br\/cbradar\/wp-json\/wp\/v2\/posts\/236258\/revisions\/236313"}],"wp:featuredmedia":[{"embeddable":true,"href":"https:\/\/www.correiobraziliense.com.br\/cbradar\/wp-json\/wp\/v2\/media\/236255"}],"wp:attachment":[{"href":"https:\/\/www.correiobraziliense.com.br\/cbradar\/wp-json\/wp\/v2\/media?parent=236258"}],"wp:term":[{"taxonomy":"category","embeddable":true,"href":"https:\/\/www.correiobraziliense.com.br\/cbradar\/wp-json\/wp\/v2\/categories?post=236258"},{"taxonomy":"post_tag","embeddable":true,"href":"https:\/\/www.correiobraziliense.com.br\/cbradar\/wp-json\/wp\/v2\/tags?post=236258"}],"curies":[{"name":"wp","href":"https:\/\/api.w.org\/{rel}","templated":true}]}}