{"id":236262,"date":"2026-05-03T06:35:00","date_gmt":"2026-05-03T09:35:00","guid":{"rendered":"https:\/\/www.correiobraziliense.com.br\/cbradar\/?p=236262"},"modified":"2026-05-03T05:31:06","modified_gmt":"2026-05-03T08:31:06","slug":"caminhar-depois-do-almoco-ajuda-muito-na-digestao-mas-o-beneficio-real-so-aparece-se-a-caminhada-comecar-nos-primeiros-15-minutos-apos-a-refeicao","status":"publish","type":"post","link":"https:\/\/www.correiobraziliense.com.br\/cbradar\/caminhar-depois-do-almoco-ajuda-muito-na-digestao-mas-o-beneficio-real-so-aparece-se-a-caminhada-comecar-nos-primeiros-15-minutos-apos-a-refeicao\/","title":{"rendered":"Caminhar depois do almo\u00e7o ajuda muito na digest\u00e3o, mas o benef\u00edcio real s\u00f3 aparece se a caminhada come\u00e7ar nos primeiros 15 minutos ap\u00f3s a refei\u00e7\u00e3o"},"content":{"rendered":"\n<p><strong>Caminhada<\/strong> curta depois do almo\u00e7o ganhou espa\u00e7o na rotina de quem busca bem-estar, controle do corpo e mais conforto ap\u00f3s comer. A rela\u00e7\u00e3o com a <strong>digest\u00e3o<\/strong> faz sentido, mas o efeito n\u00e3o depende s\u00f3 de sair andando. Em muitos casos, o momento em que o corpo come\u00e7a a se mover pesa tanto quanto a dura\u00e7\u00e3o do passo.<\/p>\n\n\n\n<h2 class=\"wp-block-heading\">Por que o corpo reage melhor logo ap\u00f3s a refei\u00e7\u00e3o?<\/h2>\n\n\n\n<p>Nos minutos seguintes ao almo\u00e7o, o organismo entra no per\u00edodo p\u00f3s-prandial, fase em que glicose, fluxo intestinal e trabalho metab\u00f3lico ficam mais ativos. Uma caminhada leve nesse intervalo estimula a motilidade gastrointestinal, reduz o tempo sentado e encaixa o movimento no pico inicial da resposta do corpo ao alimento.<\/p>\n\n\n\n<p>Isso n\u00e3o significa transformar a cal\u00e7ada em treino intenso. Para a digest\u00e3o funcionar sem desconforto, o mais indicado \u00e9 manter ritmo leve a moderado, com respira\u00e7\u00e3o est\u00e1vel e passada confort\u00e1vel. Esse padr\u00e3o aproxima a pr\u00e1tica de <strong>h\u00e1bitos saud\u00e1veis<\/strong> sustent\u00e1veis, e n\u00e3o de esfor\u00e7o competitivo.<\/p>\n\n\n\n<h2 class=\"wp-block-heading\">Os primeiros 15 minutos fazem tanta diferen\u00e7a assim?<\/h2>\n\n\n\n<p>Fazem diferen\u00e7a, principalmente quando o objetivo \u00e9 aproveitar a fase em que o organismo ainda est\u00e1 processando a refei\u00e7\u00e3o de forma mais intensa. Esperar muito pode reduzir parte do efeito sobre a resposta glic\u00eamica e sobre a sensa\u00e7\u00e3o de est\u00f4mago pesado, porque o corpo j\u00e1 iniciou sozinho boa parte desse trabalho digestivo.<\/p>\n\n\n\n<p>Segundo o ensaio cl\u00ednico <a href=\"https:\/\/pubmed.ncbi.nlm.nih.gov\/27747394\/\" target=\"_blank\" rel=\"noopener noreferrer\">Advice to walk after meals is more effective for lowering postprandial glycaemia in type 2 diabetes mellitus than advice that does not specify timing<\/a>, publicado no peri\u00f3dico <strong>Diabetologia<\/strong>, orientar a caminhada logo ap\u00f3s as refei\u00e7\u00f5es foi mais eficaz para reduzir a glicemia p\u00f3s-prandial do que apenas recomendar 30 minutos de atividade ao longo do dia. O estudo trata de glicemia, n\u00e3o de digest\u00e3o isoladamente, mas refor\u00e7a um ponto central do bem-estar metab\u00f3lico: o hor\u00e1rio do movimento altera o benef\u00edcio real do <strong>exerc\u00edcio f\u00edsico<\/strong>.<\/p>\n\n\n<div class=\"wp-block-image\">\n<figure class=\"aligncenter\"><img decoding=\"async\" src=\"https:\/\/www.correiobraziliense.com.br\/cbradar\/wp-content\/uploads\/2026\/05\/caminhar-depois-do-almoco-ajuda-muito-na-digestao-mas-o-corpo.jpg\" alt=\"Passo confort\u00e1vel nos primeiros 15 minutos ajuda a criar const\u00e2ncia.\"\/><figcaption class=\"wp-element-caption\">Passo confort\u00e1vel nos primeiros 15 minutos ajuda a criar const\u00e2ncia.<\/figcaption><\/figure><\/div>\n\n\n<h2 class=\"wp-block-heading\">Como transformar isso em h\u00e1bito sem pesar na rotina?<\/h2>\n\n\n\n<p>A caminhada depois do almo\u00e7o funciona melhor quando cabe na vida real. N\u00e3o precisa roupa esportiva, rel\u00f3gio com meta nem percurso longo. O que mais ajuda \u00e9 consist\u00eancia, porque o corpo responde bem a sinais repetidos de movimento leve ap\u00f3s comer.<\/p>\n\n\n\n<p>Algumas estrat\u00e9gias simples costumam facilitar:<\/p>\n\n\n\n<ul class=\"wp-block-list\">\n<li>come\u00e7ar com 10 a 15 minutos em terreno plano<\/li>\n\n\n\n<li>evitar ritmo acelerado demais logo ap\u00f3s refei\u00e7\u00f5es maiores<\/li>\n\n\n\n<li>usar o quarteir\u00e3o, o corredor do pr\u00e9dio ou o p\u00e1tio do trabalho<\/li>\n\n\n\n<li>deixar o celular de lado para manter passada cont\u00ednua<\/li>\n\n\n\n<li>retomar a cadeira s\u00f3 depois de alguns minutos de circula\u00e7\u00e3o ativa<\/li>\n<\/ul>\n\n\n\n<h2 class=\"wp-block-heading\">Quais sinais mostram que a pr\u00e1tica est\u00e1 ajudando?<\/h2>\n\n\n\n<p>Quando a caminhada entra na rotina, muita gente percebe menos sonol\u00eancia ap\u00f3s o almo\u00e7o, menor sensa\u00e7\u00e3o de empachamento e mais disposi\u00e7\u00e3o no come\u00e7o da tarde. Esses sinais n\u00e3o aparecem como regra em um \u00fanico dia, mas costumam surgir quando o corpo associa refei\u00e7\u00e3o, circula\u00e7\u00e3o e movimento leve com frequ\u00eancia.<\/p>\n\n\n\n<p>Tamb\u00e9m vale observar a resposta individual. Se houver refluxo, c\u00f3lica, n\u00e1usea ou estufamento com passos mais r\u00e1pidos, o ajuste pode estar no ritmo e n\u00e3o na ideia de caminhar. Em bem-estar, progresso \u00fatil costuma vir de observa\u00e7\u00e3o pr\u00e1tica do pr\u00f3prio corpo, e n\u00e3o de f\u00f3rmulas r\u00edgidas.<\/p>\n\n\n\n<h2 class=\"wp-block-heading\">O que evitar para n\u00e3o atrapalhar a digest\u00e3o?<\/h2>\n\n\n\n<p>Nem todo movimento feito ap\u00f3s comer produz o mesmo efeito. Treino forte, subida intensa e corrida curta podem gerar desconforto em quem acabou de almo\u00e7ar, porque desviam esfor\u00e7o para m\u00fasculos e elevam demais a exig\u00eancia do organismo naquele momento.<\/p>\n\n\n\n<p>Para manter a digest\u00e3o mais confort\u00e1vel, conv\u00e9m evitar alguns erros comuns:<\/p>\n\n\n\n<ul class=\"wp-block-list\">\n<li>sair em passo muito forte logo ap\u00f3s prato volumoso<\/li>\n\n\n\n<li>deitar ou ficar totalmente im\u00f3vel por longo per\u00edodo depois de comer<\/li>\n\n\n\n<li>compensar sedentarismo com esfor\u00e7o excessivo de \u00faltima hora<\/li>\n\n\n\n<li>ignorar sinais de azia, mal-estar ou tontura durante o percurso<\/li>\n\n\n\n<li>tratar a caminhada p\u00f3s-almo\u00e7o como substituta de rotina ativa no restante do dia<\/li>\n<\/ul>\n\n\n\n<h2 class=\"wp-block-heading\">Onde a caminhada entra no bem-estar de forma mais ampla?<\/h2>\n\n\n\n<p>A caminhada tem valor porque conecta digest\u00e3o, circula\u00e7\u00e3o, energia e const\u00e2ncia. Ela n\u00e3o resolve sozinha toda a qualidade de vida, mas cria um ponto de apoio simples para quem quer reduzir tempo sentado, organizar melhor o p\u00f3s-almo\u00e7o e manter o corpo ativo sem grande barreira de entrada.<\/p>\n\n\n\n<p>No contexto de <strong>bem-estar<\/strong>, a combina\u00e7\u00e3o entre refei\u00e7\u00e3o, pausa curta e movimento leve forma um dos h\u00e1bitos saud\u00e1veis mais f\u00e1ceis de sustentar ao longo da semana. Quando esse gesto come\u00e7a nos primeiros 15 minutos ap\u00f3s o almo\u00e7o, a rotina deixa de ser s\u00f3 um intervalo e passa a funcionar como cuidado metab\u00f3lico, digestivo e comportamental ao mesmo tempo.<\/p>\n","protected":false},"excerpt":{"rendered":"<p>Caminhada curta depois do almo\u00e7o ganhou espa\u00e7o na rotina de quem busca bem-estar, controle do corpo e mais conforto ap\u00f3s comer. A rela\u00e7\u00e3o com a digest\u00e3o faz sentido, mas o efeito n\u00e3o depende s\u00f3 de sair andando. Em muitos casos, o momento em que o corpo come\u00e7a a se mover pesa tanto quanto a dura\u00e7\u00e3o [&hellip;]<\/p>\n","protected":false},"author":12,"featured_media":236259,"comment_status":"open","ping_status":"open","sticky":false,"template":"","format":"standard","meta":{"_yoast_wpseo_focuskw":"caminhada","_yoast_wpseo_title":"","_yoast_wpseo_metadesc":"A caminhada ap\u00f3s o almo\u00e7o tem um efeito que muda bastante conforme o rel\u00f3gio. Um detalhe nos primeiros 15 minutos altera o impacto no corpo.","jnews-multi-image_gallery":[],"jnews_single_post":{"format":"standard"},"jnews_primary_category":[],"jnews_social_meta":[],"jnews_override_counter":[],"footnotes":""},"categories":[119],"tags":[120,2724,12321,444,1997],"class_list":["post-236262","post","type-post","status-publish","format-standard","has-post-thumbnail","hentry","category-bem-estar","tag-bem-estar","tag-caminhada","tag-digestao-2","tag-exercicio-fisico","tag-habitos-saudaveis"],"yoast_head":"<!-- This site is optimized with the Yoast SEO plugin v24.6 - https:\/\/yoast.com\/wordpress\/plugins\/seo\/ -->\n<title>Caminhar depois do almo\u00e7o ajuda muito na digest\u00e3o, mas o benef\u00edcio real s\u00f3 aparece se a caminhada come\u00e7ar nos primeiros 15 minutos ap\u00f3s a refei\u00e7\u00e3o - Correio Braziliense - Radar<\/title>\n<meta name=\"description\" content=\"A caminhada ap\u00f3s o almo\u00e7o tem um efeito que muda bastante conforme o rel\u00f3gio. Um detalhe nos primeiros 15 minutos altera o impacto no corpo.\" \/>\n<meta name=\"robots\" content=\"index, follow, max-snippet:-1, max-image-preview:large, max-video-preview:-1\" \/>\n<link rel=\"canonical\" href=\"https:\/\/www.correiobraziliense.com.br\/cbradar\/caminhar-depois-do-almoco-ajuda-muito-na-digestao-mas-o-beneficio-real-so-aparece-se-a-caminhada-comecar-nos-primeiros-15-minutos-apos-a-refeicao\/\" \/>\n<meta property=\"og:locale\" content=\"pt_BR\" \/>\n<meta property=\"og:type\" content=\"article\" \/>\n<meta property=\"og:title\" content=\"Caminhar depois do almo\u00e7o ajuda muito na digest\u00e3o, mas o benef\u00edcio real s\u00f3 aparece se a caminhada come\u00e7ar nos primeiros 15 minutos ap\u00f3s a refei\u00e7\u00e3o - Correio Braziliense - Radar\" \/>\n<meta property=\"og:description\" content=\"A caminhada ap\u00f3s o almo\u00e7o tem um efeito que muda bastante conforme o rel\u00f3gio. Um detalhe nos primeiros 15 minutos altera o impacto no corpo.\" \/>\n<meta property=\"og:url\" content=\"https:\/\/www.correiobraziliense.com.br\/cbradar\/caminhar-depois-do-almoco-ajuda-muito-na-digestao-mas-o-beneficio-real-so-aparece-se-a-caminhada-comecar-nos-primeiros-15-minutos-apos-a-refeicao\/\" \/>\n<meta property=\"og:site_name\" content=\"Correio Braziliense - Radar\" \/>\n<meta property=\"article:published_time\" content=\"2026-05-03T09:35:00+00:00\" \/>\n<meta property=\"og:image\" content=\"https:\/\/www.correiobraziliense.com.br\/cbradar\/wp-content\/uploads\/2026\/05\/caminhar-depois-do-almoco-ajuda-muito-na-digestao-mas-o-bene.jpg\" \/>\n\t<meta property=\"og:image:width\" content=\"1280\" \/>\n\t<meta property=\"og:image:height\" content=\"720\" \/>\n\t<meta property=\"og:image:type\" content=\"image\/jpeg\" \/>\n<meta name=\"author\" content=\"Gabriel Leme\" \/>\n<meta name=\"twitter:card\" content=\"summary_large_image\" \/>\n<meta name=\"twitter:label1\" content=\"Escrito por\" \/>\n\t<meta name=\"twitter:data1\" content=\"Gabriel Leme\" \/>\n\t<meta name=\"twitter:label2\" content=\"Est. tempo de leitura\" \/>\n\t<meta name=\"twitter:data2\" content=\"4 minutos\" \/>\n<!-- \/ Yoast SEO plugin. -->","yoast_head_json":{"title":"Caminhar depois do almo\u00e7o ajuda muito na digest\u00e3o, mas o benef\u00edcio real s\u00f3 aparece se a caminhada come\u00e7ar nos primeiros 15 minutos ap\u00f3s a refei\u00e7\u00e3o - Correio Braziliense - Radar","description":"A caminhada ap\u00f3s o almo\u00e7o tem um efeito que muda bastante conforme o rel\u00f3gio. Um detalhe nos primeiros 15 minutos altera o impacto no corpo.","robots":{"index":"index","follow":"follow","max-snippet":"max-snippet:-1","max-image-preview":"max-image-preview:large","max-video-preview":"max-video-preview:-1"},"canonical":"https:\/\/www.correiobraziliense.com.br\/cbradar\/caminhar-depois-do-almoco-ajuda-muito-na-digestao-mas-o-beneficio-real-so-aparece-se-a-caminhada-comecar-nos-primeiros-15-minutos-apos-a-refeicao\/","og_locale":"pt_BR","og_type":"article","og_title":"Caminhar depois do almo\u00e7o ajuda muito na digest\u00e3o, mas o benef\u00edcio real s\u00f3 aparece se a caminhada come\u00e7ar nos primeiros 15 minutos ap\u00f3s a refei\u00e7\u00e3o - Correio Braziliense - Radar","og_description":"A caminhada ap\u00f3s o almo\u00e7o tem um efeito que muda bastante conforme o rel\u00f3gio. Um detalhe nos primeiros 15 minutos altera o impacto no corpo.","og_url":"https:\/\/www.correiobraziliense.com.br\/cbradar\/caminhar-depois-do-almoco-ajuda-muito-na-digestao-mas-o-beneficio-real-so-aparece-se-a-caminhada-comecar-nos-primeiros-15-minutos-apos-a-refeicao\/","og_site_name":"Correio Braziliense - Radar","article_published_time":"2026-05-03T09:35:00+00:00","og_image":[{"width":1280,"height":720,"url":"https:\/\/www.correiobraziliense.com.br\/cbradar\/wp-content\/uploads\/2026\/05\/caminhar-depois-do-almoco-ajuda-muito-na-digestao-mas-o-bene.jpg","type":"image\/jpeg"}],"author":"Gabriel Leme","twitter_card":"summary_large_image","twitter_misc":{"Escrito por":"Gabriel Leme","Est. tempo de leitura":"4 minutos"},"schema":{"@context":"https:\/\/schema.org","@graph":[{"@type":"WebPage","@id":"https:\/\/www.correiobraziliense.com.br\/cbradar\/caminhar-depois-do-almoco-ajuda-muito-na-digestao-mas-o-beneficio-real-so-aparece-se-a-caminhada-comecar-nos-primeiros-15-minutos-apos-a-refeicao\/","url":"https:\/\/www.correiobraziliense.com.br\/cbradar\/caminhar-depois-do-almoco-ajuda-muito-na-digestao-mas-o-beneficio-real-so-aparece-se-a-caminhada-comecar-nos-primeiros-15-minutos-apos-a-refeicao\/","name":"Caminhar depois do almo\u00e7o ajuda muito na digest\u00e3o, mas o benef\u00edcio real s\u00f3 aparece se a caminhada come\u00e7ar nos primeiros 15 minutos ap\u00f3s a refei\u00e7\u00e3o - Correio Braziliense - Radar","isPartOf":{"@id":"https:\/\/www.correiobraziliense.com.br\/cbradar\/#website"},"primaryImageOfPage":{"@id":"https:\/\/www.correiobraziliense.com.br\/cbradar\/caminhar-depois-do-almoco-ajuda-muito-na-digestao-mas-o-beneficio-real-so-aparece-se-a-caminhada-comecar-nos-primeiros-15-minutos-apos-a-refeicao\/#primaryimage"},"image":{"@id":"https:\/\/www.correiobraziliense.com.br\/cbradar\/caminhar-depois-do-almoco-ajuda-muito-na-digestao-mas-o-beneficio-real-so-aparece-se-a-caminhada-comecar-nos-primeiros-15-minutos-apos-a-refeicao\/#primaryimage"},"thumbnailUrl":"https:\/\/www.correiobraziliense.com.br\/cbradar\/wp-content\/uploads\/2026\/05\/caminhar-depois-do-almoco-ajuda-muito-na-digestao-mas-o-bene.jpg","datePublished":"2026-05-03T09:35:00+00:00","author":{"@id":"https:\/\/www.correiobraziliense.com.br\/cbradar\/#\/schema\/person\/67a081d63a0fe55fb267145a7be2f7c1"},"description":"A caminhada ap\u00f3s o almo\u00e7o tem um efeito que muda bastante conforme o rel\u00f3gio. Um detalhe nos primeiros 15 minutos altera o impacto no corpo.","breadcrumb":{"@id":"https:\/\/www.correiobraziliense.com.br\/cbradar\/caminhar-depois-do-almoco-ajuda-muito-na-digestao-mas-o-beneficio-real-so-aparece-se-a-caminhada-comecar-nos-primeiros-15-minutos-apos-a-refeicao\/#breadcrumb"},"inLanguage":"pt-BR","potentialAction":[{"@type":"ReadAction","target":["https:\/\/www.correiobraziliense.com.br\/cbradar\/caminhar-depois-do-almoco-ajuda-muito-na-digestao-mas-o-beneficio-real-so-aparece-se-a-caminhada-comecar-nos-primeiros-15-minutos-apos-a-refeicao\/"]}]},{"@type":"ImageObject","inLanguage":"pt-BR","@id":"https:\/\/www.correiobraziliense.com.br\/cbradar\/caminhar-depois-do-almoco-ajuda-muito-na-digestao-mas-o-beneficio-real-so-aparece-se-a-caminhada-comecar-nos-primeiros-15-minutos-apos-a-refeicao\/#primaryimage","url":"https:\/\/www.correiobraziliense.com.br\/cbradar\/wp-content\/uploads\/2026\/05\/caminhar-depois-do-almoco-ajuda-muito-na-digestao-mas-o-bene.jpg","contentUrl":"https:\/\/www.correiobraziliense.com.br\/cbradar\/wp-content\/uploads\/2026\/05\/caminhar-depois-do-almoco-ajuda-muito-na-digestao-mas-o-bene.jpg","width":1280,"height":720,"caption":"Caminhada leve ap\u00f3s o almo\u00e7o favorece digest\u00e3o e bem-estar metab\u00f3lico."},{"@type":"BreadcrumbList","@id":"https:\/\/www.correiobraziliense.com.br\/cbradar\/caminhar-depois-do-almoco-ajuda-muito-na-digestao-mas-o-beneficio-real-so-aparece-se-a-caminhada-comecar-nos-primeiros-15-minutos-apos-a-refeicao\/#breadcrumb","itemListElement":[{"@type":"ListItem","position":1,"name":"In\u00edcio","item":"https:\/\/www.correiobraziliense.com.br\/cbradar\/"},{"@type":"ListItem","position":2,"name":"Caminhar depois do almo\u00e7o ajuda muito na digest\u00e3o, mas o benef\u00edcio real s\u00f3 aparece se a caminhada come\u00e7ar nos primeiros 15 minutos ap\u00f3s a refei\u00e7\u00e3o"}]},{"@type":"WebSite","@id":"https:\/\/www.correiobraziliense.com.br\/cbradar\/#website","url":"https:\/\/www.correiobraziliense.com.br\/cbradar\/","name":"Correio Braziliense - Radar","description":"Acompanhe as \u00faltimas not\u00edcias e fique bem informado sobre tudo o que acontece no Brasil e no mundo.","potentialAction":[{"@type":"SearchAction","target":{"@type":"EntryPoint","urlTemplate":"https:\/\/www.correiobraziliense.com.br\/cbradar\/?s={search_term_string}"},"query-input":{"@type":"PropertyValueSpecification","valueRequired":true,"valueName":"search_term_string"}}],"inLanguage":"pt-BR"},{"@type":"Person","@id":"https:\/\/www.correiobraziliense.com.br\/cbradar\/#\/schema\/person\/67a081d63a0fe55fb267145a7be2f7c1","name":"Gabriel Leme","image":{"@type":"ImageObject","inLanguage":"pt-BR","@id":"https:\/\/www.correiobraziliense.com.br\/cbradar\/#\/schema\/person\/image\/","url":"https:\/\/secure.gravatar.com\/avatar\/85bf2e3517d27149969b72412b460c20?s=96&d=mm&r=g","contentUrl":"https:\/\/secure.gravatar.com\/avatar\/85bf2e3517d27149969b72412b460c20?s=96&d=mm&r=g","caption":"Gabriel Leme"},"sameAs":["https:\/\/www.correiobraziliense.com.br\/"],"url":"https:\/\/www.correiobraziliense.com.br\/cbradar\/author\/gabrielmyth\/"}]}},"_links":{"self":[{"href":"https:\/\/www.correiobraziliense.com.br\/cbradar\/wp-json\/wp\/v2\/posts\/236262","targetHints":{"allow":["GET"]}}],"collection":[{"href":"https:\/\/www.correiobraziliense.com.br\/cbradar\/wp-json\/wp\/v2\/posts"}],"about":[{"href":"https:\/\/www.correiobraziliense.com.br\/cbradar\/wp-json\/wp\/v2\/types\/post"}],"author":[{"embeddable":true,"href":"https:\/\/www.correiobraziliense.com.br\/cbradar\/wp-json\/wp\/v2\/users\/12"}],"replies":[{"embeddable":true,"href":"https:\/\/www.correiobraziliense.com.br\/cbradar\/wp-json\/wp\/v2\/comments?post=236262"}],"version-history":[{"count":1,"href":"https:\/\/www.correiobraziliense.com.br\/cbradar\/wp-json\/wp\/v2\/posts\/236262\/revisions"}],"predecessor-version":[{"id":236314,"href":"https:\/\/www.correiobraziliense.com.br\/cbradar\/wp-json\/wp\/v2\/posts\/236262\/revisions\/236314"}],"wp:featuredmedia":[{"embeddable":true,"href":"https:\/\/www.correiobraziliense.com.br\/cbradar\/wp-json\/wp\/v2\/media\/236259"}],"wp:attachment":[{"href":"https:\/\/www.correiobraziliense.com.br\/cbradar\/wp-json\/wp\/v2\/media?parent=236262"}],"wp:term":[{"taxonomy":"category","embeddable":true,"href":"https:\/\/www.correiobraziliense.com.br\/cbradar\/wp-json\/wp\/v2\/categories?post=236262"},{"taxonomy":"post_tag","embeddable":true,"href":"https:\/\/www.correiobraziliense.com.br\/cbradar\/wp-json\/wp\/v2\/tags?post=236262"}],"curies":[{"name":"wp","href":"https:\/\/api.w.org\/{rel}","templated":true}]}}