{"id":236265,"date":"2026-05-03T06:50:00","date_gmt":"2026-05-03T09:50:00","guid":{"rendered":"https:\/\/www.correiobraziliense.com.br\/cbradar\/?p=236265"},"modified":"2026-05-03T05:31:16","modified_gmt":"2026-05-03T08:31:16","slug":"estudos-mostram-que-criancas-que-escutavam-historias-contadas-pelos-avos-estavam-desenvolvendo-o-que-hoje-e-chamado-de-inteligencia-narrativa","status":"publish","type":"post","link":"https:\/\/www.correiobraziliense.com.br\/cbradar\/estudos-mostram-que-criancas-que-escutavam-historias-contadas-pelos-avos-estavam-desenvolvendo-o-que-hoje-e-chamado-de-inteligencia-narrativa\/","title":{"rendered":"Estudos mostram que crian\u00e7as que escutavam hist\u00f3rias contadas pelos av\u00f3s estavam desenvolvendo o que hoje \u00e9 chamado de intelig\u00eancia narrativa"},"content":{"rendered":"\n<p><strong>Desenvolvimento infantil<\/strong> n\u00e3o acontece s\u00f3 na escola ou nas brincadeiras dirigidas. Quando uma crian\u00e7a escuta causos, mem\u00f3rias de fam\u00edlia e hist\u00f3rias repetidas no colo dos mais velhos, ela treina linguagem, aten\u00e7\u00e3o, mem\u00f3ria e sequ\u00eancia dos acontecimentos. \u00c9 nesse terreno que a <strong>intelig\u00eancia narrativa<\/strong> ganha forma, muitas vezes dentro da pr\u00f3pria <strong>rela\u00e7\u00e3o av\u00f3s e netos<\/strong> e da for\u00e7a da <strong>tradi\u00e7\u00e3o oral<\/strong>.<\/p>\n\n\n\n<h2 class=\"wp-block-heading\">Por que ouvir hist\u00f3rias da fam\u00edlia marca tanto a inf\u00e2ncia?<\/h2>\n\n\n\n<p>Hist\u00f3rias contadas por av\u00f3s costumam ter ritmo pr\u00f3prio, detalhes de \u00e9poca, personagens reais e emo\u00e7\u00e3o na medida certa. Para a crian\u00e7a, isso amplia vocabul\u00e1rio, ajuda a entender causa e consequ\u00eancia e cria repert\u00f3rio para organizar come\u00e7o, meio e fim, uma base importante do desenvolvimento infantil.<\/p>\n\n\n\n<p>A rela\u00e7\u00e3o av\u00f3s e netos tamb\u00e9m muda o modo como a escuta acontece. H\u00e1 mais pausas, perguntas, coment\u00e1rios e lembran\u00e7as compartilhadas. Esse ambiente de conversa favorece a intelig\u00eancia narrativa porque a crian\u00e7a n\u00e3o recebe s\u00f3 uma informa\u00e7\u00e3o, ela aprende a acompanhar enredo, inten\u00e7\u00e3o, contexto e ponto de vista.<\/p>\n\n\n\n<h2 class=\"wp-block-heading\">O que a intelig\u00eancia narrativa realmente envolve?<\/h2>\n\n\n\n<p>Intelig\u00eancia narrativa n\u00e3o \u00e9 apenas saber repetir uma historinha. Ela envolve conectar eventos, perceber motiva\u00e7\u00f5es, nomear emo\u00e7\u00f5es, lembrar detalhes relevantes e relatar experi\u00eancias de forma compreens\u00edvel. Na inf\u00e2ncia, essas habilidades aparecem tanto na fala espont\u00e2nea quanto na forma como a crian\u00e7a reconstr\u00f3i fatos do dia a dia.<\/p>\n\n\n\n<p>No desenvolvimento infantil, isso tem efeito pr\u00e1tico. Crian\u00e7as com repert\u00f3rio narrativo mais rico costumam lidar melhor com conversas, reconto de experi\u00eancias e compreens\u00e3o de textos. A tradi\u00e7\u00e3o oral entra nesse processo como treino constante, porque cada hist\u00f3ria escutada oferece modelos de linguagem, sequ\u00eancia temporal e significado social.<\/p>\n\n\n<div class=\"wp-block-image\">\n<figure class=\"aligncenter\"><img decoding=\"async\" width=\"1280\" height=\"720\" src=\"https:\/\/www.correiobraziliense.com.br\/cbradar\/wp-content\/uploads\/2026\/05\/estudos-mostram-que-criancas-que-escutavam-historias-co-corpo-1.jpg\" alt=\"O reconto infantil revela mem\u00f3ria, sequ\u00eancia e intelig\u00eancia narrativa em desenvolvimento.\" class=\"wp-image-236315\" srcset=\"https:\/\/www.correiobraziliense.com.br\/cbradar\/wp-content\/uploads\/2026\/05\/estudos-mostram-que-criancas-que-escutavam-historias-co-corpo-1.jpg 1280w, https:\/\/www.correiobraziliense.com.br\/cbradar\/wp-content\/uploads\/2026\/05\/estudos-mostram-que-criancas-que-escutavam-historias-co-corpo-1-300x169.jpg 300w, https:\/\/www.correiobraziliense.com.br\/cbradar\/wp-content\/uploads\/2026\/05\/estudos-mostram-que-criancas-que-escutavam-historias-co-corpo-1-768x432.jpg 768w, https:\/\/www.correiobraziliense.com.br\/cbradar\/wp-content\/uploads\/2026\/05\/estudos-mostram-que-criancas-que-escutavam-historias-co-corpo-1-750x422.jpg 750w, https:\/\/www.correiobraziliense.com.br\/cbradar\/wp-content\/uploads\/2026\/05\/estudos-mostram-que-criancas-que-escutavam-historias-co-corpo-1-1140x641.jpg 1140w\" sizes=\"(max-width: 1280px) 100vw, 1280px\" \/><figcaption class=\"wp-element-caption\">O reconto infantil revela mem\u00f3ria, sequ\u00eancia e intelig\u00eancia narrativa em desenvolvimento.<\/figcaption><\/figure><\/div>\n\n\n<h2 class=\"wp-block-heading\">Como a rela\u00e7\u00e3o av\u00f3s e netos fortalece linguagem e mem\u00f3ria?<\/h2>\n\n\n\n<p>A rela\u00e7\u00e3o av\u00f3s e netos combina afeto, repeti\u00e7\u00e3o e conviv\u00eancia, tr\u00eas elementos valiosos para a aprendizagem narrativa. Quando os av\u00f3s contam epis\u00f3dios da inf\u00e2ncia, falam de parentes, descrevem lugares e explicam costumes, a crian\u00e7a exercita mem\u00f3ria autobiogr\u00e1fica e escuta ativa.<\/p>\n\n\n\n<p>Esse contato costuma gerar ganhos vis\u00edveis na rotina:<\/p>\n\n\n\n<ul class=\"wp-block-list\">\n<li>maior aten\u00e7\u00e3o a personagens, a\u00e7\u00f5es e desfechos;<\/li>\n\n\n\n<li>uso mais rico de palavras para tempo, lugar e emo\u00e7\u00e3o;<\/li>\n\n\n\n<li>facilidade para recontar situa\u00e7\u00f5es vividas;<\/li>\n\n\n\n<li>interesse por livros, conversas e relatos familiares.<\/li>\n<\/ul>\n\n\n\n<h2 class=\"wp-block-heading\">O que os estudos cient\u00edficos sugerem sobre esse efeito?<\/h2>\n\n\n\n<p>A ideia de que ouvir hist\u00f3rias molda a capacidade de narrar n\u00e3o surgiu por acaso. Segundo o estudo <a href=\"https:\/\/www.tandfonline.com\/doi\/abs\/10.1080\/00221325.1994.9914775\" target=\"_blank\" rel=\"noopener noreferrer\">Listening to Maternal Story Telling Affects Narrative Skill of 5-Year-Old Children<\/a>, publicado no peri\u00f3dico <strong>The Journal of Genetic Psychology<\/strong>, crian\u00e7as de 5 anos aumentaram o n\u00famero de cl\u00e1usulas e de recursos avaliativos nas pr\u00f3prias narrativas ap\u00f3s ouvirem hist\u00f3rias contadas por suas m\u00e3es. Embora o estudo examine m\u00e3es, o mecanismo central ajuda a entender a tradi\u00e7\u00e3o oral na fam\u00edlia: escutar narrativas de um adulto experiente oferece modelos de estrutura, emo\u00e7\u00e3o e linguagem que a crian\u00e7a incorpora ao falar.<\/p>\n\n\n\n<p>H\u00e1 ainda um pano de fundo familiar importante. Segundo a revis\u00e3o sistem\u00e1tica <a href=\"https:\/\/www.sciencedirect.com\/science\/article\/pii\/S0277953619304691\" target=\"_blank\" rel=\"noopener noreferrer\">How do grandparents influence child health and development? A systematic review<\/a>, publicada em <strong>Social Science &amp; Medicine<\/strong>, os av\u00f3s t\u00eam papel relevante em diferentes dimens\u00f5es do desenvolvimento infantil, incluindo aspectos cognitivos, educacionais e socioemocionais. Isso n\u00e3o prova isoladamente que todo conto de av\u00f3 produz o mesmo resultado, mas refor\u00e7a que a presen\u00e7a ativa dos av\u00f3s pode influenciar o ambiente de aprendizagem e linguagem.<\/p>\n\n\n\n<h2 class=\"wp-block-heading\">Quais sinais mostram que a tradi\u00e7\u00e3o oral est\u00e1 fazendo diferen\u00e7a?<\/h2>\n\n\n\n<p>Nem sempre a fam\u00edlia percebe de imediato, porque a mudan\u00e7a aparece em pequenos comportamentos. A crian\u00e7a come\u00e7a a organizar melhor o que viveu, faz perguntas mais precisas e tenta incluir detalhes que antes passavam despercebidos. A intelig\u00eancia narrativa aparece menos como desempenho decorado e mais como capacidade de dar sentido ao que aconteceu.<\/p>\n\n\n\n<p>Alguns sinais s\u00e3o especialmente comuns nesse processo:<\/p>\n\n\n\n<ul class=\"wp-block-list\">\n<li>reconto de fatos com sequ\u00eancia mais clara;<\/li>\n\n\n\n<li>uso de express\u00f5es como depois, ent\u00e3o, naquele dia e por isso;<\/li>\n\n\n\n<li>maior curiosidade sobre parentes, lugares e acontecimentos antigos;<\/li>\n\n\n\n<li>capacidade de explicar sentimentos dentro de uma hist\u00f3ria.<\/li>\n<\/ul>\n\n\n\n<h2 class=\"wp-block-heading\">Por que esse costume ainda faz sentido na rotina atual?<\/h2>\n\n\n\n<p>Mesmo com telas, v\u00eddeos curtos e excesso de est\u00edmulos, a tradi\u00e7\u00e3o oral mant\u00e9m algo que nenhum conte\u00fado acelerado entrega do mesmo jeito: troca ao vivo. A crian\u00e7a interrompe, pergunta, compara, imagina rostos e tenta preencher lacunas. Esse vai e volta fortalece linguagem, v\u00ednculo e escuta de um modo muito particular.<\/p>\n\n\n\n<p>No campo das curiosidades sobre inf\u00e2ncia e fam\u00edlia, poucos h\u00e1bitos parecem t\u00e3o simples e ao mesmo tempo t\u00e3o densos. Quando av\u00f3s contam hist\u00f3rias, n\u00e3o est\u00e3o apenas entretendo. Est\u00e3o oferecendo mat\u00e9ria-prima para o desenvolvimento infantil, alimentando a intelig\u00eancia narrativa e dando \u00e0 rela\u00e7\u00e3o av\u00f3s e netos um lugar concreto na constru\u00e7\u00e3o da mem\u00f3ria, da linguagem e da tradi\u00e7\u00e3o oral.<\/p>\n","protected":false},"excerpt":{"rendered":"<p>Desenvolvimento infantil n\u00e3o acontece s\u00f3 na escola ou nas brincadeiras dirigidas. Quando uma crian\u00e7a escuta causos, mem\u00f3rias de fam\u00edlia e hist\u00f3rias repetidas no colo dos mais velhos, ela treina linguagem, aten\u00e7\u00e3o, mem\u00f3ria e sequ\u00eancia dos acontecimentos. \u00c9 nesse terreno que a intelig\u00eancia narrativa ganha forma, muitas vezes dentro da pr\u00f3pria rela\u00e7\u00e3o av\u00f3s e netos e [&hellip;]<\/p>\n","protected":false},"author":12,"featured_media":231212,"comment_status":"open","ping_status":"open","sticky":false,"template":"","format":"standard","meta":{"_yoast_wpseo_focuskw":"desenvolvimento infantil","_yoast_wpseo_title":"","_yoast_wpseo_metadesc":"Desenvolvimento infantil e hist\u00f3rias dos av\u00f3s t\u00eam uma liga\u00e7\u00e3o pouco \u00f3bvia, e esse detalhe muda a forma de olhar a intelig\u00eancia narrativa.","jnews-multi-image_gallery":[],"jnews_single_post":{"format":"standard"},"jnews_primary_category":[],"jnews_social_meta":[],"jnews_override_counter":[],"footnotes":""},"categories":[112],"tags":[144,7955,18618,18619,18620],"class_list":["post-236265","post","type-post","status-publish","format-standard","has-post-thumbnail","hentry","category-curiosidades","tag-curiosidades","tag-desenvolvimento-infantil","tag-inteligencia-narrativa","tag-relacao-avos-e-netos","tag-tradicao-oral"],"yoast_head":"<!-- This site is optimized with the Yoast SEO plugin v24.6 - https:\/\/yoast.com\/wordpress\/plugins\/seo\/ -->\n<title>Estudos mostram que crian\u00e7as que escutavam hist\u00f3rias contadas pelos av\u00f3s estavam desenvolvendo o que hoje \u00e9 chamado de intelig\u00eancia narrativa - Correio Braziliense - Radar<\/title>\n<meta name=\"description\" content=\"Desenvolvimento infantil e hist\u00f3rias dos av\u00f3s t\u00eam uma liga\u00e7\u00e3o pouco \u00f3bvia, e esse detalhe muda a forma de olhar a intelig\u00eancia narrativa.\" \/>\n<meta name=\"robots\" content=\"index, follow, max-snippet:-1, max-image-preview:large, max-video-preview:-1\" \/>\n<link rel=\"canonical\" href=\"https:\/\/www.correiobraziliense.com.br\/cbradar\/estudos-mostram-que-criancas-que-escutavam-historias-contadas-pelos-avos-estavam-desenvolvendo-o-que-hoje-e-chamado-de-inteligencia-narrativa\/\" \/>\n<meta property=\"og:locale\" content=\"pt_BR\" \/>\n<meta property=\"og:type\" content=\"article\" \/>\n<meta property=\"og:title\" content=\"Estudos mostram que crian\u00e7as que escutavam hist\u00f3rias contadas pelos av\u00f3s estavam desenvolvendo o que hoje \u00e9 chamado de intelig\u00eancia narrativa - Correio Braziliense - Radar\" \/>\n<meta property=\"og:description\" content=\"Desenvolvimento infantil e hist\u00f3rias dos av\u00f3s t\u00eam uma liga\u00e7\u00e3o pouco \u00f3bvia, e esse detalhe muda a forma de olhar a intelig\u00eancia narrativa.\" \/>\n<meta property=\"og:url\" content=\"https:\/\/www.correiobraziliense.com.br\/cbradar\/estudos-mostram-que-criancas-que-escutavam-historias-contadas-pelos-avos-estavam-desenvolvendo-o-que-hoje-e-chamado-de-inteligencia-narrativa\/\" \/>\n<meta property=\"og:site_name\" content=\"Correio Braziliense - Radar\" \/>\n<meta property=\"article:published_time\" content=\"2026-05-03T09:50:00+00:00\" \/>\n<meta property=\"og:image\" content=\"https:\/\/www.correiobraziliense.com.br\/cbradar\/wp-content\/uploads\/2026\/04\/avos-e-netos.jpg\" \/>\n\t<meta property=\"og:image:width\" content=\"1280\" \/>\n\t<meta property=\"og:image:height\" content=\"720\" \/>\n\t<meta property=\"og:image:type\" content=\"image\/jpeg\" \/>\n<meta name=\"author\" content=\"Gabriel Leme\" \/>\n<meta name=\"twitter:card\" content=\"summary_large_image\" \/>\n<meta name=\"twitter:label1\" content=\"Escrito por\" \/>\n\t<meta name=\"twitter:data1\" content=\"Gabriel Leme\" \/>\n\t<meta name=\"twitter:label2\" content=\"Est. tempo de leitura\" \/>\n\t<meta name=\"twitter:data2\" content=\"4 minutos\" \/>\n<!-- \/ Yoast SEO plugin. -->","yoast_head_json":{"title":"Estudos mostram que crian\u00e7as que escutavam hist\u00f3rias contadas pelos av\u00f3s estavam desenvolvendo o que hoje \u00e9 chamado de intelig\u00eancia narrativa - Correio Braziliense - Radar","description":"Desenvolvimento infantil e hist\u00f3rias dos av\u00f3s t\u00eam uma liga\u00e7\u00e3o pouco \u00f3bvia, e esse detalhe muda a forma de olhar a intelig\u00eancia narrativa.","robots":{"index":"index","follow":"follow","max-snippet":"max-snippet:-1","max-image-preview":"max-image-preview:large","max-video-preview":"max-video-preview:-1"},"canonical":"https:\/\/www.correiobraziliense.com.br\/cbradar\/estudos-mostram-que-criancas-que-escutavam-historias-contadas-pelos-avos-estavam-desenvolvendo-o-que-hoje-e-chamado-de-inteligencia-narrativa\/","og_locale":"pt_BR","og_type":"article","og_title":"Estudos mostram que crian\u00e7as que escutavam hist\u00f3rias contadas pelos av\u00f3s estavam desenvolvendo o que hoje \u00e9 chamado de intelig\u00eancia narrativa - Correio Braziliense - Radar","og_description":"Desenvolvimento infantil e hist\u00f3rias dos av\u00f3s t\u00eam uma liga\u00e7\u00e3o pouco \u00f3bvia, e esse detalhe muda a forma de olhar a intelig\u00eancia narrativa.","og_url":"https:\/\/www.correiobraziliense.com.br\/cbradar\/estudos-mostram-que-criancas-que-escutavam-historias-contadas-pelos-avos-estavam-desenvolvendo-o-que-hoje-e-chamado-de-inteligencia-narrativa\/","og_site_name":"Correio Braziliense - Radar","article_published_time":"2026-05-03T09:50:00+00:00","og_image":[{"width":1280,"height":720,"url":"https:\/\/www.correiobraziliense.com.br\/cbradar\/wp-content\/uploads\/2026\/04\/avos-e-netos.jpg","type":"image\/jpeg"}],"author":"Gabriel Leme","twitter_card":"summary_large_image","twitter_misc":{"Escrito por":"Gabriel Leme","Est. tempo de leitura":"4 minutos"},"schema":{"@context":"https:\/\/schema.org","@graph":[{"@type":"WebPage","@id":"https:\/\/www.correiobraziliense.com.br\/cbradar\/estudos-mostram-que-criancas-que-escutavam-historias-contadas-pelos-avos-estavam-desenvolvendo-o-que-hoje-e-chamado-de-inteligencia-narrativa\/","url":"https:\/\/www.correiobraziliense.com.br\/cbradar\/estudos-mostram-que-criancas-que-escutavam-historias-contadas-pelos-avos-estavam-desenvolvendo-o-que-hoje-e-chamado-de-inteligencia-narrativa\/","name":"Estudos mostram que crian\u00e7as que escutavam hist\u00f3rias contadas pelos av\u00f3s estavam desenvolvendo o que hoje \u00e9 chamado de intelig\u00eancia narrativa - Correio Braziliense - Radar","isPartOf":{"@id":"https:\/\/www.correiobraziliense.com.br\/cbradar\/#website"},"primaryImageOfPage":{"@id":"https:\/\/www.correiobraziliense.com.br\/cbradar\/estudos-mostram-que-criancas-que-escutavam-historias-contadas-pelos-avos-estavam-desenvolvendo-o-que-hoje-e-chamado-de-inteligencia-narrativa\/#primaryimage"},"image":{"@id":"https:\/\/www.correiobraziliense.com.br\/cbradar\/estudos-mostram-que-criancas-que-escutavam-historias-contadas-pelos-avos-estavam-desenvolvendo-o-que-hoje-e-chamado-de-inteligencia-narrativa\/#primaryimage"},"thumbnailUrl":"https:\/\/www.correiobraziliense.com.br\/cbradar\/wp-content\/uploads\/2026\/04\/avos-e-netos.jpg","datePublished":"2026-05-03T09:50:00+00:00","author":{"@id":"https:\/\/www.correiobraziliense.com.br\/cbradar\/#\/schema\/person\/67a081d63a0fe55fb267145a7be2f7c1"},"description":"Desenvolvimento infantil e hist\u00f3rias dos av\u00f3s t\u00eam uma liga\u00e7\u00e3o pouco \u00f3bvia, e esse detalhe muda a forma de olhar a intelig\u00eancia narrativa.","breadcrumb":{"@id":"https:\/\/www.correiobraziliense.com.br\/cbradar\/estudos-mostram-que-criancas-que-escutavam-historias-contadas-pelos-avos-estavam-desenvolvendo-o-que-hoje-e-chamado-de-inteligencia-narrativa\/#breadcrumb"},"inLanguage":"pt-BR","potentialAction":[{"@type":"ReadAction","target":["https:\/\/www.correiobraziliense.com.br\/cbradar\/estudos-mostram-que-criancas-que-escutavam-historias-contadas-pelos-avos-estavam-desenvolvendo-o-que-hoje-e-chamado-de-inteligencia-narrativa\/"]}]},{"@type":"ImageObject","inLanguage":"pt-BR","@id":"https:\/\/www.correiobraziliense.com.br\/cbradar\/estudos-mostram-que-criancas-que-escutavam-historias-contadas-pelos-avos-estavam-desenvolvendo-o-que-hoje-e-chamado-de-inteligencia-narrativa\/#primaryimage","url":"https:\/\/www.correiobraziliense.com.br\/cbradar\/wp-content\/uploads\/2026\/04\/avos-e-netos.jpg","contentUrl":"https:\/\/www.correiobraziliense.com.br\/cbradar\/wp-content\/uploads\/2026\/04\/avos-e-netos.jpg","width":1280,"height":720,"caption":"Av\u00f3s e netos fortalecem linguagem e v\u00ednculo por meio da tradi\u00e7\u00e3o oral."},{"@type":"BreadcrumbList","@id":"https:\/\/www.correiobraziliense.com.br\/cbradar\/estudos-mostram-que-criancas-que-escutavam-historias-contadas-pelos-avos-estavam-desenvolvendo-o-que-hoje-e-chamado-de-inteligencia-narrativa\/#breadcrumb","itemListElement":[{"@type":"ListItem","position":1,"name":"In\u00edcio","item":"https:\/\/www.correiobraziliense.com.br\/cbradar\/"},{"@type":"ListItem","position":2,"name":"Estudos mostram que crian\u00e7as que escutavam hist\u00f3rias contadas pelos av\u00f3s estavam desenvolvendo o que hoje \u00e9 chamado de intelig\u00eancia narrativa"}]},{"@type":"WebSite","@id":"https:\/\/www.correiobraziliense.com.br\/cbradar\/#website","url":"https:\/\/www.correiobraziliense.com.br\/cbradar\/","name":"Correio Braziliense - Radar","description":"Acompanhe as \u00faltimas not\u00edcias e fique bem informado sobre tudo o que acontece no Brasil e no mundo.","potentialAction":[{"@type":"SearchAction","target":{"@type":"EntryPoint","urlTemplate":"https:\/\/www.correiobraziliense.com.br\/cbradar\/?s={search_term_string}"},"query-input":{"@type":"PropertyValueSpecification","valueRequired":true,"valueName":"search_term_string"}}],"inLanguage":"pt-BR"},{"@type":"Person","@id":"https:\/\/www.correiobraziliense.com.br\/cbradar\/#\/schema\/person\/67a081d63a0fe55fb267145a7be2f7c1","name":"Gabriel Leme","image":{"@type":"ImageObject","inLanguage":"pt-BR","@id":"https:\/\/www.correiobraziliense.com.br\/cbradar\/#\/schema\/person\/image\/","url":"https:\/\/secure.gravatar.com\/avatar\/85bf2e3517d27149969b72412b460c20?s=96&d=mm&r=g","contentUrl":"https:\/\/secure.gravatar.com\/avatar\/85bf2e3517d27149969b72412b460c20?s=96&d=mm&r=g","caption":"Gabriel Leme"},"sameAs":["https:\/\/www.correiobraziliense.com.br\/"],"url":"https:\/\/www.correiobraziliense.com.br\/cbradar\/author\/gabrielmyth\/"}]}},"_links":{"self":[{"href":"https:\/\/www.correiobraziliense.com.br\/cbradar\/wp-json\/wp\/v2\/posts\/236265","targetHints":{"allow":["GET"]}}],"collection":[{"href":"https:\/\/www.correiobraziliense.com.br\/cbradar\/wp-json\/wp\/v2\/posts"}],"about":[{"href":"https:\/\/www.correiobraziliense.com.br\/cbradar\/wp-json\/wp\/v2\/types\/post"}],"author":[{"embeddable":true,"href":"https:\/\/www.correiobraziliense.com.br\/cbradar\/wp-json\/wp\/v2\/users\/12"}],"replies":[{"embeddable":true,"href":"https:\/\/www.correiobraziliense.com.br\/cbradar\/wp-json\/wp\/v2\/comments?post=236265"}],"version-history":[{"count":1,"href":"https:\/\/www.correiobraziliense.com.br\/cbradar\/wp-json\/wp\/v2\/posts\/236265\/revisions"}],"predecessor-version":[{"id":236316,"href":"https:\/\/www.correiobraziliense.com.br\/cbradar\/wp-json\/wp\/v2\/posts\/236265\/revisions\/236316"}],"wp:featuredmedia":[{"embeddable":true,"href":"https:\/\/www.correiobraziliense.com.br\/cbradar\/wp-json\/wp\/v2\/media\/231212"}],"wp:attachment":[{"href":"https:\/\/www.correiobraziliense.com.br\/cbradar\/wp-json\/wp\/v2\/media?parent=236265"}],"wp:term":[{"taxonomy":"category","embeddable":true,"href":"https:\/\/www.correiobraziliense.com.br\/cbradar\/wp-json\/wp\/v2\/categories?post=236265"},{"taxonomy":"post_tag","embeddable":true,"href":"https:\/\/www.correiobraziliense.com.br\/cbradar\/wp-json\/wp\/v2\/tags?post=236265"}],"curies":[{"name":"wp","href":"https:\/\/api.w.org\/{rel}","templated":true}]}}