{"id":236273,"date":"2026-05-03T07:35:00","date_gmt":"2026-05-03T10:35:00","guid":{"rendered":"https:\/\/www.correiobraziliense.com.br\/cbradar\/?p=236273"},"modified":"2026-05-03T05:47:02","modified_gmt":"2026-05-03T08:47:02","slug":"a-vila-brasileira-de-400-habitantes-onde-os-moradores-ainda-deixam-a-porta-aberta-a-noite-e-foi-eleita-uma-das-mais-seguras-da-america-do-sul","status":"publish","type":"post","link":"https:\/\/www.correiobraziliense.com.br\/cbradar\/a-vila-brasileira-de-400-habitantes-onde-os-moradores-ainda-deixam-a-porta-aberta-a-noite-e-foi-eleita-uma-das-mais-seguras-da-america-do-sul\/","title":{"rendered":"A vila brasileira de 400 habitantes onde os moradores ainda deixam a porta aberta \u00e0 noite e foi eleita uma das mais seguras da Am\u00e9rica do Sul"},"content":{"rendered":"\n<p>Entre as <strong>vilas brasileiras<\/strong> que ainda preservam rotina de pra\u00e7a, conversa na cal\u00e7ada e circula\u00e7\u00e3o sem pressa, Igatu, na Chapada Diamantina, chama aten\u00e7\u00e3o por um tra\u00e7o raro. Com cerca de 400 moradores, a vila ficou conhecida pelo ambiente de confian\u00e7a, pela sensa\u00e7\u00e3o de seguran\u00e7a p\u00fablica muito acima da m\u00e9dia e pelo apelo crescente para quem busca turismo no Brasil com ritmo mais humano e forte v\u00ednculo com a vida no interior.<\/p>\n\n\n\n<h2 class=\"wp-block-heading\">Por que Igatu chama tanta aten\u00e7\u00e3o quando o assunto \u00e9 tranquilidade?<\/h2>\n\n\n\n<p>Igatu, distrito de Andara\u00ed, na Bahia, aparece em relatos de viagem e pesquisas sobre patrim\u00f4nio como uma vila de pedra, cercada por serra, ru\u00ednas do garimpo, trilhas e pousadas pequenas. O tamanho reduzido ajuda a explicar parte da fama. Em lugares assim, a circula\u00e7\u00e3o \u00e9 previs\u00edvel, os moradores se conhecem pelo nome e qualquer movimento fora do padr\u00e3o \u00e9 notado com rapidez.<\/p>\n\n\n\n<p>Essa din\u00e2mica muda a percep\u00e7\u00e3o de risco. A seguran\u00e7a p\u00fablica, nesse caso, n\u00e3o depende s\u00f3 de policiamento formal. Ela tamb\u00e9m nasce da vigil\u00e2ncia cotidiana da pr\u00f3pria comunidade, da presen\u00e7a constante nas ruas e do costume de manter portas, janelas e quintais integrados \u00e0 rotina local. \u00c9 esse tecido social que d\u00e1 lastro \u00e0 imagem de vila segura e alimenta a curiosidade de quem valoriza turismo no Brasil menos massificado.<\/p>\n\n\n\n<h2 class=\"wp-block-heading\">O que a vida no interior mant\u00e9m de diferente em rela\u00e7\u00e3o \u00e0s grandes cidades?<\/h2>\n\n\n\n<p>A vida no interior costuma operar em outra escala. O com\u00e9rcio fecha mais cedo, o fluxo de ve\u00edculos \u00e9 baixo, o sil\u00eancio noturno faz parte da paisagem e a conviv\u00eancia n\u00e3o passa tanto por condom\u00ednios fechados ou deslocamentos longos. Em vilas brasileiras como Igatu, isso cria um cotidiano em que confian\u00e7a, reputa\u00e7\u00e3o e proximidade pesam mais do que sistemas complexos de controle.<\/p>\n\n\n\n<p>Na pr\u00e1tica, alguns elementos ajudam a sustentar essa sensa\u00e7\u00e3o de resguardo:<\/p>\n\n\n\n<ul class=\"wp-block-list\">\n<li>ruas com pouco tr\u00e2nsito e circula\u00e7\u00e3o facilmente reconhec\u00edvel<\/li>\n\n\n\n<li>la\u00e7os comunit\u00e1rios fortes entre fam\u00edlias, vizinhos e comerciantes<\/li>\n\n\n\n<li>rotina de pra\u00e7a, igreja, pousada e pequenos servi\u00e7os concentrados<\/li>\n\n\n\n<li>presen\u00e7a de visitantes em escala menor, sem press\u00e3o t\u00edpica do turismo de massa<\/li>\n<\/ul>\n\n\n<div class=\"wp-block-image\">\n<figure class=\"aligncenter\"><img decoding=\"async\" width=\"1280\" height=\"720\" src=\"https:\/\/www.correiobraziliense.com.br\/cbradar\/wp-content\/uploads\/2026\/05\/a-vila-brasileira-de-400-habitantes-onde-os-moradores-a-corpo-1.jpg\" alt=\"Pousadas familiares ajudam a preservar a identidade tranquila da vila.\" class=\"wp-image-236319\" srcset=\"https:\/\/www.correiobraziliense.com.br\/cbradar\/wp-content\/uploads\/2026\/05\/a-vila-brasileira-de-400-habitantes-onde-os-moradores-a-corpo-1.jpg 1280w, https:\/\/www.correiobraziliense.com.br\/cbradar\/wp-content\/uploads\/2026\/05\/a-vila-brasileira-de-400-habitantes-onde-os-moradores-a-corpo-1-300x169.jpg 300w, https:\/\/www.correiobraziliense.com.br\/cbradar\/wp-content\/uploads\/2026\/05\/a-vila-brasileira-de-400-habitantes-onde-os-moradores-a-corpo-1-768x432.jpg 768w, https:\/\/www.correiobraziliense.com.br\/cbradar\/wp-content\/uploads\/2026\/05\/a-vila-brasileira-de-400-habitantes-onde-os-moradores-a-corpo-1-750x422.jpg 750w, https:\/\/www.correiobraziliense.com.br\/cbradar\/wp-content\/uploads\/2026\/05\/a-vila-brasileira-de-400-habitantes-onde-os-moradores-a-corpo-1-1140x641.jpg 1140w\" sizes=\"(max-width: 1280px) 100vw, 1280px\" \/><figcaption class=\"wp-element-caption\">Pousadas familiares ajudam a preservar a identidade tranquila da vila.<\/figcaption><\/figure><\/div>\n\n\n<h2 class=\"wp-block-heading\">Seguran\u00e7a p\u00fablica em vila pequena \u00e9 s\u00f3 impress\u00e3o ou existe base concreta?<\/h2>\n\n\n\n<p>Existe um componente subjetivo, claro, mas ele n\u00e3o surge do nada. Quando uma comunidade tem confian\u00e7a m\u00fatua, uso frequente dos espa\u00e7os p\u00fablicos e disposi\u00e7\u00e3o para intervir em pequenas desordens, a sensa\u00e7\u00e3o de seguran\u00e7a tende a aumentar. Isso vale para centros urbanos e tamb\u00e9m ajuda a entender o que acontece em n\u00facleos menores ligados ao turismo no Brasil rural e hist\u00f3rico.<\/p>\n\n\n\n<p>Segundo o estudo <strong>Collective efficacy and the built environment<\/strong>, publicado no peri\u00f3dico cient\u00edfico <strong>Criminology<\/strong>, bairros com maior efic\u00e1cia coletiva conseguem manter taxas menores de crime ao limitar fatores do ambiente f\u00edsico associados \u00e0 desordem. O trabalho mostra como confian\u00e7a entre vizinhos e capacidade de a\u00e7\u00e3o comunit\u00e1ria influenciam o controle cotidiano do espa\u00e7o. A leitura do resumo est\u00e1 em <a href=\"https:\/\/pubmed.ncbi.nlm.nih.gov\/35912315\/\" target=\"_blank\" rel=\"noopener noreferrer\">registro do estudo na base PubMed<\/a>. Em uma vila como Igatu, essa l\u00f3gica aparece de forma intuitiva, porque a observa\u00e7\u00e3o m\u00fatua, o cuidado com o entorno e a resposta r\u00e1pida a qualquer anormalidade fazem parte da rotina.<\/p>\n\n\n\n<h2 class=\"wp-block-heading\">Como o turismo no Brasil transforma uma vila sem destruir sua identidade?<\/h2>\n\n\n\n<p>Igatu vive um equil\u00edbrio delicado. O visitante chega atra\u00eddo pela arquitetura de pedra, pelas ru\u00ednas, pelas trilhas e pelo cen\u00e1rio da Chapada Diamantina, mas o que mais marca costuma ser a atmosfera do lugar. Quando o fluxo tur\u00edstico permanece compat\u00edvel com a capacidade da vila, o turismo no Brasil pode fortalecer renda local, manter pousadas familiares e valorizar mem\u00f3ria, sem apagar o jeito comunit\u00e1rio.<\/p>\n\n\n\n<p>Esse equil\u00edbrio depende de escolhas simples e bem concretas:<\/p>\n\n\n\n<ul class=\"wp-block-list\">\n<li>priorizar hospedagens e guias ligados \u00e0 comunidade local<\/li>\n\n\n\n<li>respeitar hor\u00e1rios, sil\u00eancio e circula\u00e7\u00e3o dos moradores<\/li>\n\n\n\n<li>evitar transformar \u00e1reas residenciais em pontos de festa improvisada<\/li>\n\n\n\n<li>consumir no com\u00e9rcio da vila para manter a economia de pequena escala<\/li>\n<\/ul>\n\n\n\n<h2 class=\"wp-block-heading\">O que torna vilas brasileiras como essa t\u00e3o fascinantes para quem visita?<\/h2>\n\n\n\n<p>Parte do encanto est\u00e1 no contraste. Em boa parte do pa\u00eds, falar de seguran\u00e7a p\u00fablica envolve medo, grade, c\u00e2mera e deslocamento apressado. Em Igatu, a paisagem de pedra e a cad\u00eancia do interior sugerem outra leitura do espa\u00e7o. O visitante percebe o som dos passos na rua, a conversa na porta e o com\u00e9rcio sem pressa, sinais que hoje parecem quase exce\u00e7\u00e3o.<\/p>\n\n\n\n<p>Vilas brasileiras com esse perfil n\u00e3o atraem apenas por beleza. Elas despertam interesse porque mostram que a vida no interior ainda conserva arranjos sociais dif\u00edceis de reproduzir em cidades maiores. Quando confian\u00e7a comunit\u00e1ria, patrim\u00f4nio hist\u00f3rico e circula\u00e7\u00e3o controlada convivem no mesmo territ\u00f3rio, o resultado \u00e9 um destino que oferece mais do que foto bonita, oferece uma experi\u00eancia concreta de pertencimento.<\/p>\n\n\n\n<h2 class=\"wp-block-heading\">Vale visitar um lugar assim apenas pela fama de ser seguro?<\/h2>\n\n\n\n<p>A fama ajuda, mas n\u00e3o deveria ser o \u00fanico motivo. Igatu faz sentido para quem gosta de caminhar, observar casario, entender a mem\u00f3ria do garimpo e sentir o ritmo de uma comunidade pequena. A sensa\u00e7\u00e3o de seguran\u00e7a aparece como parte do conjunto, n\u00e3o como atra\u00e7\u00e3o isolada. Sem esse contexto, a vila perderia justamente o que a torna singular.<\/p>\n\n\n\n<p>Para o olhar da curiosidade, o caso de Igatu mostra como seguran\u00e7a p\u00fablica, turismo no Brasil e vida no interior podem se cruzar de maneira muito particular. Em vez de um destino moldado por pressa e consumo, a vila funciona como retrato de rela\u00e7\u00f5es sociais mais pr\u00f3ximas, tra\u00e7o que ainda distingue algumas vilas brasileiras e explica por que certos lugares parecem parar no tempo sem perder relev\u00e2ncia.<\/p>\n","protected":false},"excerpt":{"rendered":"<p>Entre as vilas brasileiras que ainda preservam rotina de pra\u00e7a, conversa na cal\u00e7ada e circula\u00e7\u00e3o sem pressa, Igatu, na Chapada Diamantina, chama aten\u00e7\u00e3o por um tra\u00e7o raro. Com cerca de 400 moradores, a vila ficou conhecida pelo ambiente de confian\u00e7a, pela sensa\u00e7\u00e3o de seguran\u00e7a p\u00fablica muito acima da m\u00e9dia e pelo apelo crescente para quem [&hellip;]<\/p>\n","protected":false},"author":12,"featured_media":236271,"comment_status":"open","ping_status":"open","sticky":false,"template":"","format":"standard","meta":{"_yoast_wpseo_focuskw":"vilas brasileiras","_yoast_wpseo_title":"","_yoast_wpseo_metadesc":"Vilas brasileiras como Igatu exp\u00f5em um contraste raro no pa\u00eds, e um detalhe da rotina local ajuda a explicar por que esse lugar chama tanta aten\u00e7\u00e3o.","jnews-multi-image_gallery":[],"jnews_single_post":{"format":"standard"},"jnews_primary_category":[],"jnews_social_meta":[],"jnews_override_counter":[],"footnotes":""},"categories":[112],"tags":[144,7008,9252,18623,18622],"class_list":["post-236273","post","type-post","status-publish","format-standard","has-post-thumbnail","hentry","category-curiosidades","tag-curiosidades","tag-seguranca-publica","tag-turismo-no-brasil","tag-vida-no-interior","tag-vilas-brasileiras"],"yoast_head":"<!-- This site is optimized with the Yoast SEO plugin v24.6 - https:\/\/yoast.com\/wordpress\/plugins\/seo\/ -->\n<title>A vila brasileira de 400 habitantes onde os moradores ainda deixam a porta aberta \u00e0 noite e foi eleita uma das mais seguras da Am\u00e9rica do Sul - Correio Braziliense - Radar<\/title>\n<meta name=\"description\" content=\"Vilas brasileiras como Igatu exp\u00f5em um contraste raro no pa\u00eds, e um detalhe da rotina local ajuda a explicar por que esse lugar chama tanta aten\u00e7\u00e3o.\" \/>\n<meta name=\"robots\" content=\"index, follow, max-snippet:-1, max-image-preview:large, max-video-preview:-1\" \/>\n<link rel=\"canonical\" href=\"https:\/\/www.correiobraziliense.com.br\/cbradar\/a-vila-brasileira-de-400-habitantes-onde-os-moradores-ainda-deixam-a-porta-aberta-a-noite-e-foi-eleita-uma-das-mais-seguras-da-america-do-sul\/\" \/>\n<meta property=\"og:locale\" content=\"pt_BR\" \/>\n<meta property=\"og:type\" content=\"article\" \/>\n<meta property=\"og:title\" content=\"A vila brasileira de 400 habitantes onde os moradores ainda deixam a porta aberta \u00e0 noite e foi eleita uma das mais seguras da Am\u00e9rica do Sul - Correio Braziliense - Radar\" \/>\n<meta property=\"og:description\" content=\"Vilas brasileiras como Igatu exp\u00f5em um contraste raro no pa\u00eds, e um detalhe da rotina local ajuda a explicar por que esse lugar chama tanta aten\u00e7\u00e3o.\" \/>\n<meta property=\"og:url\" content=\"https:\/\/www.correiobraziliense.com.br\/cbradar\/a-vila-brasileira-de-400-habitantes-onde-os-moradores-ainda-deixam-a-porta-aberta-a-noite-e-foi-eleita-uma-das-mais-seguras-da-america-do-sul\/\" \/>\n<meta property=\"og:site_name\" content=\"Correio Braziliense - Radar\" \/>\n<meta property=\"article:published_time\" content=\"2026-05-03T10:35:00+00:00\" \/>\n<meta property=\"og:image\" content=\"https:\/\/www.correiobraziliense.com.br\/cbradar\/wp-content\/uploads\/2026\/05\/a-vila-brasileira-de-400-habitantes-onde-os-moradores-ainda-.jpg\" \/>\n\t<meta property=\"og:image:width\" content=\"1280\" \/>\n\t<meta property=\"og:image:height\" content=\"720\" \/>\n\t<meta property=\"og:image:type\" content=\"image\/jpeg\" \/>\n<meta name=\"author\" content=\"Gabriel Leme\" \/>\n<meta name=\"twitter:card\" content=\"summary_large_image\" \/>\n<meta name=\"twitter:label1\" content=\"Escrito por\" \/>\n\t<meta name=\"twitter:data1\" content=\"Gabriel Leme\" \/>\n\t<meta name=\"twitter:label2\" content=\"Est. tempo de leitura\" \/>\n\t<meta name=\"twitter:data2\" content=\"6 minutos\" \/>\n<!-- \/ Yoast SEO plugin. -->","yoast_head_json":{"title":"A vila brasileira de 400 habitantes onde os moradores ainda deixam a porta aberta \u00e0 noite e foi eleita uma das mais seguras da Am\u00e9rica do Sul - Correio Braziliense - Radar","description":"Vilas brasileiras como Igatu exp\u00f5em um contraste raro no pa\u00eds, e um detalhe da rotina local ajuda a explicar por que esse lugar chama tanta aten\u00e7\u00e3o.","robots":{"index":"index","follow":"follow","max-snippet":"max-snippet:-1","max-image-preview":"max-image-preview:large","max-video-preview":"max-video-preview:-1"},"canonical":"https:\/\/www.correiobraziliense.com.br\/cbradar\/a-vila-brasileira-de-400-habitantes-onde-os-moradores-ainda-deixam-a-porta-aberta-a-noite-e-foi-eleita-uma-das-mais-seguras-da-america-do-sul\/","og_locale":"pt_BR","og_type":"article","og_title":"A vila brasileira de 400 habitantes onde os moradores ainda deixam a porta aberta \u00e0 noite e foi eleita uma das mais seguras da Am\u00e9rica do Sul - Correio Braziliense - Radar","og_description":"Vilas brasileiras como Igatu exp\u00f5em um contraste raro no pa\u00eds, e um detalhe da rotina local ajuda a explicar por que esse lugar chama tanta aten\u00e7\u00e3o.","og_url":"https:\/\/www.correiobraziliense.com.br\/cbradar\/a-vila-brasileira-de-400-habitantes-onde-os-moradores-ainda-deixam-a-porta-aberta-a-noite-e-foi-eleita-uma-das-mais-seguras-da-america-do-sul\/","og_site_name":"Correio Braziliense - Radar","article_published_time":"2026-05-03T10:35:00+00:00","og_image":[{"width":1280,"height":720,"url":"https:\/\/www.correiobraziliense.com.br\/cbradar\/wp-content\/uploads\/2026\/05\/a-vila-brasileira-de-400-habitantes-onde-os-moradores-ainda-.jpg","type":"image\/jpeg"}],"author":"Gabriel Leme","twitter_card":"summary_large_image","twitter_misc":{"Escrito por":"Gabriel Leme","Est. tempo de leitura":"6 minutos"},"schema":{"@context":"https:\/\/schema.org","@graph":[{"@type":"WebPage","@id":"https:\/\/www.correiobraziliense.com.br\/cbradar\/a-vila-brasileira-de-400-habitantes-onde-os-moradores-ainda-deixam-a-porta-aberta-a-noite-e-foi-eleita-uma-das-mais-seguras-da-america-do-sul\/","url":"https:\/\/www.correiobraziliense.com.br\/cbradar\/a-vila-brasileira-de-400-habitantes-onde-os-moradores-ainda-deixam-a-porta-aberta-a-noite-e-foi-eleita-uma-das-mais-seguras-da-america-do-sul\/","name":"A vila brasileira de 400 habitantes onde os moradores ainda deixam a porta aberta \u00e0 noite e foi eleita uma das mais seguras da Am\u00e9rica do Sul - Correio Braziliense - Radar","isPartOf":{"@id":"https:\/\/www.correiobraziliense.com.br\/cbradar\/#website"},"primaryImageOfPage":{"@id":"https:\/\/www.correiobraziliense.com.br\/cbradar\/a-vila-brasileira-de-400-habitantes-onde-os-moradores-ainda-deixam-a-porta-aberta-a-noite-e-foi-eleita-uma-das-mais-seguras-da-america-do-sul\/#primaryimage"},"image":{"@id":"https:\/\/www.correiobraziliense.com.br\/cbradar\/a-vila-brasileira-de-400-habitantes-onde-os-moradores-ainda-deixam-a-porta-aberta-a-noite-e-foi-eleita-uma-das-mais-seguras-da-america-do-sul\/#primaryimage"},"thumbnailUrl":"https:\/\/www.correiobraziliense.com.br\/cbradar\/wp-content\/uploads\/2026\/05\/a-vila-brasileira-de-400-habitantes-onde-os-moradores-ainda-.jpg","datePublished":"2026-05-03T10:35:00+00:00","author":{"@id":"https:\/\/www.correiobraziliense.com.br\/cbradar\/#\/schema\/person\/67a081d63a0fe55fb267145a7be2f7c1"},"description":"Vilas brasileiras como Igatu exp\u00f5em um contraste raro no pa\u00eds, e um detalhe da rotina local ajuda a explicar por que esse lugar chama tanta aten\u00e7\u00e3o.","breadcrumb":{"@id":"https:\/\/www.correiobraziliense.com.br\/cbradar\/a-vila-brasileira-de-400-habitantes-onde-os-moradores-ainda-deixam-a-porta-aberta-a-noite-e-foi-eleita-uma-das-mais-seguras-da-america-do-sul\/#breadcrumb"},"inLanguage":"pt-BR","potentialAction":[{"@type":"ReadAction","target":["https:\/\/www.correiobraziliense.com.br\/cbradar\/a-vila-brasileira-de-400-habitantes-onde-os-moradores-ainda-deixam-a-porta-aberta-a-noite-e-foi-eleita-uma-das-mais-seguras-da-america-do-sul\/"]}]},{"@type":"ImageObject","inLanguage":"pt-BR","@id":"https:\/\/www.correiobraziliense.com.br\/cbradar\/a-vila-brasileira-de-400-habitantes-onde-os-moradores-ainda-deixam-a-porta-aberta-a-noite-e-foi-eleita-uma-das-mais-seguras-da-america-do-sul\/#primaryimage","url":"https:\/\/www.correiobraziliense.com.br\/cbradar\/wp-content\/uploads\/2026\/05\/a-vila-brasileira-de-400-habitantes-onde-os-moradores-ainda-.jpg","contentUrl":"https:\/\/www.correiobraziliense.com.br\/cbradar\/wp-content\/uploads\/2026\/05\/a-vila-brasileira-de-400-habitantes-onde-os-moradores-ainda-.jpg","width":1280,"height":720,"caption":"Igatu une casario de pedra, tranquilidade rara e turismo em ritmo humano."},{"@type":"BreadcrumbList","@id":"https:\/\/www.correiobraziliense.com.br\/cbradar\/a-vila-brasileira-de-400-habitantes-onde-os-moradores-ainda-deixam-a-porta-aberta-a-noite-e-foi-eleita-uma-das-mais-seguras-da-america-do-sul\/#breadcrumb","itemListElement":[{"@type":"ListItem","position":1,"name":"In\u00edcio","item":"https:\/\/www.correiobraziliense.com.br\/cbradar\/"},{"@type":"ListItem","position":2,"name":"A vila brasileira de 400 habitantes onde os moradores ainda deixam a porta aberta \u00e0 noite e foi eleita uma das mais seguras da Am\u00e9rica do Sul"}]},{"@type":"WebSite","@id":"https:\/\/www.correiobraziliense.com.br\/cbradar\/#website","url":"https:\/\/www.correiobraziliense.com.br\/cbradar\/","name":"Correio Braziliense - Radar","description":"Acompanhe as \u00faltimas not\u00edcias e fique bem informado sobre tudo o que acontece no Brasil e no mundo.","potentialAction":[{"@type":"SearchAction","target":{"@type":"EntryPoint","urlTemplate":"https:\/\/www.correiobraziliense.com.br\/cbradar\/?s={search_term_string}"},"query-input":{"@type":"PropertyValueSpecification","valueRequired":true,"valueName":"search_term_string"}}],"inLanguage":"pt-BR"},{"@type":"Person","@id":"https:\/\/www.correiobraziliense.com.br\/cbradar\/#\/schema\/person\/67a081d63a0fe55fb267145a7be2f7c1","name":"Gabriel Leme","image":{"@type":"ImageObject","inLanguage":"pt-BR","@id":"https:\/\/www.correiobraziliense.com.br\/cbradar\/#\/schema\/person\/image\/","url":"https:\/\/secure.gravatar.com\/avatar\/85bf2e3517d27149969b72412b460c20?s=96&d=mm&r=g","contentUrl":"https:\/\/secure.gravatar.com\/avatar\/85bf2e3517d27149969b72412b460c20?s=96&d=mm&r=g","caption":"Gabriel Leme"},"sameAs":["https:\/\/www.correiobraziliense.com.br\/"],"url":"https:\/\/www.correiobraziliense.com.br\/cbradar\/author\/gabrielmyth\/"}]}},"_links":{"self":[{"href":"https:\/\/www.correiobraziliense.com.br\/cbradar\/wp-json\/wp\/v2\/posts\/236273","targetHints":{"allow":["GET"]}}],"collection":[{"href":"https:\/\/www.correiobraziliense.com.br\/cbradar\/wp-json\/wp\/v2\/posts"}],"about":[{"href":"https:\/\/www.correiobraziliense.com.br\/cbradar\/wp-json\/wp\/v2\/types\/post"}],"author":[{"embeddable":true,"href":"https:\/\/www.correiobraziliense.com.br\/cbradar\/wp-json\/wp\/v2\/users\/12"}],"replies":[{"embeddable":true,"href":"https:\/\/www.correiobraziliense.com.br\/cbradar\/wp-json\/wp\/v2\/comments?post=236273"}],"version-history":[{"count":1,"href":"https:\/\/www.correiobraziliense.com.br\/cbradar\/wp-json\/wp\/v2\/posts\/236273\/revisions"}],"predecessor-version":[{"id":236320,"href":"https:\/\/www.correiobraziliense.com.br\/cbradar\/wp-json\/wp\/v2\/posts\/236273\/revisions\/236320"}],"wp:featuredmedia":[{"embeddable":true,"href":"https:\/\/www.correiobraziliense.com.br\/cbradar\/wp-json\/wp\/v2\/media\/236271"}],"wp:attachment":[{"href":"https:\/\/www.correiobraziliense.com.br\/cbradar\/wp-json\/wp\/v2\/media?parent=236273"}],"wp:term":[{"taxonomy":"category","embeddable":true,"href":"https:\/\/www.correiobraziliense.com.br\/cbradar\/wp-json\/wp\/v2\/categories?post=236273"},{"taxonomy":"post_tag","embeddable":true,"href":"https:\/\/www.correiobraziliense.com.br\/cbradar\/wp-json\/wp\/v2\/tags?post=236273"}],"curies":[{"name":"wp","href":"https:\/\/api.w.org\/{rel}","templated":true}]}}