{"id":236279,"date":"2026-05-03T08:20:00","date_gmt":"2026-05-03T11:20:00","guid":{"rendered":"https:\/\/www.correiobraziliense.com.br\/cbradar\/?p=236279"},"modified":"2026-05-03T05:47:20","modified_gmt":"2026-05-03T08:47:20","slug":"a-psicologia-explica-que-filhos-mais-velhos-que-cuidaram-dos-irmaos-nao-desenvolveram-apenas-responsabilidade-carregam-uma-dificuldade-silenciosa-de-pedir-ajuda-na-vida-adulta","status":"publish","type":"post","link":"https:\/\/www.correiobraziliense.com.br\/cbradar\/a-psicologia-explica-que-filhos-mais-velhos-que-cuidaram-dos-irmaos-nao-desenvolveram-apenas-responsabilidade-carregam-uma-dificuldade-silenciosa-de-pedir-ajuda-na-vida-adulta\/","title":{"rendered":"A psicologia explica que filhos mais velhos que cuidaram dos irm\u00e3os n\u00e3o desenvolveram apenas responsabilidade, carregam uma dificuldade silenciosa de pedir ajuda na vida adulta"},"content":{"rendered":"\n<p>A <strong>psicologia<\/strong> observa h\u00e1 d\u00e9cadas um padr\u00e3o recorrente em lares com divis\u00e3o desigual de cuidado. Muitos <strong>filhos mais velhos<\/strong> cresceram ocupando fun\u00e7\u00f5es de vigil\u00e2ncia, media\u00e7\u00e3o de conflitos e apoio afetivo aos irm\u00e3os, dentro de uma din\u00e2mica familiar que premiava maturidade precoce. Na vida adulta, esse hist\u00f3rico nem sempre aparece como trauma evidente, mas costuma surgir em rela\u00e7\u00f5es, trabalho e autocuidado.<\/p>\n\n\n\n<h2 class=\"wp-block-heading\">Por que o filho mais velho vira apoio emocional t\u00e3o cedo?<\/h2>\n\n\n\n<p>Filhos mais velhos costumam receber tarefas antes do tempo: buscar o irm\u00e3o na escola, acalmar discuss\u00f5es, perceber o humor da m\u00e3e, evitar que o pai se estresse. Em muitas casas, isso parece apenas colabora\u00e7\u00e3o, mas a din\u00e2mica familiar pode transformar uma crian\u00e7a em refer\u00eancia de estabilidade quando ela ainda est\u00e1 formando a pr\u00f3pria seguran\u00e7a emocional.<\/p>\n\n\n\n<p>Essa passagem silenciosa de lugar cria a chamada <strong>responsabilidade emocional<\/strong>. A crian\u00e7a aprende que seu valor est\u00e1 em antecipar problemas, segurar o ambiente e n\u00e3o dar trabalho. Mais tarde, pedir colo, dividir medo ou admitir exaust\u00e3o pode soar como falha, n\u00e3o como necessidade leg\u00edtima.<\/p>\n\n\n\n<h2 class=\"wp-block-heading\">Quais sinais aparecem na vida adulta?<\/h2>\n\n\n\n<p>Quando esse padr\u00e3o se mant\u00e9m por muitos anos, a dificuldade de pedir ajuda aparece de formas discretas, mas consistentes. Ela nem sempre vem com consci\u00eancia clara de origem.<\/p>\n\n\n\n<ul class=\"wp-block-list\">\n<li>Adiamento de consultas, descanso e decis\u00f5es importantes.<\/li>\n\n\n\n<li>Inc\u00f4modo ao depender de parceiro, amigos ou colegas.<\/li>\n\n\n\n<li>Tend\u00eancia a resolver crises sozinho, mesmo sobrecarregado.<\/li>\n\n\n\n<li>Culpa ao receber cuidado, aten\u00e7\u00e3o ou suporte financeiro.<\/li>\n\n\n\n<li>H\u00e1bito de ouvir todos, mas esconder o pr\u00f3prio sofrimento.<\/li>\n<\/ul>\n\n\n<div class=\"wp-block-image\">\n<figure class=\"aligncenter\"><img decoding=\"async\" width=\"1280\" height=\"720\" src=\"https:\/\/www.correiobraziliense.com.br\/cbradar\/wp-content\/uploads\/2026\/05\/a-psicologia-explica-que-filhos-mais-velhos-que-cuidara-corpo-1.jpg\" alt=\"Aprender a pedir ajuda sem culpa exige reconhecer o padr\u00e3o familiar.\" class=\"wp-image-236323\" srcset=\"https:\/\/www.correiobraziliense.com.br\/cbradar\/wp-content\/uploads\/2026\/05\/a-psicologia-explica-que-filhos-mais-velhos-que-cuidara-corpo-1.jpg 1280w, https:\/\/www.correiobraziliense.com.br\/cbradar\/wp-content\/uploads\/2026\/05\/a-psicologia-explica-que-filhos-mais-velhos-que-cuidara-corpo-1-300x169.jpg 300w, https:\/\/www.correiobraziliense.com.br\/cbradar\/wp-content\/uploads\/2026\/05\/a-psicologia-explica-que-filhos-mais-velhos-que-cuidara-corpo-1-768x432.jpg 768w, https:\/\/www.correiobraziliense.com.br\/cbradar\/wp-content\/uploads\/2026\/05\/a-psicologia-explica-que-filhos-mais-velhos-que-cuidara-corpo-1-750x422.jpg 750w, https:\/\/www.correiobraziliense.com.br\/cbradar\/wp-content\/uploads\/2026\/05\/a-psicologia-explica-que-filhos-mais-velhos-que-cuidara-corpo-1-1140x641.jpg 1140w\" sizes=\"(max-width: 1280px) 100vw, 1280px\" \/><figcaption class=\"wp-element-caption\">Aprender a pedir ajuda sem culpa exige reconhecer o padr\u00e3o familiar.<\/figcaption><\/figure><\/div>\n\n\n<h2 class=\"wp-block-heading\">A din\u00e2mica familiar confunde cuidado com fun\u00e7\u00e3o?<\/h2>\n\n\n\n<p>Cuidar do irm\u00e3o por um momento espec\u00edfico n\u00e3o \u00e9, por si s\u00f3, um problema. O ponto cr\u00edtico aparece quando a din\u00e2mica familiar transforma esse cuidado em papel fixo, quase identit\u00e1rio. A crian\u00e7a deixa de ser apenas filha ou filho e passa a operar como auxiliar dos adultos, int\u00e9rprete das emo\u00e7\u00f5es da casa e amortecedor de tens\u00f5es.<\/p>\n\n\n\n<p>Nesse cen\u00e1rio, filhos mais velhos aprendem regras impl\u00edcitas: ser forte, n\u00e3o reclamar, n\u00e3o aumentar o peso da rotina, perceber tudo antes de todos. Isso produz compet\u00eancia pr\u00e1tica, sim, mas tamb\u00e9m hipervigil\u00e2ncia, autocontrole excessivo e pouca intimidade com a pr\u00f3pria vulnerabilidade. A pessoa sabe apoiar, mas n\u00e3o sabe se apoiar nos outros.<\/p>\n\n\n\n<h2 class=\"wp-block-heading\">O que a pesquisa mostra sobre esse excesso de responsabilidade?<\/h2>\n\n\n\n<p>Esse tema ganhou mais precis\u00e3o cl\u00ednica com o conceito de parentifica\u00e7\u00e3o, usado quando a crian\u00e7a assume fun\u00e7\u00f5es emocionais ou instrumentais que caberiam aos adultos. Segundo o estudo <strong>Emotional Childhood Parentification and Mental Disorders in Adulthood<\/strong>, publicado no peri\u00f3dico <strong>Psychotherapie, Psychosomatik, Medizinische Psychologie<\/strong>, esse tipo de invers\u00e3o de pap\u00e9is na inf\u00e2ncia pode se associar a sofrimento ps\u00edquico na vida adulta, especialmente quando o cuidado infantil vira obriga\u00e7\u00e3o cr\u00f4nica e sem suporte. O artigo pode ser consultado em <a href=\"https:\/\/pubmed.ncbi.nlm.nih.gov\/21660897\/\" target=\"_blank\" rel=\"noopener noreferrer\">registro do estudo sobre parentifica\u00e7\u00e3o emocional na inf\u00e2ncia e transtornos mentais na vida adulta<\/a>.<\/p>\n\n\n\n<p>Na pr\u00e1tica cl\u00ednica, esse achado ajuda a entender por que responsabilidade emocional excessiva n\u00e3o produz apenas maturidade. Ela tamb\u00e9m pode reduzir espontaneidade, aumentar culpa e dificultar pedidos de apoio. A pessoa funciona bem por fora, mas trava justamente na hora de dizer que n\u00e3o est\u00e1 conseguindo sustentar tudo sozinha.<\/p>\n\n\n\n<h2 class=\"wp-block-heading\">Como esse padr\u00e3o afeta v\u00ednculos, trabalho e autocuidado?<\/h2>\n\n\n\n<p>No trabalho, adultos com esse hist\u00f3rico costumam assumir mais demandas do que deveriam, evitar delegar e sentir desconforto diante de supervis\u00e3o ou orienta\u00e7\u00e3o. Nos v\u00ednculos afetivos, podem escolher o lugar de quem sustenta a rela\u00e7\u00e3o, escuta, organiza e perdoa, mas quase nunca verbaliza car\u00eancia. A psicologia v\u00ea nisso um roteiro aprendido, n\u00e3o um tra\u00e7o imut\u00e1vel de personalidade.<\/p>\n\n\n\n<p>Esse roteiro aparece em detalhes concretos do cotidiano:<\/p>\n\n\n\n<ul class=\"wp-block-list\">\n<li>Responder mensagens de todos, mas ignorar o pr\u00f3prio cansa\u00e7o.<\/li>\n\n\n\n<li>Oferecer ajuda r\u00e1pido, mas hesitar antes de pedir companhia.<\/li>\n\n\n\n<li>Sentir vergonha ao admitir confus\u00e3o, tristeza ou medo.<\/li>\n\n\n\n<li>Associar autonomia extrema a seguran\u00e7a emocional.<\/li>\n\n\n\n<li>Interpretar acolhimento como d\u00edvida a ser compensada.<\/li>\n<\/ul>\n\n\n\n<h2 class=\"wp-block-heading\">\u00c9 poss\u00edvel reaprender a pedir ajuda sem culpa?<\/h2>\n\n\n\n<p>Sim, mas o processo costuma exigir nomea\u00e7\u00e3o clara da experi\u00eancia. Quando filhos mais velhos percebem que foram treinados para funcionar como apoio constante, a dificuldade de pedir ajuda deixa de parecer defeito moral. Ela passa a ser vista como resposta adaptativa a uma din\u00e2mica familiar espec\u00edfica, constru\u00edda na inf\u00e2ncia e refor\u00e7ada ao longo dos anos.<\/p>\n\n\n\n<p>Esse reposicionamento \u00e9 central para a categoria de curiosidades porque revela algo pouco \u00f3bvio sobre comportamento humano: nem toda autonomia \u00e9 sinal de equil\u00edbrio. Em muitos casos, o excesso de controle, de prontid\u00e3o e de sil\u00eancio emocional nasceu de uma casa em que responsabilidade emocional veio antes da idade certa, e a psicologia oferece linguagem \u00fatil para reconhecer esse padr\u00e3o com mais precis\u00e3o.<\/p>\n","protected":false},"excerpt":{"rendered":"<p>A psicologia observa h\u00e1 d\u00e9cadas um padr\u00e3o recorrente em lares com divis\u00e3o desigual de cuidado. Muitos filhos mais velhos cresceram ocupando fun\u00e7\u00f5es de vigil\u00e2ncia, media\u00e7\u00e3o de conflitos e apoio afetivo aos irm\u00e3os, dentro de uma din\u00e2mica familiar que premiava maturidade precoce. Na vida adulta, esse hist\u00f3rico nem sempre aparece como trauma evidente, mas costuma surgir [&hellip;]<\/p>\n","protected":false},"author":12,"featured_media":236277,"comment_status":"open","ping_status":"open","sticky":false,"template":"","format":"standard","meta":{"_yoast_wpseo_focuskw":"psicologia","_yoast_wpseo_title":"","_yoast_wpseo_metadesc":"A psicologia aponta um tra\u00e7o pouco notado em filhos mais velhos: a autonomia admirada \u00e0s vezes encobre um bloqueio emocional que persiste por anos","jnews-multi-image_gallery":[],"jnews_single_post":{"format":"standard"},"jnews_primary_category":[],"jnews_social_meta":[],"jnews_override_counter":[],"footnotes":""},"categories":[112],"tags":[144,8027,18626,404,18304],"class_list":["post-236279","post","type-post","status-publish","format-standard","has-post-thumbnail","hentry","category-curiosidades","tag-curiosidades","tag-dinamica-familiar","tag-filhos-mais-velhos","tag-psicologia","tag-responsabilidade-emocional"],"yoast_head":"<!-- This site is optimized with the Yoast SEO plugin v24.6 - https:\/\/yoast.com\/wordpress\/plugins\/seo\/ -->\n<title>A psicologia explica que filhos mais velhos que cuidaram dos irm\u00e3os n\u00e3o desenvolveram apenas responsabilidade, carregam uma dificuldade silenciosa de pedir ajuda na vida adulta - Correio Braziliense - Radar<\/title>\n<meta name=\"description\" content=\"A psicologia aponta um tra\u00e7o pouco notado em filhos mais velhos: a autonomia admirada \u00e0s vezes encobre um bloqueio emocional que persiste por anos\" \/>\n<meta name=\"robots\" content=\"index, follow, max-snippet:-1, max-image-preview:large, max-video-preview:-1\" \/>\n<link rel=\"canonical\" href=\"https:\/\/www.correiobraziliense.com.br\/cbradar\/a-psicologia-explica-que-filhos-mais-velhos-que-cuidaram-dos-irmaos-nao-desenvolveram-apenas-responsabilidade-carregam-uma-dificuldade-silenciosa-de-pedir-ajuda-na-vida-adulta\/\" \/>\n<meta property=\"og:locale\" content=\"pt_BR\" \/>\n<meta property=\"og:type\" content=\"article\" \/>\n<meta property=\"og:title\" content=\"A psicologia explica que filhos mais velhos que cuidaram dos irm\u00e3os n\u00e3o desenvolveram apenas responsabilidade, carregam uma dificuldade silenciosa de pedir ajuda na vida adulta - Correio Braziliense - Radar\" \/>\n<meta property=\"og:description\" content=\"A psicologia aponta um tra\u00e7o pouco notado em filhos mais velhos: a autonomia admirada \u00e0s vezes encobre um bloqueio emocional que persiste por anos\" \/>\n<meta property=\"og:url\" content=\"https:\/\/www.correiobraziliense.com.br\/cbradar\/a-psicologia-explica-que-filhos-mais-velhos-que-cuidaram-dos-irmaos-nao-desenvolveram-apenas-responsabilidade-carregam-uma-dificuldade-silenciosa-de-pedir-ajuda-na-vida-adulta\/\" \/>\n<meta property=\"og:site_name\" content=\"Correio Braziliense - Radar\" \/>\n<meta property=\"article:published_time\" content=\"2026-05-03T11:20:00+00:00\" \/>\n<meta property=\"og:image\" content=\"https:\/\/www.correiobraziliense.com.br\/cbradar\/wp-content\/uploads\/2026\/05\/a-psicologia-explica-que-filhos-mais-velhos-que-cuidaram-dos.jpg\" \/>\n\t<meta property=\"og:image:width\" content=\"1280\" \/>\n\t<meta property=\"og:image:height\" content=\"720\" \/>\n\t<meta property=\"og:image:type\" content=\"image\/jpeg\" \/>\n<meta name=\"author\" content=\"Gabriel Leme\" \/>\n<meta name=\"twitter:card\" content=\"summary_large_image\" \/>\n<meta name=\"twitter:label1\" content=\"Escrito por\" \/>\n\t<meta name=\"twitter:data1\" content=\"Gabriel Leme\" \/>\n\t<meta name=\"twitter:label2\" content=\"Est. tempo de leitura\" \/>\n\t<meta name=\"twitter:data2\" content=\"5 minutos\" \/>\n<!-- \/ Yoast SEO plugin. -->","yoast_head_json":{"title":"A psicologia explica que filhos mais velhos que cuidaram dos irm\u00e3os n\u00e3o desenvolveram apenas responsabilidade, carregam uma dificuldade silenciosa de pedir ajuda na vida adulta - Correio Braziliense - Radar","description":"A psicologia aponta um tra\u00e7o pouco notado em filhos mais velhos: a autonomia admirada \u00e0s vezes encobre um bloqueio emocional que persiste por anos","robots":{"index":"index","follow":"follow","max-snippet":"max-snippet:-1","max-image-preview":"max-image-preview:large","max-video-preview":"max-video-preview:-1"},"canonical":"https:\/\/www.correiobraziliense.com.br\/cbradar\/a-psicologia-explica-que-filhos-mais-velhos-que-cuidaram-dos-irmaos-nao-desenvolveram-apenas-responsabilidade-carregam-uma-dificuldade-silenciosa-de-pedir-ajuda-na-vida-adulta\/","og_locale":"pt_BR","og_type":"article","og_title":"A psicologia explica que filhos mais velhos que cuidaram dos irm\u00e3os n\u00e3o desenvolveram apenas responsabilidade, carregam uma dificuldade silenciosa de pedir ajuda na vida adulta - Correio Braziliense - Radar","og_description":"A psicologia aponta um tra\u00e7o pouco notado em filhos mais velhos: a autonomia admirada \u00e0s vezes encobre um bloqueio emocional que persiste por anos","og_url":"https:\/\/www.correiobraziliense.com.br\/cbradar\/a-psicologia-explica-que-filhos-mais-velhos-que-cuidaram-dos-irmaos-nao-desenvolveram-apenas-responsabilidade-carregam-uma-dificuldade-silenciosa-de-pedir-ajuda-na-vida-adulta\/","og_site_name":"Correio Braziliense - Radar","article_published_time":"2026-05-03T11:20:00+00:00","og_image":[{"width":1280,"height":720,"url":"https:\/\/www.correiobraziliense.com.br\/cbradar\/wp-content\/uploads\/2026\/05\/a-psicologia-explica-que-filhos-mais-velhos-que-cuidaram-dos.jpg","type":"image\/jpeg"}],"author":"Gabriel Leme","twitter_card":"summary_large_image","twitter_misc":{"Escrito por":"Gabriel Leme","Est. tempo de leitura":"5 minutos"},"schema":{"@context":"https:\/\/schema.org","@graph":[{"@type":"WebPage","@id":"https:\/\/www.correiobraziliense.com.br\/cbradar\/a-psicologia-explica-que-filhos-mais-velhos-que-cuidaram-dos-irmaos-nao-desenvolveram-apenas-responsabilidade-carregam-uma-dificuldade-silenciosa-de-pedir-ajuda-na-vida-adulta\/","url":"https:\/\/www.correiobraziliense.com.br\/cbradar\/a-psicologia-explica-que-filhos-mais-velhos-que-cuidaram-dos-irmaos-nao-desenvolveram-apenas-responsabilidade-carregam-uma-dificuldade-silenciosa-de-pedir-ajuda-na-vida-adulta\/","name":"A psicologia explica que filhos mais velhos que cuidaram dos irm\u00e3os n\u00e3o desenvolveram apenas responsabilidade, carregam uma dificuldade silenciosa de pedir ajuda na vida adulta - Correio Braziliense - Radar","isPartOf":{"@id":"https:\/\/www.correiobraziliense.com.br\/cbradar\/#website"},"primaryImageOfPage":{"@id":"https:\/\/www.correiobraziliense.com.br\/cbradar\/a-psicologia-explica-que-filhos-mais-velhos-que-cuidaram-dos-irmaos-nao-desenvolveram-apenas-responsabilidade-carregam-uma-dificuldade-silenciosa-de-pedir-ajuda-na-vida-adulta\/#primaryimage"},"image":{"@id":"https:\/\/www.correiobraziliense.com.br\/cbradar\/a-psicologia-explica-que-filhos-mais-velhos-que-cuidaram-dos-irmaos-nao-desenvolveram-apenas-responsabilidade-carregam-uma-dificuldade-silenciosa-de-pedir-ajuda-na-vida-adulta\/#primaryimage"},"thumbnailUrl":"https:\/\/www.correiobraziliense.com.br\/cbradar\/wp-content\/uploads\/2026\/05\/a-psicologia-explica-que-filhos-mais-velhos-que-cuidaram-dos.jpg","datePublished":"2026-05-03T11:20:00+00:00","author":{"@id":"https:\/\/www.correiobraziliense.com.br\/cbradar\/#\/schema\/person\/67a081d63a0fe55fb267145a7be2f7c1"},"description":"A psicologia aponta um tra\u00e7o pouco notado em filhos mais velhos: a autonomia admirada \u00e0s vezes encobre um bloqueio emocional que persiste por anos","breadcrumb":{"@id":"https:\/\/www.correiobraziliense.com.br\/cbradar\/a-psicologia-explica-que-filhos-mais-velhos-que-cuidaram-dos-irmaos-nao-desenvolveram-apenas-responsabilidade-carregam-uma-dificuldade-silenciosa-de-pedir-ajuda-na-vida-adulta\/#breadcrumb"},"inLanguage":"pt-BR","potentialAction":[{"@type":"ReadAction","target":["https:\/\/www.correiobraziliense.com.br\/cbradar\/a-psicologia-explica-que-filhos-mais-velhos-que-cuidaram-dos-irmaos-nao-desenvolveram-apenas-responsabilidade-carregam-uma-dificuldade-silenciosa-de-pedir-ajuda-na-vida-adulta\/"]}]},{"@type":"ImageObject","inLanguage":"pt-BR","@id":"https:\/\/www.correiobraziliense.com.br\/cbradar\/a-psicologia-explica-que-filhos-mais-velhos-que-cuidaram-dos-irmaos-nao-desenvolveram-apenas-responsabilidade-carregam-uma-dificuldade-silenciosa-de-pedir-ajuda-na-vida-adulta\/#primaryimage","url":"https:\/\/www.correiobraziliense.com.br\/cbradar\/wp-content\/uploads\/2026\/05\/a-psicologia-explica-que-filhos-mais-velhos-que-cuidaram-dos.jpg","contentUrl":"https:\/\/www.correiobraziliense.com.br\/cbradar\/wp-content\/uploads\/2026\/05\/a-psicologia-explica-que-filhos-mais-velhos-que-cuidaram-dos.jpg","width":1280,"height":720,"caption":"Filhos mais velhos podem carregar responsabilidades emocionais excessivas na vida adulta."},{"@type":"BreadcrumbList","@id":"https:\/\/www.correiobraziliense.com.br\/cbradar\/a-psicologia-explica-que-filhos-mais-velhos-que-cuidaram-dos-irmaos-nao-desenvolveram-apenas-responsabilidade-carregam-uma-dificuldade-silenciosa-de-pedir-ajuda-na-vida-adulta\/#breadcrumb","itemListElement":[{"@type":"ListItem","position":1,"name":"In\u00edcio","item":"https:\/\/www.correiobraziliense.com.br\/cbradar\/"},{"@type":"ListItem","position":2,"name":"A psicologia explica que filhos mais velhos que cuidaram dos irm\u00e3os n\u00e3o desenvolveram apenas responsabilidade, carregam uma dificuldade silenciosa de pedir ajuda na vida adulta"}]},{"@type":"WebSite","@id":"https:\/\/www.correiobraziliense.com.br\/cbradar\/#website","url":"https:\/\/www.correiobraziliense.com.br\/cbradar\/","name":"Correio Braziliense - Radar","description":"Acompanhe as \u00faltimas not\u00edcias e fique bem informado sobre tudo o que acontece no Brasil e no mundo.","potentialAction":[{"@type":"SearchAction","target":{"@type":"EntryPoint","urlTemplate":"https:\/\/www.correiobraziliense.com.br\/cbradar\/?s={search_term_string}"},"query-input":{"@type":"PropertyValueSpecification","valueRequired":true,"valueName":"search_term_string"}}],"inLanguage":"pt-BR"},{"@type":"Person","@id":"https:\/\/www.correiobraziliense.com.br\/cbradar\/#\/schema\/person\/67a081d63a0fe55fb267145a7be2f7c1","name":"Gabriel Leme","image":{"@type":"ImageObject","inLanguage":"pt-BR","@id":"https:\/\/www.correiobraziliense.com.br\/cbradar\/#\/schema\/person\/image\/","url":"https:\/\/secure.gravatar.com\/avatar\/85bf2e3517d27149969b72412b460c20?s=96&d=mm&r=g","contentUrl":"https:\/\/secure.gravatar.com\/avatar\/85bf2e3517d27149969b72412b460c20?s=96&d=mm&r=g","caption":"Gabriel Leme"},"sameAs":["https:\/\/www.correiobraziliense.com.br\/"],"url":"https:\/\/www.correiobraziliense.com.br\/cbradar\/author\/gabrielmyth\/"}]}},"_links":{"self":[{"href":"https:\/\/www.correiobraziliense.com.br\/cbradar\/wp-json\/wp\/v2\/posts\/236279","targetHints":{"allow":["GET"]}}],"collection":[{"href":"https:\/\/www.correiobraziliense.com.br\/cbradar\/wp-json\/wp\/v2\/posts"}],"about":[{"href":"https:\/\/www.correiobraziliense.com.br\/cbradar\/wp-json\/wp\/v2\/types\/post"}],"author":[{"embeddable":true,"href":"https:\/\/www.correiobraziliense.com.br\/cbradar\/wp-json\/wp\/v2\/users\/12"}],"replies":[{"embeddable":true,"href":"https:\/\/www.correiobraziliense.com.br\/cbradar\/wp-json\/wp\/v2\/comments?post=236279"}],"version-history":[{"count":1,"href":"https:\/\/www.correiobraziliense.com.br\/cbradar\/wp-json\/wp\/v2\/posts\/236279\/revisions"}],"predecessor-version":[{"id":236324,"href":"https:\/\/www.correiobraziliense.com.br\/cbradar\/wp-json\/wp\/v2\/posts\/236279\/revisions\/236324"}],"wp:featuredmedia":[{"embeddable":true,"href":"https:\/\/www.correiobraziliense.com.br\/cbradar\/wp-json\/wp\/v2\/media\/236277"}],"wp:attachment":[{"href":"https:\/\/www.correiobraziliense.com.br\/cbradar\/wp-json\/wp\/v2\/media?parent=236279"}],"wp:term":[{"taxonomy":"category","embeddable":true,"href":"https:\/\/www.correiobraziliense.com.br\/cbradar\/wp-json\/wp\/v2\/categories?post=236279"},{"taxonomy":"post_tag","embeddable":true,"href":"https:\/\/www.correiobraziliense.com.br\/cbradar\/wp-json\/wp\/v2\/tags?post=236279"}],"curies":[{"name":"wp","href":"https:\/\/api.w.org\/{rel}","templated":true}]}}