{"id":236282,"date":"2026-05-03T08:35:00","date_gmt":"2026-05-03T11:35:00","guid":{"rendered":"https:\/\/www.correiobraziliense.com.br\/cbradar\/?p=236282"},"modified":"2026-05-03T05:47:30","modified_gmt":"2026-05-03T08:47:30","slug":"o-nome-feminino-de-4-letras-que-esta-voltando-a-crescer-no-brasil-por-ser-classico-suave-e-facil-de-combinar-com-qualquer-sobrenome","status":"publish","type":"post","link":"https:\/\/www.correiobraziliense.com.br\/cbradar\/o-nome-feminino-de-4-letras-que-esta-voltando-a-crescer-no-brasil-por-ser-classico-suave-e-facil-de-combinar-com-qualquer-sobrenome\/","title":{"rendered":"O nome feminino de 4 letras que est\u00e1 voltando a crescer no Brasil por ser cl\u00e1ssico, suave e f\u00e1cil de combinar com qualquer sobrenome"},"content":{"rendered":"\n<p><strong>Nomes femininos<\/strong> curtos nunca saem totalmente do radar no Brasil. Eles circulam entre cart\u00f3rios, listas de maternidade, \u00e1rvore geneal\u00f3gica e conversas de fam\u00edlia, ganhando for\u00e7a quando unem sonoridade delicada, escrita simples e presen\u00e7a cultural. Entre as <strong>tend\u00eancias de nomes<\/strong>, os de quatro letras chamam aten\u00e7\u00e3o porque transitam bem entre sobrenomes longos, compostos e de origem diversa.<\/p>\n\n\n\n<h2 class=\"wp-block-heading\">Por que os nomes de 4 letras voltam com tanta for\u00e7a?<\/h2>\n\n\n\n<p>Os nomes curtos funcionam bem por um motivo muito objetivo, eles s\u00e3o f\u00e1ceis de pronunciar, de registrar e de memorizar. Na cultura brasileira, isso pesa bastante, porque o nome precisa soar natural no cotidiano, combinar com apelidos carinhosos e ainda manter boa leitura em documentos, listas escolares e apresenta\u00e7\u00f5es profissionais.<\/p>\n\n\n\n<p>Os <strong>nomes cl\u00e1ssicos<\/strong> tamb\u00e9m vivem um movimento de retorno geracional. Depois de fases marcadas por escolhas muito diferentes ou grafias complexas, muita gente volta a preferir aquilo que parece est\u00e1vel, elegante e familiar. \u00c9 nesse ponto que um nome feminino de quatro letras, como Lina, Nina, Sara, Cora ou Iris, passa a ser visto como atual sem perder a base tradicional.<\/p>\n\n\n\n<h2 class=\"wp-block-heading\">O que faz um nome soar cl\u00e1ssico e suave ao mesmo tempo?<\/h2>\n\n\n\n<p>Na pr\u00e1tica, a combina\u00e7\u00e3o vem de tr\u00eas fatores. O primeiro \u00e9 a musicalidade, com s\u00edlabas limpas e ritmo simples. O segundo \u00e9 a tradi\u00e7\u00e3o de uso, mesmo que o nome passe anos fora do topo. O terceiro \u00e9 a versatilidade com sobrenomes italianos, portugueses, espanh\u00f3is, \u00e1rabes ou alem\u00e3es, algo muito presente na forma\u00e7\u00e3o da popula\u00e7\u00e3o brasileira.<\/p>\n\n\n\n<p>Nas escolhas mais lembradas hoje, alguns elementos aparecem com frequ\u00eancia:<\/p>\n\n\n\n<ul class=\"wp-block-list\">\n<li>duas s\u00edlabas f\u00e1ceis de falar<\/li>\n\n\n\n<li>ortografia sem excesso de letras mudas<\/li>\n\n\n\n<li>boa combina\u00e7\u00e3o com sobrenome curto ou longo<\/li>\n\n\n\n<li>presen\u00e7a em diferentes gera\u00e7\u00f5es da fam\u00edlia<\/li>\n\n\n\n<li>som delicado sem parecer infantil demais<\/li>\n<\/ul>\n\n\n<div class=\"wp-block-image\">\n<figure class=\"aligncenter\"><img decoding=\"async\" width=\"1280\" height=\"720\" src=\"https:\/\/www.correiobraziliense.com.br\/cbradar\/wp-content\/uploads\/2026\/05\/o-nome-feminino-de-4-letras-que-esta-voltando-a-crescer-corpo-1.jpg\" alt=\"Op\u00e7\u00f5es de quatro letras facilitam combina\u00e7\u00f5es com sobrenomes variados e familiares.\" class=\"wp-image-236325\" srcset=\"https:\/\/www.correiobraziliense.com.br\/cbradar\/wp-content\/uploads\/2026\/05\/o-nome-feminino-de-4-letras-que-esta-voltando-a-crescer-corpo-1.jpg 1280w, https:\/\/www.correiobraziliense.com.br\/cbradar\/wp-content\/uploads\/2026\/05\/o-nome-feminino-de-4-letras-que-esta-voltando-a-crescer-corpo-1-300x169.jpg 300w, https:\/\/www.correiobraziliense.com.br\/cbradar\/wp-content\/uploads\/2026\/05\/o-nome-feminino-de-4-letras-que-esta-voltando-a-crescer-corpo-1-768x432.jpg 768w, https:\/\/www.correiobraziliense.com.br\/cbradar\/wp-content\/uploads\/2026\/05\/o-nome-feminino-de-4-letras-que-esta-voltando-a-crescer-corpo-1-750x422.jpg 750w, https:\/\/www.correiobraziliense.com.br\/cbradar\/wp-content\/uploads\/2026\/05\/o-nome-feminino-de-4-letras-que-esta-voltando-a-crescer-corpo-1-1140x641.jpg 1140w\" sizes=\"(max-width: 1280px) 100vw, 1280px\" \/><figcaption class=\"wp-element-caption\">Op\u00e7\u00f5es de quatro letras facilitam combina\u00e7\u00f5es com sobrenomes variados e familiares.<\/figcaption><\/figure><\/div>\n\n\n<h2 class=\"wp-block-heading\">Como as tend\u00eancias de nomes mudam na cultura brasileira?<\/h2>\n\n\n\n<p>As <strong>tend\u00eancias de nomes<\/strong> n\u00e3o surgem do nada. Elas costumam refletir novelas, celebridades, religi\u00f5es, imigra\u00e7\u00e3o, redes sociais e at\u00e9 a vontade de marcar identidade sem dificultar a vida da crian\u00e7a. Na <strong>cultura brasileira<\/strong>, esse equil\u00edbrio aparece o tempo todo, principalmente quando os pais querem um nome distinto, mas n\u00e3o extravagante.<\/p>\n\n\n\n<p>Isso ajuda a explicar o avan\u00e7o de op\u00e7\u00f5es enxutas e antigas. Em vez de inventar grafias dif\u00edceis, muita gente prefere resgatar nomes femininos conhecidos, com boa sonoridade e apar\u00eancia limpa no papel. O resultado \u00e9 um repert\u00f3rio que parece novo para quem nasceu h\u00e1 pouco, mas j\u00e1 existia em gera\u00e7\u00f5es anteriores.<\/p>\n\n\n\n<h2 class=\"wp-block-heading\">Existe base real para a for\u00e7a dos nomes mais familiares?<\/h2>\n\n\n\n<p>Essa prefer\u00eancia por nomes reconhec\u00edveis conversa com estudos sobre circula\u00e7\u00e3o cultural e familiaridade. Segundo a revis\u00e3o breve <a href=\"https:\/\/pubmed.ncbi.nlm.nih.gov\/12952655\/\" target=\"_blank\" rel=\"noopener noreferrer\">Drift as a mechanism for cultural change: an example from baby names<\/a>, publicada no peri\u00f3dico <strong>Proceedings of the Royal Society B<\/strong>, os nomes de beb\u00eas tamb\u00e9m seguem din\u00e2micas de transmiss\u00e3o social e varia\u00e7\u00e3o cultural, n\u00e3o apenas decis\u00f5es isoladas de cada fam\u00edlia. Em outras palavras, a popularidade muda, mas certos padr\u00f5es retornam quando um grupo volta a considerar um nome bonito, adequado e socialmente leg\u00edvel.<\/p>\n\n\n\n<p>Esse ponto ajuda a entender por que nomes cl\u00e1ssicos reaparecem no Brasil sem depender de uma moda \u00fanica. Quando um nome feminino \u00e9 percebido como harmonioso, conhecido e f\u00e1cil de encaixar em sobrenomes variados, ele ganha terreno outra vez em maternidades, listas de registro e conversas entre pais que buscam tradi\u00e7\u00e3o sem rigidez.<\/p>\n\n\n\n<h2 class=\"wp-block-heading\">Quais sinais mostram que um nome combina com qualquer sobrenome?<\/h2>\n\n\n\n<p>Nem todo nome curto \u00e9 vers\u00e1til. Os que costumam combinar melhor t\u00eam ritmo equilibrado e evitam encontro sonoro duro com o sobrenome. Na pr\u00e1tica, pais e m\u00e3es observam detalhes bem concretos antes do registro:<\/p>\n\n\n\n<ul class=\"wp-block-list\">\n<li>se o nome n\u00e3o trava a pron\u00fancia com consoantes repetidas<\/li>\n\n\n\n<li>se funciona bem com sobrenome composto<\/li>\n\n\n\n<li>se mant\u00e9m clareza ao telefone ou em chamadas<\/li>\n\n\n\n<li>se n\u00e3o depende de soletra\u00e7\u00e3o constante<\/li>\n\n\n\n<li>se soa bem tanto sozinho quanto em nome duplo<\/li>\n<\/ul>\n\n\n\n<p>Esse teste de sonoridade \u00e9 muito brasileiro. Em fam\u00edlias com sobrenomes extensos ou de origem estrangeira, nomes femininos curtos costumam facilitar a combina\u00e7\u00e3o e reduzir estranheza fon\u00e9tica. Por isso, nomes cl\u00e1ssicos de quatro letras voltam a circular com for\u00e7a discreta, mas constante.<\/p>\n\n\n\n<h2 class=\"wp-block-heading\">Por que esse movimento chama aten\u00e7\u00e3o em listas de nomes femininos?<\/h2>\n\n\n\n<p>O interesse atual n\u00e3o est\u00e1 apenas em escolher algo bonito. H\u00e1 tamb\u00e9m uma busca por perman\u00eancia. Em um cen\u00e1rio onde muitas modas passam r\u00e1pido, os nomes femininos mais consistentes entregam identidade, leitura f\u00e1cil e presen\u00e7a cultural sem parecer presos ao passado. Isso explica por que op\u00e7\u00f5es suaves, curtas e tradicionais voltam a aparecer em rodas de conversa, conte\u00fado de maternidade e buscas online.<\/p>\n\n\n\n<p>Na pr\u00e1tica, o crescimento desses nomes revela muito sobre a <strong>cultura brasileira<\/strong>. O pa\u00eds mistura heran\u00e7a familiar, gosto por boa sonoridade e necessidade de adapta\u00e7\u00e3o a sobrenomes diversos. Quando um nome re\u00fane esses tr\u00eas pontos, ele se fortalece de novo no campo das curiosidades sobre registro, linguagem e prefer\u00eancias coletivas.<\/p>\n","protected":false},"excerpt":{"rendered":"<p>Nomes femininos curtos nunca saem totalmente do radar no Brasil. Eles circulam entre cart\u00f3rios, listas de maternidade, \u00e1rvore geneal\u00f3gica e conversas de fam\u00edlia, ganhando for\u00e7a quando unem sonoridade delicada, escrita simples e presen\u00e7a cultural. Entre as tend\u00eancias de nomes, os de quatro letras chamam aten\u00e7\u00e3o porque transitam bem entre sobrenomes longos, compostos e de origem [&hellip;]<\/p>\n","protected":false},"author":12,"featured_media":236280,"comment_status":"open","ping_status":"open","sticky":false,"template":"","format":"standard","meta":{"_yoast_wpseo_focuskw":"nomes femininos","_yoast_wpseo_title":"","_yoast_wpseo_metadesc":"Nomes femininos curtos voltam ao centro das escolhas no Brasil, e um detalhe por tr\u00e1s dessa prefer\u00eancia muda a leitura sobre tradi\u00e7\u00e3o e estilo.","jnews-multi-image_gallery":[],"jnews_single_post":{"format":"standard"},"jnews_primary_category":[],"jnews_social_meta":[],"jnews_override_counter":[],"footnotes":""},"categories":[112],"tags":[1427,144,7909,7907,7908],"class_list":["post-236282","post","type-post","status-publish","format-standard","has-post-thumbnail","hentry","category-curiosidades","tag-cultura-brasileira","tag-curiosidades","tag-nomes-classicos","tag-nomes-femininos","tag-tendencias-de-nomes"],"yoast_head":"<!-- This site is optimized with the Yoast SEO plugin v24.6 - https:\/\/yoast.com\/wordpress\/plugins\/seo\/ -->\n<title>O nome feminino de 4 letras que est\u00e1 voltando a crescer no Brasil por ser cl\u00e1ssico, suave e f\u00e1cil de combinar com qualquer sobrenome - Correio Braziliense - Radar<\/title>\n<meta name=\"description\" content=\"Nomes femininos curtos voltam ao centro das escolhas no Brasil, e um detalhe por tr\u00e1s dessa prefer\u00eancia muda a leitura sobre tradi\u00e7\u00e3o e estilo.\" \/>\n<meta name=\"robots\" content=\"index, follow, max-snippet:-1, max-image-preview:large, max-video-preview:-1\" \/>\n<link rel=\"canonical\" href=\"https:\/\/www.correiobraziliense.com.br\/cbradar\/o-nome-feminino-de-4-letras-que-esta-voltando-a-crescer-no-brasil-por-ser-classico-suave-e-facil-de-combinar-com-qualquer-sobrenome\/\" \/>\n<meta property=\"og:locale\" content=\"pt_BR\" \/>\n<meta property=\"og:type\" content=\"article\" \/>\n<meta property=\"og:title\" content=\"O nome feminino de 4 letras que est\u00e1 voltando a crescer no Brasil por ser cl\u00e1ssico, suave e f\u00e1cil de combinar com qualquer sobrenome - Correio Braziliense - Radar\" \/>\n<meta property=\"og:description\" content=\"Nomes femininos curtos voltam ao centro das escolhas no Brasil, e um detalhe por tr\u00e1s dessa prefer\u00eancia muda a leitura sobre tradi\u00e7\u00e3o e estilo.\" \/>\n<meta property=\"og:url\" content=\"https:\/\/www.correiobraziliense.com.br\/cbradar\/o-nome-feminino-de-4-letras-que-esta-voltando-a-crescer-no-brasil-por-ser-classico-suave-e-facil-de-combinar-com-qualquer-sobrenome\/\" \/>\n<meta property=\"og:site_name\" content=\"Correio Braziliense - Radar\" \/>\n<meta property=\"article:published_time\" content=\"2026-05-03T11:35:00+00:00\" \/>\n<meta property=\"og:image\" content=\"https:\/\/www.correiobraziliense.com.br\/cbradar\/wp-content\/uploads\/2026\/05\/o-nome-feminino-de-4-letras-que-esta-voltando-a-crescer-no-b.jpg\" \/>\n\t<meta property=\"og:image:width\" content=\"1280\" \/>\n\t<meta property=\"og:image:height\" content=\"720\" \/>\n\t<meta property=\"og:image:type\" content=\"image\/jpeg\" \/>\n<meta name=\"author\" content=\"Gabriel Leme\" \/>\n<meta name=\"twitter:card\" content=\"summary_large_image\" \/>\n<meta name=\"twitter:label1\" content=\"Escrito por\" \/>\n\t<meta name=\"twitter:data1\" content=\"Gabriel Leme\" \/>\n\t<meta name=\"twitter:label2\" content=\"Est. tempo de leitura\" \/>\n\t<meta name=\"twitter:data2\" content=\"5 minutos\" \/>\n<!-- \/ Yoast SEO plugin. -->","yoast_head_json":{"title":"O nome feminino de 4 letras que est\u00e1 voltando a crescer no Brasil por ser cl\u00e1ssico, suave e f\u00e1cil de combinar com qualquer sobrenome - Correio Braziliense - Radar","description":"Nomes femininos curtos voltam ao centro das escolhas no Brasil, e um detalhe por tr\u00e1s dessa prefer\u00eancia muda a leitura sobre tradi\u00e7\u00e3o e estilo.","robots":{"index":"index","follow":"follow","max-snippet":"max-snippet:-1","max-image-preview":"max-image-preview:large","max-video-preview":"max-video-preview:-1"},"canonical":"https:\/\/www.correiobraziliense.com.br\/cbradar\/o-nome-feminino-de-4-letras-que-esta-voltando-a-crescer-no-brasil-por-ser-classico-suave-e-facil-de-combinar-com-qualquer-sobrenome\/","og_locale":"pt_BR","og_type":"article","og_title":"O nome feminino de 4 letras que est\u00e1 voltando a crescer no Brasil por ser cl\u00e1ssico, suave e f\u00e1cil de combinar com qualquer sobrenome - Correio Braziliense - Radar","og_description":"Nomes femininos curtos voltam ao centro das escolhas no Brasil, e um detalhe por tr\u00e1s dessa prefer\u00eancia muda a leitura sobre tradi\u00e7\u00e3o e estilo.","og_url":"https:\/\/www.correiobraziliense.com.br\/cbradar\/o-nome-feminino-de-4-letras-que-esta-voltando-a-crescer-no-brasil-por-ser-classico-suave-e-facil-de-combinar-com-qualquer-sobrenome\/","og_site_name":"Correio Braziliense - Radar","article_published_time":"2026-05-03T11:35:00+00:00","og_image":[{"width":1280,"height":720,"url":"https:\/\/www.correiobraziliense.com.br\/cbradar\/wp-content\/uploads\/2026\/05\/o-nome-feminino-de-4-letras-que-esta-voltando-a-crescer-no-b.jpg","type":"image\/jpeg"}],"author":"Gabriel Leme","twitter_card":"summary_large_image","twitter_misc":{"Escrito por":"Gabriel Leme","Est. tempo de leitura":"5 minutos"},"schema":{"@context":"https:\/\/schema.org","@graph":[{"@type":"WebPage","@id":"https:\/\/www.correiobraziliense.com.br\/cbradar\/o-nome-feminino-de-4-letras-que-esta-voltando-a-crescer-no-brasil-por-ser-classico-suave-e-facil-de-combinar-com-qualquer-sobrenome\/","url":"https:\/\/www.correiobraziliense.com.br\/cbradar\/o-nome-feminino-de-4-letras-que-esta-voltando-a-crescer-no-brasil-por-ser-classico-suave-e-facil-de-combinar-com-qualquer-sobrenome\/","name":"O nome feminino de 4 letras que est\u00e1 voltando a crescer no Brasil por ser cl\u00e1ssico, suave e f\u00e1cil de combinar com qualquer sobrenome - Correio Braziliense - Radar","isPartOf":{"@id":"https:\/\/www.correiobraziliense.com.br\/cbradar\/#website"},"primaryImageOfPage":{"@id":"https:\/\/www.correiobraziliense.com.br\/cbradar\/o-nome-feminino-de-4-letras-que-esta-voltando-a-crescer-no-brasil-por-ser-classico-suave-e-facil-de-combinar-com-qualquer-sobrenome\/#primaryimage"},"image":{"@id":"https:\/\/www.correiobraziliense.com.br\/cbradar\/o-nome-feminino-de-4-letras-que-esta-voltando-a-crescer-no-brasil-por-ser-classico-suave-e-facil-de-combinar-com-qualquer-sobrenome\/#primaryimage"},"thumbnailUrl":"https:\/\/www.correiobraziliense.com.br\/cbradar\/wp-content\/uploads\/2026\/05\/o-nome-feminino-de-4-letras-que-esta-voltando-a-crescer-no-b.jpg","datePublished":"2026-05-03T11:35:00+00:00","author":{"@id":"https:\/\/www.correiobraziliense.com.br\/cbradar\/#\/schema\/person\/67a081d63a0fe55fb267145a7be2f7c1"},"description":"Nomes femininos curtos voltam ao centro das escolhas no Brasil, e um detalhe por tr\u00e1s dessa prefer\u00eancia muda a leitura sobre tradi\u00e7\u00e3o e estilo.","breadcrumb":{"@id":"https:\/\/www.correiobraziliense.com.br\/cbradar\/o-nome-feminino-de-4-letras-que-esta-voltando-a-crescer-no-brasil-por-ser-classico-suave-e-facil-de-combinar-com-qualquer-sobrenome\/#breadcrumb"},"inLanguage":"pt-BR","potentialAction":[{"@type":"ReadAction","target":["https:\/\/www.correiobraziliense.com.br\/cbradar\/o-nome-feminino-de-4-letras-que-esta-voltando-a-crescer-no-brasil-por-ser-classico-suave-e-facil-de-combinar-com-qualquer-sobrenome\/"]}]},{"@type":"ImageObject","inLanguage":"pt-BR","@id":"https:\/\/www.correiobraziliense.com.br\/cbradar\/o-nome-feminino-de-4-letras-que-esta-voltando-a-crescer-no-brasil-por-ser-classico-suave-e-facil-de-combinar-com-qualquer-sobrenome\/#primaryimage","url":"https:\/\/www.correiobraziliense.com.br\/cbradar\/wp-content\/uploads\/2026\/05\/o-nome-feminino-de-4-letras-que-esta-voltando-a-crescer-no-b.jpg","contentUrl":"https:\/\/www.correiobraziliense.com.br\/cbradar\/wp-content\/uploads\/2026\/05\/o-nome-feminino-de-4-letras-que-esta-voltando-a-crescer-no-b.jpg","width":1280,"height":720,"caption":"Nomes femininos curtos unem delicadeza, tradi\u00e7\u00e3o e boa sonoridade no Brasil."},{"@type":"BreadcrumbList","@id":"https:\/\/www.correiobraziliense.com.br\/cbradar\/o-nome-feminino-de-4-letras-que-esta-voltando-a-crescer-no-brasil-por-ser-classico-suave-e-facil-de-combinar-com-qualquer-sobrenome\/#breadcrumb","itemListElement":[{"@type":"ListItem","position":1,"name":"In\u00edcio","item":"https:\/\/www.correiobraziliense.com.br\/cbradar\/"},{"@type":"ListItem","position":2,"name":"O nome feminino de 4 letras que est\u00e1 voltando a crescer no Brasil por ser cl\u00e1ssico, suave e f\u00e1cil de combinar com qualquer sobrenome"}]},{"@type":"WebSite","@id":"https:\/\/www.correiobraziliense.com.br\/cbradar\/#website","url":"https:\/\/www.correiobraziliense.com.br\/cbradar\/","name":"Correio Braziliense - Radar","description":"Acompanhe as \u00faltimas not\u00edcias e fique bem informado sobre tudo o que acontece no Brasil e no mundo.","potentialAction":[{"@type":"SearchAction","target":{"@type":"EntryPoint","urlTemplate":"https:\/\/www.correiobraziliense.com.br\/cbradar\/?s={search_term_string}"},"query-input":{"@type":"PropertyValueSpecification","valueRequired":true,"valueName":"search_term_string"}}],"inLanguage":"pt-BR"},{"@type":"Person","@id":"https:\/\/www.correiobraziliense.com.br\/cbradar\/#\/schema\/person\/67a081d63a0fe55fb267145a7be2f7c1","name":"Gabriel Leme","image":{"@type":"ImageObject","inLanguage":"pt-BR","@id":"https:\/\/www.correiobraziliense.com.br\/cbradar\/#\/schema\/person\/image\/","url":"https:\/\/secure.gravatar.com\/avatar\/85bf2e3517d27149969b72412b460c20?s=96&d=mm&r=g","contentUrl":"https:\/\/secure.gravatar.com\/avatar\/85bf2e3517d27149969b72412b460c20?s=96&d=mm&r=g","caption":"Gabriel Leme"},"sameAs":["https:\/\/www.correiobraziliense.com.br\/"],"url":"https:\/\/www.correiobraziliense.com.br\/cbradar\/author\/gabrielmyth\/"}]}},"_links":{"self":[{"href":"https:\/\/www.correiobraziliense.com.br\/cbradar\/wp-json\/wp\/v2\/posts\/236282","targetHints":{"allow":["GET"]}}],"collection":[{"href":"https:\/\/www.correiobraziliense.com.br\/cbradar\/wp-json\/wp\/v2\/posts"}],"about":[{"href":"https:\/\/www.correiobraziliense.com.br\/cbradar\/wp-json\/wp\/v2\/types\/post"}],"author":[{"embeddable":true,"href":"https:\/\/www.correiobraziliense.com.br\/cbradar\/wp-json\/wp\/v2\/users\/12"}],"replies":[{"embeddable":true,"href":"https:\/\/www.correiobraziliense.com.br\/cbradar\/wp-json\/wp\/v2\/comments?post=236282"}],"version-history":[{"count":1,"href":"https:\/\/www.correiobraziliense.com.br\/cbradar\/wp-json\/wp\/v2\/posts\/236282\/revisions"}],"predecessor-version":[{"id":236326,"href":"https:\/\/www.correiobraziliense.com.br\/cbradar\/wp-json\/wp\/v2\/posts\/236282\/revisions\/236326"}],"wp:featuredmedia":[{"embeddable":true,"href":"https:\/\/www.correiobraziliense.com.br\/cbradar\/wp-json\/wp\/v2\/media\/236280"}],"wp:attachment":[{"href":"https:\/\/www.correiobraziliense.com.br\/cbradar\/wp-json\/wp\/v2\/media?parent=236282"}],"wp:term":[{"taxonomy":"category","embeddable":true,"href":"https:\/\/www.correiobraziliense.com.br\/cbradar\/wp-json\/wp\/v2\/categories?post=236282"},{"taxonomy":"post_tag","embeddable":true,"href":"https:\/\/www.correiobraziliense.com.br\/cbradar\/wp-json\/wp\/v2\/tags?post=236282"}],"curies":[{"name":"wp","href":"https:\/\/api.w.org\/{rel}","templated":true}]}}