{"id":236287,"date":"2026-05-03T08:50:00","date_gmt":"2026-05-03T11:50:00","guid":{"rendered":"https:\/\/www.correiobraziliense.com.br\/cbradar\/?p=236287"},"modified":"2026-05-03T05:47:46","modified_gmt":"2026-05-03T08:47:46","slug":"reduzir-o-sal-na-alimentacao-melhora-a-pressao-mas-o-efeito-real-so-aparece-se-a-reducao-for-mantida-por-pelo-menos-14-dias-seguidos","status":"publish","type":"post","link":"https:\/\/www.correiobraziliense.com.br\/cbradar\/reduzir-o-sal-na-alimentacao-melhora-a-pressao-mas-o-efeito-real-so-aparece-se-a-reducao-for-mantida-por-pelo-menos-14-dias-seguidos\/","title":{"rendered":"Reduzir o sal na alimenta\u00e7\u00e3o melhora a press\u00e3o, mas o efeito real s\u00f3 aparece se a redu\u00e7\u00e3o for mantida por pelo menos 14 dias seguidos"},"content":{"rendered":"\n<p>A <strong>redu\u00e7\u00e3o de sal<\/strong> mexe diretamente com a press\u00e3o arterial, mas o resultado n\u00e3o costuma aparecer de um dia para o outro. No contexto do bem-estar, isso envolve rotina, paladar, consumo de ultraprocessados e escolhas repetidas nas refei\u00e7\u00f5es. Quando a queda no s\u00f3dio se mant\u00e9m por pelo menos duas semanas, o corpo come\u00e7a a mostrar uma resposta mais est\u00e1vel.<\/p>\n\n\n\n<h2 class=\"wp-block-heading\">Por que a press\u00e3o arterial n\u00e3o cai logo nos primeiros dias?<\/h2>\n\n\n\n<p>A press\u00e3o arterial responde ao volume de l\u00edquidos circulando no organismo e ao equil\u00edbrio entre s\u00f3dio, rins e vasos sangu\u00edneos. Nos primeiros dias, muita gente reduz o sal do prato, mas ainda consome embutidos, molhos prontos, p\u00e3es industrializados e snacks, o que mant\u00e9m a carga de s\u00f3dio alta e mascara o efeito real.<\/p>\n\n\n\n<p>Tamb\u00e9m existe uma fase de adapta\u00e7\u00e3o do paladar e da rotina. Os h\u00e1bitos alimentares n\u00e3o mudam s\u00f3 pelo saleiro fora da mesa. Eles mudam quando a pessoa repete combina\u00e7\u00f5es mais simples, l\u00ea r\u00f3tulos, cozinha mais e sustenta esse padr\u00e3o por tempo suficiente para a press\u00e3o arterial refletir a mudan\u00e7a.<\/p>\n\n\n\n<h2 class=\"wp-block-heading\">Quais h\u00e1bitos alimentares mais atrapalham essa redu\u00e7\u00e3o?<\/h2>\n\n\n\n<p>H\u00e1 erros comuns que fazem a pessoa acreditar que cortou o sal, quando na pr\u00e1tica apenas trocou a fonte principal de s\u00f3dio. Isso acontece muito em lanches r\u00e1pidos, refei\u00e7\u00f5es prontas e produtos rotulados como leves ou fitness.<\/p>\n\n\n\n<ul class=\"wp-block-list\">\n<li>Usar menos sal no arroz e no feij\u00e3o, mas manter embutidos no caf\u00e9 da manh\u00e3.<\/li>\n\n\n\n<li>Trocar comida caseira por sopas instant\u00e2neas, temperos prontos ou macarr\u00e3o instant\u00e2neo.<\/li>\n\n\n\n<li>Consumir queijos curados, biscoitos salgados e molhos industrializados todos os dias.<\/li>\n\n\n\n<li>Ignorar a quantidade de s\u00f3dio no r\u00f3tulo e olhar apenas calorias.<\/li>\n<\/ul>\n\n\n<div class=\"wp-block-image\">\n<figure class=\"aligncenter\"><img decoding=\"async\" width=\"1280\" height=\"720\" src=\"https:\/\/www.correiobraziliense.com.br\/cbradar\/wp-content\/uploads\/2026\/05\/reduzir-o-sal-na-alimentacao-melhora-a-pressao-mas-o-ef-corpo-1.jpg\" alt=\"Comparar r\u00f3tulos revela o s\u00f3dio oculto que atrapalha a sa\u00fade cardiovascular.\" class=\"wp-image-236328\" srcset=\"https:\/\/www.correiobraziliense.com.br\/cbradar\/wp-content\/uploads\/2026\/05\/reduzir-o-sal-na-alimentacao-melhora-a-pressao-mas-o-ef-corpo-1.jpg 1280w, https:\/\/www.correiobraziliense.com.br\/cbradar\/wp-content\/uploads\/2026\/05\/reduzir-o-sal-na-alimentacao-melhora-a-pressao-mas-o-ef-corpo-1-300x169.jpg 300w, https:\/\/www.correiobraziliense.com.br\/cbradar\/wp-content\/uploads\/2026\/05\/reduzir-o-sal-na-alimentacao-melhora-a-pressao-mas-o-ef-corpo-1-768x432.jpg 768w, https:\/\/www.correiobraziliense.com.br\/cbradar\/wp-content\/uploads\/2026\/05\/reduzir-o-sal-na-alimentacao-melhora-a-pressao-mas-o-ef-corpo-1-750x422.jpg 750w, https:\/\/www.correiobraziliense.com.br\/cbradar\/wp-content\/uploads\/2026\/05\/reduzir-o-sal-na-alimentacao-melhora-a-pressao-mas-o-ef-corpo-1-1140x641.jpg 1140w\" sizes=\"(max-width: 1280px) 100vw, 1280px\" \/><figcaption class=\"wp-element-caption\">Comparar r\u00f3tulos revela o s\u00f3dio oculto que atrapalha a sa\u00fade cardiovascular.<\/figcaption><\/figure><\/div>\n\n\n<h2 class=\"wp-block-heading\">O que muda no corpo depois de 14 dias seguidos?<\/h2>\n\n\n\n<p>Quando a redu\u00e7\u00e3o de sal \u00e9 mantida por 14 dias ou mais, o organismo passa a operar com menor reten\u00e7\u00e3o de l\u00edquido e menor sobrecarga sobre a parede dos vasos. Isso tende a favorecer medidas mais consistentes de press\u00e3o arterial, especialmente em quem j\u00e1 tem hipertens\u00e3o, hist\u00f3rico familiar ou sensibilidade maior ao s\u00f3dio.<\/p>\n\n\n\n<p>Segundo a <strong>revis\u00e3o sistem\u00e1tica e meta-an\u00e1lise<\/strong> Effect of dose and duration of reduction in dietary sodium on blood pressure levels, publicada no peri\u00f3dico <strong>BMJ<\/strong>, a queda da press\u00e3o sist\u00f3lica por redu\u00e7\u00e3o do s\u00f3dio foi aproximadamente duas vezes maior em estudos com dura\u00e7\u00e3o superior a 14 dias, em compara\u00e7\u00e3o com interven\u00e7\u00f5es de at\u00e9 14 dias. O trabalho ajuda a explicar por que resultados medidos cedo demais podem parecer modestos. H\u00e1 um resumo do estudo nesta p\u00e1gina: <a href=\"https:\/\/pmc.ncbi.nlm.nih.gov\/articles\/PMC7190039\/\" target=\"_blank\" rel=\"noopener noreferrer\">meta-an\u00e1lise sobre dura\u00e7\u00e3o da redu\u00e7\u00e3o de s\u00f3dio e press\u00e3o arterial<\/a>.<\/p>\n\n\n\n<h2 class=\"wp-block-heading\">Como manter a redu\u00e7\u00e3o de sal sem perder o prazer de comer?<\/h2>\n\n\n\n<p>O ponto central n\u00e3o \u00e9 transformar a alimenta\u00e7\u00e3o em algo sem gosto. O ajuste funciona melhor quando o paladar passa a perceber ervas, acidez, alho, cebola, pimenta, cheiro-verde e especiarias com mais clareza. Depois de alguns dias, alimentos muito salgados costumam at\u00e9 parecer excessivos.<\/p>\n\n\n\n<p>Para os h\u00e1bitos alimentares durarem, vale organizar a cozinha com solu\u00e7\u00f5es simples e repet\u00edveis. O que sustenta a sa\u00fade cardiovascular n\u00e3o \u00e9 uma semana perfeita, e sim uma rotina poss\u00edvel na segunda, na quarta e no domingo.<\/p>\n\n\n\n<ul class=\"wp-block-list\">\n<li>Temperar com lim\u00e3o, ervas frescas, p\u00e1prica, c\u00farcuma e alho.<\/li>\n\n\n\n<li>Preparar feij\u00e3o, carnes e legumes em maior quantidade para evitar ultraprocessados.<\/li>\n\n\n\n<li>Escolher vers\u00f5es com menos s\u00f3dio quando comparar r\u00f3tulos no mercado.<\/li>\n\n\n\n<li>Retirar o saleiro da mesa para reduzir o impulso autom\u00e1tico.<\/li>\n<\/ul>\n\n\n\n<h2 class=\"wp-block-heading\">Quem percebe mais diferen\u00e7a na sa\u00fade cardiovascular?<\/h2>\n\n\n\n<p>A redu\u00e7\u00e3o de sal costuma ter impacto mais vis\u00edvel em pessoas com press\u00e3o arterial elevada, adultos mais velhos, indiv\u00edduos com excesso de peso e quem consome s\u00f3dio em excesso h\u00e1 muitos anos. Nesses grupos, os vasos e os rins tendem a responder de forma mais sens\u00edvel ao ajuste da dieta, o que refor\u00e7a a rela\u00e7\u00e3o entre alimenta\u00e7\u00e3o e sa\u00fade cardiovascular.<\/p>\n\n\n\n<p>Mesmo quem ainda n\u00e3o recebeu diagn\u00f3stico pode se beneficiar. Quando os h\u00e1bitos alimentares incluem comida caseira, menos produtos processados e aten\u00e7\u00e3o ao s\u00f3dio oculto, a press\u00e3o arterial entra em uma faixa mais previs\u00edvel ao longo das semanas, o que reduz desgaste circulat\u00f3rio acumulado.<\/p>\n\n\n\n<h2 class=\"wp-block-heading\">Vale focar s\u00f3 no saleiro?<\/h2>\n\n\n\n<p>O saleiro \u00e9 apenas uma parte da hist\u00f3ria. A maior carga de s\u00f3dio costuma vir de produtos industrializados, padaria, refei\u00e7\u00f5es congeladas, caldos prontos, condimentos e petiscos de consumo frequente. Por isso, a redu\u00e7\u00e3o de sal precisa olhar para a rotina inteira, n\u00e3o apenas para o tempero final.<\/p>\n\n\n\n<p>No bem-estar, esse cuidado faz mais sentido quando se conecta a sono, hidrata\u00e7\u00e3o, movimento e regularidade das refei\u00e7\u00f5es. A press\u00e3o arterial responde ao conjunto. Ainda assim, reduzir o s\u00f3dio de forma cont\u00ednua, por pelo menos 14 dias, \u00e9 uma das mudan\u00e7as mais concretas para fortalecer a <strong>sa\u00fade cardiovascular<\/strong> e tornar os h\u00e1bitos alimentares mais favor\u00e1veis no dia a dia.<\/p>\n","protected":false},"excerpt":{"rendered":"<p>A redu\u00e7\u00e3o de sal mexe diretamente com a press\u00e3o arterial, mas o resultado n\u00e3o costuma aparecer de um dia para o outro. No contexto do bem-estar, isso envolve rotina, paladar, consumo de ultraprocessados e escolhas repetidas nas refei\u00e7\u00f5es. Quando a queda no s\u00f3dio se mant\u00e9m por pelo menos duas semanas, o corpo come\u00e7a a mostrar [&hellip;]<\/p>\n","protected":false},"author":12,"featured_media":236285,"comment_status":"open","ping_status":"open","sticky":false,"template":"","format":"standard","meta":{"_yoast_wpseo_focuskw":"redu\u00e7\u00e3o de sal","_yoast_wpseo_title":"","_yoast_wpseo_metadesc":"A redu\u00e7\u00e3o de sal parece simples, mas um detalhe no tempo de adapta\u00e7\u00e3o muda a resposta da press\u00e3o arterial e reposiciona h\u00e1bitos alimentares.","jnews-multi-image_gallery":[],"jnews_single_post":{"format":"standard"},"jnews_primary_category":[],"jnews_social_meta":[],"jnews_override_counter":[],"footnotes":""},"categories":[119],"tags":[120,18628,4099,18627,4275],"class_list":["post-236287","post","type-post","status-publish","format-standard","has-post-thumbnail","hentry","category-bem-estar","tag-bem-estar","tag-habitos-alimentares","tag-pressao-arterial","tag-reducao-de-sal","tag-saude-cardiovascular"],"yoast_head":"<!-- This site is optimized with the Yoast SEO plugin v24.6 - https:\/\/yoast.com\/wordpress\/plugins\/seo\/ -->\n<title>Reduzir o sal na alimenta\u00e7\u00e3o melhora a press\u00e3o, mas o efeito real s\u00f3 aparece se a redu\u00e7\u00e3o for mantida por pelo menos 14 dias seguidos - Correio Braziliense - Radar<\/title>\n<meta name=\"description\" content=\"A redu\u00e7\u00e3o de sal parece simples, mas um detalhe no tempo de adapta\u00e7\u00e3o muda a resposta da press\u00e3o arterial e reposiciona h\u00e1bitos alimentares.\" \/>\n<meta name=\"robots\" content=\"index, follow, max-snippet:-1, max-image-preview:large, max-video-preview:-1\" \/>\n<link rel=\"canonical\" href=\"https:\/\/www.correiobraziliense.com.br\/cbradar\/reduzir-o-sal-na-alimentacao-melhora-a-pressao-mas-o-efeito-real-so-aparece-se-a-reducao-for-mantida-por-pelo-menos-14-dias-seguidos\/\" \/>\n<meta property=\"og:locale\" content=\"pt_BR\" \/>\n<meta property=\"og:type\" content=\"article\" \/>\n<meta property=\"og:title\" content=\"Reduzir o sal na alimenta\u00e7\u00e3o melhora a press\u00e3o, mas o efeito real s\u00f3 aparece se a redu\u00e7\u00e3o for mantida por pelo menos 14 dias seguidos - Correio Braziliense - Radar\" \/>\n<meta property=\"og:description\" content=\"A redu\u00e7\u00e3o de sal parece simples, mas um detalhe no tempo de adapta\u00e7\u00e3o muda a resposta da press\u00e3o arterial e reposiciona h\u00e1bitos alimentares.\" \/>\n<meta property=\"og:url\" content=\"https:\/\/www.correiobraziliense.com.br\/cbradar\/reduzir-o-sal-na-alimentacao-melhora-a-pressao-mas-o-efeito-real-so-aparece-se-a-reducao-for-mantida-por-pelo-menos-14-dias-seguidos\/\" \/>\n<meta property=\"og:site_name\" content=\"Correio Braziliense - Radar\" \/>\n<meta property=\"article:published_time\" content=\"2026-05-03T11:50:00+00:00\" \/>\n<meta property=\"og:image\" content=\"https:\/\/www.correiobraziliense.com.br\/cbradar\/wp-content\/uploads\/2026\/05\/reduzir-o-sal-na-alimentacao-melhora-a-pressao-mas-o-efeito-.jpg\" \/>\n\t<meta property=\"og:image:width\" content=\"1280\" \/>\n\t<meta property=\"og:image:height\" content=\"720\" \/>\n\t<meta property=\"og:image:type\" content=\"image\/jpeg\" \/>\n<meta name=\"author\" content=\"Gabriel Leme\" \/>\n<meta name=\"twitter:card\" content=\"summary_large_image\" \/>\n<meta name=\"twitter:label1\" content=\"Escrito por\" \/>\n\t<meta name=\"twitter:data1\" content=\"Gabriel Leme\" \/>\n\t<meta name=\"twitter:label2\" content=\"Est. tempo de leitura\" \/>\n\t<meta name=\"twitter:data2\" content=\"5 minutos\" \/>\n<!-- \/ Yoast SEO plugin. -->","yoast_head_json":{"title":"Reduzir o sal na alimenta\u00e7\u00e3o melhora a press\u00e3o, mas o efeito real s\u00f3 aparece se a redu\u00e7\u00e3o for mantida por pelo menos 14 dias seguidos - Correio Braziliense - Radar","description":"A redu\u00e7\u00e3o de sal parece simples, mas um detalhe no tempo de adapta\u00e7\u00e3o muda a resposta da press\u00e3o arterial e reposiciona h\u00e1bitos alimentares.","robots":{"index":"index","follow":"follow","max-snippet":"max-snippet:-1","max-image-preview":"max-image-preview:large","max-video-preview":"max-video-preview:-1"},"canonical":"https:\/\/www.correiobraziliense.com.br\/cbradar\/reduzir-o-sal-na-alimentacao-melhora-a-pressao-mas-o-efeito-real-so-aparece-se-a-reducao-for-mantida-por-pelo-menos-14-dias-seguidos\/","og_locale":"pt_BR","og_type":"article","og_title":"Reduzir o sal na alimenta\u00e7\u00e3o melhora a press\u00e3o, mas o efeito real s\u00f3 aparece se a redu\u00e7\u00e3o for mantida por pelo menos 14 dias seguidos - Correio Braziliense - Radar","og_description":"A redu\u00e7\u00e3o de sal parece simples, mas um detalhe no tempo de adapta\u00e7\u00e3o muda a resposta da press\u00e3o arterial e reposiciona h\u00e1bitos alimentares.","og_url":"https:\/\/www.correiobraziliense.com.br\/cbradar\/reduzir-o-sal-na-alimentacao-melhora-a-pressao-mas-o-efeito-real-so-aparece-se-a-reducao-for-mantida-por-pelo-menos-14-dias-seguidos\/","og_site_name":"Correio Braziliense - Radar","article_published_time":"2026-05-03T11:50:00+00:00","og_image":[{"width":1280,"height":720,"url":"https:\/\/www.correiobraziliense.com.br\/cbradar\/wp-content\/uploads\/2026\/05\/reduzir-o-sal-na-alimentacao-melhora-a-pressao-mas-o-efeito-.jpg","type":"image\/jpeg"}],"author":"Gabriel Leme","twitter_card":"summary_large_image","twitter_misc":{"Escrito por":"Gabriel Leme","Est. tempo de leitura":"5 minutos"},"schema":{"@context":"https:\/\/schema.org","@graph":[{"@type":"WebPage","@id":"https:\/\/www.correiobraziliense.com.br\/cbradar\/reduzir-o-sal-na-alimentacao-melhora-a-pressao-mas-o-efeito-real-so-aparece-se-a-reducao-for-mantida-por-pelo-menos-14-dias-seguidos\/","url":"https:\/\/www.correiobraziliense.com.br\/cbradar\/reduzir-o-sal-na-alimentacao-melhora-a-pressao-mas-o-efeito-real-so-aparece-se-a-reducao-for-mantida-por-pelo-menos-14-dias-seguidos\/","name":"Reduzir o sal na alimenta\u00e7\u00e3o melhora a press\u00e3o, mas o efeito real s\u00f3 aparece se a redu\u00e7\u00e3o for mantida por pelo menos 14 dias seguidos - Correio Braziliense - Radar","isPartOf":{"@id":"https:\/\/www.correiobraziliense.com.br\/cbradar\/#website"},"primaryImageOfPage":{"@id":"https:\/\/www.correiobraziliense.com.br\/cbradar\/reduzir-o-sal-na-alimentacao-melhora-a-pressao-mas-o-efeito-real-so-aparece-se-a-reducao-for-mantida-por-pelo-menos-14-dias-seguidos\/#primaryimage"},"image":{"@id":"https:\/\/www.correiobraziliense.com.br\/cbradar\/reduzir-o-sal-na-alimentacao-melhora-a-pressao-mas-o-efeito-real-so-aparece-se-a-reducao-for-mantida-por-pelo-menos-14-dias-seguidos\/#primaryimage"},"thumbnailUrl":"https:\/\/www.correiobraziliense.com.br\/cbradar\/wp-content\/uploads\/2026\/05\/reduzir-o-sal-na-alimentacao-melhora-a-pressao-mas-o-efeito-.jpg","datePublished":"2026-05-03T11:50:00+00:00","author":{"@id":"https:\/\/www.correiobraziliense.com.br\/cbradar\/#\/schema\/person\/67a081d63a0fe55fb267145a7be2f7c1"},"description":"A redu\u00e7\u00e3o de sal parece simples, mas um detalhe no tempo de adapta\u00e7\u00e3o muda a resposta da press\u00e3o arterial e reposiciona h\u00e1bitos alimentares.","breadcrumb":{"@id":"https:\/\/www.correiobraziliense.com.br\/cbradar\/reduzir-o-sal-na-alimentacao-melhora-a-pressao-mas-o-efeito-real-so-aparece-se-a-reducao-for-mantida-por-pelo-menos-14-dias-seguidos\/#breadcrumb"},"inLanguage":"pt-BR","potentialAction":[{"@type":"ReadAction","target":["https:\/\/www.correiobraziliense.com.br\/cbradar\/reduzir-o-sal-na-alimentacao-melhora-a-pressao-mas-o-efeito-real-so-aparece-se-a-reducao-for-mantida-por-pelo-menos-14-dias-seguidos\/"]}]},{"@type":"ImageObject","inLanguage":"pt-BR","@id":"https:\/\/www.correiobraziliense.com.br\/cbradar\/reduzir-o-sal-na-alimentacao-melhora-a-pressao-mas-o-efeito-real-so-aparece-se-a-reducao-for-mantida-por-pelo-menos-14-dias-seguidos\/#primaryimage","url":"https:\/\/www.correiobraziliense.com.br\/cbradar\/wp-content\/uploads\/2026\/05\/reduzir-o-sal-na-alimentacao-melhora-a-pressao-mas-o-efeito-.jpg","contentUrl":"https:\/\/www.correiobraziliense.com.br\/cbradar\/wp-content\/uploads\/2026\/05\/reduzir-o-sal-na-alimentacao-melhora-a-pressao-mas-o-efeito-.jpg","width":1280,"height":720,"caption":"Reduzir o sal com comida caseira ajuda a estabilizar a press\u00e3o arterial."},{"@type":"BreadcrumbList","@id":"https:\/\/www.correiobraziliense.com.br\/cbradar\/reduzir-o-sal-na-alimentacao-melhora-a-pressao-mas-o-efeito-real-so-aparece-se-a-reducao-for-mantida-por-pelo-menos-14-dias-seguidos\/#breadcrumb","itemListElement":[{"@type":"ListItem","position":1,"name":"In\u00edcio","item":"https:\/\/www.correiobraziliense.com.br\/cbradar\/"},{"@type":"ListItem","position":2,"name":"Reduzir o sal na alimenta\u00e7\u00e3o melhora a press\u00e3o, mas o efeito real s\u00f3 aparece se a redu\u00e7\u00e3o for mantida por pelo menos 14 dias seguidos"}]},{"@type":"WebSite","@id":"https:\/\/www.correiobraziliense.com.br\/cbradar\/#website","url":"https:\/\/www.correiobraziliense.com.br\/cbradar\/","name":"Correio Braziliense - Radar","description":"Acompanhe as \u00faltimas not\u00edcias e fique bem informado sobre tudo o que acontece no Brasil e no mundo.","potentialAction":[{"@type":"SearchAction","target":{"@type":"EntryPoint","urlTemplate":"https:\/\/www.correiobraziliense.com.br\/cbradar\/?s={search_term_string}"},"query-input":{"@type":"PropertyValueSpecification","valueRequired":true,"valueName":"search_term_string"}}],"inLanguage":"pt-BR"},{"@type":"Person","@id":"https:\/\/www.correiobraziliense.com.br\/cbradar\/#\/schema\/person\/67a081d63a0fe55fb267145a7be2f7c1","name":"Gabriel Leme","image":{"@type":"ImageObject","inLanguage":"pt-BR","@id":"https:\/\/www.correiobraziliense.com.br\/cbradar\/#\/schema\/person\/image\/","url":"https:\/\/secure.gravatar.com\/avatar\/85bf2e3517d27149969b72412b460c20?s=96&d=mm&r=g","contentUrl":"https:\/\/secure.gravatar.com\/avatar\/85bf2e3517d27149969b72412b460c20?s=96&d=mm&r=g","caption":"Gabriel Leme"},"sameAs":["https:\/\/www.correiobraziliense.com.br\/"],"url":"https:\/\/www.correiobraziliense.com.br\/cbradar\/author\/gabrielmyth\/"}]}},"_links":{"self":[{"href":"https:\/\/www.correiobraziliense.com.br\/cbradar\/wp-json\/wp\/v2\/posts\/236287","targetHints":{"allow":["GET"]}}],"collection":[{"href":"https:\/\/www.correiobraziliense.com.br\/cbradar\/wp-json\/wp\/v2\/posts"}],"about":[{"href":"https:\/\/www.correiobraziliense.com.br\/cbradar\/wp-json\/wp\/v2\/types\/post"}],"author":[{"embeddable":true,"href":"https:\/\/www.correiobraziliense.com.br\/cbradar\/wp-json\/wp\/v2\/users\/12"}],"replies":[{"embeddable":true,"href":"https:\/\/www.correiobraziliense.com.br\/cbradar\/wp-json\/wp\/v2\/comments?post=236287"}],"version-history":[{"count":1,"href":"https:\/\/www.correiobraziliense.com.br\/cbradar\/wp-json\/wp\/v2\/posts\/236287\/revisions"}],"predecessor-version":[{"id":236329,"href":"https:\/\/www.correiobraziliense.com.br\/cbradar\/wp-json\/wp\/v2\/posts\/236287\/revisions\/236329"}],"wp:featuredmedia":[{"embeddable":true,"href":"https:\/\/www.correiobraziliense.com.br\/cbradar\/wp-json\/wp\/v2\/media\/236285"}],"wp:attachment":[{"href":"https:\/\/www.correiobraziliense.com.br\/cbradar\/wp-json\/wp\/v2\/media?parent=236287"}],"wp:term":[{"taxonomy":"category","embeddable":true,"href":"https:\/\/www.correiobraziliense.com.br\/cbradar\/wp-json\/wp\/v2\/categories?post=236287"},{"taxonomy":"post_tag","embeddable":true,"href":"https:\/\/www.correiobraziliense.com.br\/cbradar\/wp-json\/wp\/v2\/tags?post=236287"}],"curies":[{"name":"wp","href":"https:\/\/api.w.org\/{rel}","templated":true}]}}