{"id":236290,"date":"2026-05-03T09:15:00","date_gmt":"2026-05-03T12:15:00","guid":{"rendered":"https:\/\/www.correiobraziliense.com.br\/cbradar\/?p=236290"},"modified":"2026-05-03T05:48:00","modified_gmt":"2026-05-03T08:48:00","slug":"a-psicologia-aponta-que-pessoas-que-sempre-chegam-adiantadas-nao-sao-ansiosas-elas-cresceram-em-ambientes-onde-o-atraso-tinha-consequencias-emocionais-pesadas","status":"publish","type":"post","link":"https:\/\/www.correiobraziliense.com.br\/cbradar\/a-psicologia-aponta-que-pessoas-que-sempre-chegam-adiantadas-nao-sao-ansiosas-elas-cresceram-em-ambientes-onde-o-atraso-tinha-consequencias-emocionais-pesadas\/","title":{"rendered":"A psicologia aponta que pessoas que sempre chegam adiantadas n\u00e3o s\u00e3o ansiosas, elas cresceram em ambientes onde o atraso tinha consequ\u00eancias emocionais pesadas"},"content":{"rendered":"\n<p><strong>Psicologia<\/strong>, rotina, percep\u00e7\u00e3o do tempo e mem\u00f3ria emocional costumam se cruzar de um jeito mais profundo do que parece. Em muitas hist\u00f3rias de <strong>pontualidade<\/strong> extrema, o rel\u00f3gio n\u00e3o fala s\u00f3 de organiza\u00e7\u00e3o. Ele tamb\u00e9m pode refletir experi\u00eancias de inf\u00e2ncia em que atrasar significava bronca, tens\u00e3o, sil\u00eancio hostil ou perda de afeto.<\/p>\n\n\n\n<h2 class=\"wp-block-heading\">Por que algumas pessoas chegam cedo demais a tudo?<\/h2>\n\n\n\n<p>No comportamento humano, chegar muito antes do hor\u00e1rio nem sempre nasce de produtividade ou gosto por planejamento. Em v\u00e1rios casos, a pessoa aprendeu a se antecipar para evitar desconforto. O corpo entra em alerta, calcula tr\u00e2nsito, fila, imprevisto e atraso com uma margem exagerada, como se qualquer falha pudesse cobrar um pre\u00e7o emocional.<\/p>\n\n\n\n<p>A pontualidade, nesse cen\u00e1rio, funciona como estrat\u00e9gia de prote\u00e7\u00e3o. Ela organiza o dia, mas tamb\u00e9m regula medo, vergonha e expectativa. Quem cresceu em ambientes r\u00edgidos pode transformar o hor\u00e1rio em regra moral, e n\u00e3o apenas em refer\u00eancia pr\u00e1tica. A inf\u00e2ncia deixa marcas sutis na forma como cada um lida com agenda, compromisso e controle.<\/p>\n\n\n\n<h2 class=\"wp-block-heading\">O que a inf\u00e2ncia tem a ver com a rela\u00e7\u00e3o com hor\u00e1rios?<\/h2>\n\n\n\n<p><strong>Inf\u00e2ncia<\/strong> \u00e9 o per\u00edodo em que muitas respostas autom\u00e1ticas come\u00e7am a ser moldadas. Se atrasos eram tratados com humilha\u00e7\u00e3o, irrita\u00e7\u00e3o intensa ou amea\u00e7as, a crian\u00e7a pode ter associado tempo a perigo relacional. Anos depois, a agenda segue carregada dessa mem\u00f3ria, mesmo quando o contexto atual j\u00e1 \u00e9 outro.<\/p>\n\n\n\n<p>Isso aparece em sinais bem espec\u00edficos:<\/p>\n\n\n\n<ul class=\"wp-block-list\">\n<li>necessidade de sair cedo mesmo para trajetos conhecidos<\/li>\n\n\n\n<li>mal-estar f\u00edsico ao imaginar um compromisso atrasado<\/li>\n\n\n\n<li>culpa desproporcional por poucos minutos de diferen\u00e7a<\/li>\n\n\n\n<li>dificuldade de confiar em combina\u00e7\u00f5es flex\u00edveis<\/li>\n<\/ul>\n\n\n<div class=\"wp-block-image\">\n<figure class=\"aligncenter\"><img decoding=\"async\" width=\"1280\" height=\"720\" src=\"https:\/\/www.correiobraziliense.com.br\/cbradar\/wp-content\/uploads\/2026\/05\/a-psicologia-aponta-que-pessoas-que-sempre-chegam-adian-corpo-1.jpg\" alt=\"A rela\u00e7\u00e3o com hor\u00e1rios pode nascer de mem\u00f3rias emocionais da inf\u00e2ncia.\" class=\"wp-image-236330\" srcset=\"https:\/\/www.correiobraziliense.com.br\/cbradar\/wp-content\/uploads\/2026\/05\/a-psicologia-aponta-que-pessoas-que-sempre-chegam-adian-corpo-1.jpg 1280w, https:\/\/www.correiobraziliense.com.br\/cbradar\/wp-content\/uploads\/2026\/05\/a-psicologia-aponta-que-pessoas-que-sempre-chegam-adian-corpo-1-300x169.jpg 300w, https:\/\/www.correiobraziliense.com.br\/cbradar\/wp-content\/uploads\/2026\/05\/a-psicologia-aponta-que-pessoas-que-sempre-chegam-adian-corpo-1-768x432.jpg 768w, https:\/\/www.correiobraziliense.com.br\/cbradar\/wp-content\/uploads\/2026\/05\/a-psicologia-aponta-que-pessoas-que-sempre-chegam-adian-corpo-1-750x422.jpg 750w, https:\/\/www.correiobraziliense.com.br\/cbradar\/wp-content\/uploads\/2026\/05\/a-psicologia-aponta-que-pessoas-que-sempre-chegam-adian-corpo-1-1140x641.jpg 1140w\" sizes=\"(max-width: 1280px) 100vw, 1280px\" \/><figcaption class=\"wp-element-caption\">A rela\u00e7\u00e3o com hor\u00e1rios pode nascer de mem\u00f3rias emocionais da inf\u00e2ncia.<\/figcaption><\/figure><\/div>\n\n\n<h2 class=\"wp-block-heading\">Pontualidade excessiva \u00e9 tra\u00e7o de personalidade ou resposta aprendida?<\/h2>\n\n\n\n<p>A resposta pode estar nas duas coisas, mas a psicologia costuma olhar primeiro para o padr\u00e3o. Quando a pontualidade vem acompanhada de tens\u00e3o, autocobran\u00e7a e leitura catastr\u00f3fica do atraso, ela se parece menos com prefer\u00eancia pessoal e mais com adapta\u00e7\u00e3o. O comportamento humano usa esse tipo de ajuste para reduzir risco social e antecipar rea\u00e7\u00f5es do outro.<\/p>\n\n\n\n<p>H\u00e1 tamb\u00e9m quem tenha sido elogiado apenas quando n\u00e3o dava trabalho, n\u00e3o esquecia nada e n\u00e3o atrasava ningu\u00e9m. Nesses casos, ser pontual vira forma de merecer aprova\u00e7\u00e3o. O rel\u00f3gio deixa de ser ferramenta de organiza\u00e7\u00e3o e passa a mediar pertencimento, valor pessoal e sensa\u00e7\u00e3o de seguran\u00e7a nas rela\u00e7\u00f5es.<\/p>\n\n\n\n<h2 class=\"wp-block-heading\">O que os estudos mostram sobre fam\u00edlia, ansiedade e padr\u00f5es aprendidos?<\/h2>\n\n\n\n<p>Essa leitura ganha for\u00e7a quando se observa o papel do ambiente familiar na forma\u00e7\u00e3o de respostas emocionais. Segundo a <strong>revis\u00e3o sistem\u00e1tica Parenting practices in childhood and depression, anxiety, and internalizing symptoms in adolescence<\/strong>, publicada no peri\u00f3dico <strong>Social Psychiatry and Psychiatric Epidemiology<\/strong>, pr\u00e1ticas parentais na inf\u00e2ncia est\u00e3o associadas ao risco de ansiedade e sintomas internalizantes na adolesc\u00eancia, refor\u00e7ando a influ\u00eancia do clima emocional dom\u00e9stico sobre padr\u00f5es que seguem ao longo do desenvolvimento. O estudo pode ser consultado em <a href=\"https:\/\/pubmed.ncbi.nlm.nih.gov\/32892249\/\" target=\"_blank\" rel=\"noopener noreferrer\">revis\u00e3o sistem\u00e1tica sobre pr\u00e1ticas parentais, ansiedade e sintomas internalizantes<\/a>.<\/p>\n\n\n\n<p>Esse tipo de evid\u00eancia n\u00e3o prova que toda pessoa pontual viveu press\u00e3o em casa. Seria simplista demais. O ponto mais s\u00f3lido \u00e9 outro: experi\u00eancias repetidas na inf\u00e2ncia moldam regula\u00e7\u00e3o emocional, leitura de amea\u00e7a e antecipa\u00e7\u00e3o de consequ\u00eancias. Quando o atraso era vivido como gatilho de conflito, a pontualidade pode virar defesa est\u00e1vel, incorporada ao comportamento humano adulto.<\/p>\n\n\n\n<h2 class=\"wp-block-heading\">Quais sinais diferenciam organiza\u00e7\u00e3o saud\u00e1vel de alerta emocional?<\/h2>\n\n\n\n<p>Organiza\u00e7\u00e3o saud\u00e1vel traz praticidade. Alerta emocional traz desgaste. A diferen\u00e7a aparece menos no rel\u00f3gio e mais no que acontece por dentro. Quando a pessoa chega cedo e permanece tranquila, trata-se de h\u00e1bito funcional. Quando chega cedo e ainda assim n\u00e3o relaxa, vale observar a carga emocional por tr\u00e1s da conduta.<\/p>\n\n\n\n<p>Alguns ind\u00edcios ajudam nessa leitura:<\/p>\n\n\n\n<ul class=\"wp-block-list\">\n<li>chegar adiantado e continuar em estado de vigil\u00e2ncia<\/li>\n\n\n\n<li>irrita\u00e7\u00e3o intensa com pequenos atrasos alheios<\/li>\n\n\n\n<li>sensa\u00e7\u00e3o de fracasso ao perder poucos minutos<\/li>\n\n\n\n<li>dificuldade de separar compromisso real de amea\u00e7a imaginada<\/li>\n<\/ul>\n\n\n\n<h2 class=\"wp-block-heading\">O que fazer quando o rel\u00f3gio virou uma fonte de tens\u00e3o?<\/h2>\n\n\n\n<p>A psicologia costuma trabalhar esse tema pela hist\u00f3ria concreta da pessoa. N\u00e3o basta discutir agenda, produtividade ou t\u00e9cnicas de planejamento. \u00c9 preciso entender quais cenas da inf\u00e2ncia ainda organizam a resposta emocional diante do atraso, da espera e da possibilidade de desaprovar algu\u00e9m. Nomear a origem do padr\u00e3o j\u00e1 reduz parte da culpa que costuma acompanhar a pontualidade r\u00edgida.<\/p>\n\n\n\n<p>Quando o tema \u00e9 curiosidade sobre comportamento humano, esse olhar \u00e9 especialmente \u00fatil porque desloca o foco do julgamento para a compreens\u00e3o. Nem toda pessoa que chega cedo est\u00e1 ansiosa, e nem toda pontualidade \u00e9 virtude neutra. \u00c0s vezes, o h\u00e1bito nasceu em ambientes onde alguns minutos de atraso tinham peso afetivo demais, e isso ajuda a explicar por que o rel\u00f3gio ainda ocupa um lugar t\u00e3o sens\u00edvel na vida adulta.<\/p>\n","protected":false},"excerpt":{"rendered":"<p>Psicologia, rotina, percep\u00e7\u00e3o do tempo e mem\u00f3ria emocional costumam se cruzar de um jeito mais profundo do que parece. Em muitas hist\u00f3rias de pontualidade extrema, o rel\u00f3gio n\u00e3o fala s\u00f3 de organiza\u00e7\u00e3o. Ele tamb\u00e9m pode refletir experi\u00eancias de inf\u00e2ncia em que atrasar significava bronca, tens\u00e3o, sil\u00eancio hostil ou perda de afeto. Por que algumas pessoas [&hellip;]<\/p>\n","protected":false},"author":12,"featured_media":236288,"comment_status":"open","ping_status":"open","sticky":false,"template":"","format":"standard","meta":{"_yoast_wpseo_focuskw":"psicologia","_yoast_wpseo_title":"","_yoast_wpseo_metadesc":"A psicologia sugere que a pontualidade extrema pode ter ra\u00edzes menos \u00f3bvias, ligadas \u00e0 inf\u00e2ncia e a sinais emocionais que muita gente ignora.","jnews-multi-image_gallery":[],"jnews_single_post":{"format":"standard"},"jnews_primary_category":[],"jnews_social_meta":[],"jnews_override_counter":[],"footnotes":""},"categories":[112],"tags":[6173,144,811,8598,404],"class_list":["post-236290","post","type-post","status-publish","format-standard","has-post-thumbnail","hentry","category-curiosidades","tag-comportamento-humano","tag-curiosidades","tag-infancia","tag-pontualidade","tag-psicologia"],"yoast_head":"<!-- This site is optimized with the Yoast SEO plugin v24.6 - https:\/\/yoast.com\/wordpress\/plugins\/seo\/ -->\n<title>A psicologia aponta que pessoas que sempre chegam adiantadas n\u00e3o s\u00e3o ansiosas, elas cresceram em ambientes onde o atraso tinha consequ\u00eancias emocionais pesadas - Correio Braziliense - Radar<\/title>\n<meta name=\"description\" content=\"A psicologia sugere que a pontualidade extrema pode ter ra\u00edzes menos \u00f3bvias, ligadas \u00e0 inf\u00e2ncia e a sinais emocionais que muita gente ignora.\" \/>\n<meta name=\"robots\" content=\"index, follow, max-snippet:-1, max-image-preview:large, max-video-preview:-1\" \/>\n<link rel=\"canonical\" href=\"https:\/\/www.correiobraziliense.com.br\/cbradar\/a-psicologia-aponta-que-pessoas-que-sempre-chegam-adiantadas-nao-sao-ansiosas-elas-cresceram-em-ambientes-onde-o-atraso-tinha-consequencias-emocionais-pesadas\/\" \/>\n<meta property=\"og:locale\" content=\"pt_BR\" \/>\n<meta property=\"og:type\" content=\"article\" \/>\n<meta property=\"og:title\" content=\"A psicologia aponta que pessoas que sempre chegam adiantadas n\u00e3o s\u00e3o ansiosas, elas cresceram em ambientes onde o atraso tinha consequ\u00eancias emocionais pesadas - Correio Braziliense - Radar\" \/>\n<meta property=\"og:description\" content=\"A psicologia sugere que a pontualidade extrema pode ter ra\u00edzes menos \u00f3bvias, ligadas \u00e0 inf\u00e2ncia e a sinais emocionais que muita gente ignora.\" \/>\n<meta property=\"og:url\" content=\"https:\/\/www.correiobraziliense.com.br\/cbradar\/a-psicologia-aponta-que-pessoas-que-sempre-chegam-adiantadas-nao-sao-ansiosas-elas-cresceram-em-ambientes-onde-o-atraso-tinha-consequencias-emocionais-pesadas\/\" \/>\n<meta property=\"og:site_name\" content=\"Correio Braziliense - Radar\" \/>\n<meta property=\"article:published_time\" content=\"2026-05-03T12:15:00+00:00\" \/>\n<meta property=\"og:image\" content=\"https:\/\/www.correiobraziliense.com.br\/cbradar\/wp-content\/uploads\/2026\/05\/a-psicologia-aponta-que-pessoas-que-sempre-chegam-adiantadas.jpg\" \/>\n\t<meta property=\"og:image:width\" content=\"1280\" \/>\n\t<meta property=\"og:image:height\" content=\"720\" \/>\n\t<meta property=\"og:image:type\" content=\"image\/jpeg\" \/>\n<meta name=\"author\" content=\"Gabriel Leme\" \/>\n<meta name=\"twitter:card\" content=\"summary_large_image\" \/>\n<meta name=\"twitter:label1\" content=\"Escrito por\" \/>\n\t<meta name=\"twitter:data1\" content=\"Gabriel Leme\" \/>\n\t<meta name=\"twitter:label2\" content=\"Est. tempo de leitura\" \/>\n\t<meta name=\"twitter:data2\" content=\"5 minutos\" \/>\n<!-- \/ Yoast SEO plugin. -->","yoast_head_json":{"title":"A psicologia aponta que pessoas que sempre chegam adiantadas n\u00e3o s\u00e3o ansiosas, elas cresceram em ambientes onde o atraso tinha consequ\u00eancias emocionais pesadas - Correio Braziliense - Radar","description":"A psicologia sugere que a pontualidade extrema pode ter ra\u00edzes menos \u00f3bvias, ligadas \u00e0 inf\u00e2ncia e a sinais emocionais que muita gente ignora.","robots":{"index":"index","follow":"follow","max-snippet":"max-snippet:-1","max-image-preview":"max-image-preview:large","max-video-preview":"max-video-preview:-1"},"canonical":"https:\/\/www.correiobraziliense.com.br\/cbradar\/a-psicologia-aponta-que-pessoas-que-sempre-chegam-adiantadas-nao-sao-ansiosas-elas-cresceram-em-ambientes-onde-o-atraso-tinha-consequencias-emocionais-pesadas\/","og_locale":"pt_BR","og_type":"article","og_title":"A psicologia aponta que pessoas que sempre chegam adiantadas n\u00e3o s\u00e3o ansiosas, elas cresceram em ambientes onde o atraso tinha consequ\u00eancias emocionais pesadas - Correio Braziliense - Radar","og_description":"A psicologia sugere que a pontualidade extrema pode ter ra\u00edzes menos \u00f3bvias, ligadas \u00e0 inf\u00e2ncia e a sinais emocionais que muita gente ignora.","og_url":"https:\/\/www.correiobraziliense.com.br\/cbradar\/a-psicologia-aponta-que-pessoas-que-sempre-chegam-adiantadas-nao-sao-ansiosas-elas-cresceram-em-ambientes-onde-o-atraso-tinha-consequencias-emocionais-pesadas\/","og_site_name":"Correio Braziliense - Radar","article_published_time":"2026-05-03T12:15:00+00:00","og_image":[{"width":1280,"height":720,"url":"https:\/\/www.correiobraziliense.com.br\/cbradar\/wp-content\/uploads\/2026\/05\/a-psicologia-aponta-que-pessoas-que-sempre-chegam-adiantadas.jpg","type":"image\/jpeg"}],"author":"Gabriel Leme","twitter_card":"summary_large_image","twitter_misc":{"Escrito por":"Gabriel Leme","Est. tempo de leitura":"5 minutos"},"schema":{"@context":"https:\/\/schema.org","@graph":[{"@type":"WebPage","@id":"https:\/\/www.correiobraziliense.com.br\/cbradar\/a-psicologia-aponta-que-pessoas-que-sempre-chegam-adiantadas-nao-sao-ansiosas-elas-cresceram-em-ambientes-onde-o-atraso-tinha-consequencias-emocionais-pesadas\/","url":"https:\/\/www.correiobraziliense.com.br\/cbradar\/a-psicologia-aponta-que-pessoas-que-sempre-chegam-adiantadas-nao-sao-ansiosas-elas-cresceram-em-ambientes-onde-o-atraso-tinha-consequencias-emocionais-pesadas\/","name":"A psicologia aponta que pessoas que sempre chegam adiantadas n\u00e3o s\u00e3o ansiosas, elas cresceram em ambientes onde o atraso tinha consequ\u00eancias emocionais pesadas - Correio Braziliense - Radar","isPartOf":{"@id":"https:\/\/www.correiobraziliense.com.br\/cbradar\/#website"},"primaryImageOfPage":{"@id":"https:\/\/www.correiobraziliense.com.br\/cbradar\/a-psicologia-aponta-que-pessoas-que-sempre-chegam-adiantadas-nao-sao-ansiosas-elas-cresceram-em-ambientes-onde-o-atraso-tinha-consequencias-emocionais-pesadas\/#primaryimage"},"image":{"@id":"https:\/\/www.correiobraziliense.com.br\/cbradar\/a-psicologia-aponta-que-pessoas-que-sempre-chegam-adiantadas-nao-sao-ansiosas-elas-cresceram-em-ambientes-onde-o-atraso-tinha-consequencias-emocionais-pesadas\/#primaryimage"},"thumbnailUrl":"https:\/\/www.correiobraziliense.com.br\/cbradar\/wp-content\/uploads\/2026\/05\/a-psicologia-aponta-que-pessoas-que-sempre-chegam-adiantadas.jpg","datePublished":"2026-05-03T12:15:00+00:00","author":{"@id":"https:\/\/www.correiobraziliense.com.br\/cbradar\/#\/schema\/person\/67a081d63a0fe55fb267145a7be2f7c1"},"description":"A psicologia sugere que a pontualidade extrema pode ter ra\u00edzes menos \u00f3bvias, ligadas \u00e0 inf\u00e2ncia e a sinais emocionais que muita gente ignora.","breadcrumb":{"@id":"https:\/\/www.correiobraziliense.com.br\/cbradar\/a-psicologia-aponta-que-pessoas-que-sempre-chegam-adiantadas-nao-sao-ansiosas-elas-cresceram-em-ambientes-onde-o-atraso-tinha-consequencias-emocionais-pesadas\/#breadcrumb"},"inLanguage":"pt-BR","potentialAction":[{"@type":"ReadAction","target":["https:\/\/www.correiobraziliense.com.br\/cbradar\/a-psicologia-aponta-que-pessoas-que-sempre-chegam-adiantadas-nao-sao-ansiosas-elas-cresceram-em-ambientes-onde-o-atraso-tinha-consequencias-emocionais-pesadas\/"]}]},{"@type":"ImageObject","inLanguage":"pt-BR","@id":"https:\/\/www.correiobraziliense.com.br\/cbradar\/a-psicologia-aponta-que-pessoas-que-sempre-chegam-adiantadas-nao-sao-ansiosas-elas-cresceram-em-ambientes-onde-o-atraso-tinha-consequencias-emocionais-pesadas\/#primaryimage","url":"https:\/\/www.correiobraziliense.com.br\/cbradar\/wp-content\/uploads\/2026\/05\/a-psicologia-aponta-que-pessoas-que-sempre-chegam-adiantadas.jpg","contentUrl":"https:\/\/www.correiobraziliense.com.br\/cbradar\/wp-content\/uploads\/2026\/05\/a-psicologia-aponta-que-pessoas-que-sempre-chegam-adiantadas.jpg","width":1280,"height":720,"caption":"Chegar cedo demais pode revelar tens\u00e3o emocional ligada \u00e0 pontualidade."},{"@type":"BreadcrumbList","@id":"https:\/\/www.correiobraziliense.com.br\/cbradar\/a-psicologia-aponta-que-pessoas-que-sempre-chegam-adiantadas-nao-sao-ansiosas-elas-cresceram-em-ambientes-onde-o-atraso-tinha-consequencias-emocionais-pesadas\/#breadcrumb","itemListElement":[{"@type":"ListItem","position":1,"name":"In\u00edcio","item":"https:\/\/www.correiobraziliense.com.br\/cbradar\/"},{"@type":"ListItem","position":2,"name":"A psicologia aponta que pessoas que sempre chegam adiantadas n\u00e3o s\u00e3o ansiosas, elas cresceram em ambientes onde o atraso tinha consequ\u00eancias emocionais pesadas"}]},{"@type":"WebSite","@id":"https:\/\/www.correiobraziliense.com.br\/cbradar\/#website","url":"https:\/\/www.correiobraziliense.com.br\/cbradar\/","name":"Correio Braziliense - Radar","description":"Acompanhe as \u00faltimas not\u00edcias e fique bem informado sobre tudo o que acontece no Brasil e no mundo.","potentialAction":[{"@type":"SearchAction","target":{"@type":"EntryPoint","urlTemplate":"https:\/\/www.correiobraziliense.com.br\/cbradar\/?s={search_term_string}"},"query-input":{"@type":"PropertyValueSpecification","valueRequired":true,"valueName":"search_term_string"}}],"inLanguage":"pt-BR"},{"@type":"Person","@id":"https:\/\/www.correiobraziliense.com.br\/cbradar\/#\/schema\/person\/67a081d63a0fe55fb267145a7be2f7c1","name":"Gabriel Leme","image":{"@type":"ImageObject","inLanguage":"pt-BR","@id":"https:\/\/www.correiobraziliense.com.br\/cbradar\/#\/schema\/person\/image\/","url":"https:\/\/secure.gravatar.com\/avatar\/85bf2e3517d27149969b72412b460c20?s=96&d=mm&r=g","contentUrl":"https:\/\/secure.gravatar.com\/avatar\/85bf2e3517d27149969b72412b460c20?s=96&d=mm&r=g","caption":"Gabriel Leme"},"sameAs":["https:\/\/www.correiobraziliense.com.br\/"],"url":"https:\/\/www.correiobraziliense.com.br\/cbradar\/author\/gabrielmyth\/"}]}},"_links":{"self":[{"href":"https:\/\/www.correiobraziliense.com.br\/cbradar\/wp-json\/wp\/v2\/posts\/236290","targetHints":{"allow":["GET"]}}],"collection":[{"href":"https:\/\/www.correiobraziliense.com.br\/cbradar\/wp-json\/wp\/v2\/posts"}],"about":[{"href":"https:\/\/www.correiobraziliense.com.br\/cbradar\/wp-json\/wp\/v2\/types\/post"}],"author":[{"embeddable":true,"href":"https:\/\/www.correiobraziliense.com.br\/cbradar\/wp-json\/wp\/v2\/users\/12"}],"replies":[{"embeddable":true,"href":"https:\/\/www.correiobraziliense.com.br\/cbradar\/wp-json\/wp\/v2\/comments?post=236290"}],"version-history":[{"count":1,"href":"https:\/\/www.correiobraziliense.com.br\/cbradar\/wp-json\/wp\/v2\/posts\/236290\/revisions"}],"predecessor-version":[{"id":236331,"href":"https:\/\/www.correiobraziliense.com.br\/cbradar\/wp-json\/wp\/v2\/posts\/236290\/revisions\/236331"}],"wp:featuredmedia":[{"embeddable":true,"href":"https:\/\/www.correiobraziliense.com.br\/cbradar\/wp-json\/wp\/v2\/media\/236288"}],"wp:attachment":[{"href":"https:\/\/www.correiobraziliense.com.br\/cbradar\/wp-json\/wp\/v2\/media?parent=236290"}],"wp:term":[{"taxonomy":"category","embeddable":true,"href":"https:\/\/www.correiobraziliense.com.br\/cbradar\/wp-json\/wp\/v2\/categories?post=236290"},{"taxonomy":"post_tag","embeddable":true,"href":"https:\/\/www.correiobraziliense.com.br\/cbradar\/wp-json\/wp\/v2\/tags?post=236290"}],"curies":[{"name":"wp","href":"https:\/\/api.w.org\/{rel}","templated":true}]}}