{"id":236293,"date":"2026-05-03T09:35:00","date_gmt":"2026-05-03T12:35:00","guid":{"rendered":"https:\/\/www.correiobraziliense.com.br\/cbradar\/?p=236293"},"modified":"2026-05-03T05:48:09","modified_gmt":"2026-05-03T08:48:09","slug":"o-bairro-do-rio-de-janeiro-onde-3-mil-arvores-formam-um-corredor-verde-de-quase-2-quilometros-e-foi-tombado-como-patrimonio-paisagistico","status":"publish","type":"post","link":"https:\/\/www.correiobraziliense.com.br\/cbradar\/o-bairro-do-rio-de-janeiro-onde-3-mil-arvores-formam-um-corredor-verde-de-quase-2-quilometros-e-foi-tombado-como-patrimonio-paisagistico\/","title":{"rendered":"O bairro do Rio de Janeiro onde 3 mil \u00e1rvores formam um corredor verde de quase 2 quil\u00f4metros e foi tombado como patrim\u00f4nio paisag\u00edstico"},"content":{"rendered":"\n<p><strong>Rio de Janeiro<\/strong> guarda paisagens urbanas que passam despercebidas at\u00e9 por quem cruza a cidade todos os dias. Em Copacabana, a Rua Santa Clara virou s\u00edmbolo de <strong>arboriza\u00e7\u00e3o urbana<\/strong> ao reunir um corredor verde cont\u00ednuo, associado \u00e0 mem\u00f3ria do bairro, ao conforto t\u00e9rmico e ao olhar de quem busca um recorte diferente do turismo urbano carioca.<\/p>\n\n\n\n<h2 class=\"wp-block-heading\">Que lugar \u00e9 esse que virou refer\u00eancia de patrim\u00f4nio paisag\u00edstico?<\/h2>\n\n\n\n<p>O endere\u00e7o fica em Copacabana, bairro conhecido pela praia e pelos pr\u00e9dios altos, mas que tamb\u00e9m abriga uma alameda de oitis plantados no in\u00edcio dos anos 1930. Em julho de 2025, o conjunto de \u00e1rvores da Rua Santa Clara foi tombado como bem de valor ambiental e paisag\u00edstico, com prote\u00e7\u00e3o oficial e registro no Conselho Municipal de Patrim\u00f4nio Cultural.<\/p>\n\n\n\n<p>Esse reconhecimento ajuda a explicar por que a via chama aten\u00e7\u00e3o. O corredor verde cria sombra regular na cal\u00e7ada, reduz a dureza visual do concreto e preserva uma ambi\u00eancia rara numa \u00e1rea adensada. Quando se fala em patrim\u00f4nio paisag\u00edstico, n\u00e3o \u00e9 s\u00f3 est\u00e9tica. Entram nessa conta a hist\u00f3ria do tra\u00e7ado urbano, a vegeta\u00e7\u00e3o madura e a rela\u00e7\u00e3o afetiva entre rua e moradores.<\/p>\n\n\n\n<h2 class=\"wp-block-heading\">Por que a arboriza\u00e7\u00e3o urbana muda tanto a experi\u00eancia de caminhar?<\/h2>\n\n\n\n<p>A arboriza\u00e7\u00e3o urbana tem efeito direto sobre a viv\u00eancia do pedestre. \u00c1rvores adultas filtram parte da radia\u00e7\u00e3o solar, amenizam a sensa\u00e7\u00e3o t\u00e9rmica, ajudam na drenagem da \u00e1gua da chuva e tornam o deslocamento mais agrad\u00e1vel para quem anda, pedala ou simplesmente observa a paisagem.<\/p>\n\n\n\n<p>No caso de Copacabana, isso pesa ainda mais. O bairro recebe fluxo intenso de moradores, com\u00e9rcio, \u00f4nibus, t\u00e1xis e visitantes. Um corredor verde bem preservado funciona como respiro visual e clim\u00e1tico. Por isso, a Rua Santa Clara saiu do papel de via comum e passou a ser lida como elemento de identidade do <strong>Rio de Janeiro<\/strong>.<\/p>\n\n\n<div class=\"wp-block-image\">\n<figure class=\"aligncenter\"><img decoding=\"async\" width=\"1280\" height=\"720\" src=\"https:\/\/www.correiobraziliense.com.br\/cbradar\/wp-content\/uploads\/2026\/05\/o-bairro-do-rio-de-janeiro-onde-3-mil-arvores-formam-um-corpo-1.jpg\" alt=\"A sombra cont\u00ednua das \u00e1rvores transforma a caminhada e o turismo urbano.\" class=\"wp-image-236332\" srcset=\"https:\/\/www.correiobraziliense.com.br\/cbradar\/wp-content\/uploads\/2026\/05\/o-bairro-do-rio-de-janeiro-onde-3-mil-arvores-formam-um-corpo-1.jpg 1280w, https:\/\/www.correiobraziliense.com.br\/cbradar\/wp-content\/uploads\/2026\/05\/o-bairro-do-rio-de-janeiro-onde-3-mil-arvores-formam-um-corpo-1-300x169.jpg 300w, https:\/\/www.correiobraziliense.com.br\/cbradar\/wp-content\/uploads\/2026\/05\/o-bairro-do-rio-de-janeiro-onde-3-mil-arvores-formam-um-corpo-1-768x432.jpg 768w, https:\/\/www.correiobraziliense.com.br\/cbradar\/wp-content\/uploads\/2026\/05\/o-bairro-do-rio-de-janeiro-onde-3-mil-arvores-formam-um-corpo-1-750x422.jpg 750w, https:\/\/www.correiobraziliense.com.br\/cbradar\/wp-content\/uploads\/2026\/05\/o-bairro-do-rio-de-janeiro-onde-3-mil-arvores-formam-um-corpo-1-1140x641.jpg 1140w\" sizes=\"(max-width: 1280px) 100vw, 1280px\" \/><figcaption class=\"wp-element-caption\">A sombra cont\u00ednua das \u00e1rvores transforma a caminhada e o turismo urbano.<\/figcaption><\/figure><\/div>\n\n\n<h2 class=\"wp-block-heading\">O que faz esse corredor verde chamar aten\u00e7\u00e3o no turismo urbano?<\/h2>\n\n\n\n<p>Turismo urbano n\u00e3o depende s\u00f3 de monumento famoso ou vista de cart\u00e3o-postal. Muitas vezes, o que marca uma caminhada \u00e9 a sequ\u00eancia de fachadas, a sombra das copas, o desenho da rua e a sensa\u00e7\u00e3o de continuidade. A Rua Santa Clara entrega exatamente esse tipo de experi\u00eancia, mais lenta e mais observadora.<\/p>\n\n\n\n<p>Quem inclui esse trecho no roteiro percebe detalhes que costumam escapar da pressa:<\/p>\n\n\n\n<ul class=\"wp-block-list\">\n<li>copas formando t\u00fanel vegetal sobre parte da via<\/li>\n\n\n\n<li>presen\u00e7a de \u00e1rvores antigas integradas ao desenho do bairro<\/li>\n\n\n\n<li>contraste entre massa verde e quadras densamente constru\u00eddas<\/li>\n\n\n\n<li>potencial fotogr\u00e1fico em hor\u00e1rios de luz lateral, sobretudo pela manh\u00e3<\/li>\n<\/ul>\n\n\n\n<p>Isso ajuda a entender por que o patrim\u00f4nio paisag\u00edstico tamb\u00e9m interessa ao visitante. Ele amplia o repert\u00f3rio de cidade, tira o foco exclusivo da orla e mostra como a paisagem de bairro tamb\u00e9m comp\u00f5e a imagem do Rio de Janeiro.<\/p>\n\n\n\n<h2 class=\"wp-block-heading\">Como reconhecer um patrim\u00f4nio paisag\u00edstico no meio da rotina?<\/h2>\n\n\n\n<p>Muita gente passa por \u00e1reas valiosas sem notar o que est\u00e1 diante dos olhos. Patrim\u00f4nio paisag\u00edstico n\u00e3o precisa ser jardim monumental. Ele pode surgir na repeti\u00e7\u00e3o de esp\u00e9cies arb\u00f3reas, na escala da rua, na continuidade das copas e na perman\u00eancia de um desenho urbano que resistiu \u00e0s reformas e \u00e0 press\u00e3o imobili\u00e1ria.<\/p>\n\n\n\n<p>Alguns sinais ajudam a identificar esse tipo de conjunto no cotidiano:<\/p>\n\n\n\n<ul class=\"wp-block-list\">\n<li>alinhamento hist\u00f3rico de \u00e1rvores na mesma via<\/li>\n\n\n\n<li>sombra constante que altera o microclima da caminhada<\/li>\n\n\n\n<li>rela\u00e7\u00e3o forte entre vegeta\u00e7\u00e3o, cal\u00e7ada e fachadas<\/li>\n\n\n\n<li>valor simb\u00f3lico para moradores e frequentadores do bairro<\/li>\n<\/ul>\n\n\n\n<h2 class=\"wp-block-heading\">Por que Copacabana ganha outra leitura quando a rua entra no roteiro?<\/h2>\n\n\n\n<p>Copacabana costuma ser lembrada pela Avenida Atl\u00e2ntica, pelo cal\u00e7ad\u00e3o e pela praia. S\u00f3 que o bairro tamb\u00e9m revela outra camada quando o passeio entra nas ruas internas. A Santa Clara mostra como o turismo urbano pode dialogar com mobilidade a p\u00e9, paisagem, mem\u00f3ria local e conserva\u00e7\u00e3o ambiental ao mesmo tempo.<\/p>\n\n\n\n<p>No fim, a for\u00e7a desse trecho est\u00e1 justamente em unir uso cotidiano e valor coletivo. O Rio de Janeiro continua sendo lido por suas montanhas, sua orla e seus mirantes, mas a cidade tamb\u00e9m se explica por corredores verdes como esse, onde a arboriza\u00e7\u00e3o urbana deixa de ser pano de fundo e vira parte viva do patrim\u00f4nio paisag\u00edstico.<\/p>\n","protected":false},"excerpt":{"rendered":"<p>Rio de Janeiro guarda paisagens urbanas que passam despercebidas at\u00e9 por quem cruza a cidade todos os dias. Em Copacabana, a Rua Santa Clara virou s\u00edmbolo de arboriza\u00e7\u00e3o urbana ao reunir um corredor verde cont\u00ednuo, associado \u00e0 mem\u00f3ria do bairro, ao conforto t\u00e9rmico e ao olhar de quem busca um recorte diferente do turismo urbano [&hellip;]<\/p>\n","protected":false},"author":12,"featured_media":236291,"comment_status":"open","ping_status":"open","sticky":false,"template":"","format":"standard","meta":{"_yoast_wpseo_focuskw":"rio de janeiro","_yoast_wpseo_title":"","_yoast_wpseo_metadesc":"Rio de Janeiro tem um trecho de Copacabana onde a paisagem muda de escala, e um detalhe pouco notado ajuda a explicar por que ele virou patrim\u00f4nio.","jnews-multi-image_gallery":[],"jnews_single_post":{"format":"standard"},"jnews_primary_category":[],"jnews_social_meta":[],"jnews_override_counter":[],"footnotes":""},"categories":[112],"tags":[7703,144,18629,304,18630],"class_list":["post-236293","post","type-post","status-publish","format-standard","has-post-thumbnail","hentry","category-curiosidades","tag-arborizacao-urbana","tag-curiosidades","tag-patrimonio-paisagistico","tag-rio-de-janeiro","tag-turismo-urbano"],"yoast_head":"<!-- This site is optimized with the Yoast SEO plugin v24.6 - https:\/\/yoast.com\/wordpress\/plugins\/seo\/ -->\n<title>O bairro do Rio de Janeiro onde 3 mil \u00e1rvores formam um corredor verde de quase 2 quil\u00f4metros e foi tombado como patrim\u00f4nio paisag\u00edstico - Correio Braziliense - Radar<\/title>\n<meta name=\"description\" content=\"Rio de Janeiro tem um trecho de Copacabana onde a paisagem muda de escala, e um detalhe pouco notado ajuda a explicar por que ele virou patrim\u00f4nio.\" \/>\n<meta name=\"robots\" content=\"index, follow, max-snippet:-1, max-image-preview:large, max-video-preview:-1\" \/>\n<link rel=\"canonical\" href=\"https:\/\/www.correiobraziliense.com.br\/cbradar\/o-bairro-do-rio-de-janeiro-onde-3-mil-arvores-formam-um-corredor-verde-de-quase-2-quilometros-e-foi-tombado-como-patrimonio-paisagistico\/\" \/>\n<meta property=\"og:locale\" content=\"pt_BR\" \/>\n<meta property=\"og:type\" content=\"article\" \/>\n<meta property=\"og:title\" content=\"O bairro do Rio de Janeiro onde 3 mil \u00e1rvores formam um corredor verde de quase 2 quil\u00f4metros e foi tombado como patrim\u00f4nio paisag\u00edstico - Correio Braziliense - Radar\" \/>\n<meta property=\"og:description\" content=\"Rio de Janeiro tem um trecho de Copacabana onde a paisagem muda de escala, e um detalhe pouco notado ajuda a explicar por que ele virou patrim\u00f4nio.\" \/>\n<meta property=\"og:url\" content=\"https:\/\/www.correiobraziliense.com.br\/cbradar\/o-bairro-do-rio-de-janeiro-onde-3-mil-arvores-formam-um-corredor-verde-de-quase-2-quilometros-e-foi-tombado-como-patrimonio-paisagistico\/\" \/>\n<meta property=\"og:site_name\" content=\"Correio Braziliense - Radar\" \/>\n<meta property=\"article:published_time\" content=\"2026-05-03T12:35:00+00:00\" \/>\n<meta property=\"og:image\" content=\"https:\/\/www.correiobraziliense.com.br\/cbradar\/wp-content\/uploads\/2026\/05\/o-bairro-do-rio-de-janeiro-onde-3-mil-arvores-formam-um-corr.jpg\" \/>\n\t<meta property=\"og:image:width\" content=\"1280\" \/>\n\t<meta property=\"og:image:height\" content=\"720\" \/>\n\t<meta property=\"og:image:type\" content=\"image\/jpeg\" \/>\n<meta name=\"author\" content=\"Gabriel Leme\" \/>\n<meta name=\"twitter:card\" content=\"summary_large_image\" \/>\n<meta name=\"twitter:label1\" content=\"Escrito por\" \/>\n\t<meta name=\"twitter:data1\" content=\"Gabriel Leme\" \/>\n\t<meta name=\"twitter:label2\" content=\"Est. tempo de leitura\" \/>\n\t<meta name=\"twitter:data2\" content=\"5 minutos\" \/>\n<!-- \/ Yoast SEO plugin. -->","yoast_head_json":{"title":"O bairro do Rio de Janeiro onde 3 mil \u00e1rvores formam um corredor verde de quase 2 quil\u00f4metros e foi tombado como patrim\u00f4nio paisag\u00edstico - Correio Braziliense - Radar","description":"Rio de Janeiro tem um trecho de Copacabana onde a paisagem muda de escala, e um detalhe pouco notado ajuda a explicar por que ele virou patrim\u00f4nio.","robots":{"index":"index","follow":"follow","max-snippet":"max-snippet:-1","max-image-preview":"max-image-preview:large","max-video-preview":"max-video-preview:-1"},"canonical":"https:\/\/www.correiobraziliense.com.br\/cbradar\/o-bairro-do-rio-de-janeiro-onde-3-mil-arvores-formam-um-corredor-verde-de-quase-2-quilometros-e-foi-tombado-como-patrimonio-paisagistico\/","og_locale":"pt_BR","og_type":"article","og_title":"O bairro do Rio de Janeiro onde 3 mil \u00e1rvores formam um corredor verde de quase 2 quil\u00f4metros e foi tombado como patrim\u00f4nio paisag\u00edstico - Correio Braziliense - Radar","og_description":"Rio de Janeiro tem um trecho de Copacabana onde a paisagem muda de escala, e um detalhe pouco notado ajuda a explicar por que ele virou patrim\u00f4nio.","og_url":"https:\/\/www.correiobraziliense.com.br\/cbradar\/o-bairro-do-rio-de-janeiro-onde-3-mil-arvores-formam-um-corredor-verde-de-quase-2-quilometros-e-foi-tombado-como-patrimonio-paisagistico\/","og_site_name":"Correio Braziliense - Radar","article_published_time":"2026-05-03T12:35:00+00:00","og_image":[{"width":1280,"height":720,"url":"https:\/\/www.correiobraziliense.com.br\/cbradar\/wp-content\/uploads\/2026\/05\/o-bairro-do-rio-de-janeiro-onde-3-mil-arvores-formam-um-corr.jpg","type":"image\/jpeg"}],"author":"Gabriel Leme","twitter_card":"summary_large_image","twitter_misc":{"Escrito por":"Gabriel Leme","Est. tempo de leitura":"5 minutos"},"schema":{"@context":"https:\/\/schema.org","@graph":[{"@type":"WebPage","@id":"https:\/\/www.correiobraziliense.com.br\/cbradar\/o-bairro-do-rio-de-janeiro-onde-3-mil-arvores-formam-um-corredor-verde-de-quase-2-quilometros-e-foi-tombado-como-patrimonio-paisagistico\/","url":"https:\/\/www.correiobraziliense.com.br\/cbradar\/o-bairro-do-rio-de-janeiro-onde-3-mil-arvores-formam-um-corredor-verde-de-quase-2-quilometros-e-foi-tombado-como-patrimonio-paisagistico\/","name":"O bairro do Rio de Janeiro onde 3 mil \u00e1rvores formam um corredor verde de quase 2 quil\u00f4metros e foi tombado como patrim\u00f4nio paisag\u00edstico - Correio Braziliense - Radar","isPartOf":{"@id":"https:\/\/www.correiobraziliense.com.br\/cbradar\/#website"},"primaryImageOfPage":{"@id":"https:\/\/www.correiobraziliense.com.br\/cbradar\/o-bairro-do-rio-de-janeiro-onde-3-mil-arvores-formam-um-corredor-verde-de-quase-2-quilometros-e-foi-tombado-como-patrimonio-paisagistico\/#primaryimage"},"image":{"@id":"https:\/\/www.correiobraziliense.com.br\/cbradar\/o-bairro-do-rio-de-janeiro-onde-3-mil-arvores-formam-um-corredor-verde-de-quase-2-quilometros-e-foi-tombado-como-patrimonio-paisagistico\/#primaryimage"},"thumbnailUrl":"https:\/\/www.correiobraziliense.com.br\/cbradar\/wp-content\/uploads\/2026\/05\/o-bairro-do-rio-de-janeiro-onde-3-mil-arvores-formam-um-corr.jpg","datePublished":"2026-05-03T12:35:00+00:00","author":{"@id":"https:\/\/www.correiobraziliense.com.br\/cbradar\/#\/schema\/person\/67a081d63a0fe55fb267145a7be2f7c1"},"description":"Rio de Janeiro tem um trecho de Copacabana onde a paisagem muda de escala, e um detalhe pouco notado ajuda a explicar por que ele virou patrim\u00f4nio.","breadcrumb":{"@id":"https:\/\/www.correiobraziliense.com.br\/cbradar\/o-bairro-do-rio-de-janeiro-onde-3-mil-arvores-formam-um-corredor-verde-de-quase-2-quilometros-e-foi-tombado-como-patrimonio-paisagistico\/#breadcrumb"},"inLanguage":"pt-BR","potentialAction":[{"@type":"ReadAction","target":["https:\/\/www.correiobraziliense.com.br\/cbradar\/o-bairro-do-rio-de-janeiro-onde-3-mil-arvores-formam-um-corredor-verde-de-quase-2-quilometros-e-foi-tombado-como-patrimonio-paisagistico\/"]}]},{"@type":"ImageObject","inLanguage":"pt-BR","@id":"https:\/\/www.correiobraziliense.com.br\/cbradar\/o-bairro-do-rio-de-janeiro-onde-3-mil-arvores-formam-um-corredor-verde-de-quase-2-quilometros-e-foi-tombado-como-patrimonio-paisagistico\/#primaryimage","url":"https:\/\/www.correiobraziliense.com.br\/cbradar\/wp-content\/uploads\/2026\/05\/o-bairro-do-rio-de-janeiro-onde-3-mil-arvores-formam-um-corr.jpg","contentUrl":"https:\/\/www.correiobraziliense.com.br\/cbradar\/wp-content\/uploads\/2026\/05\/o-bairro-do-rio-de-janeiro-onde-3-mil-arvores-formam-um-corr.jpg","width":1280,"height":720,"caption":"Rua Santa Clara revela um corredor verde raro no cora\u00e7\u00e3o de Copacabana."},{"@type":"BreadcrumbList","@id":"https:\/\/www.correiobraziliense.com.br\/cbradar\/o-bairro-do-rio-de-janeiro-onde-3-mil-arvores-formam-um-corredor-verde-de-quase-2-quilometros-e-foi-tombado-como-patrimonio-paisagistico\/#breadcrumb","itemListElement":[{"@type":"ListItem","position":1,"name":"In\u00edcio","item":"https:\/\/www.correiobraziliense.com.br\/cbradar\/"},{"@type":"ListItem","position":2,"name":"O bairro do Rio de Janeiro onde 3 mil \u00e1rvores formam um corredor verde de quase 2 quil\u00f4metros e foi tombado como patrim\u00f4nio paisag\u00edstico"}]},{"@type":"WebSite","@id":"https:\/\/www.correiobraziliense.com.br\/cbradar\/#website","url":"https:\/\/www.correiobraziliense.com.br\/cbradar\/","name":"Correio Braziliense - Radar","description":"Acompanhe as \u00faltimas not\u00edcias e fique bem informado sobre tudo o que acontece no Brasil e no mundo.","potentialAction":[{"@type":"SearchAction","target":{"@type":"EntryPoint","urlTemplate":"https:\/\/www.correiobraziliense.com.br\/cbradar\/?s={search_term_string}"},"query-input":{"@type":"PropertyValueSpecification","valueRequired":true,"valueName":"search_term_string"}}],"inLanguage":"pt-BR"},{"@type":"Person","@id":"https:\/\/www.correiobraziliense.com.br\/cbradar\/#\/schema\/person\/67a081d63a0fe55fb267145a7be2f7c1","name":"Gabriel Leme","image":{"@type":"ImageObject","inLanguage":"pt-BR","@id":"https:\/\/www.correiobraziliense.com.br\/cbradar\/#\/schema\/person\/image\/","url":"https:\/\/secure.gravatar.com\/avatar\/85bf2e3517d27149969b72412b460c20?s=96&d=mm&r=g","contentUrl":"https:\/\/secure.gravatar.com\/avatar\/85bf2e3517d27149969b72412b460c20?s=96&d=mm&r=g","caption":"Gabriel Leme"},"sameAs":["https:\/\/www.correiobraziliense.com.br\/"],"url":"https:\/\/www.correiobraziliense.com.br\/cbradar\/author\/gabrielmyth\/"}]}},"_links":{"self":[{"href":"https:\/\/www.correiobraziliense.com.br\/cbradar\/wp-json\/wp\/v2\/posts\/236293","targetHints":{"allow":["GET"]}}],"collection":[{"href":"https:\/\/www.correiobraziliense.com.br\/cbradar\/wp-json\/wp\/v2\/posts"}],"about":[{"href":"https:\/\/www.correiobraziliense.com.br\/cbradar\/wp-json\/wp\/v2\/types\/post"}],"author":[{"embeddable":true,"href":"https:\/\/www.correiobraziliense.com.br\/cbradar\/wp-json\/wp\/v2\/users\/12"}],"replies":[{"embeddable":true,"href":"https:\/\/www.correiobraziliense.com.br\/cbradar\/wp-json\/wp\/v2\/comments?post=236293"}],"version-history":[{"count":1,"href":"https:\/\/www.correiobraziliense.com.br\/cbradar\/wp-json\/wp\/v2\/posts\/236293\/revisions"}],"predecessor-version":[{"id":236333,"href":"https:\/\/www.correiobraziliense.com.br\/cbradar\/wp-json\/wp\/v2\/posts\/236293\/revisions\/236333"}],"wp:featuredmedia":[{"embeddable":true,"href":"https:\/\/www.correiobraziliense.com.br\/cbradar\/wp-json\/wp\/v2\/media\/236291"}],"wp:attachment":[{"href":"https:\/\/www.correiobraziliense.com.br\/cbradar\/wp-json\/wp\/v2\/media?parent=236293"}],"wp:term":[{"taxonomy":"category","embeddable":true,"href":"https:\/\/www.correiobraziliense.com.br\/cbradar\/wp-json\/wp\/v2\/categories?post=236293"},{"taxonomy":"post_tag","embeddable":true,"href":"https:\/\/www.correiobraziliense.com.br\/cbradar\/wp-json\/wp\/v2\/tags?post=236293"}],"curies":[{"name":"wp","href":"https:\/\/api.w.org\/{rel}","templated":true}]}}