{"id":236300,"date":"2026-05-03T11:05:00","date_gmt":"2026-05-03T14:05:00","guid":{"rendered":"https:\/\/www.correiobraziliense.com.br\/cbradar\/?p=236300"},"modified":"2026-05-03T05:48:21","modified_gmt":"2026-05-03T08:48:21","slug":"o-que-o-gengibre-em-jejum-faz-no-metabolismo-e-na-imunidade","status":"publish","type":"post","link":"https:\/\/www.correiobraziliense.com.br\/cbradar\/o-que-o-gengibre-em-jejum-faz-no-metabolismo-e-na-imunidade\/","title":{"rendered":"O que o gengibre em jejum faz no metabolismo e na imunidade"},"content":{"rendered":"\n<p><strong>Gengibre<\/strong> em jejum costuma entrar na rotina de quem busca mais disposi\u00e7\u00e3o, melhor digest\u00e3o e apoio natural ao organismo. No contexto do <strong>bem-estar<\/strong>, essa pr\u00e1tica chama aten\u00e7\u00e3o por envolver termog\u00eanese, resposta inflamat\u00f3ria, absor\u00e7\u00e3o e equil\u00edbrio do sistema imune, mas o efeito real depende da dose, da frequ\u00eancia e do estado de sa\u00fade de cada pessoa.<\/p>\n\n\n\n<h2 class=\"wp-block-heading\">Tomar gengibre em jejum acelera mesmo o metabolismo?<\/h2>\n\n\n\n<p>O gengibre cont\u00e9m compostos bioativos, como ginger\u00f3is e shoga\u00f3is, que participam de processos ligados ao gasto energ\u00e9tico, \u00e0 sensibilidade \u00e0 insulina e ao controle da glicose. Isso n\u00e3o significa que o jejum, por si s\u00f3, transforme o metabolismo de forma intensa, mas pode haver um efeito discreto de suporte quando o consumo entra em uma rotina alimentar coerente.<\/p>\n\n\n\n<p>Na pr\u00e1tica, o metabolismo responde muito mais ao conjunto, sono, treino, ingest\u00e3o proteica, consumo cal\u00f3rico e n\u00edvel de estresse. O jejum apenas muda o contexto de ingest\u00e3o. Se a pessoa usa gengibre pela manh\u00e3, sem a\u00e7\u00facar e sem exagero, a percep\u00e7\u00e3o de leveza digestiva pode melhorar, mas n\u00e3o h\u00e1 base para tratar o alimento como atalho para emagrecimento.<\/p>\n\n\n\n<h2 class=\"wp-block-heading\">O que muda no corpo quando o jejum entra nessa rotina?<\/h2>\n\n\n\n<p>O <strong>jejum<\/strong> altera o momento em que o trato gastrointestinal recebe est\u00edmulo, e isso pode influenciar conforto g\u00e1strico, saciedade e toler\u00e2ncia individual. Algumas pessoas se sentem bem com infus\u00e3o morna ou \u00e1gua com gengibre ao acordar. Outras relatam ardor, refluxo ou irrita\u00e7\u00e3o, especialmente quando j\u00e1 t\u00eam gastrite ou est\u00f4mago sens\u00edvel.<\/p>\n\n\n\n<p>Vale observar alguns sinais antes de insistir no h\u00e1bito di\u00e1rio:<\/p>\n\n\n\n<ul class=\"wp-block-list\">\n<li>azia ou queima\u00e7\u00e3o ap\u00f3s o consumo<\/li>\n\n\n\n<li>n\u00e1usea em est\u00f4mago vazio<\/li>\n\n\n\n<li>melhora da saciedade no in\u00edcio da manh\u00e3<\/li>\n\n\n\n<li>desconforto intestinal em doses mais altas<\/li>\n\n\n\n<li>intera\u00e7\u00e3o com caf\u00e9, lim\u00e3o ou suplementos termog\u00eanicos<\/li>\n<\/ul>\n\n\n\n<p>Esse cuidado importa porque o jejum n\u00e3o potencializa automaticamente os efeitos do gengibre. Em muitas rotinas, o principal benef\u00edcio est\u00e1 na regularidade e n\u00e3o no hor\u00e1rio exato de consumo.<\/p>\n\n\n<div class=\"wp-block-image\">\n<figure class=\"aligncenter\"><img decoding=\"async\" width=\"1280\" height=\"720\" src=\"https:\/\/www.correiobraziliense.com.br\/cbradar\/wp-content\/uploads\/2026\/05\/o-que-o-gengibre-em-jejum-faz-no-metabolismo-e-na-imuni-corpo-1.jpg\" alt=\"Infus\u00e3o leve e dose moderada ajudam a usar gengibre com mais seguran\u00e7a.\" class=\"wp-image-236334\" srcset=\"https:\/\/www.correiobraziliense.com.br\/cbradar\/wp-content\/uploads\/2026\/05\/o-que-o-gengibre-em-jejum-faz-no-metabolismo-e-na-imuni-corpo-1.jpg 1280w, https:\/\/www.correiobraziliense.com.br\/cbradar\/wp-content\/uploads\/2026\/05\/o-que-o-gengibre-em-jejum-faz-no-metabolismo-e-na-imuni-corpo-1-300x169.jpg 300w, https:\/\/www.correiobraziliense.com.br\/cbradar\/wp-content\/uploads\/2026\/05\/o-que-o-gengibre-em-jejum-faz-no-metabolismo-e-na-imuni-corpo-1-768x432.jpg 768w, https:\/\/www.correiobraziliense.com.br\/cbradar\/wp-content\/uploads\/2026\/05\/o-que-o-gengibre-em-jejum-faz-no-metabolismo-e-na-imuni-corpo-1-750x422.jpg 750w, https:\/\/www.correiobraziliense.com.br\/cbradar\/wp-content\/uploads\/2026\/05\/o-que-o-gengibre-em-jejum-faz-no-metabolismo-e-na-imuni-corpo-1-1140x641.jpg 1140w\" sizes=\"(max-width: 1280px) 100vw, 1280px\" \/><figcaption class=\"wp-element-caption\">Infus\u00e3o leve e dose moderada ajudam a usar gengibre com mais seguran\u00e7a.<\/figcaption><\/figure><\/div>\n\n\n<h2 class=\"wp-block-heading\">Como a imunidade pode ser influenciada por esse h\u00e1bito?<\/h2>\n\n\n\n<p>A rela\u00e7\u00e3o entre <strong>imunidade<\/strong> e gengibre passa menos por uma ideia de \u201cblindagem\u201d e mais por modula\u00e7\u00e3o inflamat\u00f3ria e estresse oxidativo. Os compostos do rizoma interagem com vias celulares ligadas a citocinas, antioxidantes e atividade de c\u00e9lulas imunes, o que ajuda a explicar por que o ingrediente aparece com frequ\u00eancia em contextos de recupera\u00e7\u00e3o, resfriados e cuidado di\u00e1rio.<\/p>\n\n\n\n<p>Isso n\u00e3o substitui vacina, alimenta\u00e7\u00e3o completa, hidrata\u00e7\u00e3o e sono profundo. O sistema imune funciona como rede. Um \u00fanico ingrediente pode colaborar, mas n\u00e3o compensa car\u00eancia nutricional, noites curtas e excesso de ultraprocessados.<\/p>\n\n\n\n<h2 class=\"wp-block-heading\">O que a pesquisa cient\u00edfica mostra sobre metabolismo e resposta inflamat\u00f3ria?<\/h2>\n\n\n\n<p>Quando esse tema sai do senso comum e entra nos estudos, o cen\u00e1rio fica mais interessante. O gengibre aparece com resultados mais consistentes em marcadores metab\u00f3licos e inflamat\u00f3rios do que em promessas amplas de \u201cacelerar tudo\u201d. Isso ajuda a colocar o ingrediente no lugar certo, um apoio poss\u00edvel dentro de uma rotina de bem-estar, n\u00e3o uma solu\u00e7\u00e3o isolada.<\/p>\n\n\n\n<p>Segundo a <strong>meta-an\u00e1lise<\/strong> <a href=\"https:\/\/pubmed.ncbi.nlm.nih.gov\/29393665\/?utm_medium+=ts-content\" target=\"_blank\" rel=\"noopener noreferrer\">The effects of ginger intake on weight loss and metabolic profiles among overweight and obese subjects<\/a>, publicada no peri\u00f3dico <strong>Critical Reviews in Food Science and Nutrition<\/strong>, a suplementa\u00e7\u00e3o com gengibre foi associada a redu\u00e7\u00e3o de peso corporal, glicemia de jejum e resist\u00eancia \u00e0 insulina, al\u00e9m de aumento do HDL em parte dos estudos. J\u00e1 na frente imune, a revis\u00e3o The \u201croot\u201d causes behind the anti-inflammatory actions of ginger compounds in immune cells, publicada em Frontiers in Immunology, descreve mecanismos pelos quais compostos do gengibre modulam citocinas e a atividade de c\u00e9lulas como macr\u00f3fagos e linf\u00f3citos, refor\u00e7ando o elo entre inflama\u00e7\u00e3o e imunidade.<\/p>\n\n\n\n<h2 class=\"wp-block-heading\">Qual \u00e9 a forma mais segura de usar no dia a dia?<\/h2>\n\n\n\n<p>Para bem-estar, o uso mais simples costuma ser o mais sustent\u00e1vel. O gengibre pode entrar em infus\u00e3o, raspas em frutas, preparo de ch\u00e1s ou pequenas quantidades em sucos e refei\u00e7\u00f5es. Em jejum, a melhor escolha geralmente \u00e9 uma dose moderada, sem misturas agressivas para o est\u00f4mago.<\/p>\n\n\n\n<p>Algumas estrat\u00e9gias costumam funcionar melhor:<\/p>\n\n\n\n<ul class=\"wp-block-list\">\n<li>come\u00e7ar com pequena quantidade, como lascas finas ou infus\u00e3o fraca<\/li>\n\n\n\n<li>evitar combinar com excesso de lim\u00e3o, pimenta e caf\u00e9 logo cedo<\/li>\n\n\n\n<li>observar o efeito por alguns dias antes de aumentar a dose<\/li>\n\n\n\n<li>interromper se houver refluxo, dor epig\u00e1strica ou irrita\u00e7\u00e3o<\/li>\n\n\n\n<li>buscar orienta\u00e7\u00e3o profissional em caso de uso de anticoagulantes<\/li>\n<\/ul>\n\n\n\n<h2 class=\"wp-block-heading\">Quando o gengibre em jejum n\u00e3o \u00e9 uma boa ideia?<\/h2>\n\n\n\n<p>Nem toda rotina saud\u00e1vel serve para todo organismo. Pessoas com refluxo, gastrite, \u00falcera, c\u00e1lculos biliares ou sensibilidade gastrointestinal podem piorar os sintomas ao consumir gengibre com o est\u00f4mago vazio. Quem usa medicamentos que interferem na coagula\u00e7\u00e3o tamb\u00e9m precisa de cautela antes de adotar doses frequentes.<\/p>\n\n\n\n<p>Dentro do bem-estar, o melhor resultado aparece quando o gengibre \u00e9 tratado como parte de uma rotina maior, com alimenta\u00e7\u00e3o variada, fibras, movimento, descanso e manejo do estresse. Nesse cen\u00e1rio, ele pode contribuir com o metabolismo, dialogar com a imunidade e fazer sentido no jejum, mas s\u00f3 quando o corpo responde bem ao h\u00e1bito.<\/p>\n","protected":false},"excerpt":{"rendered":"<p>Gengibre em jejum costuma entrar na rotina de quem busca mais disposi\u00e7\u00e3o, melhor digest\u00e3o e apoio natural ao organismo. No contexto do bem-estar, essa pr\u00e1tica chama aten\u00e7\u00e3o por envolver termog\u00eanese, resposta inflamat\u00f3ria, absor\u00e7\u00e3o e equil\u00edbrio do sistema imune, mas o efeito real depende da dose, da frequ\u00eancia e do estado de sa\u00fade de cada pessoa. [&hellip;]<\/p>\n","protected":false},"author":12,"featured_media":236297,"comment_status":"open","ping_status":"open","sticky":false,"template":"","format":"standard","meta":{"_yoast_wpseo_focuskw":"gengibre","_yoast_wpseo_title":"","_yoast_wpseo_metadesc":"O gengibre em jejum tem um papel que poucos consideram quando o assunto \u00e9 metabolismo e imunidade, e o efeito real muda conforme o contexto.","jnews-multi-image_gallery":[],"jnews_single_post":{"format":"standard"},"jnews_primary_category":[],"jnews_social_meta":[],"jnews_override_counter":[],"footnotes":""},"categories":[119],"tags":[120,4461,4835,1487,368],"class_list":["post-236300","post","type-post","status-publish","format-standard","has-post-thumbnail","hentry","category-bem-estar","tag-bem-estar","tag-beneficios-do-gengibre","tag-imunidade","tag-jejum","tag-metabolismo"],"yoast_head":"<!-- This site is optimized with the Yoast SEO plugin v24.6 - https:\/\/yoast.com\/wordpress\/plugins\/seo\/ -->\n<title>O que o gengibre em jejum faz no metabolismo e na imunidade - Correio Braziliense - Radar<\/title>\n<meta name=\"description\" content=\"O gengibre em jejum tem um papel que poucos consideram quando o assunto \u00e9 metabolismo e imunidade, e o efeito real muda conforme o contexto.\" \/>\n<meta name=\"robots\" content=\"index, follow, max-snippet:-1, max-image-preview:large, max-video-preview:-1\" \/>\n<link rel=\"canonical\" href=\"https:\/\/www.correiobraziliense.com.br\/cbradar\/o-que-o-gengibre-em-jejum-faz-no-metabolismo-e-na-imunidade\/\" \/>\n<meta property=\"og:locale\" content=\"pt_BR\" \/>\n<meta property=\"og:type\" content=\"article\" \/>\n<meta property=\"og:title\" content=\"O que o gengibre em jejum faz no metabolismo e na imunidade - Correio Braziliense - Radar\" \/>\n<meta property=\"og:description\" content=\"O gengibre em jejum tem um papel que poucos consideram quando o assunto \u00e9 metabolismo e imunidade, e o efeito real muda conforme o contexto.\" \/>\n<meta property=\"og:url\" content=\"https:\/\/www.correiobraziliense.com.br\/cbradar\/o-que-o-gengibre-em-jejum-faz-no-metabolismo-e-na-imunidade\/\" \/>\n<meta property=\"og:site_name\" content=\"Correio Braziliense - Radar\" \/>\n<meta property=\"article:published_time\" content=\"2026-05-03T14:05:00+00:00\" \/>\n<meta property=\"og:image\" content=\"https:\/\/www.correiobraziliense.com.br\/cbradar\/wp-content\/uploads\/2026\/05\/o-que-o-gengibre-em-jejum-faz-no-metabolismo-e-na-imunidade.jpg\" \/>\n\t<meta property=\"og:image:width\" content=\"1280\" \/>\n\t<meta property=\"og:image:height\" content=\"720\" \/>\n\t<meta property=\"og:image:type\" content=\"image\/jpeg\" \/>\n<meta name=\"author\" content=\"Gabriel Leme\" \/>\n<meta name=\"twitter:card\" content=\"summary_large_image\" \/>\n<meta name=\"twitter:label1\" content=\"Escrito por\" \/>\n\t<meta name=\"twitter:data1\" content=\"Gabriel Leme\" \/>\n\t<meta name=\"twitter:label2\" content=\"Est. tempo de leitura\" \/>\n\t<meta name=\"twitter:data2\" content=\"5 minutos\" \/>\n<!-- \/ Yoast SEO plugin. -->","yoast_head_json":{"title":"O que o gengibre em jejum faz no metabolismo e na imunidade - Correio Braziliense - Radar","description":"O gengibre em jejum tem um papel que poucos consideram quando o assunto \u00e9 metabolismo e imunidade, e o efeito real muda conforme o contexto.","robots":{"index":"index","follow":"follow","max-snippet":"max-snippet:-1","max-image-preview":"max-image-preview:large","max-video-preview":"max-video-preview:-1"},"canonical":"https:\/\/www.correiobraziliense.com.br\/cbradar\/o-que-o-gengibre-em-jejum-faz-no-metabolismo-e-na-imunidade\/","og_locale":"pt_BR","og_type":"article","og_title":"O que o gengibre em jejum faz no metabolismo e na imunidade - Correio Braziliense - Radar","og_description":"O gengibre em jejum tem um papel que poucos consideram quando o assunto \u00e9 metabolismo e imunidade, e o efeito real muda conforme o contexto.","og_url":"https:\/\/www.correiobraziliense.com.br\/cbradar\/o-que-o-gengibre-em-jejum-faz-no-metabolismo-e-na-imunidade\/","og_site_name":"Correio Braziliense - Radar","article_published_time":"2026-05-03T14:05:00+00:00","og_image":[{"width":1280,"height":720,"url":"https:\/\/www.correiobraziliense.com.br\/cbradar\/wp-content\/uploads\/2026\/05\/o-que-o-gengibre-em-jejum-faz-no-metabolismo-e-na-imunidade.jpg","type":"image\/jpeg"}],"author":"Gabriel Leme","twitter_card":"summary_large_image","twitter_misc":{"Escrito por":"Gabriel Leme","Est. tempo de leitura":"5 minutos"},"schema":{"@context":"https:\/\/schema.org","@graph":[{"@type":"WebPage","@id":"https:\/\/www.correiobraziliense.com.br\/cbradar\/o-que-o-gengibre-em-jejum-faz-no-metabolismo-e-na-imunidade\/","url":"https:\/\/www.correiobraziliense.com.br\/cbradar\/o-que-o-gengibre-em-jejum-faz-no-metabolismo-e-na-imunidade\/","name":"O que o gengibre em jejum faz no metabolismo e na imunidade - Correio Braziliense - Radar","isPartOf":{"@id":"https:\/\/www.correiobraziliense.com.br\/cbradar\/#website"},"primaryImageOfPage":{"@id":"https:\/\/www.correiobraziliense.com.br\/cbradar\/o-que-o-gengibre-em-jejum-faz-no-metabolismo-e-na-imunidade\/#primaryimage"},"image":{"@id":"https:\/\/www.correiobraziliense.com.br\/cbradar\/o-que-o-gengibre-em-jejum-faz-no-metabolismo-e-na-imunidade\/#primaryimage"},"thumbnailUrl":"https:\/\/www.correiobraziliense.com.br\/cbradar\/wp-content\/uploads\/2026\/05\/o-que-o-gengibre-em-jejum-faz-no-metabolismo-e-na-imunidade.jpg","datePublished":"2026-05-03T14:05:00+00:00","author":{"@id":"https:\/\/www.correiobraziliense.com.br\/cbradar\/#\/schema\/person\/67a081d63a0fe55fb267145a7be2f7c1"},"description":"O gengibre em jejum tem um papel que poucos consideram quando o assunto \u00e9 metabolismo e imunidade, e o efeito real muda conforme o contexto.","breadcrumb":{"@id":"https:\/\/www.correiobraziliense.com.br\/cbradar\/o-que-o-gengibre-em-jejum-faz-no-metabolismo-e-na-imunidade\/#breadcrumb"},"inLanguage":"pt-BR","potentialAction":[{"@type":"ReadAction","target":["https:\/\/www.correiobraziliense.com.br\/cbradar\/o-que-o-gengibre-em-jejum-faz-no-metabolismo-e-na-imunidade\/"]}]},{"@type":"ImageObject","inLanguage":"pt-BR","@id":"https:\/\/www.correiobraziliense.com.br\/cbradar\/o-que-o-gengibre-em-jejum-faz-no-metabolismo-e-na-imunidade\/#primaryimage","url":"https:\/\/www.correiobraziliense.com.br\/cbradar\/wp-content\/uploads\/2026\/05\/o-que-o-gengibre-em-jejum-faz-no-metabolismo-e-na-imunidade.jpg","contentUrl":"https:\/\/www.correiobraziliense.com.br\/cbradar\/wp-content\/uploads\/2026\/05\/o-que-o-gengibre-em-jejum-faz-no-metabolismo-e-na-imunidade.jpg","width":1280,"height":720,"caption":"Gengibre em jejum pode integrar uma rotina matinal equilibrada de bem-estar."},{"@type":"BreadcrumbList","@id":"https:\/\/www.correiobraziliense.com.br\/cbradar\/o-que-o-gengibre-em-jejum-faz-no-metabolismo-e-na-imunidade\/#breadcrumb","itemListElement":[{"@type":"ListItem","position":1,"name":"In\u00edcio","item":"https:\/\/www.correiobraziliense.com.br\/cbradar\/"},{"@type":"ListItem","position":2,"name":"O que o gengibre em jejum faz no metabolismo e na imunidade"}]},{"@type":"WebSite","@id":"https:\/\/www.correiobraziliense.com.br\/cbradar\/#website","url":"https:\/\/www.correiobraziliense.com.br\/cbradar\/","name":"Correio Braziliense - Radar","description":"Acompanhe as \u00faltimas not\u00edcias e fique bem informado sobre tudo o que acontece no Brasil e no mundo.","potentialAction":[{"@type":"SearchAction","target":{"@type":"EntryPoint","urlTemplate":"https:\/\/www.correiobraziliense.com.br\/cbradar\/?s={search_term_string}"},"query-input":{"@type":"PropertyValueSpecification","valueRequired":true,"valueName":"search_term_string"}}],"inLanguage":"pt-BR"},{"@type":"Person","@id":"https:\/\/www.correiobraziliense.com.br\/cbradar\/#\/schema\/person\/67a081d63a0fe55fb267145a7be2f7c1","name":"Gabriel Leme","image":{"@type":"ImageObject","inLanguage":"pt-BR","@id":"https:\/\/www.correiobraziliense.com.br\/cbradar\/#\/schema\/person\/image\/","url":"https:\/\/secure.gravatar.com\/avatar\/85bf2e3517d27149969b72412b460c20?s=96&d=mm&r=g","contentUrl":"https:\/\/secure.gravatar.com\/avatar\/85bf2e3517d27149969b72412b460c20?s=96&d=mm&r=g","caption":"Gabriel Leme"},"sameAs":["https:\/\/www.correiobraziliense.com.br\/"],"url":"https:\/\/www.correiobraziliense.com.br\/cbradar\/author\/gabrielmyth\/"}]}},"_links":{"self":[{"href":"https:\/\/www.correiobraziliense.com.br\/cbradar\/wp-json\/wp\/v2\/posts\/236300","targetHints":{"allow":["GET"]}}],"collection":[{"href":"https:\/\/www.correiobraziliense.com.br\/cbradar\/wp-json\/wp\/v2\/posts"}],"about":[{"href":"https:\/\/www.correiobraziliense.com.br\/cbradar\/wp-json\/wp\/v2\/types\/post"}],"author":[{"embeddable":true,"href":"https:\/\/www.correiobraziliense.com.br\/cbradar\/wp-json\/wp\/v2\/users\/12"}],"replies":[{"embeddable":true,"href":"https:\/\/www.correiobraziliense.com.br\/cbradar\/wp-json\/wp\/v2\/comments?post=236300"}],"version-history":[{"count":1,"href":"https:\/\/www.correiobraziliense.com.br\/cbradar\/wp-json\/wp\/v2\/posts\/236300\/revisions"}],"predecessor-version":[{"id":236335,"href":"https:\/\/www.correiobraziliense.com.br\/cbradar\/wp-json\/wp\/v2\/posts\/236300\/revisions\/236335"}],"wp:featuredmedia":[{"embeddable":true,"href":"https:\/\/www.correiobraziliense.com.br\/cbradar\/wp-json\/wp\/v2\/media\/236297"}],"wp:attachment":[{"href":"https:\/\/www.correiobraziliense.com.br\/cbradar\/wp-json\/wp\/v2\/media?parent=236300"}],"wp:term":[{"taxonomy":"category","embeddable":true,"href":"https:\/\/www.correiobraziliense.com.br\/cbradar\/wp-json\/wp\/v2\/categories?post=236300"},{"taxonomy":"post_tag","embeddable":true,"href":"https:\/\/www.correiobraziliense.com.br\/cbradar\/wp-json\/wp\/v2\/tags?post=236300"}],"curies":[{"name":"wp","href":"https:\/\/api.w.org\/{rel}","templated":true}]}}