{"id":236342,"date":"2026-05-03T09:47:00","date_gmt":"2026-05-03T12:47:00","guid":{"rendered":"https:\/\/www.correiobraziliense.com.br\/cbradar\/?p=236342"},"modified":"2026-05-03T08:59:17","modified_gmt":"2026-05-03T11:59:17","slug":"o-nome-feminino-com-so-3-letras-que-esta-conquistando-os-brasileiros-por-ser-delicado-e-atual","status":"publish","type":"post","link":"https:\/\/www.correiobraziliense.com.br\/cbradar\/o-nome-feminino-com-so-3-letras-que-esta-conquistando-os-brasileiros-por-ser-delicado-e-atual\/","title":{"rendered":"O nome feminino com s\u00f3 3 letras que est\u00e1 conquistando os brasileiros por ser delicado e atual"},"content":{"rendered":"\n<p>Qual o motivo para <strong>Lis<\/strong> saltar milhares de posi\u00e7\u00f5es nos registros civis e se tornar o <strong>nome feminino com s\u00f3 3 letras<\/strong> mais desejado das maternidades? A resposta est\u00e1 na busca atual por identidades minimalistas, f\u00e1ceis de pronunciar e que transmitem grande sofistica\u00e7\u00e3o sonora.<\/p>\n\n\n\n<h2 class=\"wp-block-heading\">Por que nomes curtos dominam as tend\u00eancias atuais?<\/h2>\n\n\n\n<p>A grande praticidade lidera a escolha na hora da certid\u00e3o. Op\u00e7\u00f5es velozes evitam apelidos indesejados e facilitam enormemente a futura <strong>alfabetiza\u00e7\u00e3o<\/strong> da crian\u00e7a. O foco atual recai sobre sonoridades suaves, garantindo que a pron\u00fancia di\u00e1ria flua de maneira org\u00e2nica desde cedo.<\/p>\n\n\n\n<p>Essa forte prefer\u00eancia reflete uma mudan\u00e7a cultural profunda nas fam\u00edlias. Dados recentes do <a href=\"https:\/\/censo2022.ibge.gov.br\/\" target=\"_blank\" rel=\"noreferrer noopener\">IBGE<\/a> apontam que os casais modernos rejeitam registros compostos longos. O objetivo pr\u00e1tico consiste em oferecer uma identidade marcante e simples ao mesmo tempo.<\/p>\n\n\n<div class=\"wp-block-image\">\n<figure class=\"aligncenter size-full\"><img decoding=\"async\" width=\"1280\" height=\"720\" src=\"https:\/\/www.correiobraziliense.com.br\/cbradar\/wp-content\/uploads\/2026\/05\/IMAGEM_720p_1777809291639.jpg\" alt=\"O crescimento do nome feminino curto Lis no Brasil\" class=\"wp-image-236345\" srcset=\"https:\/\/www.correiobraziliense.com.br\/cbradar\/wp-content\/uploads\/2026\/05\/IMAGEM_720p_1777809291639.jpg 1280w, https:\/\/www.correiobraziliense.com.br\/cbradar\/wp-content\/uploads\/2026\/05\/IMAGEM_720p_1777809291639-300x169.jpg 300w, https:\/\/www.correiobraziliense.com.br\/cbradar\/wp-content\/uploads\/2026\/05\/IMAGEM_720p_1777809291639-768x432.jpg 768w, https:\/\/www.correiobraziliense.com.br\/cbradar\/wp-content\/uploads\/2026\/05\/IMAGEM_720p_1777809291639-750x422.jpg 750w, https:\/\/www.correiobraziliense.com.br\/cbradar\/wp-content\/uploads\/2026\/05\/IMAGEM_720p_1777809291639-1140x641.jpg 1140w\" sizes=\"(max-width: 1280px) 100vw, 1280px\" \/><figcaption class=\"wp-element-caption\">O crescimento do nome feminino curto Lis no Brasil<\/figcaption><\/figure><\/div>\n\n\n<h2 class=\"wp-block-heading\">Qual a origem e o significado oculto de Lis?<\/h2>\n\n\n\n<p>A rica raiz etimol\u00f3gica de <strong>Lis<\/strong> remete diretamente \u00e0 formosa flor de l\u00edrio. Essa perfumada planta simboliza muita pureza, nobreza e lealdade na cultura antiga. O pequeno termo carrega uma bel\u00edssima heran\u00e7a visual estampada nos cl\u00e1ssicos bras\u00f5es reais.<\/p>\n\n\n\n<p>Diversos aspectos hist\u00f3ricos tornam essa op\u00e7\u00e3o extremamente encantadora para as meninas modernas. Pontos centrais sobre a sua frequente ado\u00e7\u00e3o incluem:<\/p>\n\n\n\n<ul class=\"wp-block-list\">\n<li>Liga\u00e7\u00e3o direta com a natureza org\u00e2nica atrav\u00e9s da bot\u00e2nica.<\/li>\n\n\n\n<li>Associa\u00e7\u00e3o visual constante aos monarcas imponentes dos s\u00e9culos passados.<\/li>\n\n\n\n<li>Simbolismo marcante de constante renova\u00e7\u00e3o espiritual e muita clareza mental.<\/li>\n<\/ul>\n\n\n\n<h3 class=\"wp-block-heading\">Como a grafia com a letra Z muda o contexto?<\/h3>\n\n\n\n<p>A sutil troca da \u00faltima letra altera apenas a est\u00e9tica visual final da palavra. O som emitido permanece absolutamente id\u00eantico, mas a moderna grafia <strong>Liz<\/strong> ganhou enorme tra\u00e7\u00e3o entre famosos influenciadores digitais da atualidade. Ambas as formas entregam a exata mesma leveza.<\/p>\n\n\n\n<h2 class=\"wp-block-heading\">Quais as vantagens de unir essa op\u00e7\u00e3o com sobrenomes longos?<\/h2>\n\n\n\n<p>O maior benef\u00edcio de adotar um termo conciso reside na perfeita harmonia com sobrenomes duplos ou muito extensos. Quando a beb\u00ea possui assinaturas familiares gigantes, a escolha de um primeiro registro \u00e1gil cria um balan\u00e7o r\u00edtmico verdadeiramente agrad\u00e1vel.<\/p>\n\n\n\n<p>Basta aplicar a regra b\u00e1sica da compensa\u00e7\u00e3o est\u00e9tica nos <strong>cart\u00f3rios<\/strong> da sua cidade. O grande sobrenome atua como a base gr\u00e1fica pesada, enquanto o termo curto fornece a nota inicial r\u00e1pida. O excelente resultado final \u00e9 uma assinatura bastante fluida e livre de cansa\u00e7o visual.<\/p>\n\n\n\n<p>Leia tamb\u00e9m: <a href=\"https:\/\/www.correiobraziliense.com.br\/cbradar\/o-nome-masculino-com-so-3-letras-que-esta-crescendo-no-brasil-por-ser-moderno-e-facil-de-pronunciar\/\" target=\"_blank\" rel=\"noreferrer noopener\">O nome masculino com s\u00f3 3 letras que est\u00e1 crescendo no Brasil por ser moderno e f\u00e1cil de pronunciar<\/a><\/p>\n\n\n\n<h2 class=\"wp-block-heading\">Por que a fon\u00e9tica afeta a personalidade infantil?<\/h2>\n\n\n\n<p>Profissionais de fonologia e pedagogia afirmam que a assimila\u00e7\u00e3o psicol\u00f3gica do pr\u00f3prio registro ocorre muito mais r\u00e1pido quando h\u00e1 poucas s\u00edlabas envolvidas. A crian\u00e7a reconhece a sua pr\u00f3pria identidade sonora com extrema facilidade, estimulando a confian\u00e7a b\u00e1sica nos seus contatos iniciais.<\/p>\n\n\n\n<p>Essa \u00f3tima facilidade de memoriza\u00e7\u00e3o ajuda a construir um elo forte de total pertencimento familiar. Meninas chamadas assim costumam soletrar os seus dados sozinhas rapidamente na escola. Isso gera uma valiosa vantagem de comunica\u00e7\u00e3o frente aos colegas com t\u00edtulos complexos.<\/p>\n\n\n\n<h2 class=\"wp-block-heading\">Quais m\u00eddias ajudaram a popularizar essa escolha?<\/h2>\n\n\n\n<p>A imensa difus\u00e3o cultural influencia ativamente as principais maternidades de todo o pa\u00eds. O badalado batismo de filhas de grandes cantores e atores coloca op\u00e7\u00f5es espec\u00edficas em evid\u00eancia nacional. Quando uma celebridade opta pelo puro minimalismo, milhares de casais replicam a excelente ideia.<\/p>\n\n\n\n<p>O forte fen\u00f4meno do compartilhamento digital amplifica totalmente essa ado\u00e7\u00e3o acelerada. Lindos artigos bot\u00e2nicos da <a href=\"https:\/\/pt.wikipedia.org\/wiki\/L%C3%ADrio\" target=\"_blank\" rel=\"noreferrer noopener\">Wikip\u00e9dia<\/a> tamb\u00e9m recebem enormes picos de visitas quando grandes tramas televisivas abordam o belo simbolismo da flor. Isso consolida a meiga palavra na mente das atentas gestantes contempor\u00e2neas.<\/p>\n\n\n<div class=\"wp-block-image\">\n<figure class=\"aligncenter size-full\"><img decoding=\"async\" width=\"1280\" height=\"720\" src=\"https:\/\/www.correiobraziliense.com.br\/cbradar\/wp-content\/uploads\/2026\/05\/IMAGEM_720p_1777809293951.jpg\" alt=\"O crescimento do nome feminino curto Lis no Brasil\" class=\"wp-image-236344\" srcset=\"https:\/\/www.correiobraziliense.com.br\/cbradar\/wp-content\/uploads\/2026\/05\/IMAGEM_720p_1777809293951.jpg 1280w, https:\/\/www.correiobraziliense.com.br\/cbradar\/wp-content\/uploads\/2026\/05\/IMAGEM_720p_1777809293951-300x169.jpg 300w, https:\/\/www.correiobraziliense.com.br\/cbradar\/wp-content\/uploads\/2026\/05\/IMAGEM_720p_1777809293951-768x432.jpg 768w, https:\/\/www.correiobraziliense.com.br\/cbradar\/wp-content\/uploads\/2026\/05\/IMAGEM_720p_1777809293951-750x422.jpg 750w, https:\/\/www.correiobraziliense.com.br\/cbradar\/wp-content\/uploads\/2026\/05\/IMAGEM_720p_1777809293951-1140x641.jpg 1140w\" sizes=\"(max-width: 1280px) 100vw, 1280px\" \/><figcaption class=\"wp-element-caption\">O crescimento do nome feminino curto Lis no Brasil<\/figcaption><\/figure><\/div>\n\n\n<h2 class=\"wp-block-heading\">Existe risco de arrependimento ao evitar registros cl\u00e1ssicos?<\/h2>\n\n\n\n<p>O sincero medo de seguir tend\u00eancias passageiras assombra muitas m\u00e3es zelosas durante os maravilhosos nove meses de gesta\u00e7\u00e3o. No entanto, voc\u00e1bulos inspirados em belos elementos da natureza possuem um apelo perene e atemporal. Eles n\u00e3o sofrem o pesado desgaste natural das g\u00edrias datadas.<\/p>\n\n\n\n<p>Optar por algo realmente singelo elimina o enorme risco de grafias ex\u00f3ticas que exigem soletra\u00e7\u00e3o chata e constante. A fant\u00e1stica simplicidade funciona como uma r\u00edgida \u00e2ncora de absoluto bom gosto, garantindo que a feliz adulta do futuro tenha m\u00e1ximo orgulho da s\u00e1bia escolha feita pelos seus cuidadosos pais.<\/p>\n\n\n\n<h2 class=\"wp-block-heading\">Qual a melhor estrat\u00e9gia para decidir a certid\u00e3o final?<\/h2>\n\n\n\n<p>O processo minucioso de filtragem exige muita reflex\u00e3o conjunta entre o apaixonado casal. Falar as belas s\u00edlabas em voz alta junto aos nomes herdados ajuda a testar a real sonoridade da combina\u00e7\u00e3o familiar. Escrever a linda futura assinatura em um peda\u00e7o de papel cristaliza o peso visual da importante decis\u00e3o.<\/p>\n\n\n\n<p>Selecionar a palavra exata molda parte muito significativa da rica experi\u00eancia de vida da sua amada filha. O maravilhoso formato minimalista reflete uma aura sutil, pr\u00e1tica e altamente poderosa na atualidade. Avalie todas as belas alternativas dispon\u00edveis e opte por algo que soe brilhante aos atentos ouvidos da sua amada fam\u00edlia.<\/p>\n","protected":false},"excerpt":{"rendered":"<p>Qual o motivo para Lis saltar milhares de posi\u00e7\u00f5es nos registros civis e se tornar o nome feminino com s\u00f3 3 letras mais desejado das maternidades? A resposta est\u00e1 na busca atual por identidades minimalistas, f\u00e1ceis de pronunciar e que transmitem grande sofistica\u00e7\u00e3o sonora. Por que nomes curtos dominam as tend\u00eancias atuais? A grande praticidade [&hellip;]<\/p>\n","protected":false},"author":11,"featured_media":236343,"comment_status":"open","ping_status":"open","sticky":false,"template":"","format":"standard","meta":{"_yoast_wpseo_focuskw":"nome feminino com s\u00f3 3 letras","_yoast_wpseo_title":"","_yoast_wpseo_metadesc":"Buscar a op\u00e7\u00e3o ideal para a sua filha exige muita pesquisa e reflex\u00e3o. Avalie como op\u00e7\u00f5es curtas garantem grande leveza e uma pron\u00fancia elegante.","jnews-multi-image_gallery":[],"jnews_single_post":{"format":"standard"},"jnews_primary_category":[],"jnews_social_meta":[],"jnews_override_counter":[],"footnotes":""},"categories":[1],"tags":[3007,5704,5202,1028],"class_list":["post-236342","post","type-post","status-publish","format-standard","has-post-thumbnail","hentry","category-uncategorized","tag-bebe","tag-maternidade","tag-nomes","tag-tendencias"],"yoast_head":"<!-- This site is optimized with the Yoast SEO plugin v24.6 - https:\/\/yoast.com\/wordpress\/plugins\/seo\/ -->\n<title>O nome feminino com s\u00f3 3 letras que est\u00e1 conquistando os brasileiros por ser delicado e atual - Correio Braziliense - Radar<\/title>\n<meta name=\"description\" content=\"Buscar a op\u00e7\u00e3o ideal para a sua filha exige muita pesquisa e reflex\u00e3o. Avalie como op\u00e7\u00f5es curtas garantem grande leveza e uma pron\u00fancia elegante.\" \/>\n<meta name=\"robots\" content=\"index, follow, max-snippet:-1, max-image-preview:large, max-video-preview:-1\" \/>\n<link rel=\"canonical\" href=\"https:\/\/www.correiobraziliense.com.br\/cbradar\/o-nome-feminino-com-so-3-letras-que-esta-conquistando-os-brasileiros-por-ser-delicado-e-atual\/\" \/>\n<meta property=\"og:locale\" content=\"pt_BR\" \/>\n<meta property=\"og:type\" content=\"article\" \/>\n<meta property=\"og:title\" content=\"O nome feminino com s\u00f3 3 letras que est\u00e1 conquistando os brasileiros por ser delicado e atual - Correio Braziliense - Radar\" \/>\n<meta property=\"og:description\" content=\"Buscar a op\u00e7\u00e3o ideal para a sua filha exige muita pesquisa e reflex\u00e3o. Avalie como op\u00e7\u00f5es curtas garantem grande leveza e uma pron\u00fancia elegante.\" \/>\n<meta property=\"og:url\" content=\"https:\/\/www.correiobraziliense.com.br\/cbradar\/o-nome-feminino-com-so-3-letras-que-esta-conquistando-os-brasileiros-por-ser-delicado-e-atual\/\" \/>\n<meta property=\"og:site_name\" content=\"Correio Braziliense - Radar\" \/>\n<meta property=\"article:published_time\" content=\"2026-05-03T12:47:00+00:00\" \/>\n<meta property=\"og:image\" content=\"https:\/\/www.correiobraziliense.com.br\/cbradar\/wp-content\/uploads\/2026\/05\/IMAGEM_720p_1777809193105.jpg\" \/>\n\t<meta property=\"og:image:width\" content=\"1280\" \/>\n\t<meta property=\"og:image:height\" content=\"720\" \/>\n\t<meta property=\"og:image:type\" content=\"image\/jpeg\" \/>\n<meta name=\"author\" content=\"Paulo Custodio\" \/>\n<meta name=\"twitter:card\" content=\"summary_large_image\" \/>\n<meta name=\"twitter:label1\" content=\"Escrito por\" \/>\n\t<meta name=\"twitter:data1\" content=\"Paulo Custodio\" \/>\n\t<meta name=\"twitter:label2\" content=\"Est. tempo de leitura\" \/>\n\t<meta name=\"twitter:data2\" content=\"6 minutos\" \/>\n<!-- \/ Yoast SEO plugin. -->","yoast_head_json":{"title":"O nome feminino com s\u00f3 3 letras que est\u00e1 conquistando os brasileiros por ser delicado e atual - Correio Braziliense - Radar","description":"Buscar a op\u00e7\u00e3o ideal para a sua filha exige muita pesquisa e reflex\u00e3o. Avalie como op\u00e7\u00f5es curtas garantem grande leveza e uma pron\u00fancia elegante.","robots":{"index":"index","follow":"follow","max-snippet":"max-snippet:-1","max-image-preview":"max-image-preview:large","max-video-preview":"max-video-preview:-1"},"canonical":"https:\/\/www.correiobraziliense.com.br\/cbradar\/o-nome-feminino-com-so-3-letras-que-esta-conquistando-os-brasileiros-por-ser-delicado-e-atual\/","og_locale":"pt_BR","og_type":"article","og_title":"O nome feminino com s\u00f3 3 letras que est\u00e1 conquistando os brasileiros por ser delicado e atual - Correio Braziliense - Radar","og_description":"Buscar a op\u00e7\u00e3o ideal para a sua filha exige muita pesquisa e reflex\u00e3o. Avalie como op\u00e7\u00f5es curtas garantem grande leveza e uma pron\u00fancia elegante.","og_url":"https:\/\/www.correiobraziliense.com.br\/cbradar\/o-nome-feminino-com-so-3-letras-que-esta-conquistando-os-brasileiros-por-ser-delicado-e-atual\/","og_site_name":"Correio Braziliense - Radar","article_published_time":"2026-05-03T12:47:00+00:00","og_image":[{"width":1280,"height":720,"url":"https:\/\/www.correiobraziliense.com.br\/cbradar\/wp-content\/uploads\/2026\/05\/IMAGEM_720p_1777809193105.jpg","type":"image\/jpeg"}],"author":"Paulo Custodio","twitter_card":"summary_large_image","twitter_misc":{"Escrito por":"Paulo Custodio","Est. tempo de leitura":"6 minutos"},"schema":{"@context":"https:\/\/schema.org","@graph":[{"@type":"WebPage","@id":"https:\/\/www.correiobraziliense.com.br\/cbradar\/o-nome-feminino-com-so-3-letras-que-esta-conquistando-os-brasileiros-por-ser-delicado-e-atual\/","url":"https:\/\/www.correiobraziliense.com.br\/cbradar\/o-nome-feminino-com-so-3-letras-que-esta-conquistando-os-brasileiros-por-ser-delicado-e-atual\/","name":"O nome feminino com s\u00f3 3 letras que est\u00e1 conquistando os brasileiros por ser delicado e atual - Correio Braziliense - Radar","isPartOf":{"@id":"https:\/\/www.correiobraziliense.com.br\/cbradar\/#website"},"primaryImageOfPage":{"@id":"https:\/\/www.correiobraziliense.com.br\/cbradar\/o-nome-feminino-com-so-3-letras-que-esta-conquistando-os-brasileiros-por-ser-delicado-e-atual\/#primaryimage"},"image":{"@id":"https:\/\/www.correiobraziliense.com.br\/cbradar\/o-nome-feminino-com-so-3-letras-que-esta-conquistando-os-brasileiros-por-ser-delicado-e-atual\/#primaryimage"},"thumbnailUrl":"https:\/\/www.correiobraziliense.com.br\/cbradar\/wp-content\/uploads\/2026\/05\/IMAGEM_720p_1777809193105.jpg","datePublished":"2026-05-03T12:47:00+00:00","author":{"@id":"https:\/\/www.correiobraziliense.com.br\/cbradar\/#\/schema\/person\/4cec7857301a9a1a2ef249893cd908d3"},"description":"Buscar a op\u00e7\u00e3o ideal para a sua filha exige muita pesquisa e reflex\u00e3o. Avalie como op\u00e7\u00f5es curtas garantem grande leveza e uma pron\u00fancia elegante.","breadcrumb":{"@id":"https:\/\/www.correiobraziliense.com.br\/cbradar\/o-nome-feminino-com-so-3-letras-que-esta-conquistando-os-brasileiros-por-ser-delicado-e-atual\/#breadcrumb"},"inLanguage":"pt-BR","potentialAction":[{"@type":"ReadAction","target":["https:\/\/www.correiobraziliense.com.br\/cbradar\/o-nome-feminino-com-so-3-letras-que-esta-conquistando-os-brasileiros-por-ser-delicado-e-atual\/"]}]},{"@type":"ImageObject","inLanguage":"pt-BR","@id":"https:\/\/www.correiobraziliense.com.br\/cbradar\/o-nome-feminino-com-so-3-letras-que-esta-conquistando-os-brasileiros-por-ser-delicado-e-atual\/#primaryimage","url":"https:\/\/www.correiobraziliense.com.br\/cbradar\/wp-content\/uploads\/2026\/05\/IMAGEM_720p_1777809193105.jpg","contentUrl":"https:\/\/www.correiobraziliense.com.br\/cbradar\/wp-content\/uploads\/2026\/05\/IMAGEM_720p_1777809193105.jpg","width":1280,"height":720,"caption":"O crescimento do nome feminino curto Lis no Brasil"},{"@type":"BreadcrumbList","@id":"https:\/\/www.correiobraziliense.com.br\/cbradar\/o-nome-feminino-com-so-3-letras-que-esta-conquistando-os-brasileiros-por-ser-delicado-e-atual\/#breadcrumb","itemListElement":[{"@type":"ListItem","position":1,"name":"In\u00edcio","item":"https:\/\/www.correiobraziliense.com.br\/cbradar\/"},{"@type":"ListItem","position":2,"name":"O nome feminino com s\u00f3 3 letras que est\u00e1 conquistando os brasileiros por ser delicado e atual"}]},{"@type":"WebSite","@id":"https:\/\/www.correiobraziliense.com.br\/cbradar\/#website","url":"https:\/\/www.correiobraziliense.com.br\/cbradar\/","name":"Correio Braziliense - Radar","description":"Acompanhe as \u00faltimas not\u00edcias e fique bem informado sobre tudo o que acontece no Brasil e no mundo.","potentialAction":[{"@type":"SearchAction","target":{"@type":"EntryPoint","urlTemplate":"https:\/\/www.correiobraziliense.com.br\/cbradar\/?s={search_term_string}"},"query-input":{"@type":"PropertyValueSpecification","valueRequired":true,"valueName":"search_term_string"}}],"inLanguage":"pt-BR"},{"@type":"Person","@id":"https:\/\/www.correiobraziliense.com.br\/cbradar\/#\/schema\/person\/4cec7857301a9a1a2ef249893cd908d3","name":"Paulo Custodio","image":{"@type":"ImageObject","inLanguage":"pt-BR","@id":"https:\/\/www.correiobraziliense.com.br\/cbradar\/#\/schema\/person\/image\/","url":"https:\/\/secure.gravatar.com\/avatar\/bcd67168d1534e8fcf4f45c726a87cea?s=96&d=mm&r=g","contentUrl":"https:\/\/secure.gravatar.com\/avatar\/bcd67168d1534e8fcf4f45c726a87cea?s=96&d=mm&r=g","caption":"Paulo Custodio"},"sameAs":["https:\/\/www.correiobraziliense.com.br\/cbradar"],"url":"https:\/\/www.correiobraziliense.com.br\/cbradar\/author\/paulomyth\/"}]}},"_links":{"self":[{"href":"https:\/\/www.correiobraziliense.com.br\/cbradar\/wp-json\/wp\/v2\/posts\/236342","targetHints":{"allow":["GET"]}}],"collection":[{"href":"https:\/\/www.correiobraziliense.com.br\/cbradar\/wp-json\/wp\/v2\/posts"}],"about":[{"href":"https:\/\/www.correiobraziliense.com.br\/cbradar\/wp-json\/wp\/v2\/types\/post"}],"author":[{"embeddable":true,"href":"https:\/\/www.correiobraziliense.com.br\/cbradar\/wp-json\/wp\/v2\/users\/11"}],"replies":[{"embeddable":true,"href":"https:\/\/www.correiobraziliense.com.br\/cbradar\/wp-json\/wp\/v2\/comments?post=236342"}],"version-history":[{"count":2,"href":"https:\/\/www.correiobraziliense.com.br\/cbradar\/wp-json\/wp\/v2\/posts\/236342\/revisions"}],"predecessor-version":[{"id":236348,"href":"https:\/\/www.correiobraziliense.com.br\/cbradar\/wp-json\/wp\/v2\/posts\/236342\/revisions\/236348"}],"wp:featuredmedia":[{"embeddable":true,"href":"https:\/\/www.correiobraziliense.com.br\/cbradar\/wp-json\/wp\/v2\/media\/236343"}],"wp:attachment":[{"href":"https:\/\/www.correiobraziliense.com.br\/cbradar\/wp-json\/wp\/v2\/media?parent=236342"}],"wp:term":[{"taxonomy":"category","embeddable":true,"href":"https:\/\/www.correiobraziliense.com.br\/cbradar\/wp-json\/wp\/v2\/categories?post=236342"},{"taxonomy":"post_tag","embeddable":true,"href":"https:\/\/www.correiobraziliense.com.br\/cbradar\/wp-json\/wp\/v2\/tags?post=236342"}],"curies":[{"name":"wp","href":"https:\/\/api.w.org\/{rel}","templated":true}]}}