{"id":236349,"date":"2026-05-03T10:34:00","date_gmt":"2026-05-03T13:34:00","guid":{"rendered":"https:\/\/www.correiobraziliense.com.br\/cbradar\/?p=236349"},"modified":"2026-05-03T09:46:49","modified_gmt":"2026-05-03T12:46:49","slug":"o-nome-masculino-com-4-letras-que-virou-tendencia-no-brasil-por-ser-forte-e-facil-de-lembrar","status":"publish","type":"post","link":"https:\/\/www.correiobraziliense.com.br\/cbradar\/o-nome-masculino-com-4-letras-que-virou-tendencia-no-brasil-por-ser-forte-e-facil-de-lembrar\/","title":{"rendered":"O nome masculino com 4 letras que virou tend\u00eancia no Brasil por ser forte e f\u00e1cil de lembrar"},"content":{"rendered":"\n<p>O que <strong>Ravi<\/strong>, Noah e Theo t\u00eam em comum? Todos t\u00eam 4 letras, mas apenas um se descolou dos demais e virou o <strong>nome masculino curto mais desejado do momento<\/strong>. Ravi \u00e9 a prova viva de que sonoridade marcante, significado profundo e simplicidade absoluta formam a combina\u00e7\u00e3o que os pais brasileiros mais procuram hoje.<\/p>\n\n\n\n<h2 class=\"wp-block-heading\">Por que nomes de 4 letras est\u00e3o em alta no Brasil?<\/h2>\n\n\n\n<p>Nomes curtos deixaram de ser apenas uma quest\u00e3o est\u00e9tica para virar uma escolha pr\u00e1tica e inteligente. A agilidade do mundo moderno pede identidades que funcionem bem em documentos, redes sociais e aplicativos, sem trope\u00e7os na grafia ou na pron\u00fancia.<\/p>\n\n\n\n<p>Al\u00e9m disso, fam\u00edlias que pensam em um futuro globalizado valorizam nomes que atravessam fronteiras com naturalidade. Um nome com quatro letras \u00e9 facilmente assimilado em portugu\u00eas, ingl\u00eas e espanhol, o que amplia as oportunidades de integra\u00e7\u00e3o da crian\u00e7a em diferentes culturas e contextos profissionais.<\/p>\n\n\n<div class=\"wp-block-image\">\n<figure class=\"aligncenter size-full\"><img decoding=\"async\" width=\"1280\" height=\"720\" src=\"https:\/\/www.correiobraziliense.com.br\/cbradar\/wp-content\/uploads\/2026\/05\/IMAGEM_720p_1777810200582.jpg\" alt=\"O nome masculino com 4 letras que virou tend\u00eancia no Brasil\" class=\"wp-image-236351\" srcset=\"https:\/\/www.correiobraziliense.com.br\/cbradar\/wp-content\/uploads\/2026\/05\/IMAGEM_720p_1777810200582.jpg 1280w, https:\/\/www.correiobraziliense.com.br\/cbradar\/wp-content\/uploads\/2026\/05\/IMAGEM_720p_1777810200582-300x169.jpg 300w, https:\/\/www.correiobraziliense.com.br\/cbradar\/wp-content\/uploads\/2026\/05\/IMAGEM_720p_1777810200582-768x432.jpg 768w, https:\/\/www.correiobraziliense.com.br\/cbradar\/wp-content\/uploads\/2026\/05\/IMAGEM_720p_1777810200582-750x422.jpg 750w, https:\/\/www.correiobraziliense.com.br\/cbradar\/wp-content\/uploads\/2026\/05\/IMAGEM_720p_1777810200582-1140x641.jpg 1140w\" sizes=\"(max-width: 1280px) 100vw, 1280px\" \/><figcaption class=\"wp-element-caption\">O nome masculino com 4 letras que virou tend\u00eancia no Brasil<\/figcaption><\/figure><\/div>\n\n\n<h2 class=\"wp-block-heading\">Qual \u00e9 o nome masculino de 4 letras que virou tend\u00eancia?<\/h2>\n\n\n\n<p>O grande destaque das certid\u00f5es de nascimento atende por <strong>Ravi<\/strong>. Os registros mais recentes da <a href=\"https:\/\/www.arpenbrasil.org.br\/\" target=\"_blank\" rel=\"noreferrer noopener\">Arpen-Brasil<\/a> mostram que ele subiu degraus importantes e hoje figura entre os preferidos das fam\u00edlias, superando nomes que reinaram por anos.<\/p>\n\n\n\n<p>Essa ascens\u00e3o n\u00e3o veio do nada. Ravi j\u00e1 despontava como uma alternativa moderna aos cl\u00e1ssicos, at\u00e9 se firmar como a escolha que une tradi\u00e7\u00e3o milenar e estilo contempor\u00e2neo em apenas quatro letras.<\/p>\n\n\n\n<h2 class=\"wp-block-heading\">De onde vem o nome Ravi e o que ele significa?<\/h2>\n\n\n\n<p>De origem s\u00e2nscrita, <a href=\"https:\/\/en.wikipedia.org\/wiki\/Ravi_(name)\" target=\"_blank\" rel=\"noreferrer noopener\"><strong>Ravi<\/strong><\/a> significa \u201csol\u201d. Na tradi\u00e7\u00e3o hindu, Ravi \u00e9 um dos nomes de Surya, a divindade solar, carregando consigo uma simbologia de luz, energia vital e conhecimento que atravessa mil\u00eanios.<\/p>\n\n\n\n<p>Esse significado poderoso atrai pais que buscam um nome com profundidade espiritual, mas sem abrir m\u00e3o da simplicidade moderna. A combina\u00e7\u00e3o de raiz cultural forte e sonoridade limpa faz de Ravi uma escolha que agrada tanto fam\u00edlias religiosas quanto aquelas que valorizam refer\u00eancias globais.<\/p>\n\n\n\n<h2 class=\"wp-block-heading\">Quais caracter\u00edsticas tornam Ravi um nome t\u00e3o desejado pelos pais?<\/h2>\n\n\n\n<p>A for\u00e7a de Ravi est\u00e1 na sua f\u00f3rmula enxuta e cheia de personalidade. Ele entrega tudo o que os pais modernos valorizam na hora de batizar um filho, sem precisar de exageros ou modismos passageiros.<\/p>\n\n\n\n<p>As qualidades que colocaram esse nome de quatro letras em evid\u00eancia:<\/p>\n\n\n\n<ul class=\"wp-block-list\">\n<li><strong>Sonoridade forte e suave ao mesmo tempo<\/strong><\/li>\n\n\n\n<li><strong>Significado universal ligado \u00e0 luz e ao sol<\/strong><\/li>\n\n\n\n<li><strong>Grafia simples, sem chances de erro<\/strong><\/li>\n\n\n\n<li><strong>Pron\u00fancia praticamente id\u00eantica em v\u00e1rios idiomas<\/strong><\/li>\n\n\n\n<li><strong>Identidade curta e marcante, que dispensa apelidos<\/strong><\/li>\n<\/ul>\n\n\n<div class=\"wp-block-image\">\n<figure class=\"aligncenter size-full\"><img decoding=\"async\" width=\"1280\" height=\"720\" src=\"https:\/\/www.correiobraziliense.com.br\/cbradar\/wp-content\/uploads\/2026\/05\/IMAGEM_720p_1777810197880.jpg\" alt=\"O nome masculino com 4 letras que virou tend\u00eancia no Brasil\" class=\"wp-image-236352\" srcset=\"https:\/\/www.correiobraziliense.com.br\/cbradar\/wp-content\/uploads\/2026\/05\/IMAGEM_720p_1777810197880.jpg 1280w, https:\/\/www.correiobraziliense.com.br\/cbradar\/wp-content\/uploads\/2026\/05\/IMAGEM_720p_1777810197880-300x169.jpg 300w, https:\/\/www.correiobraziliense.com.br\/cbradar\/wp-content\/uploads\/2026\/05\/IMAGEM_720p_1777810197880-768x432.jpg 768w, https:\/\/www.correiobraziliense.com.br\/cbradar\/wp-content\/uploads\/2026\/05\/IMAGEM_720p_1777810197880-750x422.jpg 750w, https:\/\/www.correiobraziliense.com.br\/cbradar\/wp-content\/uploads\/2026\/05\/IMAGEM_720p_1777810197880-1140x641.jpg 1140w\" sizes=\"(max-width: 1280px) 100vw, 1280px\" \/><figcaption class=\"wp-element-caption\">O nome masculino com 4 letras que virou tend\u00eancia no Brasil<\/figcaption><\/figure><\/div>\n\n\n<h2 class=\"wp-block-heading\">Ravi \u00e9 um nome f\u00e1cil de pronunciar em outros idiomas?<\/h2>\n\n\n\n<p>Sim, e essa \u00e9 uma das grandes vantagens que impulsionam sua popularidade. Em ingl\u00eas, espanhol e italiano, a pron\u00fancia de Ravi se mant\u00e9m praticamente id\u00eantica \u00e0 do portugu\u00eas, o que reduz barreiras de comunica\u00e7\u00e3o e evita constrangimentos em contextos internacionais.<\/p>\n\n\n\n<p>Essa fluidez global \u00e9 especialmente valorizada por fam\u00edlias que viajam com frequ\u00eancia, possuem parentes no exterior ou simplesmente desejam que o filho tenha um nome confort\u00e1vel em qualquer pa\u00eds. A neutralidade cultural de Ravi o torna um verdadeiro nome-cidad\u00e3o do mundo.<\/p>\n\n\n\n<p>Leia tamb\u00e9m: <a href=\"https:\/\/www.correiobraziliense.com.br\/cbradar\/o-nome-masculino-com-so-3-letras-que-esta-crescendo-no-brasil-por-ser-moderno-e-facil-de-pronunciar\/\" target=\"_blank\" rel=\"noreferrer noopener\">O nome masculino com s\u00f3 3 letras que est\u00e1 crescendo no Brasil por ser moderno e f\u00e1cil de pronunciar<\/a><\/p>\n\n\n\n<h2 class=\"wp-block-heading\">Como escolher o nome ideal para o beb\u00ea?<\/h2>\n\n\n\n<p>A decis\u00e3o do nome envolve muitos fatores al\u00e9m da sonoridade. Psic\u00f3logos infantis destacam que o nome influencia a constru\u00e7\u00e3o da identidade desde os primeiros anos de vida, e por isso vale a pena dedicar tempo \u00e0 escolha.<\/p>\n\n\n\n<p>Algumas dicas pr\u00e1ticas podem ajudar nesse momento: ler o nome em voz alta para perceber se o som agrada e combina com o sobrenome, verificar se a grafia gera d\u00favidas comuns e imaginar como a crian\u00e7a se sentir\u00e1 ao apresentar o pr\u00f3prio nome em diferentes fases da vida.<\/p>\n\n\n\n<p><strong>Ravi<\/strong> re\u00fane todos esses atributos em um \u00fanico nome. Curto e marcante, ele consegue ser moderno sem ser passageiro, forte sem ser agressivo, e internacional sem perder a raiz cultural. \u00c9 exatamente esse equil\u00edbrio que transformou um nome de quatro letras na maior tend\u00eancia das fam\u00edlias brasileiras.<\/p>\n","protected":false},"excerpt":{"rendered":"<p>O que Ravi, Noah e Theo t\u00eam em comum? Todos t\u00eam 4 letras, mas apenas um se descolou dos demais e virou o nome masculino curto mais desejado do momento. Ravi \u00e9 a prova viva de que sonoridade marcante, significado profundo e simplicidade absoluta formam a combina\u00e7\u00e3o que os pais brasileiros mais procuram hoje. Por [&hellip;]<\/p>\n","protected":false},"author":11,"featured_media":236350,"comment_status":"open","ping_status":"open","sticky":false,"template":"","format":"standard","meta":{"_yoast_wpseo_focuskw":"nome masculino 4 letras tend\u00eancia","_yoast_wpseo_title":"","_yoast_wpseo_metadesc":"Um nome curto, forte e f\u00e1cil de lembrar conquistou os cart\u00f3rios brasileiros. Sabe qual \u00e9? A resposta vai muito al\u00e9m da moda.","jnews-multi-image_gallery":[],"jnews_single_post":{"format":"standard"},"jnews_primary_category":[],"jnews_social_meta":[],"jnews_override_counter":[],"footnotes":""},"categories":[112],"tags":[11714,16780,18632,18631],"class_list":["post-236349","post","type-post","status-publish","format-standard","has-post-thumbnail","hentry","category-curiosidades","tag-nome-de-menino","tag-ravi","tag-significado-ravi","tag-tendencia-nomes"],"yoast_head":"<!-- This site is optimized with the Yoast SEO plugin v24.6 - https:\/\/yoast.com\/wordpress\/plugins\/seo\/ -->\n<title>O nome masculino com 4 letras que virou tend\u00eancia no Brasil por ser forte e f\u00e1cil de lembrar - Correio Braziliense - Radar<\/title>\n<meta name=\"description\" content=\"Um nome curto, forte e f\u00e1cil de lembrar conquistou os cart\u00f3rios brasileiros. Sabe qual \u00e9? A resposta vai muito al\u00e9m da moda.\" \/>\n<meta name=\"robots\" content=\"index, follow, max-snippet:-1, max-image-preview:large, max-video-preview:-1\" \/>\n<link rel=\"canonical\" href=\"https:\/\/www.correiobraziliense.com.br\/cbradar\/o-nome-masculino-com-4-letras-que-virou-tendencia-no-brasil-por-ser-forte-e-facil-de-lembrar\/\" \/>\n<meta property=\"og:locale\" content=\"pt_BR\" \/>\n<meta property=\"og:type\" content=\"article\" \/>\n<meta property=\"og:title\" content=\"O nome masculino com 4 letras que virou tend\u00eancia no Brasil por ser forte e f\u00e1cil de lembrar - Correio Braziliense - Radar\" \/>\n<meta property=\"og:description\" content=\"Um nome curto, forte e f\u00e1cil de lembrar conquistou os cart\u00f3rios brasileiros. Sabe qual \u00e9? A resposta vai muito al\u00e9m da moda.\" \/>\n<meta property=\"og:url\" content=\"https:\/\/www.correiobraziliense.com.br\/cbradar\/o-nome-masculino-com-4-letras-que-virou-tendencia-no-brasil-por-ser-forte-e-facil-de-lembrar\/\" \/>\n<meta property=\"og:site_name\" content=\"Correio Braziliense - Radar\" \/>\n<meta property=\"article:published_time\" content=\"2026-05-03T13:34:00+00:00\" \/>\n<meta property=\"og:image\" content=\"https:\/\/www.correiobraziliense.com.br\/cbradar\/wp-content\/uploads\/2026\/05\/IMAGEM_720p_1777809866614.jpg\" \/>\n\t<meta property=\"og:image:width\" content=\"1280\" \/>\n\t<meta property=\"og:image:height\" content=\"720\" \/>\n\t<meta property=\"og:image:type\" content=\"image\/jpeg\" \/>\n<meta name=\"author\" content=\"Paulo Custodio\" \/>\n<meta name=\"twitter:card\" content=\"summary_large_image\" \/>\n<meta name=\"twitter:label1\" content=\"Escrito por\" \/>\n\t<meta name=\"twitter:data1\" content=\"Paulo Custodio\" \/>\n\t<meta name=\"twitter:label2\" content=\"Est. tempo de leitura\" \/>\n\t<meta name=\"twitter:data2\" content=\"5 minutos\" \/>\n<!-- \/ Yoast SEO plugin. -->","yoast_head_json":{"title":"O nome masculino com 4 letras que virou tend\u00eancia no Brasil por ser forte e f\u00e1cil de lembrar - Correio Braziliense - Radar","description":"Um nome curto, forte e f\u00e1cil de lembrar conquistou os cart\u00f3rios brasileiros. Sabe qual \u00e9? A resposta vai muito al\u00e9m da moda.","robots":{"index":"index","follow":"follow","max-snippet":"max-snippet:-1","max-image-preview":"max-image-preview:large","max-video-preview":"max-video-preview:-1"},"canonical":"https:\/\/www.correiobraziliense.com.br\/cbradar\/o-nome-masculino-com-4-letras-que-virou-tendencia-no-brasil-por-ser-forte-e-facil-de-lembrar\/","og_locale":"pt_BR","og_type":"article","og_title":"O nome masculino com 4 letras que virou tend\u00eancia no Brasil por ser forte e f\u00e1cil de lembrar - Correio Braziliense - Radar","og_description":"Um nome curto, forte e f\u00e1cil de lembrar conquistou os cart\u00f3rios brasileiros. Sabe qual \u00e9? A resposta vai muito al\u00e9m da moda.","og_url":"https:\/\/www.correiobraziliense.com.br\/cbradar\/o-nome-masculino-com-4-letras-que-virou-tendencia-no-brasil-por-ser-forte-e-facil-de-lembrar\/","og_site_name":"Correio Braziliense - Radar","article_published_time":"2026-05-03T13:34:00+00:00","og_image":[{"width":1280,"height":720,"url":"https:\/\/www.correiobraziliense.com.br\/cbradar\/wp-content\/uploads\/2026\/05\/IMAGEM_720p_1777809866614.jpg","type":"image\/jpeg"}],"author":"Paulo Custodio","twitter_card":"summary_large_image","twitter_misc":{"Escrito por":"Paulo Custodio","Est. tempo de leitura":"5 minutos"},"schema":{"@context":"https:\/\/schema.org","@graph":[{"@type":"WebPage","@id":"https:\/\/www.correiobraziliense.com.br\/cbradar\/o-nome-masculino-com-4-letras-que-virou-tendencia-no-brasil-por-ser-forte-e-facil-de-lembrar\/","url":"https:\/\/www.correiobraziliense.com.br\/cbradar\/o-nome-masculino-com-4-letras-que-virou-tendencia-no-brasil-por-ser-forte-e-facil-de-lembrar\/","name":"O nome masculino com 4 letras que virou tend\u00eancia no Brasil por ser forte e f\u00e1cil de lembrar - Correio Braziliense - Radar","isPartOf":{"@id":"https:\/\/www.correiobraziliense.com.br\/cbradar\/#website"},"primaryImageOfPage":{"@id":"https:\/\/www.correiobraziliense.com.br\/cbradar\/o-nome-masculino-com-4-letras-que-virou-tendencia-no-brasil-por-ser-forte-e-facil-de-lembrar\/#primaryimage"},"image":{"@id":"https:\/\/www.correiobraziliense.com.br\/cbradar\/o-nome-masculino-com-4-letras-que-virou-tendencia-no-brasil-por-ser-forte-e-facil-de-lembrar\/#primaryimage"},"thumbnailUrl":"https:\/\/www.correiobraziliense.com.br\/cbradar\/wp-content\/uploads\/2026\/05\/IMAGEM_720p_1777809866614.jpg","datePublished":"2026-05-03T13:34:00+00:00","author":{"@id":"https:\/\/www.correiobraziliense.com.br\/cbradar\/#\/schema\/person\/4cec7857301a9a1a2ef249893cd908d3"},"description":"Um nome curto, forte e f\u00e1cil de lembrar conquistou os cart\u00f3rios brasileiros. Sabe qual \u00e9? A resposta vai muito al\u00e9m da moda.","breadcrumb":{"@id":"https:\/\/www.correiobraziliense.com.br\/cbradar\/o-nome-masculino-com-4-letras-que-virou-tendencia-no-brasil-por-ser-forte-e-facil-de-lembrar\/#breadcrumb"},"inLanguage":"pt-BR","potentialAction":[{"@type":"ReadAction","target":["https:\/\/www.correiobraziliense.com.br\/cbradar\/o-nome-masculino-com-4-letras-que-virou-tendencia-no-brasil-por-ser-forte-e-facil-de-lembrar\/"]}]},{"@type":"ImageObject","inLanguage":"pt-BR","@id":"https:\/\/www.correiobraziliense.com.br\/cbradar\/o-nome-masculino-com-4-letras-que-virou-tendencia-no-brasil-por-ser-forte-e-facil-de-lembrar\/#primaryimage","url":"https:\/\/www.correiobraziliense.com.br\/cbradar\/wp-content\/uploads\/2026\/05\/IMAGEM_720p_1777809866614.jpg","contentUrl":"https:\/\/www.correiobraziliense.com.br\/cbradar\/wp-content\/uploads\/2026\/05\/IMAGEM_720p_1777809866614.jpg","width":1280,"height":720,"caption":"Nome masculino com 4 letras que virou tend\u00eancia no Brasil"},{"@type":"BreadcrumbList","@id":"https:\/\/www.correiobraziliense.com.br\/cbradar\/o-nome-masculino-com-4-letras-que-virou-tendencia-no-brasil-por-ser-forte-e-facil-de-lembrar\/#breadcrumb","itemListElement":[{"@type":"ListItem","position":1,"name":"In\u00edcio","item":"https:\/\/www.correiobraziliense.com.br\/cbradar\/"},{"@type":"ListItem","position":2,"name":"O nome masculino com 4 letras que virou tend\u00eancia no Brasil por ser forte e f\u00e1cil de lembrar"}]},{"@type":"WebSite","@id":"https:\/\/www.correiobraziliense.com.br\/cbradar\/#website","url":"https:\/\/www.correiobraziliense.com.br\/cbradar\/","name":"Correio Braziliense - Radar","description":"Acompanhe as \u00faltimas not\u00edcias e fique bem informado sobre tudo o que acontece no Brasil e no mundo.","potentialAction":[{"@type":"SearchAction","target":{"@type":"EntryPoint","urlTemplate":"https:\/\/www.correiobraziliense.com.br\/cbradar\/?s={search_term_string}"},"query-input":{"@type":"PropertyValueSpecification","valueRequired":true,"valueName":"search_term_string"}}],"inLanguage":"pt-BR"},{"@type":"Person","@id":"https:\/\/www.correiobraziliense.com.br\/cbradar\/#\/schema\/person\/4cec7857301a9a1a2ef249893cd908d3","name":"Paulo Custodio","image":{"@type":"ImageObject","inLanguage":"pt-BR","@id":"https:\/\/www.correiobraziliense.com.br\/cbradar\/#\/schema\/person\/image\/","url":"https:\/\/secure.gravatar.com\/avatar\/bcd67168d1534e8fcf4f45c726a87cea?s=96&d=mm&r=g","contentUrl":"https:\/\/secure.gravatar.com\/avatar\/bcd67168d1534e8fcf4f45c726a87cea?s=96&d=mm&r=g","caption":"Paulo Custodio"},"sameAs":["https:\/\/www.correiobraziliense.com.br\/cbradar"],"url":"https:\/\/www.correiobraziliense.com.br\/cbradar\/author\/paulomyth\/"}]}},"_links":{"self":[{"href":"https:\/\/www.correiobraziliense.com.br\/cbradar\/wp-json\/wp\/v2\/posts\/236349","targetHints":{"allow":["GET"]}}],"collection":[{"href":"https:\/\/www.correiobraziliense.com.br\/cbradar\/wp-json\/wp\/v2\/posts"}],"about":[{"href":"https:\/\/www.correiobraziliense.com.br\/cbradar\/wp-json\/wp\/v2\/types\/post"}],"author":[{"embeddable":true,"href":"https:\/\/www.correiobraziliense.com.br\/cbradar\/wp-json\/wp\/v2\/users\/11"}],"replies":[{"embeddable":true,"href":"https:\/\/www.correiobraziliense.com.br\/cbradar\/wp-json\/wp\/v2\/comments?post=236349"}],"version-history":[{"count":2,"href":"https:\/\/www.correiobraziliense.com.br\/cbradar\/wp-json\/wp\/v2\/posts\/236349\/revisions"}],"predecessor-version":[{"id":236354,"href":"https:\/\/www.correiobraziliense.com.br\/cbradar\/wp-json\/wp\/v2\/posts\/236349\/revisions\/236354"}],"wp:featuredmedia":[{"embeddable":true,"href":"https:\/\/www.correiobraziliense.com.br\/cbradar\/wp-json\/wp\/v2\/media\/236350"}],"wp:attachment":[{"href":"https:\/\/www.correiobraziliense.com.br\/cbradar\/wp-json\/wp\/v2\/media?parent=236349"}],"wp:term":[{"taxonomy":"category","embeddable":true,"href":"https:\/\/www.correiobraziliense.com.br\/cbradar\/wp-json\/wp\/v2\/categories?post=236349"},{"taxonomy":"post_tag","embeddable":true,"href":"https:\/\/www.correiobraziliense.com.br\/cbradar\/wp-json\/wp\/v2\/tags?post=236349"}],"curies":[{"name":"wp","href":"https:\/\/api.w.org\/{rel}","templated":true}]}}