{"id":236355,"date":"2026-05-03T10:27:00","date_gmt":"2026-05-03T13:27:00","guid":{"rendered":"https:\/\/www.correiobraziliense.com.br\/cbradar\/?p=236355"},"modified":"2026-05-03T09:18:51","modified_gmt":"2026-05-03T12:18:51","slug":"o-nome-biblico-com-3-letras-que-voltou-a-moda-no-brasil-por-ser-forte-e-cheio-de-significado","status":"publish","type":"post","link":"https:\/\/www.correiobraziliense.com.br\/cbradar\/o-nome-biblico-com-3-letras-que-voltou-a-moda-no-brasil-por-ser-forte-e-cheio-de-significado\/","title":{"rendered":"O nome b\u00edblico com 3 letras que voltou \u00e0 moda no Brasil por ser forte e cheio de significado"},"content":{"rendered":"\n<p>Com apenas tr\u00eas letras, ele carrega uma das hist\u00f3rias mais conhecidas da B\u00edblia e um significado que ressoa fundo em fam\u00edlias religiosas: o <strong>nome b\u00edblico No\u00e9<\/strong> voltou aos cart\u00f3rios brasileiros com for\u00e7a em 2026, unindo tradi\u00e7\u00e3o, espiritualidade e a sonoridade direta que os pais modernos valorizam.<\/p>\n\n\n\n<h2 class=\"wp-block-heading\">Qual \u00e9 a origem do nome No\u00e9 e o que ele significa?<\/h2>\n\n\n\n<p>O nome <strong>No\u00e9<\/strong> vem do hebraico <em>N\u00f3ach<\/em>, derivado da raiz <em>n\u00fbach<\/em>, que significa &#8220;descanso&#8221;, &#8220;conforto&#8221; ou &#8220;aquele que traz al\u00edvio&#8221;. A escolha do nome pelo pai de No\u00e9 no texto b\u00edblico n\u00e3o foi aleat\u00f3ria: segundo o <strong>Livro do G\u00eanesis<\/strong>, ele foi assim chamado porque traria al\u00edvio ao trabalho e ao sofrimento humano sobre a terra.<\/p>\n\n\n\n<p>Essa carga sem\u00e2ntica \u00e9 um dos fatores que tornam o nome t\u00e3o atraente para pais que buscam mais do que est\u00e9tica em uma escolha. Dar \u00e0 crian\u00e7a um nome que significa &#8220;descanso&#8221; e &#8220;conforto&#8221; \u00e9, para muitas fam\u00edlias religiosas, uma declara\u00e7\u00e3o de inten\u00e7\u00e3o sobre o tipo de presen\u00e7a que esperam que o filho represente na vida das pessoas ao seu redor.<\/p>\n\n\n<div class=\"wp-block-image\">\n<figure class=\"aligncenter size-full\"><img decoding=\"async\" width=\"1280\" height=\"720\" src=\"https:\/\/www.correiobraziliense.com.br\/cbradar\/wp-content\/uploads\/2026\/05\/IMAGEM_720p_1777810472888.jpg\" alt=\"A origem hebraica do nome No\u00e9\" class=\"wp-image-236357\" srcset=\"https:\/\/www.correiobraziliense.com.br\/cbradar\/wp-content\/uploads\/2026\/05\/IMAGEM_720p_1777810472888.jpg 1280w, https:\/\/www.correiobraziliense.com.br\/cbradar\/wp-content\/uploads\/2026\/05\/IMAGEM_720p_1777810472888-300x169.jpg 300w, https:\/\/www.correiobraziliense.com.br\/cbradar\/wp-content\/uploads\/2026\/05\/IMAGEM_720p_1777810472888-768x432.jpg 768w, https:\/\/www.correiobraziliense.com.br\/cbradar\/wp-content\/uploads\/2026\/05\/IMAGEM_720p_1777810472888-750x422.jpg 750w, https:\/\/www.correiobraziliense.com.br\/cbradar\/wp-content\/uploads\/2026\/05\/IMAGEM_720p_1777810472888-1140x641.jpg 1140w\" sizes=\"(max-width: 1280px) 100vw, 1280px\" \/><figcaption class=\"wp-element-caption\">A origem hebraica do nome No\u00e9<\/figcaption><\/figure><\/div>\n\n\n<h2 class=\"wp-block-heading\">Quem foi No\u00e9 na B\u00edblia e por que essa hist\u00f3ria ainda ressoa?<\/h2>\n\n\n\n<p>Na tradi\u00e7\u00e3o crist\u00e3, judaica e isl\u00e2mica, <a href=\"https:\/\/pt.wikipedia.org\/wiki\/No%C3%A9\" target=\"_blank\" rel=\"noreferrer noopener\">No\u00e9<\/a> \u00e9 o personagem do <strong>Antigo Testamento<\/strong> escolhido por Deus para construir uma arca e preservar a vida sobre a Terra durante o dil\u00favio. Sua hist\u00f3ria \u00e9 um dos relatos de f\u00e9, obedi\u00eancia e recome\u00e7o mais conhecidos das Escrituras, atravessando gera\u00e7\u00f5es e culturas com a mesma for\u00e7a simb\u00f3lica.<\/p>\n\n\n\n<p>Para al\u00e9m da narrativa religiosa, o personagem representa qualidades que muitos pais querem ver nos filhos: <strong>perseveran\u00e7a diante do imposs\u00edvel<\/strong>, fidelidade a valores mesmo quando o mundo ao redor segue outra dire\u00e7\u00e3o e capacidade de recome\u00e7ar ap\u00f3s a perda. Nomear um filho de No\u00e9 \u00e9, em muitas fam\u00edlias, uma forma de invocar esse legado desde o registro de nascimento.<\/p>\n\n\n\n<h2 class=\"wp-block-heading\">Por que o nome No\u00e9 voltou com for\u00e7a aos cart\u00f3rios brasileiros em 2026?<\/h2>\n\n\n\n<p>O retorno de <strong>No\u00e9<\/strong> faz parte de um movimento mais amplo de valoriza\u00e7\u00e3o de nomes b\u00edblicos curtos que est\u00e1 sendo registrado nos cart\u00f3rios do pa\u00eds. Fontes especializadas em tend\u00eancias onom\u00e1sticas apontam que, em 2025 e 2026, fam\u00edlias brasileiras passaram a buscar nomes que combinassem <strong>profundidade espiritual<\/strong> com praticidade fon\u00e9tica: f\u00e1ceis de pronunciar, dif\u00edceis de errar na escrita e funcionais em qualquer fase da vida.<\/p>\n\n\n\n<p><strong>No\u00e9<\/strong> preenche todos esses crit\u00e9rios com precis\u00e3o. Tr\u00eas letras, duas s\u00edlabas, acento natural na segunda, sem ambiguidade ortogr\u00e1fica e com presen\u00e7a imediata em diferentes idiomas, o que agrada tanto fam\u00edlias mais tradicionais quanto pais que pensam na dimens\u00e3o global do nome do filho.<\/p>\n\n\n\n<p>Leia tamb\u00e9m: <a href=\"https:\/\/www.correiobraziliense.com.br\/cbradar\/o-nome-masculino-com-so-3-letras-que-esta-crescendo-no-brasil-por-ser-moderno-e-facil-de-pronunciar\/\" target=\"_blank\" rel=\"noreferrer noopener\">O nome masculino com s\u00f3 3 letras que est\u00e1 crescendo no Brasil por ser moderno e f\u00e1cil de pronunciar<\/a><\/p>\n\n\n\n<h2 class=\"wp-block-heading\">Quais outros nomes b\u00edblicos de 3 letras acompanham essa tend\u00eancia?<\/h2>\n\n\n\n<p>O movimento n\u00e3o \u00e9 isolado. <strong>No\u00e9<\/strong> lidera entre os masculinos, mas outros nomes curtos de origem b\u00edblica tamb\u00e9m aparecem com crescimento nos registros recentes. A tend\u00eancia revela uma prefer\u00eancia consistente por nomes que carregam peso simb\u00f3lico sem a extens\u00e3o dos nomes cl\u00e1ssicos mais longos.<\/p>\n\n\n\n<p>Entre os que aparecem com mais frequ\u00eancia ao lado de <strong>No\u00e9<\/strong> nas listas de tend\u00eancias para 2026 est\u00e3o os seguintes:<\/p>\n\n\n\n<ul class=\"wp-block-list\">\n<li><strong>Levi<\/strong> \u2014 origem hebraica, significa &#8220;unido&#8221; ou &#8220;vinculado&#8221;, nome de uma das doze tribos de <strong>Israel<\/strong><\/li>\n\n\n\n<li><strong>Dan<\/strong> \u2014 varia\u00e7\u00e3o de <strong>Daniel<\/strong>, significa &#8220;Deus \u00e9 meu juiz&#8221;, com forte presen\u00e7a no <strong>Antigo Testamento<\/strong><\/li>\n\n\n\n<li><strong>Eli<\/strong> \u2014 nome de profeta e sumo sacerdote, significa &#8220;meu Deus&#8221; ou &#8220;eleva\u00e7\u00e3o&#8221; em hebraico<\/li>\n\n\n\n<li><strong>Eva<\/strong> \u2014 feminino b\u00edblico de 3 letras em ascens\u00e3o, vem do hebraico e significa &#8220;vida&#8221; ou &#8220;aquela que d\u00e1 vida&#8221;<\/li>\n\n\n\n<li><strong>Ana<\/strong> \u2014 cl\u00e1ssico atemporal, significa &#8220;gra\u00e7a&#8221; ou &#8220;cheia de gra\u00e7a&#8221;, presente em ambos os Testamentos<\/li>\n<\/ul>\n\n\n\n<h2 class=\"wp-block-heading\">Como o contexto religioso brasileiro alimenta essa valoriza\u00e7\u00e3o?<\/h2>\n\n\n\n<p>O <strong>Brasil<\/strong> \u00e9 um dos pa\u00edses com maior popula\u00e7\u00e3o crist\u00e3 do mundo, e esse dado tem reflexo direto nas escolhas de nomes. O crescimento de comunidades evang\u00e9licas e a renova\u00e7\u00e3o do catolicismo popular criaram, nas \u00faltimas d\u00e9cadas, um ambiente em que a escolha do nome de um filho \u00e9 frequentemente tratada como um ato de f\u00e9, n\u00e3o apenas uma prefer\u00eancia est\u00e9tica.<\/p>\n\n\n\n<p>Segundo dados do <a href=\"https:\/\/www.ibge.gov.br\/estatisticas\/sociais\/populacao\/9662-censo-demografico-2022.html\" target=\"_blank\" rel=\"noreferrer noopener\">IBGE<\/a>, mais de <strong>88% da popula\u00e7\u00e3o brasileira<\/strong> se declara religiosa, com o cristianismo representando a grande maioria. Nesse contexto, nomes como <strong>No\u00e9<\/strong> n\u00e3o voltam \u00e0 moda por acidente: eles voltam porque carregam exatamente o que uma parcela crescente de fam\u00edlias quer transmitir ao filho desde o primeiro documento.<\/p>\n\n\n<div class=\"wp-block-image\">\n<figure class=\"aligncenter size-full\"><img decoding=\"async\" width=\"1280\" height=\"720\" src=\"https:\/\/www.correiobraziliense.com.br\/cbradar\/wp-content\/uploads\/2026\/05\/IMAGEM_720p_1777810434138.jpg\" alt=\"A origem hebraica do nome No\u00e9\" class=\"wp-image-236358\" srcset=\"https:\/\/www.correiobraziliense.com.br\/cbradar\/wp-content\/uploads\/2026\/05\/IMAGEM_720p_1777810434138.jpg 1280w, https:\/\/www.correiobraziliense.com.br\/cbradar\/wp-content\/uploads\/2026\/05\/IMAGEM_720p_1777810434138-300x169.jpg 300w, https:\/\/www.correiobraziliense.com.br\/cbradar\/wp-content\/uploads\/2026\/05\/IMAGEM_720p_1777810434138-768x432.jpg 768w, https:\/\/www.correiobraziliense.com.br\/cbradar\/wp-content\/uploads\/2026\/05\/IMAGEM_720p_1777810434138-750x422.jpg 750w, https:\/\/www.correiobraziliense.com.br\/cbradar\/wp-content\/uploads\/2026\/05\/IMAGEM_720p_1777810434138-1140x641.jpg 1140w\" sizes=\"(max-width: 1280px) 100vw, 1280px\" \/><figcaption class=\"wp-element-caption\">A origem hebraica do nome No\u00e9<\/figcaption><\/figure><\/div>\n\n\n<h2 class=\"wp-block-heading\">O que considerar antes de registrar o nome No\u00e9?<\/h2>\n\n\n\n<p>Do ponto de vista pr\u00e1tico, <strong>No\u00e9<\/strong> funciona bem tanto sozinho quanto em compostos. Combina\u00e7\u00f5es como <strong>No\u00e9 Miguel<\/strong>, <strong>No\u00e9 Davi<\/strong> ou <strong>Jo\u00e3o No\u00e9<\/strong> s\u00e3o escolhas que aparecem com frequ\u00eancia entre fam\u00edlias que querem manter a refer\u00eancia b\u00edblica sem abrir m\u00e3o de um segundo nome mais familiar.<\/p>\n\n\n\n<p>Vale observar tamb\u00e9m a distin\u00e7\u00e3o entre <strong>No\u00e9<\/strong>, com acento agudo na \u00faltima vogal, e <strong>Noa<\/strong>, vers\u00e3o sem acento que ganhou espa\u00e7o como nome unissex de origem hebraica. Os dois t\u00eam popularidade crescente, mas origens e tradi\u00e7\u00f5es distintas. Para fam\u00edlias que buscam especificamente o personagem b\u00edblico do dil\u00favio e seu legado de f\u00e9, a forma acentuada <strong>No\u00e9<\/strong> \u00e9 a que carrega esse v\u00ednculo de forma direta e inequ\u00edvoca.<\/p>\n","protected":false},"excerpt":{"rendered":"<p>Com apenas tr\u00eas letras, ele carrega uma das hist\u00f3rias mais conhecidas da B\u00edblia e um significado que ressoa fundo em fam\u00edlias religiosas: o nome b\u00edblico No\u00e9 voltou aos cart\u00f3rios brasileiros com for\u00e7a em 2026, unindo tradi\u00e7\u00e3o, espiritualidade e a sonoridade direta que os pais modernos valorizam. Qual \u00e9 a origem do nome No\u00e9 e o [&hellip;]<\/p>\n","protected":false},"author":11,"featured_media":236356,"comment_status":"open","ping_status":"open","sticky":false,"template":"","format":"standard","meta":{"_yoast_wpseo_focuskw":"nome b\u00edblico No\u00e9 significado","_yoast_wpseo_title":"","_yoast_wpseo_metadesc":"Tr\u00eas letras, uma hist\u00f3ria de mil\u00eanios e uma presen\u00e7a crescente nos cart\u00f3rios brasileiros. Entenda por que No\u00e9 voltou com tudo em 2026.","jnews-multi-image_gallery":[],"jnews_single_post":{"format":"standard"},"jnews_primary_category":[],"jnews_social_meta":[],"jnews_override_counter":[],"footnotes":""},"categories":[112],"tags":[18633,13235,11757,18634],"class_list":["post-236355","post","type-post","status-publish","format-standard","has-post-thumbnail","hentry","category-curiosidades","tag-nome-noe","tag-nomes-biblicos","tag-nomes-de-bebe","tag-tradicao-crista"],"yoast_head":"<!-- This site is optimized with the Yoast SEO plugin v24.6 - https:\/\/yoast.com\/wordpress\/plugins\/seo\/ -->\n<title>O nome b\u00edblico com 3 letras que voltou \u00e0 moda no Brasil por ser forte e cheio de significado - Correio Braziliense - Radar<\/title>\n<meta name=\"description\" content=\"Tr\u00eas letras, uma hist\u00f3ria de mil\u00eanios e uma presen\u00e7a crescente nos cart\u00f3rios brasileiros. Entenda por que No\u00e9 voltou com tudo em 2026.\" \/>\n<meta name=\"robots\" content=\"index, follow, max-snippet:-1, max-image-preview:large, max-video-preview:-1\" \/>\n<link rel=\"canonical\" href=\"https:\/\/www.correiobraziliense.com.br\/cbradar\/o-nome-biblico-com-3-letras-que-voltou-a-moda-no-brasil-por-ser-forte-e-cheio-de-significado\/\" \/>\n<meta property=\"og:locale\" content=\"pt_BR\" \/>\n<meta property=\"og:type\" content=\"article\" \/>\n<meta property=\"og:title\" content=\"O nome b\u00edblico com 3 letras que voltou \u00e0 moda no Brasil por ser forte e cheio de significado - Correio Braziliense - Radar\" \/>\n<meta property=\"og:description\" content=\"Tr\u00eas letras, uma hist\u00f3ria de mil\u00eanios e uma presen\u00e7a crescente nos cart\u00f3rios brasileiros. Entenda por que No\u00e9 voltou com tudo em 2026.\" \/>\n<meta property=\"og:url\" content=\"https:\/\/www.correiobraziliense.com.br\/cbradar\/o-nome-biblico-com-3-letras-que-voltou-a-moda-no-brasil-por-ser-forte-e-cheio-de-significado\/\" \/>\n<meta property=\"og:site_name\" content=\"Correio Braziliense - Radar\" \/>\n<meta property=\"article:published_time\" content=\"2026-05-03T13:27:00+00:00\" \/>\n<meta property=\"og:image\" content=\"https:\/\/www.correiobraziliense.com.br\/cbradar\/wp-content\/uploads\/2026\/05\/IMAGEM_720p_1777810550696.jpg\" \/>\n\t<meta property=\"og:image:width\" content=\"1280\" \/>\n\t<meta property=\"og:image:height\" content=\"720\" \/>\n\t<meta property=\"og:image:type\" content=\"image\/jpeg\" \/>\n<meta name=\"author\" content=\"Paulo Custodio\" \/>\n<meta name=\"twitter:card\" content=\"summary_large_image\" \/>\n<meta name=\"twitter:label1\" content=\"Escrito por\" \/>\n\t<meta name=\"twitter:data1\" content=\"Paulo Custodio\" \/>\n\t<meta name=\"twitter:label2\" content=\"Est. tempo de leitura\" \/>\n\t<meta name=\"twitter:data2\" content=\"6 minutos\" \/>\n<!-- \/ Yoast SEO plugin. -->","yoast_head_json":{"title":"O nome b\u00edblico com 3 letras que voltou \u00e0 moda no Brasil por ser forte e cheio de significado - Correio Braziliense - Radar","description":"Tr\u00eas letras, uma hist\u00f3ria de mil\u00eanios e uma presen\u00e7a crescente nos cart\u00f3rios brasileiros. Entenda por que No\u00e9 voltou com tudo em 2026.","robots":{"index":"index","follow":"follow","max-snippet":"max-snippet:-1","max-image-preview":"max-image-preview:large","max-video-preview":"max-video-preview:-1"},"canonical":"https:\/\/www.correiobraziliense.com.br\/cbradar\/o-nome-biblico-com-3-letras-que-voltou-a-moda-no-brasil-por-ser-forte-e-cheio-de-significado\/","og_locale":"pt_BR","og_type":"article","og_title":"O nome b\u00edblico com 3 letras que voltou \u00e0 moda no Brasil por ser forte e cheio de significado - Correio Braziliense - Radar","og_description":"Tr\u00eas letras, uma hist\u00f3ria de mil\u00eanios e uma presen\u00e7a crescente nos cart\u00f3rios brasileiros. Entenda por que No\u00e9 voltou com tudo em 2026.","og_url":"https:\/\/www.correiobraziliense.com.br\/cbradar\/o-nome-biblico-com-3-letras-que-voltou-a-moda-no-brasil-por-ser-forte-e-cheio-de-significado\/","og_site_name":"Correio Braziliense - Radar","article_published_time":"2026-05-03T13:27:00+00:00","og_image":[{"width":1280,"height":720,"url":"https:\/\/www.correiobraziliense.com.br\/cbradar\/wp-content\/uploads\/2026\/05\/IMAGEM_720p_1777810550696.jpg","type":"image\/jpeg"}],"author":"Paulo Custodio","twitter_card":"summary_large_image","twitter_misc":{"Escrito por":"Paulo Custodio","Est. tempo de leitura":"6 minutos"},"schema":{"@context":"https:\/\/schema.org","@graph":[{"@type":"WebPage","@id":"https:\/\/www.correiobraziliense.com.br\/cbradar\/o-nome-biblico-com-3-letras-que-voltou-a-moda-no-brasil-por-ser-forte-e-cheio-de-significado\/","url":"https:\/\/www.correiobraziliense.com.br\/cbradar\/o-nome-biblico-com-3-letras-que-voltou-a-moda-no-brasil-por-ser-forte-e-cheio-de-significado\/","name":"O nome b\u00edblico com 3 letras que voltou \u00e0 moda no Brasil por ser forte e cheio de significado - Correio Braziliense - Radar","isPartOf":{"@id":"https:\/\/www.correiobraziliense.com.br\/cbradar\/#website"},"primaryImageOfPage":{"@id":"https:\/\/www.correiobraziliense.com.br\/cbradar\/o-nome-biblico-com-3-letras-que-voltou-a-moda-no-brasil-por-ser-forte-e-cheio-de-significado\/#primaryimage"},"image":{"@id":"https:\/\/www.correiobraziliense.com.br\/cbradar\/o-nome-biblico-com-3-letras-que-voltou-a-moda-no-brasil-por-ser-forte-e-cheio-de-significado\/#primaryimage"},"thumbnailUrl":"https:\/\/www.correiobraziliense.com.br\/cbradar\/wp-content\/uploads\/2026\/05\/IMAGEM_720p_1777810550696.jpg","datePublished":"2026-05-03T13:27:00+00:00","author":{"@id":"https:\/\/www.correiobraziliense.com.br\/cbradar\/#\/schema\/person\/4cec7857301a9a1a2ef249893cd908d3"},"description":"Tr\u00eas letras, uma hist\u00f3ria de mil\u00eanios e uma presen\u00e7a crescente nos cart\u00f3rios brasileiros. Entenda por que No\u00e9 voltou com tudo em 2026.","breadcrumb":{"@id":"https:\/\/www.correiobraziliense.com.br\/cbradar\/o-nome-biblico-com-3-letras-que-voltou-a-moda-no-brasil-por-ser-forte-e-cheio-de-significado\/#breadcrumb"},"inLanguage":"pt-BR","potentialAction":[{"@type":"ReadAction","target":["https:\/\/www.correiobraziliense.com.br\/cbradar\/o-nome-biblico-com-3-letras-que-voltou-a-moda-no-brasil-por-ser-forte-e-cheio-de-significado\/"]}]},{"@type":"ImageObject","inLanguage":"pt-BR","@id":"https:\/\/www.correiobraziliense.com.br\/cbradar\/o-nome-biblico-com-3-letras-que-voltou-a-moda-no-brasil-por-ser-forte-e-cheio-de-significado\/#primaryimage","url":"https:\/\/www.correiobraziliense.com.br\/cbradar\/wp-content\/uploads\/2026\/05\/IMAGEM_720p_1777810550696.jpg","contentUrl":"https:\/\/www.correiobraziliense.com.br\/cbradar\/wp-content\/uploads\/2026\/05\/IMAGEM_720p_1777810550696.jpg","width":1280,"height":720,"caption":"A origem hebraica do nome No\u00e9"},{"@type":"BreadcrumbList","@id":"https:\/\/www.correiobraziliense.com.br\/cbradar\/o-nome-biblico-com-3-letras-que-voltou-a-moda-no-brasil-por-ser-forte-e-cheio-de-significado\/#breadcrumb","itemListElement":[{"@type":"ListItem","position":1,"name":"In\u00edcio","item":"https:\/\/www.correiobraziliense.com.br\/cbradar\/"},{"@type":"ListItem","position":2,"name":"O nome b\u00edblico com 3 letras que voltou \u00e0 moda no Brasil por ser forte e cheio de significado"}]},{"@type":"WebSite","@id":"https:\/\/www.correiobraziliense.com.br\/cbradar\/#website","url":"https:\/\/www.correiobraziliense.com.br\/cbradar\/","name":"Correio Braziliense - Radar","description":"Acompanhe as \u00faltimas not\u00edcias e fique bem informado sobre tudo o que acontece no Brasil e no mundo.","potentialAction":[{"@type":"SearchAction","target":{"@type":"EntryPoint","urlTemplate":"https:\/\/www.correiobraziliense.com.br\/cbradar\/?s={search_term_string}"},"query-input":{"@type":"PropertyValueSpecification","valueRequired":true,"valueName":"search_term_string"}}],"inLanguage":"pt-BR"},{"@type":"Person","@id":"https:\/\/www.correiobraziliense.com.br\/cbradar\/#\/schema\/person\/4cec7857301a9a1a2ef249893cd908d3","name":"Paulo Custodio","image":{"@type":"ImageObject","inLanguage":"pt-BR","@id":"https:\/\/www.correiobraziliense.com.br\/cbradar\/#\/schema\/person\/image\/","url":"https:\/\/secure.gravatar.com\/avatar\/bcd67168d1534e8fcf4f45c726a87cea?s=96&d=mm&r=g","contentUrl":"https:\/\/secure.gravatar.com\/avatar\/bcd67168d1534e8fcf4f45c726a87cea?s=96&d=mm&r=g","caption":"Paulo Custodio"},"sameAs":["https:\/\/www.correiobraziliense.com.br\/cbradar"],"url":"https:\/\/www.correiobraziliense.com.br\/cbradar\/author\/paulomyth\/"}]}},"_links":{"self":[{"href":"https:\/\/www.correiobraziliense.com.br\/cbradar\/wp-json\/wp\/v2\/posts\/236355","targetHints":{"allow":["GET"]}}],"collection":[{"href":"https:\/\/www.correiobraziliense.com.br\/cbradar\/wp-json\/wp\/v2\/posts"}],"about":[{"href":"https:\/\/www.correiobraziliense.com.br\/cbradar\/wp-json\/wp\/v2\/types\/post"}],"author":[{"embeddable":true,"href":"https:\/\/www.correiobraziliense.com.br\/cbradar\/wp-json\/wp\/v2\/users\/11"}],"replies":[{"embeddable":true,"href":"https:\/\/www.correiobraziliense.com.br\/cbradar\/wp-json\/wp\/v2\/comments?post=236355"}],"version-history":[{"count":1,"href":"https:\/\/www.correiobraziliense.com.br\/cbradar\/wp-json\/wp\/v2\/posts\/236355\/revisions"}],"predecessor-version":[{"id":236359,"href":"https:\/\/www.correiobraziliense.com.br\/cbradar\/wp-json\/wp\/v2\/posts\/236355\/revisions\/236359"}],"wp:featuredmedia":[{"embeddable":true,"href":"https:\/\/www.correiobraziliense.com.br\/cbradar\/wp-json\/wp\/v2\/media\/236356"}],"wp:attachment":[{"href":"https:\/\/www.correiobraziliense.com.br\/cbradar\/wp-json\/wp\/v2\/media?parent=236355"}],"wp:term":[{"taxonomy":"category","embeddable":true,"href":"https:\/\/www.correiobraziliense.com.br\/cbradar\/wp-json\/wp\/v2\/categories?post=236355"},{"taxonomy":"post_tag","embeddable":true,"href":"https:\/\/www.correiobraziliense.com.br\/cbradar\/wp-json\/wp\/v2\/tags?post=236355"}],"curies":[{"name":"wp","href":"https:\/\/api.w.org\/{rel}","templated":true}]}}