{"id":23636,"date":"2025-04-16T17:10:00","date_gmt":"2025-04-16T20:10:00","guid":{"rendered":"https:\/\/www.correiobraziliense.com.br\/cbradar\/?p=23636"},"modified":"2025-04-15T05:51:25","modified_gmt":"2025-04-15T08:51:25","slug":"capitao-america-admiravel-mundo-novo-ganha-data-para-chegar-no-digital","status":"publish","type":"post","link":"https:\/\/www.correiobraziliense.com.br\/cbradar\/capitao-america-admiravel-mundo-novo-ganha-data-para-chegar-no-digital\/","title":{"rendered":"&#8220;Capit\u00e3o Am\u00e9rica: Admir\u00e1vel Mundo Novo&#8221; ganha data para chegar no digital"},"content":{"rendered":"\n<p>O filme <strong>Capit\u00e3o Am\u00e9rica: Admir\u00e1vel Mundo Novo<\/strong>, tamb\u00e9m conhecido como <strong>Capit\u00e3o Am\u00e9rica 4<\/strong>, estreou mundialmente em 14 de fevereiro de 2025. Esta nova produ\u00e7\u00e3o da <strong>Marvel Studios<\/strong> trouxe <strong>Anthony Mackie <\/strong>no papel principal, assumindo o manto do Capit\u00e3o Am\u00e9rica ap\u00f3s os eventos de <strong>Vingadores: Ultimato<\/strong>. Com a expectativa de dar continuidade ao legado de <strong><a href=\"https:\/\/www.correiobraziliense.com.br\/cbradar\/essa-e-a-fortuna-acumulada-por-chris-evans-o-capitao-america\/\" target=\"_blank\" rel=\"noreferrer noopener\">Steve Rogers<\/a><\/strong>, o filme apresentou novos desafios e uma trama repleta de tens\u00e3o internacional.<\/p>\n\n\n\n<p>Apesar do entusiasmo inicial, o filme n\u00e3o foi bem recebido pela cr\u00edtica especializada e pelos f\u00e3s mais fervorosos da franquia. A recep\u00e7\u00e3o morna refletiu-se nas avalia\u00e7\u00f5es do<strong> Rotten Tomatoes<\/strong>, onde o longa figura entre os menos aclamados do universo cinematogr\u00e1fico da <strong>Marvel<\/strong>. Contudo, a estreia digital e em blu-ray promete alcan\u00e7ar um p\u00fablico ainda maior, com lan\u00e7amento digital marcado para 15 de abril e em blu-ray para 13 de maio de 2025.<\/p>\n\n\n\n<h2 class=\"wp-block-heading\">Qual \u00e9 a trama de Capit\u00e3o Am\u00e9rica: Admir\u00e1vel Mundo Novo?<\/h2>\n\n\n\n<p>Em <em>Capit\u00e3o Am\u00e9rica: Admir\u00e1vel Mundo Novo<\/em>, Sam Wilson, interpretado por Anthony Mackie, enfrenta um complexo cen\u00e1rio pol\u00edtico e social. Ap\u00f3s um encontro com o rec\u00e9m-eleito presidente dos Estados Unidos, Thaddeus Ross, vivido por Harrison Ford, Sam se v\u00ea envolvido em um incidente internacional de grandes propor\u00e7\u00f5es. A trama gira em torno de um plano global sinistro que amea\u00e7a a estabilidade mundial, e cabe ao novo Capit\u00e3o Am\u00e9rica desvendar o mist\u00e9rio antes que seja tarde demais.<\/p>\n\n\n\n<p>O filme explora temas de responsabilidade e lideran\u00e7a, enquanto Sam Wilson navega pelas complexidades de ser o novo s\u00edmbolo de esperan\u00e7a e justi\u00e7a. A din\u00e2mica entre Sam e Thaddeus Ross adiciona camadas de intriga pol\u00edtica, refletindo quest\u00f5es contempor\u00e2neas de poder e diplomacia.<\/p>\n\n\n\n<figure class=\"wp-block-image size-large\"><img decoding=\"async\" width=\"1024\" height=\"576\" src=\"https:\/\/www.correiobraziliense.com.br\/cbradar\/wp-content\/uploads\/2025\/04\/Capitao-America-1024x576.png\" alt=\"&quot;Capit\u00e3o Am\u00e9rica: Admir\u00e1vel Mundo Novo&quot; ganha data para chegar no digital\" class=\"wp-image-23651\" srcset=\"https:\/\/www.correiobraziliense.com.br\/cbradar\/wp-content\/uploads\/2025\/04\/Capitao-America-1024x576.png 1024w, https:\/\/www.correiobraziliense.com.br\/cbradar\/wp-content\/uploads\/2025\/04\/Capitao-America-300x169.png 300w, https:\/\/www.correiobraziliense.com.br\/cbradar\/wp-content\/uploads\/2025\/04\/Capitao-America-768x432.png 768w, https:\/\/www.correiobraziliense.com.br\/cbradar\/wp-content\/uploads\/2025\/04\/Capitao-America-750x422.png 750w, https:\/\/www.correiobraziliense.com.br\/cbradar\/wp-content\/uploads\/2025\/04\/Capitao-America-1140x641.png 1140w, https:\/\/www.correiobraziliense.com.br\/cbradar\/wp-content\/uploads\/2025\/04\/Capitao-America.png 1280w\" sizes=\"(max-width: 1024px) 100vw, 1024px\" \/><figcaption class=\"wp-element-caption\">Capit\u00e3o Am\u00e9rica. Fonte: divulga\u00e7\u00e3o \/ Marvel<\/figcaption><\/figure>\n\n\n\n<h2 class=\"wp-block-heading\">Por que o filme n\u00e3o agradou aos cr\u00edticos e f\u00e3s?<\/h2>\n\n\n\n<p>V\u00e1rios fatores contribu\u00edram para a recep\u00e7\u00e3o negativa de <strong>Capit\u00e3o Am\u00e9rica: Admir\u00e1vel Mundo Novo<\/strong>. Entre as cr\u00edticas, destacam-se a narrativa considerada previs\u00edvel e a falta de desenvolvimento dos personagens secund\u00e1rios. Muitos f\u00e3s esperavam uma abordagem mais inovadora e surpreendente, o que n\u00e3o se concretizou na vis\u00e3o de alguns cr\u00edticos.<\/p>\n\n\n\n<p>Al\u00e9m disso, a compara\u00e7\u00e3o inevit\u00e1vel com os filmes anteriores do Capit\u00e3o Am\u00e9rica, estrelados por Chris Evans, elevou as expectativas a um n\u00edvel dif\u00edcil de alcan\u00e7ar. A transi\u00e7\u00e3o de Sam Wilson para o papel principal trouxe desafios, especialmente em equilibrar a heran\u00e7a do personagem com a necessidade de inova\u00e7\u00e3o.<\/p>\n\n\n\n<iframe loading=\"lazy\" width=\"560\" height=\"315\" src=\"https:\/\/www.youtube.com\/embed\/U7JG6FMoEdM?si=V_n5vU92LHMXEiut\" title=\"YouTube video player\" frameborder=\"0\" allow=\"accelerometer; autoplay; clipboard-write; encrypted-media; gyroscope; picture-in-picture; web-share\" referrerpolicy=\"strict-origin-when-cross-origin\" allowfullscreen><\/iframe>\n\n\n\n<h2 class=\"wp-block-heading\">O que esperar do futuro do Capit\u00e3o Am\u00e9rica no MCU?<\/h2>\n\n\n\n<p>Apesar das cr\u00edticas, o futuro do Capit\u00e3o Am\u00e9rica no Universo Cinematogr\u00e1fico da Marvel (MCU) ainda \u00e9 promissor. Anthony Mackie trouxe uma nova perspectiva ao personagem, e a Marvel Studios continua a explorar maneiras de expandir o legado do Capit\u00e3o Am\u00e9rica. Com o avan\u00e7o das hist\u00f3rias e a introdu\u00e7\u00e3o de novos personagens, h\u00e1 potencial para reverter a recep\u00e7\u00e3o inicial e reconquistar o p\u00fablico.<\/p>\n\n\n\n<p>O lan\u00e7amento digital e em blu-ray de <em>Capit\u00e3o Am\u00e9rica: Admir\u00e1vel Mundo Novo<\/em> oferece uma nova oportunidade para que os espectadores revisitem a hist\u00f3ria e talvez encontrem novos elementos a serem apreciados. A Marvel tem um hist\u00f3rico de aprendizado com o feedback dos f\u00e3s, o que pode influenciar futuras produ\u00e7\u00f5es e decis\u00f5es criativas.<\/p>\n","protected":false},"excerpt":{"rendered":"<p>Sam Wilson enfrenta um cen\u00e1rio pol\u00edtico complexo em Capit\u00e3o Am\u00e9rica: Admir\u00e1vel Mundo Novo. Mas por que o filme n\u00e3o agradou aos f\u00e3s e cr\u00edticos?<\/p>\n","protected":false},"author":3,"featured_media":23650,"comment_status":"open","ping_status":"open","sticky":false,"template":"","format":"standard","meta":{"jnews-multi-image_gallery":[],"jnews_single_post":{"format":"standard"},"jnews_primary_category":[],"jnews_social_meta":[],"jnews_override_counter":[],"footnotes":""},"categories":[140],"post_tag":[604,568],"class_list":["post-23636","post","type-post","status-publish","format-standard","has-post-thumbnail","hentry","category-entretenimento","tag-capitao-america","tag-series-e-filmes"],"yoast_head":"<!-- This site is optimized with the Yoast SEO plugin v24.6 - https:\/\/yoast.com\/wordpress\/plugins\/seo\/ -->\n<title>&quot;Capit\u00e3o Am\u00e9rica: Admir\u00e1vel Mundo Novo&quot; ganha data para chegar no digital<\/title>\n<meta name=\"description\" content=\"Sam Wilson enfrenta um cen\u00e1rio pol\u00edtico complexo em Capit\u00e3o Am\u00e9rica: Admir\u00e1vel Mundo Novo. Mas por que o filme n\u00e3o agradou aos f\u00e3s e cr\u00edticos?\" \/>\n<meta name=\"robots\" content=\"index, follow, max-snippet:-1, max-image-preview:large, max-video-preview:-1\" \/>\n<link rel=\"canonical\" href=\"https:\/\/www.correiobraziliense.com.br\/cbradar\/capitao-america-admiravel-mundo-novo-ganha-data-para-chegar-no-digital\/\" \/>\n<meta property=\"og:locale\" content=\"pt_BR\" \/>\n<meta property=\"og:type\" content=\"article\" \/>\n<meta property=\"og:title\" content=\"&quot;Capit\u00e3o Am\u00e9rica: Admir\u00e1vel Mundo Novo&quot; ganha data para chegar no digital\" \/>\n<meta property=\"og:description\" content=\"Sam Wilson enfrenta um cen\u00e1rio pol\u00edtico complexo em Capit\u00e3o Am\u00e9rica: Admir\u00e1vel Mundo Novo. Mas por que o filme n\u00e3o agradou aos f\u00e3s e cr\u00edticos?\" \/>\n<meta property=\"og:url\" content=\"https:\/\/www.correiobraziliense.com.br\/cbradar\/capitao-america-admiravel-mundo-novo-ganha-data-para-chegar-no-digital\/\" \/>\n<meta property=\"og:site_name\" content=\"Correio Braziliense - Radar\" \/>\n<meta property=\"article:published_time\" content=\"2025-04-16T20:10:00+00:00\" \/>\n<meta property=\"og:image\" content=\"https:\/\/www.correiobraziliense.com.br\/cbradar\/wp-content\/uploads\/2025\/04\/Capitao-America-2.png\" \/>\n\t<meta property=\"og:image:width\" content=\"1280\" \/>\n\t<meta property=\"og:image:height\" content=\"720\" \/>\n\t<meta property=\"og:image:type\" content=\"image\/png\" \/>\n<meta name=\"author\" content=\"Larissa Carvalho\" \/>\n<meta name=\"twitter:card\" content=\"summary_large_image\" \/>\n<meta name=\"twitter:label1\" content=\"Escrito por\" \/>\n\t<meta name=\"twitter:data1\" content=\"Larissa Carvalho\" \/>\n\t<meta name=\"twitter:label2\" content=\"Est. tempo de leitura\" \/>\n\t<meta name=\"twitter:data2\" content=\"4 minutos\" \/>\n<!-- \/ Yoast SEO plugin. -->","yoast_head_json":{"title":"\"Capit\u00e3o Am\u00e9rica: Admir\u00e1vel Mundo Novo\" ganha data para chegar no digital","description":"Sam Wilson enfrenta um cen\u00e1rio pol\u00edtico complexo em Capit\u00e3o Am\u00e9rica: Admir\u00e1vel Mundo Novo. Mas por que o filme n\u00e3o agradou aos f\u00e3s e cr\u00edticos?","robots":{"index":"index","follow":"follow","max-snippet":"max-snippet:-1","max-image-preview":"max-image-preview:large","max-video-preview":"max-video-preview:-1"},"canonical":"https:\/\/www.correiobraziliense.com.br\/cbradar\/capitao-america-admiravel-mundo-novo-ganha-data-para-chegar-no-digital\/","og_locale":"pt_BR","og_type":"article","og_title":"\"Capit\u00e3o Am\u00e9rica: Admir\u00e1vel Mundo Novo\" ganha data para chegar no digital","og_description":"Sam Wilson enfrenta um cen\u00e1rio pol\u00edtico complexo em Capit\u00e3o Am\u00e9rica: Admir\u00e1vel Mundo Novo. Mas por que o filme n\u00e3o agradou aos f\u00e3s e cr\u00edticos?","og_url":"https:\/\/www.correiobraziliense.com.br\/cbradar\/capitao-america-admiravel-mundo-novo-ganha-data-para-chegar-no-digital\/","og_site_name":"Correio Braziliense - Radar","article_published_time":"2025-04-16T20:10:00+00:00","og_image":[{"width":1280,"height":720,"url":"https:\/\/www.correiobraziliense.com.br\/cbradar\/wp-content\/uploads\/2025\/04\/Capitao-America-2.png","type":"image\/png"}],"author":"Larissa Carvalho","twitter_card":"summary_large_image","twitter_misc":{"Escrito por":"Larissa Carvalho","Est. tempo de leitura":"4 minutos"},"schema":{"@context":"https:\/\/schema.org","@graph":[{"@type":"WebPage","@id":"https:\/\/www.correiobraziliense.com.br\/cbradar\/capitao-america-admiravel-mundo-novo-ganha-data-para-chegar-no-digital\/","url":"https:\/\/www.correiobraziliense.com.br\/cbradar\/capitao-america-admiravel-mundo-novo-ganha-data-para-chegar-no-digital\/","name":"\"Capit\u00e3o Am\u00e9rica: Admir\u00e1vel Mundo Novo\" ganha data para chegar no digital","isPartOf":{"@id":"https:\/\/www.correiobraziliense.com.br\/cbradar\/#website"},"primaryImageOfPage":{"@id":"https:\/\/www.correiobraziliense.com.br\/cbradar\/capitao-america-admiravel-mundo-novo-ganha-data-para-chegar-no-digital\/#primaryimage"},"image":{"@id":"https:\/\/www.correiobraziliense.com.br\/cbradar\/capitao-america-admiravel-mundo-novo-ganha-data-para-chegar-no-digital\/#primaryimage"},"thumbnailUrl":"https:\/\/www.correiobraziliense.com.br\/cbradar\/wp-content\/uploads\/2025\/04\/Capitao-America-2.png","datePublished":"2025-04-16T20:10:00+00:00","author":{"@id":"https:\/\/www.correiobraziliense.com.br\/cbradar\/#\/schema\/person\/58422787644df994b53a19d3e56c1513"},"description":"Sam Wilson enfrenta um cen\u00e1rio pol\u00edtico complexo em Capit\u00e3o Am\u00e9rica: Admir\u00e1vel Mundo Novo. Mas por que o filme n\u00e3o agradou aos f\u00e3s e cr\u00edticos?","breadcrumb":{"@id":"https:\/\/www.correiobraziliense.com.br\/cbradar\/capitao-america-admiravel-mundo-novo-ganha-data-para-chegar-no-digital\/#breadcrumb"},"inLanguage":"pt-BR","potentialAction":[{"@type":"ReadAction","target":["https:\/\/www.correiobraziliense.com.br\/cbradar\/capitao-america-admiravel-mundo-novo-ganha-data-para-chegar-no-digital\/"]}]},{"@type":"ImageObject","inLanguage":"pt-BR","@id":"https:\/\/www.correiobraziliense.com.br\/cbradar\/capitao-america-admiravel-mundo-novo-ganha-data-para-chegar-no-digital\/#primaryimage","url":"https:\/\/www.correiobraziliense.com.br\/cbradar\/wp-content\/uploads\/2025\/04\/Capitao-America-2.png","contentUrl":"https:\/\/www.correiobraziliense.com.br\/cbradar\/wp-content\/uploads\/2025\/04\/Capitao-America-2.png","width":1280,"height":720,"caption":"Capit\u00e3o Am\u00e9rica. Fonte: divulga\u00e7\u00e3o \/ Marvel"},{"@type":"BreadcrumbList","@id":"https:\/\/www.correiobraziliense.com.br\/cbradar\/capitao-america-admiravel-mundo-novo-ganha-data-para-chegar-no-digital\/#breadcrumb","itemListElement":[{"@type":"ListItem","position":1,"name":"In\u00edcio","item":"https:\/\/www.correiobraziliense.com.br\/cbradar\/"},{"@type":"ListItem","position":2,"name":"&#8220;Capit\u00e3o Am\u00e9rica: Admir\u00e1vel Mundo Novo&#8221; ganha data para chegar no digital"}]},{"@type":"WebSite","@id":"https:\/\/www.correiobraziliense.com.br\/cbradar\/#website","url":"https:\/\/www.correiobraziliense.com.br\/cbradar\/","name":"Correio Braziliense - Radar","description":"Acompanhe as \u00faltimas not\u00edcias e fique bem informado sobre tudo o que acontece no Brasil e no mundo.","potentialAction":[{"@type":"SearchAction","target":{"@type":"EntryPoint","urlTemplate":"https:\/\/www.correiobraziliense.com.br\/cbradar\/?s={search_term_string}"},"query-input":{"@type":"PropertyValueSpecification","valueRequired":true,"valueName":"search_term_string"}}],"inLanguage":"pt-BR"},{"@type":"Person","@id":"https:\/\/www.correiobraziliense.com.br\/cbradar\/#\/schema\/person\/58422787644df994b53a19d3e56c1513","name":"Larissa Carvalho","image":{"@type":"ImageObject","inLanguage":"pt-BR","@id":"https:\/\/www.correiobraziliense.com.br\/cbradar\/#\/schema\/person\/image\/","url":"https:\/\/secure.gravatar.com\/avatar\/fe4f91a0de32b52a838d0d612abdc1aa?s=96&d=mm&r=g","contentUrl":"https:\/\/secure.gravatar.com\/avatar\/fe4f91a0de32b52a838d0d612abdc1aa?s=96&d=mm&r=g","caption":"Larissa Carvalho"},"url":"https:\/\/www.correiobraziliense.com.br\/cbradar\/author\/larissamyth\/"}]}},"_links":{"self":[{"href":"https:\/\/www.correiobraziliense.com.br\/cbradar\/wp-json\/wp\/v2\/posts\/23636","targetHints":{"allow":["GET"]}}],"collection":[{"href":"https:\/\/www.correiobraziliense.com.br\/cbradar\/wp-json\/wp\/v2\/posts"}],"about":[{"href":"https:\/\/www.correiobraziliense.com.br\/cbradar\/wp-json\/wp\/v2\/types\/post"}],"author":[{"embeddable":true,"href":"https:\/\/www.correiobraziliense.com.br\/cbradar\/wp-json\/wp\/v2\/users\/3"}],"replies":[{"embeddable":true,"href":"https:\/\/www.correiobraziliense.com.br\/cbradar\/wp-json\/wp\/v2\/comments?post=23636"}],"version-history":[{"count":2,"href":"https:\/\/www.correiobraziliense.com.br\/cbradar\/wp-json\/wp\/v2\/posts\/23636\/revisions"}],"predecessor-version":[{"id":23658,"href":"https:\/\/www.correiobraziliense.com.br\/cbradar\/wp-json\/wp\/v2\/posts\/23636\/revisions\/23658"}],"wp:featuredmedia":[{"embeddable":true,"href":"https:\/\/www.correiobraziliense.com.br\/cbradar\/wp-json\/wp\/v2\/media\/23650"}],"wp:attachment":[{"href":"https:\/\/www.correiobraziliense.com.br\/cbradar\/wp-json\/wp\/v2\/media?parent=23636"}],"wp:term":[{"taxonomy":"category","embeddable":true,"href":"https:\/\/www.correiobraziliense.com.br\/cbradar\/wp-json\/wp\/v2\/categories?post=23636"},{"taxonomy":"post_tag","embeddable":true,"href":"https:\/\/www.correiobraziliense.com.br\/cbradar\/wp-json\/wp\/v2\/post_tag?post=23636"}],"curies":[{"name":"wp","href":"https:\/\/api.w.org\/{rel}","templated":true}]}}