{"id":236360,"date":"2026-05-03T10:09:00","date_gmt":"2026-05-03T13:09:00","guid":{"rendered":"https:\/\/www.correiobraziliense.com.br\/cbradar\/?p=236360"},"modified":"2026-05-03T09:37:54","modified_gmt":"2026-05-03T12:37:54","slug":"toquio-berlim-e-california-comecam-a-proibir-a-entrega-de-casas-novas-sem-geracao-propria-de-energia-e-exigem-paineis-solares-no-telhado-o-que-muda-no-projeto-e-na-rede-eletrica","status":"publish","type":"post","link":"https:\/\/www.correiobraziliense.com.br\/cbradar\/toquio-berlim-e-california-comecam-a-proibir-a-entrega-de-casas-novas-sem-geracao-propria-de-energia-e-exigem-paineis-solares-no-telhado-o-que-muda-no-projeto-e-na-rede-eletrica\/","title":{"rendered":"T\u00f3quio, Berlim e Calif\u00f3rnia come\u00e7am a proibir a entrega de casas novas sem gera\u00e7\u00e3o pr\u00f3pria de energia e exigem pain\u00e9is solares no telhado: o que muda no projeto e na rede el\u00e9trica"},"content":{"rendered":"\n<p>Tr\u00eas dos mercados imobili\u00e1rios mais avan\u00e7ados do mundo passaram a tratar a gera\u00e7\u00e3o pr\u00f3pria de energia como parte t\u00e9cnica obrigat\u00f3ria da constru\u00e7\u00e3o. As regras que tornam pain\u00e9is solares indispens\u00e1veis em novas casas em <strong>T\u00f3quio<\/strong>, <strong>Berlim <\/strong>e na <strong>Calif\u00f3rnia <\/strong>mudam o padr\u00e3o da engenharia residencial e transformam cada telhado em uma extens\u00e3o funcional da rede el\u00e9trica urbana.<\/p>\n\n\n\n<h2 class=\"wp-block-heading\">O que cada norma passou a exigir e desde quando?<\/h2>\n\n\n\n<p>As tr\u00eas regi\u00f5es adotaram exig\u00eancias com formatos diferentes, mas com a mesma l\u00f3gica: incluir a gera\u00e7\u00e3o fotovoltaica como elemento estrutural da nova edifica\u00e7\u00e3o, e n\u00e3o como um recurso opcional. A proposta \u00e9 simples: toda casa nova j\u00e1 deve nascer preparada para produzir parte da pr\u00f3pria energia.<\/p>\n\n\n\n<p>A tabela abaixo resume os principais par\u00e2metros de cada regulamenta\u00e7\u00e3o:<\/p>\n\n\n<div class=\"wp-block-image\">\n<figure class=\"aligncenter size-full\"><img decoding=\"async\" width=\"1280\" height=\"720\" src=\"https:\/\/www.correiobraziliense.com.br\/cbradar\/wp-content\/uploads\/2026\/05\/IMAGEM_720p_1777811684356.jpg\" alt=\"Pain\u00e9is solares obrigat\u00f3rios em novas constru\u00e7\u00f5es em T\u00f3quio, Berlim e Calif\u00f3rnia\" class=\"wp-image-236364\" srcset=\"https:\/\/www.correiobraziliense.com.br\/cbradar\/wp-content\/uploads\/2026\/05\/IMAGEM_720p_1777811684356.jpg 1280w, https:\/\/www.correiobraziliense.com.br\/cbradar\/wp-content\/uploads\/2026\/05\/IMAGEM_720p_1777811684356-300x169.jpg 300w, https:\/\/www.correiobraziliense.com.br\/cbradar\/wp-content\/uploads\/2026\/05\/IMAGEM_720p_1777811684356-768x432.jpg 768w, https:\/\/www.correiobraziliense.com.br\/cbradar\/wp-content\/uploads\/2026\/05\/IMAGEM_720p_1777811684356-750x422.jpg 750w, https:\/\/www.correiobraziliense.com.br\/cbradar\/wp-content\/uploads\/2026\/05\/IMAGEM_720p_1777811684356-1140x641.jpg 1140w\" sizes=\"(max-width: 1280px) 100vw, 1280px\" \/><figcaption class=\"wp-element-caption\">Pain\u00e9is solares obrigat\u00f3rios em novas constru\u00e7\u00f5es em T\u00f3quio, Berlim e Calif\u00f3rnia<\/figcaption><\/figure><\/div>\n\n\n<h2 class=\"wp-block-heading\">Compare as tr\u00eas normas em vigor:<\/h2>\n\n\n\n<figure class=\"wp-block-table\"><table class=\"has-fixed-layout\"><thead><tr><th>Regi\u00e3o<\/th><th>Norma<\/th><th>Vig\u00eancia<\/th><th>Aplica\u00e7\u00e3o<\/th><\/tr><\/thead><tbody><tr><td>Calif\u00f3rnia<\/td><td>T\u00edtulo 24 \u2013 California Energy Code<\/td><td>Janeiro de 2020<\/td><td>Resid\u00eancias unifamiliares e edif\u00edcios at\u00e9 3 andares<\/td><\/tr><tr><td>Berlim<\/td><td>Solargesetz Berlin<\/td><td>Janeiro de 2023<\/td><td>Novas constru\u00e7\u00f5es com \u00e1rea \u00fatil acima de 50 m\u00b2<\/td><\/tr><tr><td>T\u00f3quio<\/td><td>Lei Metropolitana de Seguran\u00e7a Ambiental<\/td><td>Abril de 2025<\/td><td>Casas novas de at\u00e9 2.000 m\u00b2 constru\u00eddas por grandes construtoras<\/td><\/tr><\/tbody><\/table><\/figure>\n\n\n\n<h2 class=\"wp-block-heading\">Por que isso deixou de ser opcional e virou padr\u00e3o t\u00e9cnico?<\/h2>\n\n\n\n<p>Durante muitos anos, incentivos fiscais e programas de subs\u00eddio tentaram ampliar o uso da energia solar, mas a ades\u00e3o cresceu em ritmo lento. Em <strong>T\u00f3quio, por exemplo<\/strong>, apenas uma pequena parcela dos edif\u00edcios utilizava pain\u00e9is solares antes da nova exig\u00eancia. A mudan\u00e7a aconteceu quando a tecnologia deixou de ser vista como diferencial e passou a ser tratada como infraestrutura b\u00e1sica.<\/p>\n\n\n\n<p>Tamb\u00e9m existe uma <strong>raz\u00e3o t\u00e9cnica importante<\/strong>. Quando poucas casas produzem energia localmente, o impacto sobre a rede el\u00e9trica \u00e9 pequeno. Quando bairros inteiros passam a gerar parte da pr\u00f3pria eletricidade, a distribui\u00e7\u00e3o se torna mais eficiente, reduzindo sobrecargas, equilibrando o consumo e diminuindo a press\u00e3o sobre subesta\u00e7\u00f5es urbanas.<\/p>\n\n\n\n<h2 class=\"wp-block-heading\">O que muda no projeto arquitet\u00f4nico de uma casa nova?<\/h2>\n\n\n\n<p>A obrigatoriedade transforma o telhado em uma \u00e1rea funcional do projeto, e n\u00e3o apenas est\u00e9tica. Arquitetos, engenheiros e construtoras precisam considerar desde a planta inicial fatores que antes eram analisados apenas depois da obra pronta.<\/p>\n\n\n\n<p>Entre os principais pontos est\u00e3o:<\/p>\n\n\n\n<ul class=\"wp-block-list\">\n<li>orienta\u00e7\u00e3o solar da cobertura para melhor capta\u00e7\u00e3o de energia<\/li>\n\n\n\n<li>inclina\u00e7\u00e3o e estrutura do telhado para suportar os m\u00f3dulos fotovoltaicos<\/li>\n\n\n\n<li>espa\u00e7o t\u00e9cnico para inversores e conex\u00e3o com a rede el\u00e9trica<\/li>\n\n\n\n<li>dimensionamento do sistema conforme a \u00e1rea constru\u00edda<\/li>\n\n\n\n<li>compatibilidade com baterias de armazenamento residencial<\/li>\n<\/ul>\n\n\n\n<p>Na pr\u00e1tica, a energia solar passa a ser pensada junto com a funda\u00e7\u00e3o, a hidr\u00e1ulica e a instala\u00e7\u00e3o el\u00e9trica.<\/p>\n\n\n\n<h2 class=\"wp-block-heading\">Quanto isso acrescenta ao custo da casa e quando o investimento retorna?<\/h2>\n\n\n\n<p>A instala\u00e7\u00e3o aumenta o custo inicial da constru\u00e7\u00e3o, mas os dados mostram que esse valor tende a ser compensado ao longo dos anos. Na <strong>Calif\u00f3rnia<\/strong>, a estimativa m\u00e9dia aponta um acr\u00e9scimo relevante no valor da obra, acompanhado por uma economia maior ao longo da vida \u00fatil do im\u00f3vel.<\/p>\n\n\n\n<p>Em T\u00f3quio, sistemas residenciais de pequeno porte j\u00e1 apresentam retorno em poucos anos, especialmente quando combinados com incentivos locais e redu\u00e7\u00e3o da conta de energia. Em Berlim, o crescimento acelerado das instala\u00e7\u00f5es tamb\u00e9m ajudou a reduzir o custo m\u00e9dio por sistema, tornando a tecnologia mais acess\u00edvel.<\/p>\n\n\n<div class=\"wp-block-image\">\n<figure class=\"aligncenter size-full\"><img decoding=\"async\" width=\"1280\" height=\"720\" src=\"https:\/\/www.correiobraziliense.com.br\/cbradar\/wp-content\/uploads\/2026\/05\/IMAGEM_720p_1777811687368.jpg\" alt=\"Pain\u00e9is solares obrigat\u00f3rios em novas constru\u00e7\u00f5es em T\u00f3quio, Berlim e Calif\u00f3rnia\" class=\"wp-image-236362\" srcset=\"https:\/\/www.correiobraziliense.com.br\/cbradar\/wp-content\/uploads\/2026\/05\/IMAGEM_720p_1777811687368.jpg 1280w, https:\/\/www.correiobraziliense.com.br\/cbradar\/wp-content\/uploads\/2026\/05\/IMAGEM_720p_1777811687368-300x169.jpg 300w, https:\/\/www.correiobraziliense.com.br\/cbradar\/wp-content\/uploads\/2026\/05\/IMAGEM_720p_1777811687368-768x432.jpg 768w, https:\/\/www.correiobraziliense.com.br\/cbradar\/wp-content\/uploads\/2026\/05\/IMAGEM_720p_1777811687368-750x422.jpg 750w, https:\/\/www.correiobraziliense.com.br\/cbradar\/wp-content\/uploads\/2026\/05\/IMAGEM_720p_1777811687368-1140x641.jpg 1140w\" sizes=\"(max-width: 1280px) 100vw, 1280px\" \/><figcaption class=\"wp-element-caption\">Pain\u00e9is solares obrigat\u00f3rios em novas constru\u00e7\u00f5es em T\u00f3quio, Berlim e Calif\u00f3rnia<\/figcaption><\/figure><\/div>\n\n\n<h2 class=\"wp-block-heading\">O que essa mudan\u00e7a representa para construtoras e compradores?<\/h2>\n\n\n\n<p>O <strong>telhado solar deixou de ser um item de valoriza\u00e7\u00e3o<\/strong> extra e passou a ser parte natural da entrega de uma casa nova. Para construtoras, isso exige integra\u00e7\u00e3o total entre projeto arquitet\u00f4nico e engenharia fotovoltaica desde o in\u00edcio da obra. Para compradores, significa receber um im\u00f3vel j\u00e1 preparado para gerar energia e operar com menor custo mensal.<\/p>\n\n\n\n<p>O padr\u00e3o que surge nessas regi\u00f5es mostra uma mudan\u00e7a clara no setor da constru\u00e7\u00e3o. O que antes era inova\u00e7\u00e3o opcional virou padr\u00e3o t\u00e9cnico e, agora, requisito estrutural. Em v\u00e1rios mercados, a pergunta deixou de ser se a casa ter\u00e1 energia solar e passou a ser apenas como esse sistema ser\u00e1 integrado ao projeto.<\/p>\n","protected":false},"excerpt":{"rendered":"<p>Tr\u00eas dos mercados imobili\u00e1rios mais avan\u00e7ados do mundo passaram a tratar a gera\u00e7\u00e3o pr\u00f3pria de energia como parte t\u00e9cnica obrigat\u00f3ria da constru\u00e7\u00e3o. As regras que tornam pain\u00e9is solares indispens\u00e1veis em novas casas em T\u00f3quio, Berlim e na Calif\u00f3rnia mudam o padr\u00e3o da engenharia residencial e transformam cada telhado em uma extens\u00e3o funcional da rede el\u00e9trica [&hellip;]<\/p>\n","protected":false},"author":11,"featured_media":236363,"comment_status":"open","ping_status":"open","sticky":false,"template":"","format":"standard","meta":{"_yoast_wpseo_focuskw":"pain\u00e9is solares obrigat\u00f3rios em novas constru\u00e7\u00f5es","_yoast_wpseo_title":"","_yoast_wpseo_metadesc":"T\u00f3quio, Berlim e Calif\u00f3rnia j\u00e1 exigem pain\u00e9is solares em toda casa nova. O que muda no projeto, no custo e na rede el\u00e9trica a partir dessas leis.","jnews-multi-image_gallery":[],"jnews_single_post":{"format":"standard"},"jnews_primary_category":[],"jnews_social_meta":[],"jnews_override_counter":[],"footnotes":""},"categories":[143],"tags":[16661,2549,4562,6467],"class_list":["post-236360","post","type-post","status-publish","format-standard","has-post-thumbnail","hentry","category-casa-e-decoracao","tag-construcao-civil","tag-descarbonizacao","tag-energia-solar","tag-paineis-solares"],"yoast_head":"<!-- This site is optimized with the Yoast SEO plugin v24.6 - https:\/\/yoast.com\/wordpress\/plugins\/seo\/ -->\n<title>T\u00f3quio, Berlim e Calif\u00f3rnia come\u00e7am a proibir a entrega de casas novas sem gera\u00e7\u00e3o pr\u00f3pria de energia e exigem pain\u00e9is solares no telhado: o que muda no projeto e na rede el\u00e9trica - Correio Braziliense - Radar<\/title>\n<meta name=\"description\" content=\"T\u00f3quio, Berlim e Calif\u00f3rnia j\u00e1 exigem pain\u00e9is solares em toda casa nova. O que muda no projeto, no custo e na rede el\u00e9trica a partir dessas leis.\" \/>\n<meta name=\"robots\" content=\"index, follow, max-snippet:-1, max-image-preview:large, max-video-preview:-1\" \/>\n<link rel=\"canonical\" href=\"https:\/\/www.correiobraziliense.com.br\/cbradar\/toquio-berlim-e-california-comecam-a-proibir-a-entrega-de-casas-novas-sem-geracao-propria-de-energia-e-exigem-paineis-solares-no-telhado-o-que-muda-no-projeto-e-na-rede-eletrica\/\" \/>\n<meta property=\"og:locale\" content=\"pt_BR\" \/>\n<meta property=\"og:type\" content=\"article\" \/>\n<meta property=\"og:title\" content=\"T\u00f3quio, Berlim e Calif\u00f3rnia come\u00e7am a proibir a entrega de casas novas sem gera\u00e7\u00e3o pr\u00f3pria de energia e exigem pain\u00e9is solares no telhado: o que muda no projeto e na rede el\u00e9trica - Correio Braziliense - Radar\" \/>\n<meta property=\"og:description\" content=\"T\u00f3quio, Berlim e Calif\u00f3rnia j\u00e1 exigem pain\u00e9is solares em toda casa nova. O que muda no projeto, no custo e na rede el\u00e9trica a partir dessas leis.\" \/>\n<meta property=\"og:url\" content=\"https:\/\/www.correiobraziliense.com.br\/cbradar\/toquio-berlim-e-california-comecam-a-proibir-a-entrega-de-casas-novas-sem-geracao-propria-de-energia-e-exigem-paineis-solares-no-telhado-o-que-muda-no-projeto-e-na-rede-eletrica\/\" \/>\n<meta property=\"og:site_name\" content=\"Correio Braziliense - Radar\" \/>\n<meta property=\"article:published_time\" content=\"2026-05-03T13:09:00+00:00\" \/>\n<meta property=\"og:image\" content=\"https:\/\/www.correiobraziliense.com.br\/cbradar\/wp-content\/uploads\/2026\/05\/IMAGEM_720p_1777811682567.jpg\" \/>\n\t<meta property=\"og:image:width\" content=\"1280\" \/>\n\t<meta property=\"og:image:height\" content=\"720\" \/>\n\t<meta property=\"og:image:type\" content=\"image\/jpeg\" \/>\n<meta name=\"author\" content=\"Paulo Custodio\" \/>\n<meta name=\"twitter:card\" content=\"summary_large_image\" \/>\n<meta name=\"twitter:label1\" content=\"Escrito por\" \/>\n\t<meta name=\"twitter:data1\" content=\"Paulo Custodio\" \/>\n\t<meta name=\"twitter:label2\" content=\"Est. tempo de leitura\" \/>\n\t<meta name=\"twitter:data2\" content=\"5 minutos\" \/>\n<!-- \/ Yoast SEO plugin. -->","yoast_head_json":{"title":"T\u00f3quio, Berlim e Calif\u00f3rnia come\u00e7am a proibir a entrega de casas novas sem gera\u00e7\u00e3o pr\u00f3pria de energia e exigem pain\u00e9is solares no telhado: o que muda no projeto e na rede el\u00e9trica - Correio Braziliense - Radar","description":"T\u00f3quio, Berlim e Calif\u00f3rnia j\u00e1 exigem pain\u00e9is solares em toda casa nova. O que muda no projeto, no custo e na rede el\u00e9trica a partir dessas leis.","robots":{"index":"index","follow":"follow","max-snippet":"max-snippet:-1","max-image-preview":"max-image-preview:large","max-video-preview":"max-video-preview:-1"},"canonical":"https:\/\/www.correiobraziliense.com.br\/cbradar\/toquio-berlim-e-california-comecam-a-proibir-a-entrega-de-casas-novas-sem-geracao-propria-de-energia-e-exigem-paineis-solares-no-telhado-o-que-muda-no-projeto-e-na-rede-eletrica\/","og_locale":"pt_BR","og_type":"article","og_title":"T\u00f3quio, Berlim e Calif\u00f3rnia come\u00e7am a proibir a entrega de casas novas sem gera\u00e7\u00e3o pr\u00f3pria de energia e exigem pain\u00e9is solares no telhado: o que muda no projeto e na rede el\u00e9trica - Correio Braziliense - Radar","og_description":"T\u00f3quio, Berlim e Calif\u00f3rnia j\u00e1 exigem pain\u00e9is solares em toda casa nova. O que muda no projeto, no custo e na rede el\u00e9trica a partir dessas leis.","og_url":"https:\/\/www.correiobraziliense.com.br\/cbradar\/toquio-berlim-e-california-comecam-a-proibir-a-entrega-de-casas-novas-sem-geracao-propria-de-energia-e-exigem-paineis-solares-no-telhado-o-que-muda-no-projeto-e-na-rede-eletrica\/","og_site_name":"Correio Braziliense - Radar","article_published_time":"2026-05-03T13:09:00+00:00","og_image":[{"width":1280,"height":720,"url":"https:\/\/www.correiobraziliense.com.br\/cbradar\/wp-content\/uploads\/2026\/05\/IMAGEM_720p_1777811682567.jpg","type":"image\/jpeg"}],"author":"Paulo Custodio","twitter_card":"summary_large_image","twitter_misc":{"Escrito por":"Paulo Custodio","Est. tempo de leitura":"5 minutos"},"schema":{"@context":"https:\/\/schema.org","@graph":[{"@type":"WebPage","@id":"https:\/\/www.correiobraziliense.com.br\/cbradar\/toquio-berlim-e-california-comecam-a-proibir-a-entrega-de-casas-novas-sem-geracao-propria-de-energia-e-exigem-paineis-solares-no-telhado-o-que-muda-no-projeto-e-na-rede-eletrica\/","url":"https:\/\/www.correiobraziliense.com.br\/cbradar\/toquio-berlim-e-california-comecam-a-proibir-a-entrega-de-casas-novas-sem-geracao-propria-de-energia-e-exigem-paineis-solares-no-telhado-o-que-muda-no-projeto-e-na-rede-eletrica\/","name":"T\u00f3quio, Berlim e Calif\u00f3rnia come\u00e7am a proibir a entrega de casas novas sem gera\u00e7\u00e3o pr\u00f3pria de energia e exigem pain\u00e9is solares no telhado: o que muda no projeto e na rede el\u00e9trica - Correio Braziliense - Radar","isPartOf":{"@id":"https:\/\/www.correiobraziliense.com.br\/cbradar\/#website"},"primaryImageOfPage":{"@id":"https:\/\/www.correiobraziliense.com.br\/cbradar\/toquio-berlim-e-california-comecam-a-proibir-a-entrega-de-casas-novas-sem-geracao-propria-de-energia-e-exigem-paineis-solares-no-telhado-o-que-muda-no-projeto-e-na-rede-eletrica\/#primaryimage"},"image":{"@id":"https:\/\/www.correiobraziliense.com.br\/cbradar\/toquio-berlim-e-california-comecam-a-proibir-a-entrega-de-casas-novas-sem-geracao-propria-de-energia-e-exigem-paineis-solares-no-telhado-o-que-muda-no-projeto-e-na-rede-eletrica\/#primaryimage"},"thumbnailUrl":"https:\/\/www.correiobraziliense.com.br\/cbradar\/wp-content\/uploads\/2026\/05\/IMAGEM_720p_1777811682567.jpg","datePublished":"2026-05-03T13:09:00+00:00","author":{"@id":"https:\/\/www.correiobraziliense.com.br\/cbradar\/#\/schema\/person\/4cec7857301a9a1a2ef249893cd908d3"},"description":"T\u00f3quio, Berlim e Calif\u00f3rnia j\u00e1 exigem pain\u00e9is solares em toda casa nova. O que muda no projeto, no custo e na rede el\u00e9trica a partir dessas leis.","breadcrumb":{"@id":"https:\/\/www.correiobraziliense.com.br\/cbradar\/toquio-berlim-e-california-comecam-a-proibir-a-entrega-de-casas-novas-sem-geracao-propria-de-energia-e-exigem-paineis-solares-no-telhado-o-que-muda-no-projeto-e-na-rede-eletrica\/#breadcrumb"},"inLanguage":"pt-BR","potentialAction":[{"@type":"ReadAction","target":["https:\/\/www.correiobraziliense.com.br\/cbradar\/toquio-berlim-e-california-comecam-a-proibir-a-entrega-de-casas-novas-sem-geracao-propria-de-energia-e-exigem-paineis-solares-no-telhado-o-que-muda-no-projeto-e-na-rede-eletrica\/"]}]},{"@type":"ImageObject","inLanguage":"pt-BR","@id":"https:\/\/www.correiobraziliense.com.br\/cbradar\/toquio-berlim-e-california-comecam-a-proibir-a-entrega-de-casas-novas-sem-geracao-propria-de-energia-e-exigem-paineis-solares-no-telhado-o-que-muda-no-projeto-e-na-rede-eletrica\/#primaryimage","url":"https:\/\/www.correiobraziliense.com.br\/cbradar\/wp-content\/uploads\/2026\/05\/IMAGEM_720p_1777811682567.jpg","contentUrl":"https:\/\/www.correiobraziliense.com.br\/cbradar\/wp-content\/uploads\/2026\/05\/IMAGEM_720p_1777811682567.jpg","width":1280,"height":720,"caption":"Pain\u00e9is solares obrigat\u00f3rios em novas constru\u00e7\u00f5es em T\u00f3quio, Berlim e Calif\u00f3rnia"},{"@type":"BreadcrumbList","@id":"https:\/\/www.correiobraziliense.com.br\/cbradar\/toquio-berlim-e-california-comecam-a-proibir-a-entrega-de-casas-novas-sem-geracao-propria-de-energia-e-exigem-paineis-solares-no-telhado-o-que-muda-no-projeto-e-na-rede-eletrica\/#breadcrumb","itemListElement":[{"@type":"ListItem","position":1,"name":"In\u00edcio","item":"https:\/\/www.correiobraziliense.com.br\/cbradar\/"},{"@type":"ListItem","position":2,"name":"T\u00f3quio, Berlim e Calif\u00f3rnia come\u00e7am a proibir a entrega de casas novas sem gera\u00e7\u00e3o pr\u00f3pria de energia e exigem pain\u00e9is solares no telhado: o que muda no projeto e na rede el\u00e9trica"}]},{"@type":"WebSite","@id":"https:\/\/www.correiobraziliense.com.br\/cbradar\/#website","url":"https:\/\/www.correiobraziliense.com.br\/cbradar\/","name":"Correio Braziliense - Radar","description":"Acompanhe as \u00faltimas not\u00edcias e fique bem informado sobre tudo o que acontece no Brasil e no mundo.","potentialAction":[{"@type":"SearchAction","target":{"@type":"EntryPoint","urlTemplate":"https:\/\/www.correiobraziliense.com.br\/cbradar\/?s={search_term_string}"},"query-input":{"@type":"PropertyValueSpecification","valueRequired":true,"valueName":"search_term_string"}}],"inLanguage":"pt-BR"},{"@type":"Person","@id":"https:\/\/www.correiobraziliense.com.br\/cbradar\/#\/schema\/person\/4cec7857301a9a1a2ef249893cd908d3","name":"Paulo Custodio","image":{"@type":"ImageObject","inLanguage":"pt-BR","@id":"https:\/\/www.correiobraziliense.com.br\/cbradar\/#\/schema\/person\/image\/","url":"https:\/\/secure.gravatar.com\/avatar\/bcd67168d1534e8fcf4f45c726a87cea?s=96&d=mm&r=g","contentUrl":"https:\/\/secure.gravatar.com\/avatar\/bcd67168d1534e8fcf4f45c726a87cea?s=96&d=mm&r=g","caption":"Paulo Custodio"},"sameAs":["https:\/\/www.correiobraziliense.com.br\/cbradar"],"url":"https:\/\/www.correiobraziliense.com.br\/cbradar\/author\/paulomyth\/"}]}},"_links":{"self":[{"href":"https:\/\/www.correiobraziliense.com.br\/cbradar\/wp-json\/wp\/v2\/posts\/236360","targetHints":{"allow":["GET"]}}],"collection":[{"href":"https:\/\/www.correiobraziliense.com.br\/cbradar\/wp-json\/wp\/v2\/posts"}],"about":[{"href":"https:\/\/www.correiobraziliense.com.br\/cbradar\/wp-json\/wp\/v2\/types\/post"}],"author":[{"embeddable":true,"href":"https:\/\/www.correiobraziliense.com.br\/cbradar\/wp-json\/wp\/v2\/users\/11"}],"replies":[{"embeddable":true,"href":"https:\/\/www.correiobraziliense.com.br\/cbradar\/wp-json\/wp\/v2\/comments?post=236360"}],"version-history":[{"count":2,"href":"https:\/\/www.correiobraziliense.com.br\/cbradar\/wp-json\/wp\/v2\/posts\/236360\/revisions"}],"predecessor-version":[{"id":236365,"href":"https:\/\/www.correiobraziliense.com.br\/cbradar\/wp-json\/wp\/v2\/posts\/236360\/revisions\/236365"}],"wp:featuredmedia":[{"embeddable":true,"href":"https:\/\/www.correiobraziliense.com.br\/cbradar\/wp-json\/wp\/v2\/media\/236363"}],"wp:attachment":[{"href":"https:\/\/www.correiobraziliense.com.br\/cbradar\/wp-json\/wp\/v2\/media?parent=236360"}],"wp:term":[{"taxonomy":"category","embeddable":true,"href":"https:\/\/www.correiobraziliense.com.br\/cbradar\/wp-json\/wp\/v2\/categories?post=236360"},{"taxonomy":"post_tag","embeddable":true,"href":"https:\/\/www.correiobraziliense.com.br\/cbradar\/wp-json\/wp\/v2\/tags?post=236360"}],"curies":[{"name":"wp","href":"https:\/\/api.w.org\/{rel}","templated":true}]}}