{"id":236366,"date":"2026-05-03T10:47:00","date_gmt":"2026-05-03T13:47:00","guid":{"rendered":"https:\/\/www.correiobraziliense.com.br\/cbradar\/?p=236366"},"modified":"2026-05-03T10:51:50","modified_gmt":"2026-05-03T13:51:50","slug":"coreia-do-sul-suecia-e-espanha-comecam-a-substituir-caminhoes-de-lixo-por-dutos-subterraneos-a-vacuo-e-como-essa-tecnologia-transforma-a-limpeza-das-cidades","status":"publish","type":"post","link":"https:\/\/www.correiobraziliense.com.br\/cbradar\/coreia-do-sul-suecia-e-espanha-comecam-a-substituir-caminhoes-de-lixo-por-dutos-subterraneos-a-vacuo-e-como-essa-tecnologia-transforma-a-limpeza-das-cidades\/","title":{"rendered":"Coreia do Sul, Su\u00e9cia e Espanha come\u00e7am a substituir caminh\u00f5es de lixo por dutos subterr\u00e2neos a v\u00e1cuo e como essa tecnologia transforma a limpeza das cidades"},"content":{"rendered":"\n<p>Milhares de sacolas viajam a <strong>70 km\/h<\/strong> debaixo da terra diariamente. A ado\u00e7\u00e3o de <strong>dutos subterr\u00e2neos a v\u00e1cuo<\/strong> suga os res\u00edduos diretamente das cal\u00e7adas at\u00e9 complexas centrais isoladas, eliminando o mau cheiro e os pesados caminh\u00f5es no denso tr\u00e2nsito municipal.<\/p>\n\n\n\n<h2 class=\"wp-block-heading\">Por que os dutos subterr\u00e2neos a v\u00e1cuo superam a frota tradicional?<\/h2>\n\n\n\n<p>O modelo antigo de recolhimento exige a circula\u00e7\u00e3o constante de ve\u00edculos enormes e muito barulhentos pelas estreitas vias locais. Essa pesada din\u00e2mica arcaica queima uma quantidade gigantesca de <strong>combust\u00edvel f\u00f3ssil<\/strong> e trava totalmente o lento tr\u00e2nsito di\u00e1rio. A frequente polui\u00e7\u00e3o sonora afeta a tranquilidade de diversos moradores.<\/p>\n\n\n\n<p>A inovadora infraestrutura estrutural resolve perfeitamente esse cen\u00e1rio negativo ao transferir a grande opera\u00e7\u00e3o log\u00edstica para debaixo da superf\u00edcie. Sensores internos bastante inteligentes monitoram o exato volume de descarte e ativam a potente for\u00e7a pneum\u00e1tica apenas no momento adequado. O excelente resultado \u00e9 um espa\u00e7o purificado.<\/p>\n\n\n<div class=\"wp-block-image\">\n<figure class=\"aligncenter size-full\"><img decoding=\"async\" width=\"1280\" height=\"720\" src=\"https:\/\/www.correiobraziliense.com.br\/cbradar\/wp-content\/uploads\/2026\/05\/IMAGEM_720p_1777812157569.jpg\" alt=\"Expans\u00e3o tecnol\u00f3gica e os benef\u00edcios da coleta pneum\u00e1tica\" class=\"wp-image-236369\" srcset=\"https:\/\/www.correiobraziliense.com.br\/cbradar\/wp-content\/uploads\/2026\/05\/IMAGEM_720p_1777812157569.jpg 1280w, https:\/\/www.correiobraziliense.com.br\/cbradar\/wp-content\/uploads\/2026\/05\/IMAGEM_720p_1777812157569-300x169.jpg 300w, https:\/\/www.correiobraziliense.com.br\/cbradar\/wp-content\/uploads\/2026\/05\/IMAGEM_720p_1777812157569-768x432.jpg 768w, https:\/\/www.correiobraziliense.com.br\/cbradar\/wp-content\/uploads\/2026\/05\/IMAGEM_720p_1777812157569-750x422.jpg 750w, https:\/\/www.correiobraziliense.com.br\/cbradar\/wp-content\/uploads\/2026\/05\/IMAGEM_720p_1777812157569-1140x641.jpg 1140w\" sizes=\"(max-width: 1280px) 100vw, 1280px\" \/><figcaption class=\"wp-element-caption\">Expans\u00e3o tecnol\u00f3gica e os benef\u00edcios da coleta pneum\u00e1tica<\/figcaption><\/figure><\/div>\n\n\n<h2 class=\"wp-block-heading\">Como funciona a r\u00e1pida suc\u00e7\u00e3o dos res\u00edduos na pr\u00e1tica di\u00e1ria?<\/h2>\n\n\n\n<p>O cidad\u00e3o deposita as suas sacolas pl\u00e1sticas em uma lixeira bem elegante, devidamente instalada na cal\u00e7ada ou dentro do pr\u00f3prio sagu\u00e3o do condom\u00ednio. Esse tecnol\u00f3gico equipamento possui uma espa\u00e7osa porta de armazenamento tempor\u00e1rio conectada a uma extensa rede fechada. O material aguarda o momento puramente automatizado.<\/p>\n\n\n\n<p>Fortes turbinas industriais criam uma imensa corrente de ar intermitente, puxando todo o denso conte\u00fado acumulado em alt\u00edssima velocidade. O cont\u00ednuo fluxo carrega cada item atrav\u00e9s da eficiente <a href=\"https:\/\/pt.wikipedia.org\/wiki\/Coleta_pneum%C3%A1tica_de_lixo\" target=\"_blank\" rel=\"noreferrer noopener\">coleta pneum\u00e1tica<\/a> at\u00e9 um amplo galp\u00e3o de triagem isolado da \u00e1rea central. A log\u00edstica veloz afasta totalmente o contato humano.<\/p>\n\n\n\n<p>Leia tamb\u00e9m: <a href=\"https:\/\/www.correiobraziliense.com.br\/cbradar\/o-nome-masculino-com-so-3-letras-que-esta-crescendo-no-brasil-por-ser-moderno-e-facil-de-pronunciar\/\" target=\"_blank\" rel=\"noreferrer noopener\">O nome masculino com s\u00f3 3 letras que est\u00e1 crescendo no Brasil por ser moderno e f\u00e1cil de pronunciar<\/a><\/p>\n\n\n\n<h2 class=\"wp-block-heading\">Quais s\u00e3o os maiores ganhos diretos para o meio ambiente urbano?<\/h2>\n\n\n\n<p>Abolir milhares de poluentes frotas pesadas das movimentadas ruas diminui drasticamente a emiss\u00e3o cont\u00ednua de gases t\u00f3xicos do agressivo efeito estufa. Projetos sustent\u00e1veis modernos documentam uma fant\u00e1stica redu\u00e7\u00e3o pr\u00f3xima a <strong>90%<\/strong> na pesada <strong>pegada de carbono<\/strong> associada \u00e0 limpeza local. O ar limpo ganha uma excelente qualidade.<\/p>\n\n\n\n<p>A fr\u00e1gil sa\u00fade da numerosa popula\u00e7\u00e3o melhora bastante com a total aus\u00eancia do prejudicial chorume exposto nas largas cal\u00e7adas. Documentos focados no pleno bem-estar de habita\u00e7\u00f5es da <strong><a href=\"https:\/\/unhabitat.org\/urban-basic-services\" target=\"_blank\" rel=\"noreferrer noopener\">ONU<\/a><\/strong> evidenciam que log\u00edsticas modernas assim previnem muito a r\u00e1pida prolifera\u00e7\u00e3o de vetores pe\u00e7onhentos e cortam a propaga\u00e7\u00e3o de doen\u00e7as bacterianas.<\/p>\n\n\n\n<h2 class=\"wp-block-heading\">Qual o real impacto econ\u00f4mico ao implementar essa tubula\u00e7\u00e3o pesada?<\/h2>\n\n\n\n<p>A complexa obra inicial exige um alto e estrat\u00e9gico investimento financeiro por parte das atentas prefeituras focadas em melhorias. A profunda perfura\u00e7\u00e3o do solo r\u00edgido e a cara montagem das met\u00e1licas centrais pneum\u00e1ticas representam enormes custos iniciais. No entanto, o retorno econ\u00f4mico chega surpreendentemente r\u00e1pido aos cofres p\u00fablicos.<\/p>\n\n\n\n<p>Avalie as principais e mais atrativas vantagens financeiras que s\u00e3o sentidas ao longo de muitos anos de total opera\u00e7\u00e3o municipal:<\/p>\n\n\n\n<ul class=\"wp-block-list\">\n<li>Fim dos frequentes e bilion\u00e1rios gastos mensais com combust\u00edvel muito caro.<\/li>\n\n\n\n<li>Diminui\u00e7\u00e3o progressiva das elevadas despesas fixas com enormes equipes de varri\u00e7\u00e3o.<\/li>\n\n\n\n<li>Valoriza\u00e7\u00e3o financeira imediata do metro quadrado habitacional nos bairros rec\u00e9m contemplados.<\/li>\n\n\n\n<li>Aumento da rent\u00e1vel reciclagem local devido \u00e0 excelente separa\u00e7\u00e3o autom\u00e1tica do lixo.<\/li>\n\n\n\n<li>Redu\u00e7\u00e3o severa nas complexas contas focadas no custoso saneamento b\u00e1sico municipal de sa\u00fade.<\/li>\n<\/ul>\n\n\n\n<h2 class=\"wp-block-heading\">Os velozes dutos subterr\u00e2neos a v\u00e1cuo ser\u00e3o o padr\u00e3o habitacional do amanh\u00e3?<\/h2>\n\n\n\n<p>A imensa transi\u00e7\u00e3o estrutural exige muito tempo valioso, um rigoroso planejamento financeiro e uma cuidadosa adapta\u00e7\u00e3o da nossa velha malha urbana. Planejados bairros recentes adotam essa eficiente log\u00edstica desde a primeira planta aprovada, facilitando bastante a precisa integra\u00e7\u00e3o dos largos tubos met\u00e1licos constru\u00eddos diretamente sob as cal\u00e7adas virgens.<\/p>\n\n\n<div class=\"wp-block-image\">\n<figure class=\"aligncenter size-full\"><img decoding=\"async\" width=\"1280\" height=\"720\" src=\"https:\/\/www.correiobraziliense.com.br\/cbradar\/wp-content\/uploads\/2026\/05\/IMAGEM_720p_1777812169657.jpg\" alt=\"Expans\u00e3o tecnol\u00f3gica e os benef\u00edcios da coleta pneum\u00e1tica\" class=\"wp-image-236368\" srcset=\"https:\/\/www.correiobraziliense.com.br\/cbradar\/wp-content\/uploads\/2026\/05\/IMAGEM_720p_1777812169657.jpg 1280w, https:\/\/www.correiobraziliense.com.br\/cbradar\/wp-content\/uploads\/2026\/05\/IMAGEM_720p_1777812169657-300x169.jpg 300w, https:\/\/www.correiobraziliense.com.br\/cbradar\/wp-content\/uploads\/2026\/05\/IMAGEM_720p_1777812169657-768x432.jpg 768w, https:\/\/www.correiobraziliense.com.br\/cbradar\/wp-content\/uploads\/2026\/05\/IMAGEM_720p_1777812169657-750x422.jpg 750w, https:\/\/www.correiobraziliense.com.br\/cbradar\/wp-content\/uploads\/2026\/05\/IMAGEM_720p_1777812169657-1140x641.jpg 1140w\" sizes=\"(max-width: 1280px) 100vw, 1280px\" \/><figcaption class=\"wp-element-caption\">Expans\u00e3o tecnol\u00f3gica e os benef\u00edcios da coleta pneum\u00e1tica<\/figcaption><\/figure><\/div>\n\n\n<h3 class=\"wp-block-heading\">A perfeita harmonia digital com o modelo de metr\u00f3pole inteligente<\/h3>\n\n\n\n<p>O constante e r\u00edgido monitoramento eletr\u00f4nico das grandes lixeiras integradas gera valiosos bancos de m\u00e9tricas precisas sobre os reais h\u00e1bitos populacionais. Excelentes administradores p\u00fablicos utilizam essas s\u00f3lidas informa\u00e7\u00f5es estat\u00edsticas para focar assertivas campanhas de valiosa educa\u00e7\u00e3o ambiental e alavancar bastante as t\u00edmidas taxas sustent\u00e1veis da sua cidade.<\/p>\n\n\n\n<p>Viver de maneira segura em um calmo munic\u00edpio sem lixo exposto deixou definitivamente de ser um distante roteiro ut\u00f3pico. A acelerada evolu\u00e7\u00e3o estrutural transforma o silencioso servi\u00e7o invis\u00edvel em uma das mais robustas ferramentas sanit\u00e1rias de engenharia para elevar fortemente a longa expectativa de vida da sua feliz fam\u00edlia.<\/p>\n","protected":false},"excerpt":{"rendered":"<p>Milhares de sacolas viajam a 70 km\/h debaixo da terra diariamente. A ado\u00e7\u00e3o de dutos subterr\u00e2neos a v\u00e1cuo suga os res\u00edduos diretamente das cal\u00e7adas at\u00e9 complexas centrais isoladas, eliminando o mau cheiro e os pesados caminh\u00f5es no denso tr\u00e2nsito municipal. Por que os dutos subterr\u00e2neos a v\u00e1cuo superam a frota tradicional? O modelo antigo de [&hellip;]<\/p>\n","protected":false},"author":11,"featured_media":236367,"comment_status":"open","ping_status":"open","sticky":false,"template":"","format":"standard","meta":{"_yoast_wpseo_focuskw":"dutos subterr\u00e2neos a v\u00e1cuo","_yoast_wpseo_title":"","_yoast_wpseo_metadesc":"A presen\u00e7a constante de caminh\u00f5es pesados de lixo gera caos e odores ruins nas vias p\u00fablicas. Avalie como a suc\u00e7\u00e3o subterr\u00e2nea revoluciona a higiene local.","jnews-multi-image_gallery":[],"jnews_single_post":{"format":"standard"},"jnews_primary_category":[],"jnews_social_meta":[],"jnews_override_counter":[],"footnotes":""},"categories":[143],"tags":[18557,254,114,17496],"class_list":["post-236366","post","type-post","status-publish","format-standard","has-post-thumbnail","hentry","category-casa-e-decoracao","tag-saneamento","tag-sustentabilidade","tag-tecnologia","tag-urbanismo"],"yoast_head":"<!-- This site is optimized with the Yoast SEO plugin v24.6 - https:\/\/yoast.com\/wordpress\/plugins\/seo\/ -->\n<title>Coreia do Sul, Su\u00e9cia e Espanha come\u00e7am a substituir caminh\u00f5es de lixo por dutos subterr\u00e2neos a v\u00e1cuo e como essa tecnologia transforma a limpeza das cidades - Correio Braziliense - Radar<\/title>\n<meta name=\"description\" content=\"A presen\u00e7a constante de caminh\u00f5es pesados de lixo gera caos e odores ruins nas vias p\u00fablicas. Avalie como a suc\u00e7\u00e3o subterr\u00e2nea revoluciona a higiene local.\" \/>\n<meta name=\"robots\" content=\"index, follow, max-snippet:-1, max-image-preview:large, max-video-preview:-1\" \/>\n<link rel=\"canonical\" href=\"https:\/\/www.correiobraziliense.com.br\/cbradar\/coreia-do-sul-suecia-e-espanha-comecam-a-substituir-caminhoes-de-lixo-por-dutos-subterraneos-a-vacuo-e-como-essa-tecnologia-transforma-a-limpeza-das-cidades\/\" \/>\n<meta property=\"og:locale\" content=\"pt_BR\" \/>\n<meta property=\"og:type\" content=\"article\" \/>\n<meta property=\"og:title\" content=\"Coreia do Sul, Su\u00e9cia e Espanha come\u00e7am a substituir caminh\u00f5es de lixo por dutos subterr\u00e2neos a v\u00e1cuo e como essa tecnologia transforma a limpeza das cidades - Correio Braziliense - Radar\" \/>\n<meta property=\"og:description\" content=\"A presen\u00e7a constante de caminh\u00f5es pesados de lixo gera caos e odores ruins nas vias p\u00fablicas. Avalie como a suc\u00e7\u00e3o subterr\u00e2nea revoluciona a higiene local.\" \/>\n<meta property=\"og:url\" content=\"https:\/\/www.correiobraziliense.com.br\/cbradar\/coreia-do-sul-suecia-e-espanha-comecam-a-substituir-caminhoes-de-lixo-por-dutos-subterraneos-a-vacuo-e-como-essa-tecnologia-transforma-a-limpeza-das-cidades\/\" \/>\n<meta property=\"og:site_name\" content=\"Correio Braziliense - Radar\" \/>\n<meta property=\"article:published_time\" content=\"2026-05-03T13:47:00+00:00\" \/>\n<meta property=\"article:modified_time\" content=\"2026-05-03T13:51:50+00:00\" \/>\n<meta property=\"og:image\" content=\"https:\/\/www.correiobraziliense.com.br\/cbradar\/wp-content\/uploads\/2026\/05\/IMAGEM_720p_1777812141815.jpg\" \/>\n\t<meta property=\"og:image:width\" content=\"1280\" \/>\n\t<meta property=\"og:image:height\" content=\"720\" \/>\n\t<meta property=\"og:image:type\" content=\"image\/jpeg\" \/>\n<meta name=\"author\" content=\"Paulo Custodio\" \/>\n<meta name=\"twitter:card\" content=\"summary_large_image\" \/>\n<meta name=\"twitter:label1\" content=\"Escrito por\" \/>\n\t<meta name=\"twitter:data1\" content=\"Paulo Custodio\" \/>\n\t<meta name=\"twitter:label2\" content=\"Est. tempo de leitura\" \/>\n\t<meta name=\"twitter:data2\" content=\"5 minutos\" \/>\n<!-- \/ Yoast SEO plugin. -->","yoast_head_json":{"title":"Coreia do Sul, Su\u00e9cia e Espanha come\u00e7am a substituir caminh\u00f5es de lixo por dutos subterr\u00e2neos a v\u00e1cuo e como essa tecnologia transforma a limpeza das cidades - Correio Braziliense - Radar","description":"A presen\u00e7a constante de caminh\u00f5es pesados de lixo gera caos e odores ruins nas vias p\u00fablicas. Avalie como a suc\u00e7\u00e3o subterr\u00e2nea revoluciona a higiene local.","robots":{"index":"index","follow":"follow","max-snippet":"max-snippet:-1","max-image-preview":"max-image-preview:large","max-video-preview":"max-video-preview:-1"},"canonical":"https:\/\/www.correiobraziliense.com.br\/cbradar\/coreia-do-sul-suecia-e-espanha-comecam-a-substituir-caminhoes-de-lixo-por-dutos-subterraneos-a-vacuo-e-como-essa-tecnologia-transforma-a-limpeza-das-cidades\/","og_locale":"pt_BR","og_type":"article","og_title":"Coreia do Sul, Su\u00e9cia e Espanha come\u00e7am a substituir caminh\u00f5es de lixo por dutos subterr\u00e2neos a v\u00e1cuo e como essa tecnologia transforma a limpeza das cidades - Correio Braziliense - Radar","og_description":"A presen\u00e7a constante de caminh\u00f5es pesados de lixo gera caos e odores ruins nas vias p\u00fablicas. Avalie como a suc\u00e7\u00e3o subterr\u00e2nea revoluciona a higiene local.","og_url":"https:\/\/www.correiobraziliense.com.br\/cbradar\/coreia-do-sul-suecia-e-espanha-comecam-a-substituir-caminhoes-de-lixo-por-dutos-subterraneos-a-vacuo-e-como-essa-tecnologia-transforma-a-limpeza-das-cidades\/","og_site_name":"Correio Braziliense - Radar","article_published_time":"2026-05-03T13:47:00+00:00","article_modified_time":"2026-05-03T13:51:50+00:00","og_image":[{"width":1280,"height":720,"url":"https:\/\/www.correiobraziliense.com.br\/cbradar\/wp-content\/uploads\/2026\/05\/IMAGEM_720p_1777812141815.jpg","type":"image\/jpeg"}],"author":"Paulo Custodio","twitter_card":"summary_large_image","twitter_misc":{"Escrito por":"Paulo Custodio","Est. tempo de leitura":"5 minutos"},"schema":{"@context":"https:\/\/schema.org","@graph":[{"@type":"WebPage","@id":"https:\/\/www.correiobraziliense.com.br\/cbradar\/coreia-do-sul-suecia-e-espanha-comecam-a-substituir-caminhoes-de-lixo-por-dutos-subterraneos-a-vacuo-e-como-essa-tecnologia-transforma-a-limpeza-das-cidades\/","url":"https:\/\/www.correiobraziliense.com.br\/cbradar\/coreia-do-sul-suecia-e-espanha-comecam-a-substituir-caminhoes-de-lixo-por-dutos-subterraneos-a-vacuo-e-como-essa-tecnologia-transforma-a-limpeza-das-cidades\/","name":"Coreia do Sul, Su\u00e9cia e Espanha come\u00e7am a substituir caminh\u00f5es de lixo por dutos subterr\u00e2neos a v\u00e1cuo e como essa tecnologia transforma a limpeza das cidades - Correio Braziliense - Radar","isPartOf":{"@id":"https:\/\/www.correiobraziliense.com.br\/cbradar\/#website"},"primaryImageOfPage":{"@id":"https:\/\/www.correiobraziliense.com.br\/cbradar\/coreia-do-sul-suecia-e-espanha-comecam-a-substituir-caminhoes-de-lixo-por-dutos-subterraneos-a-vacuo-e-como-essa-tecnologia-transforma-a-limpeza-das-cidades\/#primaryimage"},"image":{"@id":"https:\/\/www.correiobraziliense.com.br\/cbradar\/coreia-do-sul-suecia-e-espanha-comecam-a-substituir-caminhoes-de-lixo-por-dutos-subterraneos-a-vacuo-e-como-essa-tecnologia-transforma-a-limpeza-das-cidades\/#primaryimage"},"thumbnailUrl":"https:\/\/www.correiobraziliense.com.br\/cbradar\/wp-content\/uploads\/2026\/05\/IMAGEM_720p_1777812141815.jpg","datePublished":"2026-05-03T13:47:00+00:00","dateModified":"2026-05-03T13:51:50+00:00","author":{"@id":"https:\/\/www.correiobraziliense.com.br\/cbradar\/#\/schema\/person\/4cec7857301a9a1a2ef249893cd908d3"},"description":"A presen\u00e7a constante de caminh\u00f5es pesados de lixo gera caos e odores ruins nas vias p\u00fablicas. Avalie como a suc\u00e7\u00e3o subterr\u00e2nea revoluciona a higiene local.","breadcrumb":{"@id":"https:\/\/www.correiobraziliense.com.br\/cbradar\/coreia-do-sul-suecia-e-espanha-comecam-a-substituir-caminhoes-de-lixo-por-dutos-subterraneos-a-vacuo-e-como-essa-tecnologia-transforma-a-limpeza-das-cidades\/#breadcrumb"},"inLanguage":"pt-BR","potentialAction":[{"@type":"ReadAction","target":["https:\/\/www.correiobraziliense.com.br\/cbradar\/coreia-do-sul-suecia-e-espanha-comecam-a-substituir-caminhoes-de-lixo-por-dutos-subterraneos-a-vacuo-e-como-essa-tecnologia-transforma-a-limpeza-das-cidades\/"]}]},{"@type":"ImageObject","inLanguage":"pt-BR","@id":"https:\/\/www.correiobraziliense.com.br\/cbradar\/coreia-do-sul-suecia-e-espanha-comecam-a-substituir-caminhoes-de-lixo-por-dutos-subterraneos-a-vacuo-e-como-essa-tecnologia-transforma-a-limpeza-das-cidades\/#primaryimage","url":"https:\/\/www.correiobraziliense.com.br\/cbradar\/wp-content\/uploads\/2026\/05\/IMAGEM_720p_1777812141815.jpg","contentUrl":"https:\/\/www.correiobraziliense.com.br\/cbradar\/wp-content\/uploads\/2026\/05\/IMAGEM_720p_1777812141815.jpg","width":1280,"height":720,"caption":"Expans\u00e3o tecnol\u00f3gica e os benef\u00edcios da coleta pneum\u00e1tica"},{"@type":"BreadcrumbList","@id":"https:\/\/www.correiobraziliense.com.br\/cbradar\/coreia-do-sul-suecia-e-espanha-comecam-a-substituir-caminhoes-de-lixo-por-dutos-subterraneos-a-vacuo-e-como-essa-tecnologia-transforma-a-limpeza-das-cidades\/#breadcrumb","itemListElement":[{"@type":"ListItem","position":1,"name":"In\u00edcio","item":"https:\/\/www.correiobraziliense.com.br\/cbradar\/"},{"@type":"ListItem","position":2,"name":"Coreia do Sul, Su\u00e9cia e Espanha come\u00e7am a substituir caminh\u00f5es de lixo por dutos subterr\u00e2neos a v\u00e1cuo e como essa tecnologia transforma a limpeza das cidades"}]},{"@type":"WebSite","@id":"https:\/\/www.correiobraziliense.com.br\/cbradar\/#website","url":"https:\/\/www.correiobraziliense.com.br\/cbradar\/","name":"Correio Braziliense - Radar","description":"Acompanhe as \u00faltimas not\u00edcias e fique bem informado sobre tudo o que acontece no Brasil e no mundo.","potentialAction":[{"@type":"SearchAction","target":{"@type":"EntryPoint","urlTemplate":"https:\/\/www.correiobraziliense.com.br\/cbradar\/?s={search_term_string}"},"query-input":{"@type":"PropertyValueSpecification","valueRequired":true,"valueName":"search_term_string"}}],"inLanguage":"pt-BR"},{"@type":"Person","@id":"https:\/\/www.correiobraziliense.com.br\/cbradar\/#\/schema\/person\/4cec7857301a9a1a2ef249893cd908d3","name":"Paulo Custodio","image":{"@type":"ImageObject","inLanguage":"pt-BR","@id":"https:\/\/www.correiobraziliense.com.br\/cbradar\/#\/schema\/person\/image\/","url":"https:\/\/secure.gravatar.com\/avatar\/bcd67168d1534e8fcf4f45c726a87cea?s=96&d=mm&r=g","contentUrl":"https:\/\/secure.gravatar.com\/avatar\/bcd67168d1534e8fcf4f45c726a87cea?s=96&d=mm&r=g","caption":"Paulo Custodio"},"sameAs":["https:\/\/www.correiobraziliense.com.br\/cbradar"],"url":"https:\/\/www.correiobraziliense.com.br\/cbradar\/author\/paulomyth\/"}]}},"_links":{"self":[{"href":"https:\/\/www.correiobraziliense.com.br\/cbradar\/wp-json\/wp\/v2\/posts\/236366","targetHints":{"allow":["GET"]}}],"collection":[{"href":"https:\/\/www.correiobraziliense.com.br\/cbradar\/wp-json\/wp\/v2\/posts"}],"about":[{"href":"https:\/\/www.correiobraziliense.com.br\/cbradar\/wp-json\/wp\/v2\/types\/post"}],"author":[{"embeddable":true,"href":"https:\/\/www.correiobraziliense.com.br\/cbradar\/wp-json\/wp\/v2\/users\/11"}],"replies":[{"embeddable":true,"href":"https:\/\/www.correiobraziliense.com.br\/cbradar\/wp-json\/wp\/v2\/comments?post=236366"}],"version-history":[{"count":1,"href":"https:\/\/www.correiobraziliense.com.br\/cbradar\/wp-json\/wp\/v2\/posts\/236366\/revisions"}],"predecessor-version":[{"id":236370,"href":"https:\/\/www.correiobraziliense.com.br\/cbradar\/wp-json\/wp\/v2\/posts\/236366\/revisions\/236370"}],"wp:featuredmedia":[{"embeddable":true,"href":"https:\/\/www.correiobraziliense.com.br\/cbradar\/wp-json\/wp\/v2\/media\/236367"}],"wp:attachment":[{"href":"https:\/\/www.correiobraziliense.com.br\/cbradar\/wp-json\/wp\/v2\/media?parent=236366"}],"wp:term":[{"taxonomy":"category","embeddable":true,"href":"https:\/\/www.correiobraziliense.com.br\/cbradar\/wp-json\/wp\/v2\/categories?post=236366"},{"taxonomy":"post_tag","embeddable":true,"href":"https:\/\/www.correiobraziliense.com.br\/cbradar\/wp-json\/wp\/v2\/tags?post=236366"}],"curies":[{"name":"wp","href":"https:\/\/api.w.org\/{rel}","templated":true}]}}