{"id":236396,"date":"2026-05-03T11:27:00","date_gmt":"2026-05-03T14:27:00","guid":{"rendered":"https:\/\/www.correiobraziliense.com.br\/cbradar\/?p=236396"},"modified":"2026-05-03T10:45:41","modified_gmt":"2026-05-03T13:45:41","slug":"segundo-especialistas-essas-sao-as-7-frases-repetidas-por-pessoas-que-evitam-assumir-seus-proprios-erros","status":"publish","type":"post","link":"https:\/\/www.correiobraziliense.com.br\/cbradar\/segundo-especialistas-essas-sao-as-7-frases-repetidas-por-pessoas-que-evitam-assumir-seus-proprios-erros\/","title":{"rendered":"Segundo especialistas, essas s\u00e3o as 7 frases repetidas por pessoas que evitam assumir seus pr\u00f3prios erros"},"content":{"rendered":"\n<p>Voc\u00ea convive com algu\u00e9m que usa dezenas de justificativas elaboradas apenas para <strong>evitar assumir erros<\/strong> claros na rela\u00e7\u00e3o? A falta de maturidade emocional cria um mecanismo de defesa autom\u00e1tico onde a pessoa transfere a culpa para proteger o pr\u00f3prio ego fr\u00e1gil de qualquer cr\u00edtica.<\/p>\n\n\n\n<h2 class=\"wp-block-heading\">Por que a transfer\u00eancia de culpa destr\u00f3i a confian\u00e7a nas rela\u00e7\u00f5es interpessoais?<\/h2>\n\n\n\n<p>O h\u00e1bito cr\u00f4nico de fugir das pr\u00f3prias falhas corr\u00f3i lentamente o respeito m\u00fatuo. Indiv\u00edduos sem <strong>autorresponsabilidade<\/strong> gastam muita energia mental reescrevendo a narrativa dos fatos para parecerem v\u00edtimas constantes das circunst\u00e2ncias. Isso gera um esgotamento profundo em quem tenta manter um di\u00e1logo l\u00f3gico e transparente.<\/p>\n\n\n\n<p>A nega\u00e7\u00e3o cont\u00ednua anula a validade dos sentimentos do parceiro \u00edntimo. Profissionais focados no estudo pr\u00e1tico do <a href=\"https:\/\/pt.wikipedia.org\/wiki\/Comportamento_humano\" target=\"_blank\" rel=\"noreferrer noopener\">comportamento<\/a> humano classificam esse r\u00edgido bloqueio defensivo como um grave sinal de imaturidade cr\u00f4nica. A fuga da realidade impede o crescimento pessoal e barra o necess\u00e1rio conserto do la\u00e7o afetivo rompido.<\/p>\n\n\n<div class=\"wp-block-image\">\n<figure class=\"aligncenter size-full\"><img decoding=\"async\" width=\"1280\" height=\"720\" src=\"https:\/\/www.correiobraziliense.com.br\/cbradar\/wp-content\/uploads\/2026\/05\/IMAGEM_720p_1777815781400.jpg\" alt=\"Frases de pessoas que n\u00e3o assumem erros\" class=\"wp-image-236401\" srcset=\"https:\/\/www.correiobraziliense.com.br\/cbradar\/wp-content\/uploads\/2026\/05\/IMAGEM_720p_1777815781400.jpg 1280w, https:\/\/www.correiobraziliense.com.br\/cbradar\/wp-content\/uploads\/2026\/05\/IMAGEM_720p_1777815781400-300x169.jpg 300w, https:\/\/www.correiobraziliense.com.br\/cbradar\/wp-content\/uploads\/2026\/05\/IMAGEM_720p_1777815781400-768x432.jpg 768w, https:\/\/www.correiobraziliense.com.br\/cbradar\/wp-content\/uploads\/2026\/05\/IMAGEM_720p_1777815781400-750x422.jpg 750w, https:\/\/www.correiobraziliense.com.br\/cbradar\/wp-content\/uploads\/2026\/05\/IMAGEM_720p_1777815781400-1140x641.jpg 1140w\" sizes=\"(max-width: 1280px) 100vw, 1280px\" \/><figcaption class=\"wp-element-caption\">Frases de pessoas que n\u00e3o assumem erros<\/figcaption><\/figure><\/div>\n\n\n<h2 class=\"wp-block-heading\">Quais s\u00e3o as express\u00f5es exatas usadas para manipular a situa\u00e7\u00e3o a favor deles?<\/h2>\n\n\n\n<p>Identificar a repeti\u00e7\u00e3o de um exato roteiro verbal facilita a r\u00e1pida detec\u00e7\u00e3o do problema di\u00e1rio. Pessoas com alto tra\u00e7o de teimosia t\u00f3xica usam frases pr\u00e9-fabricadas para inverter a situa\u00e7\u00e3o, minimizar a dor causada e culpar terceiros pela pr\u00f3pria agress\u00e3o cometida no exato momento do intenso estresse.<\/p>\n\n\n\n<p>Observe as falas defensivas mais relatadas nos consult\u00f3rios terap\u00eauticos modernos:<\/p>\n\n\n\n<ul class=\"wp-block-list\">\n<li>&#8220;Eu sinto muito que voc\u00ea tenha interpretado dessa forma.&#8221;<\/li>\n\n\n\n<li>&#8220;Eu n\u00e3o teria gritado se voc\u00ea n\u00e3o tivesse me irritado antes.&#8221;<\/li>\n\n\n\n<li>&#8220;Voc\u00ea est\u00e1 fazendo um drama gigante por algo muito pequeno.&#8221;<\/li>\n\n\n\n<li>&#8220;Eu s\u00f3 fiz isso porque estava tentando te ajudar de verdade.&#8221;<\/li>\n\n\n\n<li>&#8220;Ningu\u00e9m nunca reclamou desse meu jeito al\u00e9m de voc\u00ea.&#8221;<\/li>\n\n\n\n<li>&#8220;Voc\u00ea sabe que eu estava brincando, falta senso de humor.&#8221;<\/li>\n\n\n\n<li>&#8220;Se eu errei, foi tentando acertar o seu pr\u00f3prio problema.&#8221;<\/li>\n<\/ul>\n\n\n\n<h3 class=\"wp-block-heading\">O perigoso impacto da manipula\u00e7\u00e3o na autoestima da v\u00edtima<\/h3>\n\n\n\n<p>Esse pesado arsenal de frases comp\u00f5e uma agress\u00e3o psicol\u00f3gica silenciosa e mascarada. A constante invalida\u00e7\u00e3o faz a pessoa ofendida duvidar da pr\u00f3pria sanidade mental e da gravidade do abuso sofrido. O ofensor transfere o peso do denso conflito inteiramente para as costas de quem apenas buscou um simples pedido sincero.<\/p>\n\n\n\n<p>Leia tamb\u00e9m: <a href=\"https:\/\/www.correiobraziliense.com.br\/cbradar\/o-nome-masculino-com-so-3-letras-que-esta-crescendo-no-brasil-por-ser-moderno-e-facil-de-pronunciar\/\" target=\"_blank\" rel=\"noreferrer noopener\">O nome masculino com s\u00f3 3 letras que est\u00e1 crescendo no Brasil por ser moderno e f\u00e1cil de pronunciar<\/a><\/p>\n\n\n\n<h2 class=\"wp-block-heading\">Como a falta de responsabilidade afeta o conv\u00edvio profissional di\u00e1rio?<\/h2>\n\n\n\n<p>O estrago emocional ultrapassa as finas barreiras da casa e atinge diretamente os escrit\u00f3rios corporativos. Um funcion\u00e1rio que recusa o erro gasta horas valiosas sabotando a entrega final da sua equipe. O grupo precisa frequentemente refazer urgentes demandas porque o respons\u00e1vel mascara os defeitos do dif\u00edcil projeto inicial sempre.<\/p>\n\n\n\n<p>L\u00edderes imaturos criam um p\u00e9ssimo clima de terror organizacional constante. A renomada <strong><a href=\"https:\/\/www.apa.org\/topics\/personality\" target=\"_blank\" rel=\"noreferrer noopener\">Associa\u00e7\u00e3o Americana de Psicologia<\/a><\/strong> alerta que ambientes sem cultura de erro seguro geram altas taxas de adoecimento mental severo. Os subordinados evitam inovar pelo imenso p\u00e2nico de levar a culpa injusta pelas terr\u00edveis falhas dos seus pr\u00f3prios gestores.<\/p>\n\n\n\n<h2 class=\"wp-block-heading\">Existe tratamento cl\u00ednico para o perfil que nunca admite falhas comportamentais?<\/h2>\n\n\n\n<p>Mudar um padr\u00e3o neurol\u00f3gico t\u00e3o enraizado exige enorme esfor\u00e7o t\u00e9cnico e vontade genu\u00edna de cura do paciente. Especialistas afirmam que o longo processo terap\u00eautico ajuda o indiv\u00edduo a tolerar a inc\u00f4moda frustra\u00e7\u00e3o org\u00e2nica de ser falho. Assumir um deslize precisa deixar de representar uma total amea\u00e7a de rejei\u00e7\u00e3o social absoluta.<\/p>\n\n\n\n<p>A grande barreira reside exatamente na etapa inicial da dura aceita\u00e7\u00e3o m\u00e9dica. Quem foge da culpa raramente pisa em um consult\u00f3rio por vontade pr\u00f3pria, pois acredita firmemente que os outros s\u00e3o os \u00fanicos causadores do caos. A dolorosa interven\u00e7\u00e3o costuma ocorrer apenas ap\u00f3s o triste rompimento de v\u00ednculos familiares insubstitu\u00edveis.<\/p>\n\n\n<div class=\"wp-block-image\">\n<figure class=\"aligncenter size-full\"><img decoding=\"async\" width=\"1280\" height=\"720\" src=\"https:\/\/www.correiobraziliense.com.br\/cbradar\/wp-content\/uploads\/2026\/05\/IMAGEM_720p_1777815779346.jpg\" alt=\"Frases de pessoas que n\u00e3o assumem erros\" class=\"wp-image-236399\" srcset=\"https:\/\/www.correiobraziliense.com.br\/cbradar\/wp-content\/uploads\/2026\/05\/IMAGEM_720p_1777815779346.jpg 1280w, https:\/\/www.correiobraziliense.com.br\/cbradar\/wp-content\/uploads\/2026\/05\/IMAGEM_720p_1777815779346-300x169.jpg 300w, https:\/\/www.correiobraziliense.com.br\/cbradar\/wp-content\/uploads\/2026\/05\/IMAGEM_720p_1777815779346-768x432.jpg 768w, https:\/\/www.correiobraziliense.com.br\/cbradar\/wp-content\/uploads\/2026\/05\/IMAGEM_720p_1777815779346-750x422.jpg 750w, https:\/\/www.correiobraziliense.com.br\/cbradar\/wp-content\/uploads\/2026\/05\/IMAGEM_720p_1777815779346-1140x641.jpg 1140w\" sizes=\"(max-width: 1280px) 100vw, 1280px\" \/><figcaption class=\"wp-element-caption\">Frases de pessoas que n\u00e3o assumem erros<\/figcaption><\/figure><\/div>\n\n\n<h2 class=\"wp-block-heading\">Qual a melhor estrat\u00e9gia para frear quem tenta evitar assumir erros em uma discuss\u00e3o?<\/h2>\n\n\n\n<p>Proteger a sua pr\u00f3pria integridade emocional figura como o passo inicial mais urgente e altamente necess\u00e1rio. Quando o parceiro iniciar o agressivo mon\u00f3logo de justificativas irreais, interrompa a exaustiva conversa de maneira bastante neutra. Recusar a imediata participa\u00e7\u00e3o no ca\u00f3tico teatro mental quebra completamente a doce expectativa de valida\u00e7\u00e3o imediata.<\/p>\n\n\n\n<p>Estabele\u00e7a regras claras sobre a comunica\u00e7\u00e3o permitida na rela\u00e7\u00e3o \u00edntima. Reforce sempre os fatos concretos ocorridos e n\u00e3o aceite debater falsas interpreta\u00e7\u00f5es inventadas na hora exata do caloroso atrito. Preservar o pr\u00f3prio espa\u00e7o mental garante muita paz a longo prazo e afasta perigosas din\u00e2micas de poder extremamente desgastantes da rotina.<\/p>\n","protected":false},"excerpt":{"rendered":"<p>Voc\u00ea convive com algu\u00e9m que usa dezenas de justificativas elaboradas apenas para evitar assumir erros claros na rela\u00e7\u00e3o? A falta de maturidade emocional cria um mecanismo de defesa autom\u00e1tico onde a pessoa transfere a culpa para proteger o pr\u00f3prio ego fr\u00e1gil de qualquer cr\u00edtica. Por que a transfer\u00eancia de culpa destr\u00f3i a confian\u00e7a nas rela\u00e7\u00f5es [&hellip;]<\/p>\n","protected":false},"author":11,"featured_media":236400,"comment_status":"open","ping_status":"open","sticky":false,"template":"","format":"standard","meta":{"_yoast_wpseo_focuskw":"evitar assumir erros","_yoast_wpseo_title":"","_yoast_wpseo_metadesc":"Lidar com quem nunca pede desculpas esgota a sua sa\u00fade mental. Avalie as t\u00e1ticas verbais usadas para fugir da culpa e proteja as suas emo\u00e7\u00f5es.","jnews-multi-image_gallery":[],"jnews_single_post":{"format":"standard"},"jnews_primary_category":[],"jnews_social_meta":[],"jnews_override_counter":[],"footnotes":""},"categories":[112],"tags":[8016,16213,404,3006],"class_list":["post-236396","post","type-post","status-publish","format-standard","has-post-thumbnail","hentry","category-curiosidades","tag-manipulacao","tag-maturidade","tag-psicologia","tag-relacionamento"],"yoast_head":"<!-- This site is optimized with the Yoast SEO plugin v24.6 - https:\/\/yoast.com\/wordpress\/plugins\/seo\/ -->\n<title>Segundo especialistas, essas s\u00e3o as 7 frases repetidas por pessoas que evitam assumir seus pr\u00f3prios erros - Correio Braziliense - Radar<\/title>\n<meta name=\"description\" content=\"Lidar com quem nunca pede desculpas esgota a sua sa\u00fade mental. Avalie as t\u00e1ticas verbais usadas para fugir da culpa e proteja as suas emo\u00e7\u00f5es.\" \/>\n<meta name=\"robots\" content=\"index, follow, max-snippet:-1, max-image-preview:large, max-video-preview:-1\" \/>\n<link rel=\"canonical\" href=\"https:\/\/www.correiobraziliense.com.br\/cbradar\/segundo-especialistas-essas-sao-as-7-frases-repetidas-por-pessoas-que-evitam-assumir-seus-proprios-erros\/\" \/>\n<meta property=\"og:locale\" content=\"pt_BR\" \/>\n<meta property=\"og:type\" content=\"article\" \/>\n<meta property=\"og:title\" content=\"Segundo especialistas, essas s\u00e3o as 7 frases repetidas por pessoas que evitam assumir seus pr\u00f3prios erros - Correio Braziliense - Radar\" \/>\n<meta property=\"og:description\" content=\"Lidar com quem nunca pede desculpas esgota a sua sa\u00fade mental. Avalie as t\u00e1ticas verbais usadas para fugir da culpa e proteja as suas emo\u00e7\u00f5es.\" \/>\n<meta property=\"og:url\" content=\"https:\/\/www.correiobraziliense.com.br\/cbradar\/segundo-especialistas-essas-sao-as-7-frases-repetidas-por-pessoas-que-evitam-assumir-seus-proprios-erros\/\" \/>\n<meta property=\"og:site_name\" content=\"Correio Braziliense - Radar\" \/>\n<meta property=\"article:published_time\" content=\"2026-05-03T14:27:00+00:00\" \/>\n<meta property=\"og:image\" content=\"https:\/\/www.correiobraziliense.com.br\/cbradar\/wp-content\/uploads\/2026\/05\/IMAGEM_720p_1777815841913.jpg\" \/>\n\t<meta property=\"og:image:width\" content=\"1280\" \/>\n\t<meta property=\"og:image:height\" content=\"720\" \/>\n\t<meta property=\"og:image:type\" content=\"image\/jpeg\" \/>\n<meta name=\"author\" content=\"Paulo Custodio\" \/>\n<meta name=\"twitter:card\" content=\"summary_large_image\" \/>\n<meta name=\"twitter:label1\" content=\"Escrito por\" \/>\n\t<meta name=\"twitter:data1\" content=\"Paulo Custodio\" \/>\n\t<meta name=\"twitter:label2\" content=\"Est. tempo de leitura\" \/>\n\t<meta name=\"twitter:data2\" content=\"5 minutos\" \/>\n<!-- \/ Yoast SEO plugin. -->","yoast_head_json":{"title":"Segundo especialistas, essas s\u00e3o as 7 frases repetidas por pessoas que evitam assumir seus pr\u00f3prios erros - Correio Braziliense - Radar","description":"Lidar com quem nunca pede desculpas esgota a sua sa\u00fade mental. Avalie as t\u00e1ticas verbais usadas para fugir da culpa e proteja as suas emo\u00e7\u00f5es.","robots":{"index":"index","follow":"follow","max-snippet":"max-snippet:-1","max-image-preview":"max-image-preview:large","max-video-preview":"max-video-preview:-1"},"canonical":"https:\/\/www.correiobraziliense.com.br\/cbradar\/segundo-especialistas-essas-sao-as-7-frases-repetidas-por-pessoas-que-evitam-assumir-seus-proprios-erros\/","og_locale":"pt_BR","og_type":"article","og_title":"Segundo especialistas, essas s\u00e3o as 7 frases repetidas por pessoas que evitam assumir seus pr\u00f3prios erros - Correio Braziliense - Radar","og_description":"Lidar com quem nunca pede desculpas esgota a sua sa\u00fade mental. Avalie as t\u00e1ticas verbais usadas para fugir da culpa e proteja as suas emo\u00e7\u00f5es.","og_url":"https:\/\/www.correiobraziliense.com.br\/cbradar\/segundo-especialistas-essas-sao-as-7-frases-repetidas-por-pessoas-que-evitam-assumir-seus-proprios-erros\/","og_site_name":"Correio Braziliense - Radar","article_published_time":"2026-05-03T14:27:00+00:00","og_image":[{"width":1280,"height":720,"url":"https:\/\/www.correiobraziliense.com.br\/cbradar\/wp-content\/uploads\/2026\/05\/IMAGEM_720p_1777815841913.jpg","type":"image\/jpeg"}],"author":"Paulo Custodio","twitter_card":"summary_large_image","twitter_misc":{"Escrito por":"Paulo Custodio","Est. tempo de leitura":"5 minutos"},"schema":{"@context":"https:\/\/schema.org","@graph":[{"@type":"WebPage","@id":"https:\/\/www.correiobraziliense.com.br\/cbradar\/segundo-especialistas-essas-sao-as-7-frases-repetidas-por-pessoas-que-evitam-assumir-seus-proprios-erros\/","url":"https:\/\/www.correiobraziliense.com.br\/cbradar\/segundo-especialistas-essas-sao-as-7-frases-repetidas-por-pessoas-que-evitam-assumir-seus-proprios-erros\/","name":"Segundo especialistas, essas s\u00e3o as 7 frases repetidas por pessoas que evitam assumir seus pr\u00f3prios erros - Correio Braziliense - Radar","isPartOf":{"@id":"https:\/\/www.correiobraziliense.com.br\/cbradar\/#website"},"primaryImageOfPage":{"@id":"https:\/\/www.correiobraziliense.com.br\/cbradar\/segundo-especialistas-essas-sao-as-7-frases-repetidas-por-pessoas-que-evitam-assumir-seus-proprios-erros\/#primaryimage"},"image":{"@id":"https:\/\/www.correiobraziliense.com.br\/cbradar\/segundo-especialistas-essas-sao-as-7-frases-repetidas-por-pessoas-que-evitam-assumir-seus-proprios-erros\/#primaryimage"},"thumbnailUrl":"https:\/\/www.correiobraziliense.com.br\/cbradar\/wp-content\/uploads\/2026\/05\/IMAGEM_720p_1777815841913.jpg","datePublished":"2026-05-03T14:27:00+00:00","author":{"@id":"https:\/\/www.correiobraziliense.com.br\/cbradar\/#\/schema\/person\/4cec7857301a9a1a2ef249893cd908d3"},"description":"Lidar com quem nunca pede desculpas esgota a sua sa\u00fade mental. Avalie as t\u00e1ticas verbais usadas para fugir da culpa e proteja as suas emo\u00e7\u00f5es.","breadcrumb":{"@id":"https:\/\/www.correiobraziliense.com.br\/cbradar\/segundo-especialistas-essas-sao-as-7-frases-repetidas-por-pessoas-que-evitam-assumir-seus-proprios-erros\/#breadcrumb"},"inLanguage":"pt-BR","potentialAction":[{"@type":"ReadAction","target":["https:\/\/www.correiobraziliense.com.br\/cbradar\/segundo-especialistas-essas-sao-as-7-frases-repetidas-por-pessoas-que-evitam-assumir-seus-proprios-erros\/"]}]},{"@type":"ImageObject","inLanguage":"pt-BR","@id":"https:\/\/www.correiobraziliense.com.br\/cbradar\/segundo-especialistas-essas-sao-as-7-frases-repetidas-por-pessoas-que-evitam-assumir-seus-proprios-erros\/#primaryimage","url":"https:\/\/www.correiobraziliense.com.br\/cbradar\/wp-content\/uploads\/2026\/05\/IMAGEM_720p_1777815841913.jpg","contentUrl":"https:\/\/www.correiobraziliense.com.br\/cbradar\/wp-content\/uploads\/2026\/05\/IMAGEM_720p_1777815841913.jpg","width":1280,"height":720,"caption":"Frases de pessoas que n\u00e3o assumem erros"},{"@type":"BreadcrumbList","@id":"https:\/\/www.correiobraziliense.com.br\/cbradar\/segundo-especialistas-essas-sao-as-7-frases-repetidas-por-pessoas-que-evitam-assumir-seus-proprios-erros\/#breadcrumb","itemListElement":[{"@type":"ListItem","position":1,"name":"In\u00edcio","item":"https:\/\/www.correiobraziliense.com.br\/cbradar\/"},{"@type":"ListItem","position":2,"name":"Segundo especialistas, essas s\u00e3o as 7 frases repetidas por pessoas que evitam assumir seus pr\u00f3prios erros"}]},{"@type":"WebSite","@id":"https:\/\/www.correiobraziliense.com.br\/cbradar\/#website","url":"https:\/\/www.correiobraziliense.com.br\/cbradar\/","name":"Correio Braziliense - Radar","description":"Acompanhe as \u00faltimas not\u00edcias e fique bem informado sobre tudo o que acontece no Brasil e no mundo.","potentialAction":[{"@type":"SearchAction","target":{"@type":"EntryPoint","urlTemplate":"https:\/\/www.correiobraziliense.com.br\/cbradar\/?s={search_term_string}"},"query-input":{"@type":"PropertyValueSpecification","valueRequired":true,"valueName":"search_term_string"}}],"inLanguage":"pt-BR"},{"@type":"Person","@id":"https:\/\/www.correiobraziliense.com.br\/cbradar\/#\/schema\/person\/4cec7857301a9a1a2ef249893cd908d3","name":"Paulo Custodio","image":{"@type":"ImageObject","inLanguage":"pt-BR","@id":"https:\/\/www.correiobraziliense.com.br\/cbradar\/#\/schema\/person\/image\/","url":"https:\/\/secure.gravatar.com\/avatar\/bcd67168d1534e8fcf4f45c726a87cea?s=96&d=mm&r=g","contentUrl":"https:\/\/secure.gravatar.com\/avatar\/bcd67168d1534e8fcf4f45c726a87cea?s=96&d=mm&r=g","caption":"Paulo Custodio"},"sameAs":["https:\/\/www.correiobraziliense.com.br\/cbradar"],"url":"https:\/\/www.correiobraziliense.com.br\/cbradar\/author\/paulomyth\/"}]}},"_links":{"self":[{"href":"https:\/\/www.correiobraziliense.com.br\/cbradar\/wp-json\/wp\/v2\/posts\/236396","targetHints":{"allow":["GET"]}}],"collection":[{"href":"https:\/\/www.correiobraziliense.com.br\/cbradar\/wp-json\/wp\/v2\/posts"}],"about":[{"href":"https:\/\/www.correiobraziliense.com.br\/cbradar\/wp-json\/wp\/v2\/types\/post"}],"author":[{"embeddable":true,"href":"https:\/\/www.correiobraziliense.com.br\/cbradar\/wp-json\/wp\/v2\/users\/11"}],"replies":[{"embeddable":true,"href":"https:\/\/www.correiobraziliense.com.br\/cbradar\/wp-json\/wp\/v2\/comments?post=236396"}],"version-history":[{"count":1,"href":"https:\/\/www.correiobraziliense.com.br\/cbradar\/wp-json\/wp\/v2\/posts\/236396\/revisions"}],"predecessor-version":[{"id":236402,"href":"https:\/\/www.correiobraziliense.com.br\/cbradar\/wp-json\/wp\/v2\/posts\/236396\/revisions\/236402"}],"wp:featuredmedia":[{"embeddable":true,"href":"https:\/\/www.correiobraziliense.com.br\/cbradar\/wp-json\/wp\/v2\/media\/236400"}],"wp:attachment":[{"href":"https:\/\/www.correiobraziliense.com.br\/cbradar\/wp-json\/wp\/v2\/media?parent=236396"}],"wp:term":[{"taxonomy":"category","embeddable":true,"href":"https:\/\/www.correiobraziliense.com.br\/cbradar\/wp-json\/wp\/v2\/categories?post=236396"},{"taxonomy":"post_tag","embeddable":true,"href":"https:\/\/www.correiobraziliense.com.br\/cbradar\/wp-json\/wp\/v2\/tags?post=236396"}],"curies":[{"name":"wp","href":"https:\/\/api.w.org\/{rel}","templated":true}]}}