{"id":236403,"date":"2026-05-03T11:17:00","date_gmt":"2026-05-03T14:17:00","guid":{"rendered":"https:\/\/www.correiobraziliense.com.br\/cbradar\/?p=236403"},"modified":"2026-05-03T10:54:31","modified_gmt":"2026-05-03T13:54:31","slug":"as-6-frases-que-pessoas-emocionalmente-imaturas-repetem-sem-perceber-segundo-psicologos","status":"publish","type":"post","link":"https:\/\/www.correiobraziliense.com.br\/cbradar\/as-6-frases-que-pessoas-emocionalmente-imaturas-repetem-sem-perceber-segundo-psicologos\/","title":{"rendered":"As 6 frases que pessoas emocionalmente imaturas repetem sem perceber, segundo psic\u00f3logos"},"content":{"rendered":"\n<p>A <strong>imaturidade emocional<\/strong> raramente aparece como um tra\u00e7o \u00f3bvio. Ela se revela, com mais frequ\u00eancia, na linguagem cotidiana, em frases repetidas que funcionam como mecanismos de fuga da responsabilidade, da vulnerabilidade e do desconforto relacional. Segundo a psicologia cl\u00ednica, reconhecer essas <strong>frases de imaturidade emocional<\/strong> \u00e9 o primeiro passo para mudar o padr\u00e3o.<\/p>\n\n\n\n<h2 class=\"wp-block-heading\">O que caracteriza a imaturidade emocional segundo a psicologia?<\/h2>\n\n\n\n<p>A <a href=\"https:\/\/pt.wikipedia.org\/wiki\/Intelig%C3%AAncia_emocional\" target=\"_blank\" rel=\"noreferrer noopener\">intelig\u00eancia emocional<\/a> envolve a capacidade de reconhecer, nomear e regular as pr\u00f3prias emo\u00e7\u00f5es sem transferi-las para os outros. Quem n\u00e3o desenvolveu esse conjunto de habilidades tende a reagir de forma desproporcional, evitar conflitos produtivos e usar a linguagem como escudo em vez de ponte.<\/p>\n\n\n\n<p>Esses padr\u00f5es n\u00e3o s\u00e3o exclusivos de pessoas jovens. A imaturidade emocional aparece em adultos de todas as idades e se manifesta principalmente sob press\u00e3o, justamente quando o autocontrole seria mais necess\u00e1rio. O tra\u00e7o mais consistente \u00e9 a incapacidade de tolerar o desconforto emocional sem buscar al\u00edvio imediato, geralmente \u00e0s custas do outro.<\/p>\n\n\n<div class=\"wp-block-image\">\n<figure class=\"aligncenter size-full\"><img decoding=\"async\" width=\"1280\" height=\"720\" src=\"https:\/\/www.correiobraziliense.com.br\/cbradar\/wp-content\/uploads\/2026\/05\/IMAGEM_720p_1777816152503.jpg\" alt=\"Frases que pessoas emocionalmente imaturas repetem\" class=\"wp-image-236406\" srcset=\"https:\/\/www.correiobraziliense.com.br\/cbradar\/wp-content\/uploads\/2026\/05\/IMAGEM_720p_1777816152503.jpg 1280w, https:\/\/www.correiobraziliense.com.br\/cbradar\/wp-content\/uploads\/2026\/05\/IMAGEM_720p_1777816152503-300x169.jpg 300w, https:\/\/www.correiobraziliense.com.br\/cbradar\/wp-content\/uploads\/2026\/05\/IMAGEM_720p_1777816152503-768x432.jpg 768w, https:\/\/www.correiobraziliense.com.br\/cbradar\/wp-content\/uploads\/2026\/05\/IMAGEM_720p_1777816152503-750x422.jpg 750w, https:\/\/www.correiobraziliense.com.br\/cbradar\/wp-content\/uploads\/2026\/05\/IMAGEM_720p_1777816152503-1140x641.jpg 1140w\" sizes=\"(max-width: 1280px) 100vw, 1280px\" \/><figcaption class=\"wp-element-caption\">Frases que pessoas emocionalmente imaturas repetem<\/figcaption><\/figure><\/div>\n\n\n<h2 class=\"wp-block-heading\">Quais s\u00e3o as 6 frases e o que cada uma revela?<\/h2>\n\n\n\n<p>A psicologia cl\u00ednica identifica padr\u00f5es verbais recorrentes em pessoas com baixa <strong>maturidade emocional<\/strong>. Cada frase cumpre uma fun\u00e7\u00e3o psicol\u00f3gica espec\u00edfica, mas todas t\u00eam o mesmo efeito: afastar a pessoa do desconforto sem resolver a causa.<\/p>\n\n\n\n<p>Veja as frases mais frequentes e o mecanismo por tr\u00e1s de cada uma:<\/p>\n\n\n\n<ol class=\"wp-block-list\">\n<li><strong>&#8220;Voc\u00ea me faz sentir assim&#8221;<\/strong> \u2014 transfere a responsabilidade integral pelo estado emocional para o outro. A pessoa emocionalmente madura reconhece que suas emo\u00e7\u00f5es s\u00e3o suas, mesmo que o gatilho seja externo.<\/li>\n\n\n\n<li><strong>&#8220;Eu sou assim, n\u00e3o vou mudar&#8221;<\/strong> \u2014 usa a identidade como escudo contra qualquer pedido de crescimento. Encerra o di\u00e1logo antes que ele possa gerar transforma\u00e7\u00e3o real.<\/li>\n\n\n\n<li><strong>&#8220;Voc\u00ea est\u00e1 exagerando&#8221;<\/strong> \u2014 invalida a experi\u00eancia emocional do outro para n\u00e3o ter que lidar com ela. \u00c9 uma das formas mais comuns de neglig\u00eancia emocional em relacionamentos pr\u00f3ximos.<\/li>\n\n\n\n<li><strong>&#8220;Eu n\u00e3o quero falar sobre isso agora&#8221;<\/strong> \u2014 quando vira padr\u00e3o permanente, transforma uma pausa leg\u00edtima em fuga sistem\u00e1tica de qualquer conversa dif\u00edcil. O problema nunca \u00e9 resolvido, apenas adiado indefinidamente.<\/li>\n\n\n\n<li><strong>&#8220;Todo mundo age assim&#8221;<\/strong> \u2014 usa a normaliza\u00e7\u00e3o para justificar comportamentos que causam dano. A compara\u00e7\u00e3o com outros funciona como argumento para n\u00e3o se examinar individualmente.<\/li>\n\n\n\n<li><strong>&#8220;Se voc\u00ea me amasse, n\u00e3o pediria isso&#8221;<\/strong> \u2014 usa o afeto como moeda de press\u00e3o. \u00c9 uma forma de chantagem emocional que coloca o outro em posi\u00e7\u00e3o de culpa por ter necessidades leg\u00edtimas.<\/li>\n<\/ol>\n\n\n\n<p>Leia tamb\u00e9m: <a href=\"https:\/\/www.correiobraziliense.com.br\/cbradar\/o-nome-masculino-com-so-3-letras-que-esta-crescendo-no-brasil-por-ser-moderno-e-facil-de-pronunciar\/\" target=\"_blank\" rel=\"noreferrer noopener\">O nome masculino com s\u00f3 3 letras que est\u00e1 crescendo no Brasil por ser moderno e f\u00e1cil de pronunciar<\/a><\/p>\n\n\n\n<h2 class=\"wp-block-heading\">Por que essas frases s\u00e3o repetidas sem perceber?<\/h2>\n\n\n\n<p>A maioria dos padr\u00f5es de imaturidade emocional n\u00e3o \u00e9 consciente. Eles foram aprendidos em ambientes onde expressar vulnerabilidade era arriscado, onde o conflito nunca era resolvido de forma saud\u00e1vel ou onde as emo\u00e7\u00f5es n\u00e3o tinham espa\u00e7o para ser nomeadas com seguran\u00e7a. A frase se torna autom\u00e1tica porque funcionou como prote\u00e7\u00e3o em algum momento do passado.<\/p>\n\n\n\n<p>A <a href=\"https:\/\/www.apa.org\/topics\/emotional-intelligence\" target=\"_blank\" rel=\"noreferrer noopener\"><strong>American Psychological Association<\/strong><\/a> aponta que padr\u00f5es de regula\u00e7\u00e3o emocional mal desenvolvidos na inf\u00e2ncia tendem a persistir na vida adulta, especialmente em contextos de intimidade e conflito. Isso significa que a pessoa que usa essas frases geralmente n\u00e3o est\u00e1 tentando manipular conscientemente. Ela est\u00e1 usando o \u00fanico repert\u00f3rio que aprendeu.<\/p>\n\n\n<div class=\"wp-block-image\">\n<figure class=\"aligncenter size-full\"><img decoding=\"async\" width=\"1280\" height=\"720\" src=\"https:\/\/www.correiobraziliense.com.br\/cbradar\/wp-content\/uploads\/2026\/05\/IMAGEM_720p_1777816156735.jpg\" alt=\"Frases que pessoas emocionalmente imaturas repetem\" class=\"wp-image-236407\" srcset=\"https:\/\/www.correiobraziliense.com.br\/cbradar\/wp-content\/uploads\/2026\/05\/IMAGEM_720p_1777816156735.jpg 1280w, https:\/\/www.correiobraziliense.com.br\/cbradar\/wp-content\/uploads\/2026\/05\/IMAGEM_720p_1777816156735-300x169.jpg 300w, https:\/\/www.correiobraziliense.com.br\/cbradar\/wp-content\/uploads\/2026\/05\/IMAGEM_720p_1777816156735-768x432.jpg 768w, https:\/\/www.correiobraziliense.com.br\/cbradar\/wp-content\/uploads\/2026\/05\/IMAGEM_720p_1777816156735-750x422.jpg 750w, https:\/\/www.correiobraziliense.com.br\/cbradar\/wp-content\/uploads\/2026\/05\/IMAGEM_720p_1777816156735-1140x641.jpg 1140w\" sizes=\"(max-width: 1280px) 100vw, 1280px\" \/><figcaption class=\"wp-element-caption\">Frases que pessoas emocionalmente imaturas repetem<\/figcaption><\/figure><\/div>\n\n\n<h2 class=\"wp-block-heading\">Como reagir quando algu\u00e9m pr\u00f3ximo usa essas frases com frequ\u00eancia?<\/h2>\n\n\n\n<p>A primeira armadilha \u00e9 tentar corrigir a frase no momento em que ela aparece. Isso raramente funciona e quase sempre escala o conflito. O que tende a ser mais eficaz \u00e9 manter clareza sobre o que est\u00e1 acontecendo sem absorver a culpa que est\u00e1 sendo projetada, e avaliar se o relacionamento oferece espa\u00e7o real para di\u00e1logo ao longo do tempo.<\/p>\n\n\n\n<p>Quando o padr\u00e3o \u00e9 frequente e o impacto emocional \u00e9 significativo, o acompanhamento terap\u00eautico pode ajudar tanto quem usa as frases quanto quem convive com elas. N\u00e3o como julgamento, mas como espa\u00e7o para desenvolver um repert\u00f3rio emocional mais funcional para os dois lados.<\/p>\n\n\n\n<h2 class=\"wp-block-heading\">Como identificar esse padr\u00e3o em si mesmo sem cair na autocr\u00edtica excessiva?<\/h2>\n\n\n\n<p>Reconhecer que voc\u00ea usa algumas dessas frases n\u00e3o \u00e9 um diagn\u00f3stico nem um motivo de vergonha. \u00c9 um ponto de partida. A <strong>autoconsci\u00eancia emocional<\/strong> come\u00e7a exatamente nesse movimento: perceber o padr\u00e3o antes de julg\u00e1-lo.<\/p>\n\n\n\n<p>A pergunta mais \u00fatil n\u00e3o \u00e9 &#8220;sou emocionalmente imaturo?&#8221; mas sim &#8220;essa frase est\u00e1 me ajudando a me conectar ou est\u00e1 me ajudando a me proteger?&#8221;. Conex\u00e3o e prote\u00e7\u00e3o t\u00eam pap\u00e9is diferentes. Quando a linguagem serve quase sempre para se proteger do desconforto relacional, \u00e9 um sinal de que algo no repert\u00f3rio emocional merece mais aten\u00e7\u00e3o, n\u00e3o puni\u00e7\u00e3o.<\/p>\n\n\n\n<h3 class=\"wp-block-heading\">O papel do ambiente na forma\u00e7\u00e3o desses padr\u00f5es<\/h3>\n\n\n\n<p>Fam\u00edlias onde emo\u00e7\u00f5es eram ignoradas, ridicularizadas ou tratadas como fraqueza produzem adultos com dificuldade de nomear e tolerar seus pr\u00f3prios estados internos. Esses adultos n\u00e3o escolheram essa limita\u00e7\u00e3o. Mas podem, com os recursos certos, escolher expandi-la. O reconhecimento de que um padr\u00e3o existe \u00e9, por si s\u00f3, o movimento inicial de qualquer mudan\u00e7a emocional real.<\/p>\n","protected":false},"excerpt":{"rendered":"<p>A imaturidade emocional raramente aparece como um tra\u00e7o \u00f3bvio. Ela se revela, com mais frequ\u00eancia, na linguagem cotidiana, em frases repetidas que funcionam como mecanismos de fuga da responsabilidade, da vulnerabilidade e do desconforto relacional. Segundo a psicologia cl\u00ednica, reconhecer essas frases de imaturidade emocional \u00e9 o primeiro passo para mudar o padr\u00e3o. O que [&hellip;]<\/p>\n","protected":false},"author":11,"featured_media":236405,"comment_status":"open","ping_status":"open","sticky":false,"template":"","format":"standard","meta":{"_yoast_wpseo_focuskw":"frases de imaturidade emocional na psicologia","_yoast_wpseo_title":"","_yoast_wpseo_metadesc":"Psic\u00f3logos identificaram frases que pessoas emocionalmente imaturas repetem sem perceber. Voc\u00ea reconhece alguma delas no seu dia a dia?","jnews-multi-image_gallery":[],"jnews_single_post":{"format":"standard"},"jnews_primary_category":[],"jnews_social_meta":[],"jnews_override_counter":[],"footnotes":""},"categories":[112],"tags":[6220,14941,404,5000],"class_list":["post-236403","post","type-post","status-publish","format-standard","has-post-thumbnail","hentry","category-curiosidades","tag-inteligencia-emocional","tag-maturidade-emocional","tag-psicologia","tag-relacionamentos"],"yoast_head":"<!-- This site is optimized with the Yoast SEO plugin v24.6 - https:\/\/yoast.com\/wordpress\/plugins\/seo\/ -->\n<title>As 6 frases que pessoas emocionalmente imaturas repetem sem perceber, segundo psic\u00f3logos - Correio Braziliense - Radar<\/title>\n<meta name=\"description\" content=\"Psic\u00f3logos identificaram frases que pessoas emocionalmente imaturas repetem sem perceber. Voc\u00ea reconhece alguma delas no seu dia a dia?\" \/>\n<meta name=\"robots\" content=\"index, follow, max-snippet:-1, max-image-preview:large, max-video-preview:-1\" \/>\n<link rel=\"canonical\" href=\"https:\/\/www.correiobraziliense.com.br\/cbradar\/as-6-frases-que-pessoas-emocionalmente-imaturas-repetem-sem-perceber-segundo-psicologos\/\" \/>\n<meta property=\"og:locale\" content=\"pt_BR\" \/>\n<meta property=\"og:type\" content=\"article\" \/>\n<meta property=\"og:title\" content=\"As 6 frases que pessoas emocionalmente imaturas repetem sem perceber, segundo psic\u00f3logos - Correio Braziliense - Radar\" \/>\n<meta property=\"og:description\" content=\"Psic\u00f3logos identificaram frases que pessoas emocionalmente imaturas repetem sem perceber. Voc\u00ea reconhece alguma delas no seu dia a dia?\" \/>\n<meta property=\"og:url\" content=\"https:\/\/www.correiobraziliense.com.br\/cbradar\/as-6-frases-que-pessoas-emocionalmente-imaturas-repetem-sem-perceber-segundo-psicologos\/\" \/>\n<meta property=\"og:site_name\" content=\"Correio Braziliense - Radar\" \/>\n<meta property=\"article:published_time\" content=\"2026-05-03T14:17:00+00:00\" \/>\n<meta property=\"og:image\" content=\"https:\/\/www.correiobraziliense.com.br\/cbradar\/wp-content\/uploads\/2026\/05\/IMAGEM_720p_1777816145426.jpg\" \/>\n\t<meta property=\"og:image:width\" content=\"1280\" \/>\n\t<meta property=\"og:image:height\" content=\"720\" \/>\n\t<meta property=\"og:image:type\" content=\"image\/jpeg\" \/>\n<meta name=\"author\" content=\"Paulo Custodio\" \/>\n<meta name=\"twitter:card\" content=\"summary_large_image\" \/>\n<meta name=\"twitter:label1\" content=\"Escrito por\" \/>\n\t<meta name=\"twitter:data1\" content=\"Paulo Custodio\" \/>\n\t<meta name=\"twitter:label2\" content=\"Est. tempo de leitura\" \/>\n\t<meta name=\"twitter:data2\" content=\"6 minutos\" \/>\n<!-- \/ Yoast SEO plugin. -->","yoast_head_json":{"title":"As 6 frases que pessoas emocionalmente imaturas repetem sem perceber, segundo psic\u00f3logos - Correio Braziliense - Radar","description":"Psic\u00f3logos identificaram frases que pessoas emocionalmente imaturas repetem sem perceber. Voc\u00ea reconhece alguma delas no seu dia a dia?","robots":{"index":"index","follow":"follow","max-snippet":"max-snippet:-1","max-image-preview":"max-image-preview:large","max-video-preview":"max-video-preview:-1"},"canonical":"https:\/\/www.correiobraziliense.com.br\/cbradar\/as-6-frases-que-pessoas-emocionalmente-imaturas-repetem-sem-perceber-segundo-psicologos\/","og_locale":"pt_BR","og_type":"article","og_title":"As 6 frases que pessoas emocionalmente imaturas repetem sem perceber, segundo psic\u00f3logos - Correio Braziliense - Radar","og_description":"Psic\u00f3logos identificaram frases que pessoas emocionalmente imaturas repetem sem perceber. Voc\u00ea reconhece alguma delas no seu dia a dia?","og_url":"https:\/\/www.correiobraziliense.com.br\/cbradar\/as-6-frases-que-pessoas-emocionalmente-imaturas-repetem-sem-perceber-segundo-psicologos\/","og_site_name":"Correio Braziliense - Radar","article_published_time":"2026-05-03T14:17:00+00:00","og_image":[{"width":1280,"height":720,"url":"https:\/\/www.correiobraziliense.com.br\/cbradar\/wp-content\/uploads\/2026\/05\/IMAGEM_720p_1777816145426.jpg","type":"image\/jpeg"}],"author":"Paulo Custodio","twitter_card":"summary_large_image","twitter_misc":{"Escrito por":"Paulo Custodio","Est. tempo de leitura":"6 minutos"},"schema":{"@context":"https:\/\/schema.org","@graph":[{"@type":"WebPage","@id":"https:\/\/www.correiobraziliense.com.br\/cbradar\/as-6-frases-que-pessoas-emocionalmente-imaturas-repetem-sem-perceber-segundo-psicologos\/","url":"https:\/\/www.correiobraziliense.com.br\/cbradar\/as-6-frases-que-pessoas-emocionalmente-imaturas-repetem-sem-perceber-segundo-psicologos\/","name":"As 6 frases que pessoas emocionalmente imaturas repetem sem perceber, segundo psic\u00f3logos - Correio Braziliense - Radar","isPartOf":{"@id":"https:\/\/www.correiobraziliense.com.br\/cbradar\/#website"},"primaryImageOfPage":{"@id":"https:\/\/www.correiobraziliense.com.br\/cbradar\/as-6-frases-que-pessoas-emocionalmente-imaturas-repetem-sem-perceber-segundo-psicologos\/#primaryimage"},"image":{"@id":"https:\/\/www.correiobraziliense.com.br\/cbradar\/as-6-frases-que-pessoas-emocionalmente-imaturas-repetem-sem-perceber-segundo-psicologos\/#primaryimage"},"thumbnailUrl":"https:\/\/www.correiobraziliense.com.br\/cbradar\/wp-content\/uploads\/2026\/05\/IMAGEM_720p_1777816145426.jpg","datePublished":"2026-05-03T14:17:00+00:00","author":{"@id":"https:\/\/www.correiobraziliense.com.br\/cbradar\/#\/schema\/person\/4cec7857301a9a1a2ef249893cd908d3"},"description":"Psic\u00f3logos identificaram frases que pessoas emocionalmente imaturas repetem sem perceber. Voc\u00ea reconhece alguma delas no seu dia a dia?","breadcrumb":{"@id":"https:\/\/www.correiobraziliense.com.br\/cbradar\/as-6-frases-que-pessoas-emocionalmente-imaturas-repetem-sem-perceber-segundo-psicologos\/#breadcrumb"},"inLanguage":"pt-BR","potentialAction":[{"@type":"ReadAction","target":["https:\/\/www.correiobraziliense.com.br\/cbradar\/as-6-frases-que-pessoas-emocionalmente-imaturas-repetem-sem-perceber-segundo-psicologos\/"]}]},{"@type":"ImageObject","inLanguage":"pt-BR","@id":"https:\/\/www.correiobraziliense.com.br\/cbradar\/as-6-frases-que-pessoas-emocionalmente-imaturas-repetem-sem-perceber-segundo-psicologos\/#primaryimage","url":"https:\/\/www.correiobraziliense.com.br\/cbradar\/wp-content\/uploads\/2026\/05\/IMAGEM_720p_1777816145426.jpg","contentUrl":"https:\/\/www.correiobraziliense.com.br\/cbradar\/wp-content\/uploads\/2026\/05\/IMAGEM_720p_1777816145426.jpg","width":1280,"height":720,"caption":"Frases que pessoas emocionalmente imaturas repetem"},{"@type":"BreadcrumbList","@id":"https:\/\/www.correiobraziliense.com.br\/cbradar\/as-6-frases-que-pessoas-emocionalmente-imaturas-repetem-sem-perceber-segundo-psicologos\/#breadcrumb","itemListElement":[{"@type":"ListItem","position":1,"name":"In\u00edcio","item":"https:\/\/www.correiobraziliense.com.br\/cbradar\/"},{"@type":"ListItem","position":2,"name":"As 6 frases que pessoas emocionalmente imaturas repetem sem perceber, segundo psic\u00f3logos"}]},{"@type":"WebSite","@id":"https:\/\/www.correiobraziliense.com.br\/cbradar\/#website","url":"https:\/\/www.correiobraziliense.com.br\/cbradar\/","name":"Correio Braziliense - Radar","description":"Acompanhe as \u00faltimas not\u00edcias e fique bem informado sobre tudo o que acontece no Brasil e no mundo.","potentialAction":[{"@type":"SearchAction","target":{"@type":"EntryPoint","urlTemplate":"https:\/\/www.correiobraziliense.com.br\/cbradar\/?s={search_term_string}"},"query-input":{"@type":"PropertyValueSpecification","valueRequired":true,"valueName":"search_term_string"}}],"inLanguage":"pt-BR"},{"@type":"Person","@id":"https:\/\/www.correiobraziliense.com.br\/cbradar\/#\/schema\/person\/4cec7857301a9a1a2ef249893cd908d3","name":"Paulo Custodio","image":{"@type":"ImageObject","inLanguage":"pt-BR","@id":"https:\/\/www.correiobraziliense.com.br\/cbradar\/#\/schema\/person\/image\/","url":"https:\/\/secure.gravatar.com\/avatar\/bcd67168d1534e8fcf4f45c726a87cea?s=96&d=mm&r=g","contentUrl":"https:\/\/secure.gravatar.com\/avatar\/bcd67168d1534e8fcf4f45c726a87cea?s=96&d=mm&r=g","caption":"Paulo Custodio"},"sameAs":["https:\/\/www.correiobraziliense.com.br\/cbradar"],"url":"https:\/\/www.correiobraziliense.com.br\/cbradar\/author\/paulomyth\/"}]}},"_links":{"self":[{"href":"https:\/\/www.correiobraziliense.com.br\/cbradar\/wp-json\/wp\/v2\/posts\/236403","targetHints":{"allow":["GET"]}}],"collection":[{"href":"https:\/\/www.correiobraziliense.com.br\/cbradar\/wp-json\/wp\/v2\/posts"}],"about":[{"href":"https:\/\/www.correiobraziliense.com.br\/cbradar\/wp-json\/wp\/v2\/types\/post"}],"author":[{"embeddable":true,"href":"https:\/\/www.correiobraziliense.com.br\/cbradar\/wp-json\/wp\/v2\/users\/11"}],"replies":[{"embeddable":true,"href":"https:\/\/www.correiobraziliense.com.br\/cbradar\/wp-json\/wp\/v2\/comments?post=236403"}],"version-history":[{"count":2,"href":"https:\/\/www.correiobraziliense.com.br\/cbradar\/wp-json\/wp\/v2\/posts\/236403\/revisions"}],"predecessor-version":[{"id":236410,"href":"https:\/\/www.correiobraziliense.com.br\/cbradar\/wp-json\/wp\/v2\/posts\/236403\/revisions\/236410"}],"wp:featuredmedia":[{"embeddable":true,"href":"https:\/\/www.correiobraziliense.com.br\/cbradar\/wp-json\/wp\/v2\/media\/236405"}],"wp:attachment":[{"href":"https:\/\/www.correiobraziliense.com.br\/cbradar\/wp-json\/wp\/v2\/media?parent=236403"}],"wp:term":[{"taxonomy":"category","embeddable":true,"href":"https:\/\/www.correiobraziliense.com.br\/cbradar\/wp-json\/wp\/v2\/categories?post=236403"},{"taxonomy":"post_tag","embeddable":true,"href":"https:\/\/www.correiobraziliense.com.br\/cbradar\/wp-json\/wp\/v2\/tags?post=236403"}],"curies":[{"name":"wp","href":"https:\/\/api.w.org\/{rel}","templated":true}]}}