{"id":23670,"date":"2025-04-16T19:30:00","date_gmt":"2025-04-16T22:30:00","guid":{"rendered":"https:\/\/www.correiobraziliense.com.br\/cbradar\/?p=23670"},"modified":"2025-04-15T06:05:40","modified_gmt":"2025-04-15T09:05:40","slug":"brandon-sklenar-revela-vontade-de-voltar-para-o-universo-de-yellowstone","status":"publish","type":"post","link":"https:\/\/www.correiobraziliense.com.br\/cbradar\/brandon-sklenar-revela-vontade-de-voltar-para-o-universo-de-yellowstone\/","title":{"rendered":"Brandon Sklenar revela vontade de voltar para o universo de Yellowstone"},"content":{"rendered":"\n<p><strong>Brandon Sklenar<\/strong> expressou seu desejo de retornar ao papel de <strong>Spencer Dutton<\/strong> na s\u00e9rie &#8220;<strong>1944<\/strong>&#8220;, a pr\u00f3xima continua\u00e7\u00e3o da popular franquia <strong><a href=\"https:\/\/www.correiobraziliense.com.br\/cbradar\/yellowstone-tera-mais-um-spin-off-para-expandir-o-universo-entenda\/\" target=\"_blank\" rel=\"noreferrer noopener\">Yellowstone<\/a><\/strong>. Esta nova produ\u00e7\u00e3o dar\u00e1 continuidade aos eventos de &#8220;1923&#8221;, onde Sklenar contracenou com grandes nomes como Harrison Ford e Helen Mirren. Em uma entrevista ao <strong>The Hollywood Reporter<\/strong>, o ator revelou seu entusiasmo em revisitar o personagem, mencionando que est\u00e1 disposto a se adaptar fisicamente para o papel, caso necess\u00e1rio.<\/p>\n\n\n\n<p>O ator compartilhou que o t\u00e9rmino das grava\u00e7\u00f5es de &#8220;<strong>1923<\/strong>&#8221; foi um momento de grande emo\u00e7\u00e3o, pois representou o fechamento de um cap\u00edtulo significativo em sua carreira. No entanto, ele deixou claro que seu desejo de retornar n\u00e3o \u00e9 apenas profissional, mas tamb\u00e9m pessoal, dado o carinho que desenvolveu por Spencer Dutton.<\/p>\n\n\n\n<h2 class=\"wp-block-heading\">Desafios e aventuras na segunda temporada de 1923<\/h2>\n\n\n\n<p>A segunda temporada de &#8220;1923&#8221; trouxe novos desafios para os personagens principais, Jacob e Cara Dutton, interpretados por Harrison Ford e Helen Mirren. O inverno rigoroso e os neg\u00f3cios inacabados no Rancho Dutton criaram um cen\u00e1rio tenso e desafiador. Spencer Dutton, vivido por Brandon Sklenar, embarca em uma jornada urgente para salvar sua fam\u00edlia em Montana, enfrentando adversidades e inimigos determinados a destruir o legado dos Dutton.<\/p>\n\n\n\n<p>Enquanto isso, Alexandra, interpretada por Julia Schlaepfer, tamb\u00e9m enfrenta sua pr\u00f3pria jornada transatl\u00e2ntica em busca de Spencer, numa tentativa de recuperar seu amor. A narrativa se desenrola com novos personagens, como o implac\u00e1vel bar\u00e3o de terras interpretado por Timothy Dalton e seu capanga, vivido por Jerome Flynn, adicionando mais camadas de tens\u00e3o e intriga \u00e0 hist\u00f3ria.<\/p>\n\n\n\n<figure class=\"wp-block-image size-large\"><img decoding=\"async\" width=\"1024\" height=\"576\" src=\"https:\/\/www.correiobraziliense.com.br\/cbradar\/wp-content\/uploads\/2025\/04\/Brandon-Sklenar_1744707891716-1024x576.jpg\" alt=\"Brandon Sklenar revela vontade de voltar para o universo de Yellowstone\" class=\"wp-image-23673\" srcset=\"https:\/\/www.correiobraziliense.com.br\/cbradar\/wp-content\/uploads\/2025\/04\/Brandon-Sklenar_1744707891716-1024x576.jpg 1024w, https:\/\/www.correiobraziliense.com.br\/cbradar\/wp-content\/uploads\/2025\/04\/Brandon-Sklenar_1744707891716-300x169.jpg 300w, https:\/\/www.correiobraziliense.com.br\/cbradar\/wp-content\/uploads\/2025\/04\/Brandon-Sklenar_1744707891716-768x432.jpg 768w, https:\/\/www.correiobraziliense.com.br\/cbradar\/wp-content\/uploads\/2025\/04\/Brandon-Sklenar_1744707891716-750x422.jpg 750w, https:\/\/www.correiobraziliense.com.br\/cbradar\/wp-content\/uploads\/2025\/04\/Brandon-Sklenar_1744707891716-1140x641.jpg 1140w, https:\/\/www.correiobraziliense.com.br\/cbradar\/wp-content\/uploads\/2025\/04\/Brandon-Sklenar_1744707891716.jpg 1280w\" sizes=\"(max-width: 1024px) 100vw, 1024px\" \/><figcaption class=\"wp-element-caption\">Brandon Sklenar. Cr\u00e9ditos: depositphotos.com \/ Image Press Agency<\/figcaption><\/figure>\n\n\n\n<h2 class=\"wp-block-heading\">O que esperar de 1944?<\/h2>\n\n\n\n<p>Com a confirma\u00e7\u00e3o de &#8220;1944&#8221; como a pr\u00f3xima etapa da saga Yellowstone, os f\u00e3s est\u00e3o ansiosos para ver como a hist\u00f3ria dos Dutton continuar\u00e1 a se desenvolver. A s\u00e9rie promete explorar novos desafios e din\u00e2micas familiares, mantendo o p\u00fablico envolvido com suas tramas complexas e emocionantes. A presen\u00e7a de Brandon Sklenar como Spencer Dutton \u00e9 aguardada com expectativa, j\u00e1 que seu personagem desempenha um papel crucial na prote\u00e7\u00e3o e continuidade do legado da fam\u00edlia.<\/p>\n\n\n\n<p>Al\u00e9m disso, a s\u00e9rie deve continuar a explorar temas como lealdade, sobreviv\u00eancia e o impacto das mudan\u00e7as sociais e econ\u00f4micas no cen\u00e1rio rural dos Estados Unidos. Com um elenco talentoso e uma narrativa envolvente, &#8220;1944&#8221; tem tudo para ser mais um sucesso na franquia Yellowstone.<\/p>\n\n\n\n<h2 class=\"wp-block-heading\">Por que a franquia Yellowstone continua a fascinar?<\/h2>\n\n\n\n<p>A franquia Yellowstone conquistou uma base de f\u00e3s leal devido \u00e0 sua capacidade de combinar drama familiar com quest\u00f5es sociais relevantes. A s\u00e9rie oferece uma vis\u00e3o \u00fanica da vida no oeste americano, abordando temas como posse de terras, conflitos familiares e a luta pela sobreviv\u00eancia em um ambiente hostil. A autenticidade dos personagens e a complexidade das tramas s\u00e3o elementos que mant\u00eam o p\u00fablico cativado.<\/p>\n\n\n\n<p>Al\u00e9m disso, a presen\u00e7a de atores renomados como Harrison Ford e Helen Mirren eleva a qualidade da produ\u00e7\u00e3o, garantindo performances memor\u00e1veis e envolventes. A s\u00e9rie tamb\u00e9m se destaca por sua cinematografia impressionante, capturando a beleza e a brutalidade do cen\u00e1rio rural americano.<\/p>\n\n\n\n<iframe loading=\"lazy\" width=\"560\" height=\"315\" src=\"https:\/\/www.youtube.com\/embed\/jr32f0rnK1o?si=S-QrAwVsKZvfCfOh\" title=\"YouTube video player\" frameborder=\"0\" allow=\"accelerometer; autoplay; clipboard-write; encrypted-media; gyroscope; picture-in-picture; web-share\" referrerpolicy=\"strict-origin-when-cross-origin\" allowfullscreen><\/iframe>\n\n\n\n<h2 class=\"wp-block-heading\">O futuro da s\u00e9rie e o impacto na carreira de Brandon Sklenar<\/h2>\n\n\n\n<p>O retorno de Brandon Sklenar como Spencer Dutton em &#8220;1944&#8221; pode representar um marco importante em sua carreira, consolidando-o como um dos protagonistas da franquia. Sua dedica\u00e7\u00e3o ao personagem e o desejo de continuar explorando a hist\u00f3ria dos Dutton demonstram seu compromisso com a s\u00e9rie e seu p\u00fablico.<\/p>\n\n\n\n<p>Com a expectativa crescente em torno de &#8220;1944&#8221;, a s\u00e9rie tem o potencial de expandir ainda mais o universo de Yellowstone, atraindo novos espectadores e mantendo os f\u00e3s antigos engajados. O futuro parece promissor para a franquia e para Brandon Sklenar, que continua a deixar sua marca no mundo do entretenimento.<\/p>\n","protected":false},"excerpt":{"rendered":"<p>Brandon Sklenar pode retornar como Spencer Dutton em 1944, a continua\u00e7\u00e3o da franquia Yellowstone.<\/p>\n","protected":false},"author":3,"featured_media":23672,"comment_status":"open","ping_status":"open","sticky":false,"template":"","format":"standard","meta":{"jnews-multi-image_gallery":[],"jnews_single_post":{"format":"standard"},"jnews_primary_category":[],"jnews_social_meta":[],"jnews_override_counter":[],"footnotes":""},"categories":[140],"post_tag":[568,838],"class_list":["post-23670","post","type-post","status-publish","format-standard","has-post-thumbnail","hentry","category-entretenimento","tag-series-e-filmes","tag-yellowstone"],"yoast_head":"<!-- This site is optimized with the Yoast SEO plugin v24.6 - https:\/\/yoast.com\/wordpress\/plugins\/seo\/ -->\n<title>Brandon Sklenar revela vontade de voltar para o universo de Yellowstone<\/title>\n<meta name=\"description\" content=\"Brandon Sklenar pode retornar como Spencer Dutton em 1944, a continua\u00e7\u00e3o da franquia Yellowstone.\" \/>\n<meta name=\"robots\" content=\"index, follow, max-snippet:-1, max-image-preview:large, max-video-preview:-1\" \/>\n<link rel=\"canonical\" href=\"https:\/\/www.correiobraziliense.com.br\/cbradar\/brandon-sklenar-revela-vontade-de-voltar-para-o-universo-de-yellowstone\/\" \/>\n<meta property=\"og:locale\" content=\"pt_BR\" \/>\n<meta property=\"og:type\" content=\"article\" \/>\n<meta property=\"og:title\" content=\"Brandon Sklenar revela vontade de voltar para o universo de Yellowstone\" \/>\n<meta property=\"og:description\" content=\"Brandon Sklenar pode retornar como Spencer Dutton em 1944, a continua\u00e7\u00e3o da franquia Yellowstone.\" \/>\n<meta property=\"og:url\" content=\"https:\/\/www.correiobraziliense.com.br\/cbradar\/brandon-sklenar-revela-vontade-de-voltar-para-o-universo-de-yellowstone\/\" \/>\n<meta property=\"og:site_name\" content=\"Correio Braziliense - Radar\" \/>\n<meta property=\"article:published_time\" content=\"2025-04-16T22:30:00+00:00\" \/>\n<meta property=\"og:image\" content=\"https:\/\/www.correiobraziliense.com.br\/cbradar\/wp-content\/uploads\/2025\/04\/Brandon-Sklenar_1744707818840.jpg\" \/>\n\t<meta property=\"og:image:width\" content=\"1280\" \/>\n\t<meta property=\"og:image:height\" content=\"720\" \/>\n\t<meta property=\"og:image:type\" content=\"image\/jpeg\" \/>\n<meta name=\"author\" content=\"Larissa Carvalho\" \/>\n<meta name=\"twitter:card\" content=\"summary_large_image\" \/>\n<meta name=\"twitter:label1\" content=\"Escrito por\" \/>\n\t<meta name=\"twitter:data1\" content=\"Larissa Carvalho\" \/>\n\t<meta name=\"twitter:label2\" content=\"Est. tempo de leitura\" \/>\n\t<meta name=\"twitter:data2\" content=\"4 minutos\" \/>\n<!-- \/ Yoast SEO plugin. -->","yoast_head_json":{"title":"Brandon Sklenar revela vontade de voltar para o universo de Yellowstone","description":"Brandon Sklenar pode retornar como Spencer Dutton em 1944, a continua\u00e7\u00e3o da franquia Yellowstone.","robots":{"index":"index","follow":"follow","max-snippet":"max-snippet:-1","max-image-preview":"max-image-preview:large","max-video-preview":"max-video-preview:-1"},"canonical":"https:\/\/www.correiobraziliense.com.br\/cbradar\/brandon-sklenar-revela-vontade-de-voltar-para-o-universo-de-yellowstone\/","og_locale":"pt_BR","og_type":"article","og_title":"Brandon Sklenar revela vontade de voltar para o universo de Yellowstone","og_description":"Brandon Sklenar pode retornar como Spencer Dutton em 1944, a continua\u00e7\u00e3o da franquia Yellowstone.","og_url":"https:\/\/www.correiobraziliense.com.br\/cbradar\/brandon-sklenar-revela-vontade-de-voltar-para-o-universo-de-yellowstone\/","og_site_name":"Correio Braziliense - Radar","article_published_time":"2025-04-16T22:30:00+00:00","og_image":[{"width":1280,"height":720,"url":"https:\/\/www.correiobraziliense.com.br\/cbradar\/wp-content\/uploads\/2025\/04\/Brandon-Sklenar_1744707818840.jpg","type":"image\/jpeg"}],"author":"Larissa Carvalho","twitter_card":"summary_large_image","twitter_misc":{"Escrito por":"Larissa Carvalho","Est. tempo de leitura":"4 minutos"},"schema":{"@context":"https:\/\/schema.org","@graph":[{"@type":"WebPage","@id":"https:\/\/www.correiobraziliense.com.br\/cbradar\/brandon-sklenar-revela-vontade-de-voltar-para-o-universo-de-yellowstone\/","url":"https:\/\/www.correiobraziliense.com.br\/cbradar\/brandon-sklenar-revela-vontade-de-voltar-para-o-universo-de-yellowstone\/","name":"Brandon Sklenar revela vontade de voltar para o universo de Yellowstone","isPartOf":{"@id":"https:\/\/www.correiobraziliense.com.br\/cbradar\/#website"},"primaryImageOfPage":{"@id":"https:\/\/www.correiobraziliense.com.br\/cbradar\/brandon-sklenar-revela-vontade-de-voltar-para-o-universo-de-yellowstone\/#primaryimage"},"image":{"@id":"https:\/\/www.correiobraziliense.com.br\/cbradar\/brandon-sklenar-revela-vontade-de-voltar-para-o-universo-de-yellowstone\/#primaryimage"},"thumbnailUrl":"https:\/\/www.correiobraziliense.com.br\/cbradar\/wp-content\/uploads\/2025\/04\/Brandon-Sklenar_1744707818840.jpg","datePublished":"2025-04-16T22:30:00+00:00","author":{"@id":"https:\/\/www.correiobraziliense.com.br\/cbradar\/#\/schema\/person\/58422787644df994b53a19d3e56c1513"},"description":"Brandon Sklenar pode retornar como Spencer Dutton em 1944, a continua\u00e7\u00e3o da franquia Yellowstone.","breadcrumb":{"@id":"https:\/\/www.correiobraziliense.com.br\/cbradar\/brandon-sklenar-revela-vontade-de-voltar-para-o-universo-de-yellowstone\/#breadcrumb"},"inLanguage":"pt-BR","potentialAction":[{"@type":"ReadAction","target":["https:\/\/www.correiobraziliense.com.br\/cbradar\/brandon-sklenar-revela-vontade-de-voltar-para-o-universo-de-yellowstone\/"]}]},{"@type":"ImageObject","inLanguage":"pt-BR","@id":"https:\/\/www.correiobraziliense.com.br\/cbradar\/brandon-sklenar-revela-vontade-de-voltar-para-o-universo-de-yellowstone\/#primaryimage","url":"https:\/\/www.correiobraziliense.com.br\/cbradar\/wp-content\/uploads\/2025\/04\/Brandon-Sklenar_1744707818840.jpg","contentUrl":"https:\/\/www.correiobraziliense.com.br\/cbradar\/wp-content\/uploads\/2025\/04\/Brandon-Sklenar_1744707818840.jpg","width":1280,"height":720,"caption":"Brandon Sklenar. Cr\u00e9ditos: depositphotos.com \/ Image Press Agency"},{"@type":"BreadcrumbList","@id":"https:\/\/www.correiobraziliense.com.br\/cbradar\/brandon-sklenar-revela-vontade-de-voltar-para-o-universo-de-yellowstone\/#breadcrumb","itemListElement":[{"@type":"ListItem","position":1,"name":"In\u00edcio","item":"https:\/\/www.correiobraziliense.com.br\/cbradar\/"},{"@type":"ListItem","position":2,"name":"Brandon Sklenar revela vontade de voltar para o universo de Yellowstone"}]},{"@type":"WebSite","@id":"https:\/\/www.correiobraziliense.com.br\/cbradar\/#website","url":"https:\/\/www.correiobraziliense.com.br\/cbradar\/","name":"Correio Braziliense - Radar","description":"Acompanhe as \u00faltimas not\u00edcias e fique bem informado sobre tudo o que acontece no Brasil e no mundo.","potentialAction":[{"@type":"SearchAction","target":{"@type":"EntryPoint","urlTemplate":"https:\/\/www.correiobraziliense.com.br\/cbradar\/?s={search_term_string}"},"query-input":{"@type":"PropertyValueSpecification","valueRequired":true,"valueName":"search_term_string"}}],"inLanguage":"pt-BR"},{"@type":"Person","@id":"https:\/\/www.correiobraziliense.com.br\/cbradar\/#\/schema\/person\/58422787644df994b53a19d3e56c1513","name":"Larissa Carvalho","image":{"@type":"ImageObject","inLanguage":"pt-BR","@id":"https:\/\/www.correiobraziliense.com.br\/cbradar\/#\/schema\/person\/image\/","url":"https:\/\/secure.gravatar.com\/avatar\/fe4f91a0de32b52a838d0d612abdc1aa?s=96&d=mm&r=g","contentUrl":"https:\/\/secure.gravatar.com\/avatar\/fe4f91a0de32b52a838d0d612abdc1aa?s=96&d=mm&r=g","caption":"Larissa Carvalho"},"url":"https:\/\/www.correiobraziliense.com.br\/cbradar\/author\/larissamyth\/"}]}},"_links":{"self":[{"href":"https:\/\/www.correiobraziliense.com.br\/cbradar\/wp-json\/wp\/v2\/posts\/23670","targetHints":{"allow":["GET"]}}],"collection":[{"href":"https:\/\/www.correiobraziliense.com.br\/cbradar\/wp-json\/wp\/v2\/posts"}],"about":[{"href":"https:\/\/www.correiobraziliense.com.br\/cbradar\/wp-json\/wp\/v2\/types\/post"}],"author":[{"embeddable":true,"href":"https:\/\/www.correiobraziliense.com.br\/cbradar\/wp-json\/wp\/v2\/users\/3"}],"replies":[{"embeddable":true,"href":"https:\/\/www.correiobraziliense.com.br\/cbradar\/wp-json\/wp\/v2\/comments?post=23670"}],"version-history":[{"count":2,"href":"https:\/\/www.correiobraziliense.com.br\/cbradar\/wp-json\/wp\/v2\/posts\/23670\/revisions"}],"predecessor-version":[{"id":23674,"href":"https:\/\/www.correiobraziliense.com.br\/cbradar\/wp-json\/wp\/v2\/posts\/23670\/revisions\/23674"}],"wp:featuredmedia":[{"embeddable":true,"href":"https:\/\/www.correiobraziliense.com.br\/cbradar\/wp-json\/wp\/v2\/media\/23672"}],"wp:attachment":[{"href":"https:\/\/www.correiobraziliense.com.br\/cbradar\/wp-json\/wp\/v2\/media?parent=23670"}],"wp:term":[{"taxonomy":"category","embeddable":true,"href":"https:\/\/www.correiobraziliense.com.br\/cbradar\/wp-json\/wp\/v2\/categories?post=23670"},{"taxonomy":"post_tag","embeddable":true,"href":"https:\/\/www.correiobraziliense.com.br\/cbradar\/wp-json\/wp\/v2\/post_tag?post=23670"}],"curies":[{"name":"wp","href":"https:\/\/api.w.org\/{rel}","templated":true}]}}