{"id":23705,"date":"2025-04-16T09:50:00","date_gmt":"2025-04-16T12:50:00","guid":{"rendered":"https:\/\/www.correiobraziliense.com.br\/cbradar\/?p=23705"},"modified":"2025-07-01T23:11:17","modified_gmt":"2025-07-02T02:11:17","slug":"confira-os-nomes-confirmados-na-nova-serie-de-harry-potter","status":"publish","type":"post","link":"https:\/\/www.correiobraziliense.com.br\/cbradar\/confira-os-nomes-confirmados-na-nova-serie-de-harry-potter\/","title":{"rendered":"Confira os nomes confirmados na nova s\u00e9rie de Harry Potter!"},"content":{"rendered":"\n<p>A <a href=\"https:\/\/www.max.com\/br\/pt\" target=\"_blank\" rel=\"noreferrer noopener\"><strong>HBO<\/strong> <\/a>finalmente revelou os nomes que dar\u00e3o vida aos ic\u00f4nicos personagens da nova <a href=\"https:\/\/www.correiobraziliense.com.br\/cbradar\/como-assistir-aos-filmes-de-harry-potter-na-ordem-correta\/\" target=\"_blank\" rel=\"noreferrer noopener\">s\u00e9rie<\/a> de <strong>Harry Potter<\/strong>. Ap\u00f3s um processo de sele\u00e7\u00e3o que reuniu mais de <strong>32 mil<\/strong> candidatos, os est\u00fadios confirmaram o trio principal e parte do elenco adulto que nos levar\u00e1 de volta a <strong>Hogwarts<\/strong>. A adapta\u00e7\u00e3o televisiva promete ser a mais fiel aos livros de <strong>J.K. Rowling<\/strong>, explorando cada detalhe que os filmes n\u00e3o puderam abordar.<\/p>\n\n\n\n<p><strong>Dominic McLaughlin<\/strong> foi escolhido para interpretar <strong>Harry Potter<\/strong>, enquanto <strong>Arabella Stanton<\/strong> dar\u00e1 vida \u00e0 inteligente <strong>Hermione Granger<\/strong> e <strong>Alastair Stout<\/strong> ser\u00e1 o leal <strong>Ron Weasley<\/strong>. O elenco adulto conta com nomes experientes como <strong>John Lithgow<\/strong> no papel de <strong>Alvo Dumbledore<\/strong>, <strong>Janet McTeer<\/strong> como <strong>Minerva McGonagall<\/strong>, <strong>Paapa Essiedu<\/strong> interpretando <strong>Severo Snape<\/strong> e <strong>Nick Frost<\/strong> no papel do querido <strong>R\u00fabeo Hagrid<\/strong>.<\/p>\n\n\n\n<h2 class=\"wp-block-heading\">Quem s\u00e3o os atores confirmados?<\/h2>\n\n\n\n<p>O elenco fixo da s\u00e9rie conta com nomes de peso. <strong>John Lithgow<\/strong>, conhecido por sua versatilidade, trar\u00e1 sua experi\u00eancia para o papel de <strong>Dumbledore<\/strong>. <strong>Janet McTeer<\/strong>, uma atriz renomada, dar\u00e1 vida \u00e0 professora <strong>McGonagall<\/strong>. <strong>Paapa Essiedu<\/strong>, que j\u00e1 demonstrou seu talento em diversas produ\u00e7\u00f5es, ser\u00e1 o enigm\u00e1tico <strong>Snape<\/strong>. <strong>Nick Frost<\/strong>, famoso por seu trabalho em com\u00e9dias, ser\u00e1 o carism\u00e1tico <strong>Hagrid<\/strong>.<\/p>\n\n\n\n<p>Para as participa\u00e7\u00f5es especiais, <strong>Luke Thallon<\/strong> interpretar\u00e1 <strong>Quirino Quirrell<\/strong>, enquanto <strong>Paul Whitehouse<\/strong> assumir\u00e1 o papel de <strong>Argus Filch<\/strong>. Esses atores trar\u00e3o suas habilidades \u00fanicas para enriquecer ainda mais a narrativa da s\u00e9rie.<\/p>\n\n\n\n<figure class=\"wp-block-embed aligncenter is-type-video is-provider-youtube wp-block-embed-youtube wp-embed-aspect-16-9 wp-has-aspect-ratio\"><div class=\"wp-block-embed__wrapper\">\n<div class=\"jeg_video_container jeg_video_content\"><iframe loading=\"lazy\" title=\"&quot;Harry Potter and the Deathly Hallows - Part 2&quot; Trailer 2\" width=\"500\" height=\"281\" src=\"https:\/\/www.youtube.com\/embed\/5NYt1qirBWg?feature=oembed\" frameborder=\"0\" allow=\"accelerometer; autoplay; clipboard-write; encrypted-media; gyroscope; picture-in-picture; web-share\" referrerpolicy=\"strict-origin-when-cross-origin\" allowfullscreen><\/iframe><\/div>\n<\/div><\/figure>\n\n\n\n<h2 class=\"wp-block-heading\">Quando a magia retornar\u00e1 \u00e0s nossas telas?<\/h2>\n\n\n\n<p>A nova s\u00e9rie de <strong>Harry Potter<\/strong> deve estrear entre o final de <strong>2026<\/strong> e in\u00edcio de <strong>2027<\/strong> na <strong>HBO<\/strong> e <strong>Max<\/strong>. As filmagens est\u00e3o programadas para come\u00e7ar no meio de <strong>2025<\/strong>, com a pr\u00e9-produ\u00e7\u00e3o j\u00e1 em andamento desde o final de <strong>2024<\/strong>. O cronograma ambicioso reflete o compromisso da <strong>Warner Bros. Discovery<\/strong> com uma produ\u00e7\u00e3o de alta qualidade.<\/p>\n\n\n\n<p>A <strong>HBO<\/strong> planeja uma estrat\u00e9gia de lan\u00e7amento que durar\u00e1 aproximadamente <strong>dez anos<\/strong>, transformando a s\u00e9rie em um evento cultural de longa dura\u00e7\u00e3o. Cada temporada ser\u00e1 lan\u00e7ada anualmente, permitindo que os atores jovens cres\u00e7am junto com seus personagens, assim como aconteceu com o elenco original dos filmes. A produ\u00e7\u00e3o j\u00e1 confirmou que est\u00e1 preparada para este compromisso de longa dura\u00e7\u00e3o, garantindo continuidade na qualidade e narrativa.<\/p>\n\n\n\n<h2 class=\"wp-block-heading\">Por que esta s\u00e9rie pode redefinir o universo de Harry Potter?<\/h2>\n\n\n\n<p>Uma curiosidade interessante \u00e9 que <strong>Daniel Radcliffe<\/strong>, <strong>Emma Watson<\/strong> e <strong>Rupert Grint<\/strong>, o trio original dos filmes, foram descobertos h\u00e1 mais de <strong>20<\/strong> anos atrav\u00e9s de um processo de audi\u00e7\u00e3o similar ao atual. <strong>Rupert Grint<\/strong>, por exemplo, tinha apenas <strong>12<\/strong> anos quando se candidatou ap\u00f3s ver um an\u00fancio na televis\u00e3o infantil da <strong>BBC<\/strong>. A hist\u00f3ria pode estar se repetindo com os novos int\u00e9rpretes, que tamb\u00e9m podem se tornar \u00edcones mundiais.<\/p>\n\n\n\n<p>A nova s\u00e9rie representa uma oportunidade \u00fanica de corrigir elementos que os f\u00e3s sentiram falta nos filmes, como o desenvolvimento mais detalhado de personagens como <strong>Neville Longbottom<\/strong>, <strong>Luna Lovegood<\/strong> e os membros da <strong>Armada de Dumbledore<\/strong>. Com mais tempo para explorar o universo criado por <strong>Rowling<\/strong>, a adapta\u00e7\u00e3o pode se tornar a vers\u00e3o definitiva da saga para uma nova gera\u00e7\u00e3o de f\u00e3s, mantendo a magia que encantou milh\u00f5es de pessoas ao redor do mundo.<\/p>\n","protected":false},"excerpt":{"rendered":"<p>A HBO finalmente revelou os nomes que dar\u00e3o vida aos ic\u00f4nicos personagens da nova s\u00e9rie de Harry Potter. Ap\u00f3s um processo de sele\u00e7\u00e3o que reuniu mais de 32 mil candidatos, os est\u00fadios confirmaram o trio principal e parte do elenco adulto que nos levar\u00e1 de volta a Hogwarts. A adapta\u00e7\u00e3o televisiva promete ser a mais [&hellip;]<\/p>\n","protected":false},"author":8,"featured_media":23804,"comment_status":"open","ping_status":"open","sticky":false,"template":"","format":"standard","meta":{"_yoast_wpseo_focuskw":"Harry Potter","_yoast_wpseo_title":"","_yoast_wpseo_metadesc":"Confira os nomes confirmados na nova s\u00e9rie de Harry Potter e veja quem dar\u00e1 vida aos personagens ic\u00f4nicos da saga!","jnews-multi-image_gallery":[],"jnews_single_post":{"format":"standard"},"jnews_primary_category":[],"jnews_social_meta":[],"jnews_override_counter":[],"footnotes":""},"categories":[140],"post_tag":[719,568],"class_list":["post-23705","post","type-post","status-publish","format-standard","has-post-thumbnail","hentry","category-entretenimento","tag-harry-potter","tag-series-e-filmes"],"yoast_head":"<!-- This site is optimized with the Yoast SEO plugin v24.6 - https:\/\/yoast.com\/wordpress\/plugins\/seo\/ -->\n<title>Confira os nomes confirmados na nova s\u00e9rie de Harry Potter! - Correio Braziliense - Radar<\/title>\n<meta name=\"description\" content=\"Confira os nomes confirmados na nova s\u00e9rie de Harry Potter e veja quem dar\u00e1 vida aos personagens ic\u00f4nicos da saga!\" \/>\n<meta name=\"robots\" content=\"index, follow, max-snippet:-1, max-image-preview:large, max-video-preview:-1\" \/>\n<link rel=\"canonical\" href=\"https:\/\/www.correiobraziliense.com.br\/cbradar\/confira-os-nomes-confirmados-na-nova-serie-de-harry-potter\/\" \/>\n<meta property=\"og:locale\" content=\"pt_BR\" \/>\n<meta property=\"og:type\" content=\"article\" \/>\n<meta property=\"og:title\" content=\"Confira os nomes confirmados na nova s\u00e9rie de Harry Potter! - Correio Braziliense - Radar\" \/>\n<meta property=\"og:description\" content=\"Confira os nomes confirmados na nova s\u00e9rie de Harry Potter e veja quem dar\u00e1 vida aos personagens ic\u00f4nicos da saga!\" \/>\n<meta property=\"og:url\" content=\"https:\/\/www.correiobraziliense.com.br\/cbradar\/confira-os-nomes-confirmados-na-nova-serie-de-harry-potter\/\" \/>\n<meta property=\"og:site_name\" content=\"Correio Braziliense - Radar\" \/>\n<meta property=\"article:published_time\" content=\"2025-04-16T12:50:00+00:00\" \/>\n<meta property=\"article:modified_time\" content=\"2025-07-02T02:11:17+00:00\" \/>\n<meta property=\"og:image\" content=\"https:\/\/www.correiobraziliense.com.br\/cbradar\/wp-content\/uploads\/2025\/04\/Edicoes-47.png\" \/>\n\t<meta property=\"og:image:width\" content=\"1280\" \/>\n\t<meta property=\"og:image:height\" content=\"720\" \/>\n\t<meta property=\"og:image:type\" content=\"image\/png\" \/>\n<meta name=\"author\" content=\"Maura Pereira\" \/>\n<meta name=\"twitter:card\" content=\"summary_large_image\" \/>\n<meta name=\"twitter:label1\" content=\"Escrito por\" \/>\n\t<meta name=\"twitter:data1\" content=\"Maura Pereira\" \/>\n\t<meta name=\"twitter:label2\" content=\"Est. tempo de leitura\" \/>\n\t<meta name=\"twitter:data2\" content=\"3 minutos\" \/>\n<!-- \/ Yoast SEO plugin. -->","yoast_head_json":{"title":"Confira os nomes confirmados na nova s\u00e9rie de Harry Potter! - Correio Braziliense - Radar","description":"Confira os nomes confirmados na nova s\u00e9rie de Harry Potter e veja quem dar\u00e1 vida aos personagens ic\u00f4nicos da saga!","robots":{"index":"index","follow":"follow","max-snippet":"max-snippet:-1","max-image-preview":"max-image-preview:large","max-video-preview":"max-video-preview:-1"},"canonical":"https:\/\/www.correiobraziliense.com.br\/cbradar\/confira-os-nomes-confirmados-na-nova-serie-de-harry-potter\/","og_locale":"pt_BR","og_type":"article","og_title":"Confira os nomes confirmados na nova s\u00e9rie de Harry Potter! - Correio Braziliense - Radar","og_description":"Confira os nomes confirmados na nova s\u00e9rie de Harry Potter e veja quem dar\u00e1 vida aos personagens ic\u00f4nicos da saga!","og_url":"https:\/\/www.correiobraziliense.com.br\/cbradar\/confira-os-nomes-confirmados-na-nova-serie-de-harry-potter\/","og_site_name":"Correio Braziliense - Radar","article_published_time":"2025-04-16T12:50:00+00:00","article_modified_time":"2025-07-02T02:11:17+00:00","og_image":[{"width":1280,"height":720,"url":"https:\/\/www.correiobraziliense.com.br\/cbradar\/wp-content\/uploads\/2025\/04\/Edicoes-47.png","type":"image\/png"}],"author":"Maura Pereira","twitter_card":"summary_large_image","twitter_misc":{"Escrito por":"Maura Pereira","Est. tempo de leitura":"3 minutos"},"schema":{"@context":"https:\/\/schema.org","@graph":[{"@type":"WebPage","@id":"https:\/\/www.correiobraziliense.com.br\/cbradar\/confira-os-nomes-confirmados-na-nova-serie-de-harry-potter\/","url":"https:\/\/www.correiobraziliense.com.br\/cbradar\/confira-os-nomes-confirmados-na-nova-serie-de-harry-potter\/","name":"Confira os nomes confirmados na nova s\u00e9rie de Harry Potter! - Correio Braziliense - Radar","isPartOf":{"@id":"https:\/\/www.correiobraziliense.com.br\/cbradar\/#website"},"primaryImageOfPage":{"@id":"https:\/\/www.correiobraziliense.com.br\/cbradar\/confira-os-nomes-confirmados-na-nova-serie-de-harry-potter\/#primaryimage"},"image":{"@id":"https:\/\/www.correiobraziliense.com.br\/cbradar\/confira-os-nomes-confirmados-na-nova-serie-de-harry-potter\/#primaryimage"},"thumbnailUrl":"https:\/\/www.correiobraziliense.com.br\/cbradar\/wp-content\/uploads\/2025\/04\/Edicoes-47.png","datePublished":"2025-04-16T12:50:00+00:00","dateModified":"2025-07-02T02:11:17+00:00","author":{"@id":"https:\/\/www.correiobraziliense.com.br\/cbradar\/#\/schema\/person\/4053c651a9bfc785afc6f4cbc9032fd3"},"description":"Confira os nomes confirmados na nova s\u00e9rie de Harry Potter e veja quem dar\u00e1 vida aos personagens ic\u00f4nicos da saga!","breadcrumb":{"@id":"https:\/\/www.correiobraziliense.com.br\/cbradar\/confira-os-nomes-confirmados-na-nova-serie-de-harry-potter\/#breadcrumb"},"inLanguage":"pt-BR","potentialAction":[{"@type":"ReadAction","target":["https:\/\/www.correiobraziliense.com.br\/cbradar\/confira-os-nomes-confirmados-na-nova-serie-de-harry-potter\/"]}]},{"@type":"ImageObject","inLanguage":"pt-BR","@id":"https:\/\/www.correiobraziliense.com.br\/cbradar\/confira-os-nomes-confirmados-na-nova-serie-de-harry-potter\/#primaryimage","url":"https:\/\/www.correiobraziliense.com.br\/cbradar\/wp-content\/uploads\/2025\/04\/Edicoes-47.png","contentUrl":"https:\/\/www.correiobraziliense.com.br\/cbradar\/wp-content\/uploads\/2025\/04\/Edicoes-47.png","width":1280,"height":720,"caption":"Harry Potter e o Prisioneiro de Azkaban \/\/ Reprodu\u00e7\u00e3o: IMDb (Foto\/Divulga\u00e7\u00e3o)"},{"@type":"BreadcrumbList","@id":"https:\/\/www.correiobraziliense.com.br\/cbradar\/confira-os-nomes-confirmados-na-nova-serie-de-harry-potter\/#breadcrumb","itemListElement":[{"@type":"ListItem","position":1,"name":"In\u00edcio","item":"https:\/\/www.correiobraziliense.com.br\/cbradar\/"},{"@type":"ListItem","position":2,"name":"Confira os nomes confirmados na nova s\u00e9rie de Harry Potter!"}]},{"@type":"WebSite","@id":"https:\/\/www.correiobraziliense.com.br\/cbradar\/#website","url":"https:\/\/www.correiobraziliense.com.br\/cbradar\/","name":"Correio Braziliense - Radar","description":"Acompanhe as \u00faltimas not\u00edcias e fique bem informado sobre tudo o que acontece no Brasil e no mundo.","potentialAction":[{"@type":"SearchAction","target":{"@type":"EntryPoint","urlTemplate":"https:\/\/www.correiobraziliense.com.br\/cbradar\/?s={search_term_string}"},"query-input":{"@type":"PropertyValueSpecification","valueRequired":true,"valueName":"search_term_string"}}],"inLanguage":"pt-BR"},{"@type":"Person","@id":"https:\/\/www.correiobraziliense.com.br\/cbradar\/#\/schema\/person\/4053c651a9bfc785afc6f4cbc9032fd3","name":"Maura Pereira","image":{"@type":"ImageObject","inLanguage":"pt-BR","@id":"https:\/\/www.correiobraziliense.com.br\/cbradar\/#\/schema\/person\/image\/","url":"https:\/\/secure.gravatar.com\/avatar\/3effd6bdadfa447f15089c7f7144eaa6?s=96&d=mm&r=g","contentUrl":"https:\/\/secure.gravatar.com\/avatar\/3effd6bdadfa447f15089c7f7144eaa6?s=96&d=mm&r=g","caption":"Maura Pereira"},"sameAs":["https:\/\/www.correiobraziliense.com.br\/"],"url":"https:\/\/www.correiobraziliense.com.br\/cbradar\/author\/mauramyth\/"}]}},"_links":{"self":[{"href":"https:\/\/www.correiobraziliense.com.br\/cbradar\/wp-json\/wp\/v2\/posts\/23705","targetHints":{"allow":["GET"]}}],"collection":[{"href":"https:\/\/www.correiobraziliense.com.br\/cbradar\/wp-json\/wp\/v2\/posts"}],"about":[{"href":"https:\/\/www.correiobraziliense.com.br\/cbradar\/wp-json\/wp\/v2\/types\/post"}],"author":[{"embeddable":true,"href":"https:\/\/www.correiobraziliense.com.br\/cbradar\/wp-json\/wp\/v2\/users\/8"}],"replies":[{"embeddable":true,"href":"https:\/\/www.correiobraziliense.com.br\/cbradar\/wp-json\/wp\/v2\/comments?post=23705"}],"version-history":[{"count":8,"href":"https:\/\/www.correiobraziliense.com.br\/cbradar\/wp-json\/wp\/v2\/posts\/23705\/revisions"}],"predecessor-version":[{"id":62998,"href":"https:\/\/www.correiobraziliense.com.br\/cbradar\/wp-json\/wp\/v2\/posts\/23705\/revisions\/62998"}],"wp:featuredmedia":[{"embeddable":true,"href":"https:\/\/www.correiobraziliense.com.br\/cbradar\/wp-json\/wp\/v2\/media\/23804"}],"wp:attachment":[{"href":"https:\/\/www.correiobraziliense.com.br\/cbradar\/wp-json\/wp\/v2\/media?parent=23705"}],"wp:term":[{"taxonomy":"category","embeddable":true,"href":"https:\/\/www.correiobraziliense.com.br\/cbradar\/wp-json\/wp\/v2\/categories?post=23705"},{"taxonomy":"post_tag","embeddable":true,"href":"https:\/\/www.correiobraziliense.com.br\/cbradar\/wp-json\/wp\/v2\/post_tag?post=23705"}],"curies":[{"name":"wp","href":"https:\/\/api.w.org\/{rel}","templated":true}]}}