{"id":23789,"date":"2025-04-16T18:23:00","date_gmt":"2025-04-16T21:23:00","guid":{"rendered":"https:\/\/www.correiobraziliense.com.br\/cbradar\/?p=23789"},"modified":"2025-04-15T11:14:54","modified_gmt":"2025-04-15T14:14:54","slug":"uma-nova-versao-das-suas-costas-pode-ser-criada-apenas-executando-esses-5-exercicios","status":"publish","type":"post","link":"https:\/\/www.correiobraziliense.com.br\/cbradar\/uma-nova-versao-das-suas-costas-pode-ser-criada-apenas-executando-esses-5-exercicios\/","title":{"rendered":"Uma nova vers\u00e3o das suas costas pode ser criada apenas executando esses 5 exerc\u00edcios"},"content":{"rendered":"\n<p>Uma <a href=\"https:\/\/pt.wikipedia.org\/wiki\/Coluna_vertebral\" target=\"_blank\" rel=\"noreferrer noopener\">coluna<\/a> forte \u00e9 essencial para manter uma boa postura, prevenir dores nas costas e realizar as atividades do dia a dia com mais facilidade e conforto. Muitas vezes, a rotina moderna, com longas horas sentado, pode levar ao enfraquecimento dos m\u00fasculos das costas e a problemas posturais. A boa not\u00edcia \u00e9 que voc\u00ea pode fortalecer essa regi\u00e3o importante do corpo no conforto da sua casa, utilizando apenas o peso do seu corpo. Descubra os cinco melhores exerc\u00edcios para fortalecer as costas e melhorar a sua postura sem precisar de nenhum equipamento.<\/p>\n\n\n\n<h2 class=\"wp-block-heading\">Exerc\u00edcio 1: superman: fortalecendo a cadeia posterior para uma postura ereta<\/h2>\n\n\n<div class=\"wp-block-image\">\n<figure class=\"aligncenter size-large\"><img decoding=\"async\" width=\"1024\" height=\"576\" src=\"https:\/\/www.correiobraziliense.com.br\/cbradar\/wp-content\/uploads\/2025\/04\/costas_1744723722379-1024x576.jpg\" alt=\"Uma nova vers\u00e3o das suas costas pode ser criada apenas executando esses 5 exerc\u00edcios\" class=\"wp-image-23885\" srcset=\"https:\/\/www.correiobraziliense.com.br\/cbradar\/wp-content\/uploads\/2025\/04\/costas_1744723722379-1024x576.jpg 1024w, https:\/\/www.correiobraziliense.com.br\/cbradar\/wp-content\/uploads\/2025\/04\/costas_1744723722379-300x169.jpg 300w, https:\/\/www.correiobraziliense.com.br\/cbradar\/wp-content\/uploads\/2025\/04\/costas_1744723722379-768x432.jpg 768w, https:\/\/www.correiobraziliense.com.br\/cbradar\/wp-content\/uploads\/2025\/04\/costas_1744723722379-750x422.jpg 750w, https:\/\/www.correiobraziliense.com.br\/cbradar\/wp-content\/uploads\/2025\/04\/costas_1744723722379-1140x641.jpg 1140w, https:\/\/www.correiobraziliense.com.br\/cbradar\/wp-content\/uploads\/2025\/04\/costas_1744723722379.jpg 1280w\" sizes=\"(max-width: 1024px) 100vw, 1024px\" \/><figcaption class=\"wp-element-caption\">Costas &#8211; Cr\u00e9ditos: depositphotos.com \/ AllaSerebrina<\/figcaption><\/figure><\/div>\n\n\n<p>O <strong>superman<\/strong> \u00e9 um exerc\u00edcio eficaz para fortalecer os m\u00fasculos da cadeia posterior, incluindo a parte inferior das costas, os gl\u00fateos e os isquiotibiais, que s\u00e3o fundamentais para manter uma postura ereta e <a href=\"https:\/\/www.correiobraziliense.com.br\/cbradar\/pais-de-bebes-de-6-meses-podem-fazer-isso-para-evitar-problemas-futuros-com-seus-filhos\/\" target=\"_blank\" rel=\"noreferrer noopener\">saud\u00e1vel<\/a>.<\/p>\n\n\n\n<ul class=\"wp-block-list\">\n<li><strong>Forma Correta:<\/strong> Deite-se de bru\u00e7os com os bra\u00e7os estendidos \u00e0 frente do corpo e as pernas esticadas. Mantenha a cabe\u00e7a alinhada com a coluna. Eleve simultaneamente os bra\u00e7os, o peito e as pernas alguns cent\u00edmetros do ch\u00e3o, mantendo a contra\u00e7\u00e3o dos m\u00fasculos lombares e gl\u00fateos. Mantenha a posi\u00e7\u00e3o por alguns segundos e abaixe lentamente.<\/li>\n\n\n\n<li><strong>M\u00fasculos Trabalhados:<\/strong> Eretores da espinha (m\u00fasculos lombares), gl\u00fateos, isquiotibiais.<\/li>\n<\/ul>\n\n\n\n<h2 class=\"wp-block-heading\">Exerc\u00edcio 2: prancha (<strong>Plank<\/strong>): estabilidade do core para suportar a coluna<\/h2>\n\n\n\n<p>A <strong>prancha<\/strong> \u00e9 um exerc\u00edcio isom\u00e9trico excelente para fortalecer os m\u00fasculos do core, que incluem os abdominais, obl\u00edquos e lombares. Um core forte \u00e9 essencial para fornecer suporte e estabilidade \u00e0 coluna vertebral, contribuindo para uma melhor postura.<\/p>\n\n\n\n<ul class=\"wp-block-list\">\n<li><strong>Forma Correta:<\/strong> Apoie os antebra\u00e7os no ch\u00e3o, na largura dos ombros, com os cotovelos diretamente abaixo dos ombros. Estenda as pernas para tr\u00e1s, apoiando-se nas pontas dos p\u00e9s. Mantenha o corpo reto da cabe\u00e7a aos calcanhares, evitando deixar os quadris ca\u00edrem ou se elevarem demais. Mantenha a contra\u00e7\u00e3o do core durante todo o exerc\u00edcio.<\/li>\n\n\n\n<li><strong>M\u00fasculos Trabalhados:<\/strong> Abdominais (reto abdominal, obl\u00edquos), transverso do abd\u00f4men, lombares.<\/li>\n<\/ul>\n\n\n\n<h2 class=\"wp-block-heading\">Exerc\u00edcio 3: eleva\u00e7\u00e3o alternada de bra\u00e7o e perna (<strong>Bird-Dog<\/strong>): equil\u00edbrio e for\u00e7a para a coluna<\/h2>\n\n\n\n<p>O <strong>Bird-Dog<\/strong> \u00e9 um exerc\u00edcio que trabalha a estabilidade da coluna, fortalece os m\u00fasculos lombares e gl\u00fateos, al\u00e9m de melhorar o equil\u00edbrio e a coordena\u00e7\u00e3o.<\/p>\n\n\n\n<ul class=\"wp-block-list\">\n<li><strong>Forma Correta:<\/strong> Apoie-se em quatro apoios (m\u00e3os e joelhos). Mantenha as m\u00e3os na largura dos ombros e os joelhos na largura do quadril. Mantenha a coluna reta e o abd\u00f4men contra\u00eddo. Estenda um bra\u00e7o para a frente e a perna oposta para tr\u00e1s simultaneamente, mantendo-os alinhados com o tronco. Mantenha a posi\u00e7\u00e3o por alguns segundos e alterne os lados.<\/li>\n\n\n\n<li><strong>M\u00fasculos Trabalhados:<\/strong> Eretores da espinha (m\u00fasculos lombares), gl\u00fateos, abdominais.<\/li>\n<\/ul>\n\n\n\n<h2 class=\"wp-block-heading\">Exerc\u00edcio 4: remada escapular (<strong>Scapular Retraction<\/strong>): ativando os m\u00fasculos superiores das costas para melhor postura<\/h2>\n\n\n\n<p>A <strong>remada escapular<\/strong> \u00e9 um exerc\u00edcio simples que foca na ativa\u00e7\u00e3o dos m\u00fasculos da parte superior das costas, como os romboides e o trap\u00e9zio inferior, que s\u00e3o essenciais para manter os ombros para tr\u00e1s e para baixo, promovendo uma postura mais ereta.<\/p>\n\n\n\n<ul class=\"wp-block-list\">\n<li><strong>Forma Correta:<\/strong> Sente-se ou fique em p\u00e9 com os bra\u00e7os relaxados ao lado do corpo. Imagine que voc\u00ea est\u00e1 tentando juntar as suas omoplatas nas costas, como se quisesse segurar uma caneta entre elas. Mantenha a posi\u00e7\u00e3o por alguns segundos e relaxe. Repita o movimento.<\/li>\n\n\n\n<li><strong>M\u00fasculos Trabalhados:<\/strong> Romboides, trap\u00e9zio m\u00e9dio e inferior.<\/li>\n<\/ul>\n\n\n\n<h2 class=\"wp-block-heading\">Exerc\u00edcio 5: ponte (<strong>Glute Bridge<\/strong>): fortalecendo gl\u00fateos e lombares para estabilidade p\u00e9lvica<\/h2>\n\n\n\n<p>A <strong>ponte<\/strong> \u00e9 um exerc\u00edcio eficaz para fortalecer os gl\u00fateos e os m\u00fasculos da parte inferior das costas, que contribuem para a estabilidade da pelve e o suporte da coluna lombar.<\/p>\n\n\n\n<ul class=\"wp-block-list\">\n<li><strong>Forma Correta:<\/strong> Deite-se de costas com os joelhos flexionados e os p\u00e9s apoiados no ch\u00e3o, na largura dos ombros. Mantenha os bra\u00e7os ao lado do corpo. Contraia os gl\u00fateos e eleve o quadril do ch\u00e3o, mantendo os ombros e a cabe\u00e7a apoiados. Mantenha a coluna reta e o abd\u00f4men contra\u00eddo.<\/li>\n\n\n\n<li><strong>M\u00fasculos Trabalhados:<\/strong> Gl\u00fateos, isquiotibiais, m\u00fasculos lombares.<\/li>\n<\/ul>\n\n\n\n<h2 class=\"wp-block-heading\">Dicas importantes para uma rotina de fortalecimento das costas segura e eficaz em casa<\/h2>\n\n\n\n<ul class=\"wp-block-list\">\n<li>Foque na forma correta<\/li>\n\n\n\n<li>Mantenha a respira\u00e7\u00e3o fluida<\/li>\n\n\n\n<li>Contraia o abd\u00f4men durante os exerc\u00edcios<\/li>\n\n\n\n<li>Progrida gradualmente<\/li>\n\n\n\n<li>Seja consistente<\/li>\n<\/ul>\n\n\n\n<h2 class=\"wp-block-heading\">Benef\u00edcios adicionais de costas fortes para a sua sa\u00fade<\/h2>\n\n\n\n<p>Costas fortes n\u00e3o s\u00f3 melhoram a postura e aliviam dores, mas tamb\u00e9m contribuem para um melhor equil\u00edbrio, facilitam a realiza\u00e7\u00e3o de atividades di\u00e1rias e podem prevenir les\u00f5es.<\/p>\n\n\n\n<h2 class=\"wp-block-heading\">Incorporando estes exerc\u00edcios na sua rotina semanal<\/h2>\n\n\n\n<p>Voc\u00ea pode incluir esta rotina de fortalecimento das costas 2-3 vezes por semana, com dias de descanso entre os treinos.<\/p>\n","protected":false},"excerpt":{"rendered":"<p>Uma coluna forte \u00e9 essencial para manter uma boa postura, prevenir dores nas costas e realizar as atividades do dia a dia com mais facilidade e conforto. Muitas vezes, a rotina moderna, com longas horas sentado, pode levar ao enfraquecimento dos m\u00fasculos das costas e a problemas posturais. A boa not\u00edcia \u00e9 que voc\u00ea pode [&hellip;]<\/p>\n","protected":false},"author":11,"featured_media":23882,"comment_status":"open","ping_status":"open","sticky":false,"template":"","format":"standard","meta":{"_yoast_wpseo_focuskw":"costas","_yoast_wpseo_title":"","_yoast_wpseo_metadesc":"Transforme a sa\u00fade das suas costas com 5 exerc\u00edcios simples que podem fazer toda a diferen\u00e7a na sua rotina di\u00e1ria!","jnews-multi-image_gallery":[],"jnews_single_post":{"format":"standard"},"jnews_primary_category":[],"jnews_social_meta":[],"jnews_override_counter":[],"footnotes":""},"categories":[119],"tags":[120,3372,565],"class_list":["post-23789","post","type-post","status-publish","format-standard","has-post-thumbnail","hentry","category-bem-estar","tag-bem-estar","tag-costa","tag-saude"],"yoast_head":"<!-- This site is optimized with the Yoast SEO plugin v24.6 - https:\/\/yoast.com\/wordpress\/plugins\/seo\/ -->\n<title>Uma nova vers\u00e3o das suas costas pode ser criada apenas executando esses 5 exerc\u00edcios - Correio Braziliense - Radar<\/title>\n<meta name=\"description\" content=\"Transforme a sa\u00fade das suas costas com 5 exerc\u00edcios simples que podem fazer toda a diferen\u00e7a na sua rotina di\u00e1ria!\" \/>\n<meta name=\"robots\" content=\"index, follow, max-snippet:-1, max-image-preview:large, max-video-preview:-1\" \/>\n<link rel=\"canonical\" href=\"https:\/\/www.correiobraziliense.com.br\/cbradar\/uma-nova-versao-das-suas-costas-pode-ser-criada-apenas-executando-esses-5-exercicios\/\" \/>\n<meta property=\"og:locale\" content=\"pt_BR\" \/>\n<meta property=\"og:type\" content=\"article\" \/>\n<meta property=\"og:title\" content=\"Uma nova vers\u00e3o das suas costas pode ser criada apenas executando esses 5 exerc\u00edcios - Correio Braziliense - Radar\" \/>\n<meta property=\"og:description\" content=\"Transforme a sa\u00fade das suas costas com 5 exerc\u00edcios simples que podem fazer toda a diferen\u00e7a na sua rotina di\u00e1ria!\" \/>\n<meta property=\"og:url\" content=\"https:\/\/www.correiobraziliense.com.br\/cbradar\/uma-nova-versao-das-suas-costas-pode-ser-criada-apenas-executando-esses-5-exercicios\/\" \/>\n<meta property=\"og:site_name\" content=\"Correio Braziliense - Radar\" \/>\n<meta property=\"article:published_time\" content=\"2025-04-16T21:23:00+00:00\" \/>\n<meta property=\"og:image\" content=\"https:\/\/www.correiobraziliense.com.br\/cbradar\/wp-content\/uploads\/2025\/04\/costas_1744723676626.jpg\" \/>\n\t<meta property=\"og:image:width\" content=\"1279\" \/>\n\t<meta property=\"og:image:height\" content=\"720\" \/>\n\t<meta property=\"og:image:type\" content=\"image\/jpeg\" \/>\n<meta name=\"author\" content=\"Paulo Custodio\" \/>\n<meta name=\"twitter:card\" content=\"summary_large_image\" \/>\n<meta name=\"twitter:label1\" content=\"Escrito por\" \/>\n\t<meta name=\"twitter:data1\" content=\"Paulo Custodio\" \/>\n\t<meta name=\"twitter:label2\" content=\"Est. tempo de leitura\" \/>\n\t<meta name=\"twitter:data2\" content=\"5 minutos\" \/>\n<!-- \/ Yoast SEO plugin. -->","yoast_head_json":{"title":"Uma nova vers\u00e3o das suas costas pode ser criada apenas executando esses 5 exerc\u00edcios - Correio Braziliense - Radar","description":"Transforme a sa\u00fade das suas costas com 5 exerc\u00edcios simples que podem fazer toda a diferen\u00e7a na sua rotina di\u00e1ria!","robots":{"index":"index","follow":"follow","max-snippet":"max-snippet:-1","max-image-preview":"max-image-preview:large","max-video-preview":"max-video-preview:-1"},"canonical":"https:\/\/www.correiobraziliense.com.br\/cbradar\/uma-nova-versao-das-suas-costas-pode-ser-criada-apenas-executando-esses-5-exercicios\/","og_locale":"pt_BR","og_type":"article","og_title":"Uma nova vers\u00e3o das suas costas pode ser criada apenas executando esses 5 exerc\u00edcios - Correio Braziliense - Radar","og_description":"Transforme a sa\u00fade das suas costas com 5 exerc\u00edcios simples que podem fazer toda a diferen\u00e7a na sua rotina di\u00e1ria!","og_url":"https:\/\/www.correiobraziliense.com.br\/cbradar\/uma-nova-versao-das-suas-costas-pode-ser-criada-apenas-executando-esses-5-exercicios\/","og_site_name":"Correio Braziliense - Radar","article_published_time":"2025-04-16T21:23:00+00:00","og_image":[{"width":1279,"height":720,"url":"https:\/\/www.correiobraziliense.com.br\/cbradar\/wp-content\/uploads\/2025\/04\/costas_1744723676626.jpg","type":"image\/jpeg"}],"author":"Paulo Custodio","twitter_card":"summary_large_image","twitter_misc":{"Escrito por":"Paulo Custodio","Est. tempo de leitura":"5 minutos"},"schema":{"@context":"https:\/\/schema.org","@graph":[{"@type":"WebPage","@id":"https:\/\/www.correiobraziliense.com.br\/cbradar\/uma-nova-versao-das-suas-costas-pode-ser-criada-apenas-executando-esses-5-exercicios\/","url":"https:\/\/www.correiobraziliense.com.br\/cbradar\/uma-nova-versao-das-suas-costas-pode-ser-criada-apenas-executando-esses-5-exercicios\/","name":"Uma nova vers\u00e3o das suas costas pode ser criada apenas executando esses 5 exerc\u00edcios - Correio Braziliense - Radar","isPartOf":{"@id":"https:\/\/www.correiobraziliense.com.br\/cbradar\/#website"},"primaryImageOfPage":{"@id":"https:\/\/www.correiobraziliense.com.br\/cbradar\/uma-nova-versao-das-suas-costas-pode-ser-criada-apenas-executando-esses-5-exercicios\/#primaryimage"},"image":{"@id":"https:\/\/www.correiobraziliense.com.br\/cbradar\/uma-nova-versao-das-suas-costas-pode-ser-criada-apenas-executando-esses-5-exercicios\/#primaryimage"},"thumbnailUrl":"https:\/\/www.correiobraziliense.com.br\/cbradar\/wp-content\/uploads\/2025\/04\/costas_1744723676626.jpg","datePublished":"2025-04-16T21:23:00+00:00","author":{"@id":"https:\/\/www.correiobraziliense.com.br\/cbradar\/#\/schema\/person\/4cec7857301a9a1a2ef249893cd908d3"},"description":"Transforme a sa\u00fade das suas costas com 5 exerc\u00edcios simples que podem fazer toda a diferen\u00e7a na sua rotina di\u00e1ria!","breadcrumb":{"@id":"https:\/\/www.correiobraziliense.com.br\/cbradar\/uma-nova-versao-das-suas-costas-pode-ser-criada-apenas-executando-esses-5-exercicios\/#breadcrumb"},"inLanguage":"pt-BR","potentialAction":[{"@type":"ReadAction","target":["https:\/\/www.correiobraziliense.com.br\/cbradar\/uma-nova-versao-das-suas-costas-pode-ser-criada-apenas-executando-esses-5-exercicios\/"]}]},{"@type":"ImageObject","inLanguage":"pt-BR","@id":"https:\/\/www.correiobraziliense.com.br\/cbradar\/uma-nova-versao-das-suas-costas-pode-ser-criada-apenas-executando-esses-5-exercicios\/#primaryimage","url":"https:\/\/www.correiobraziliense.com.br\/cbradar\/wp-content\/uploads\/2025\/04\/costas_1744723676626.jpg","contentUrl":"https:\/\/www.correiobraziliense.com.br\/cbradar\/wp-content\/uploads\/2025\/04\/costas_1744723676626.jpg","width":1279,"height":720,"caption":"Costas - Cr\u00e9ditos: depositphotos.com \/ decade3d"},{"@type":"BreadcrumbList","@id":"https:\/\/www.correiobraziliense.com.br\/cbradar\/uma-nova-versao-das-suas-costas-pode-ser-criada-apenas-executando-esses-5-exercicios\/#breadcrumb","itemListElement":[{"@type":"ListItem","position":1,"name":"In\u00edcio","item":"https:\/\/www.correiobraziliense.com.br\/cbradar\/"},{"@type":"ListItem","position":2,"name":"Uma nova vers\u00e3o das suas costas pode ser criada apenas executando esses 5 exerc\u00edcios"}]},{"@type":"WebSite","@id":"https:\/\/www.correiobraziliense.com.br\/cbradar\/#website","url":"https:\/\/www.correiobraziliense.com.br\/cbradar\/","name":"Correio Braziliense - Radar","description":"Acompanhe as \u00faltimas not\u00edcias e fique bem informado sobre tudo o que acontece no Brasil e no mundo.","potentialAction":[{"@type":"SearchAction","target":{"@type":"EntryPoint","urlTemplate":"https:\/\/www.correiobraziliense.com.br\/cbradar\/?s={search_term_string}"},"query-input":{"@type":"PropertyValueSpecification","valueRequired":true,"valueName":"search_term_string"}}],"inLanguage":"pt-BR"},{"@type":"Person","@id":"https:\/\/www.correiobraziliense.com.br\/cbradar\/#\/schema\/person\/4cec7857301a9a1a2ef249893cd908d3","name":"Paulo Custodio","image":{"@type":"ImageObject","inLanguage":"pt-BR","@id":"https:\/\/www.correiobraziliense.com.br\/cbradar\/#\/schema\/person\/image\/","url":"https:\/\/secure.gravatar.com\/avatar\/bcd67168d1534e8fcf4f45c726a87cea?s=96&d=mm&r=g","contentUrl":"https:\/\/secure.gravatar.com\/avatar\/bcd67168d1534e8fcf4f45c726a87cea?s=96&d=mm&r=g","caption":"Paulo Custodio"},"sameAs":["https:\/\/www.correiobraziliense.com.br\/cbradar"],"url":"https:\/\/www.correiobraziliense.com.br\/cbradar\/author\/paulomyth\/"}]}},"_links":{"self":[{"href":"https:\/\/www.correiobraziliense.com.br\/cbradar\/wp-json\/wp\/v2\/posts\/23789","targetHints":{"allow":["GET"]}}],"collection":[{"href":"https:\/\/www.correiobraziliense.com.br\/cbradar\/wp-json\/wp\/v2\/posts"}],"about":[{"href":"https:\/\/www.correiobraziliense.com.br\/cbradar\/wp-json\/wp\/v2\/types\/post"}],"author":[{"embeddable":true,"href":"https:\/\/www.correiobraziliense.com.br\/cbradar\/wp-json\/wp\/v2\/users\/11"}],"replies":[{"embeddable":true,"href":"https:\/\/www.correiobraziliense.com.br\/cbradar\/wp-json\/wp\/v2\/comments?post=23789"}],"version-history":[{"count":3,"href":"https:\/\/www.correiobraziliense.com.br\/cbradar\/wp-json\/wp\/v2\/posts\/23789\/revisions"}],"predecessor-version":[{"id":23910,"href":"https:\/\/www.correiobraziliense.com.br\/cbradar\/wp-json\/wp\/v2\/posts\/23789\/revisions\/23910"}],"wp:featuredmedia":[{"embeddable":true,"href":"https:\/\/www.correiobraziliense.com.br\/cbradar\/wp-json\/wp\/v2\/media\/23882"}],"wp:attachment":[{"href":"https:\/\/www.correiobraziliense.com.br\/cbradar\/wp-json\/wp\/v2\/media?parent=23789"}],"wp:term":[{"taxonomy":"category","embeddable":true,"href":"https:\/\/www.correiobraziliense.com.br\/cbradar\/wp-json\/wp\/v2\/categories?post=23789"},{"taxonomy":"post_tag","embeddable":true,"href":"https:\/\/www.correiobraziliense.com.br\/cbradar\/wp-json\/wp\/v2\/tags?post=23789"}],"curies":[{"name":"wp","href":"https:\/\/api.w.org\/{rel}","templated":true}]}}