{"id":23805,"date":"2025-04-15T09:40:24","date_gmt":"2025-04-15T12:40:24","guid":{"rendered":"https:\/\/www.correiobraziliense.com.br\/cbradar\/?p=23805"},"modified":"2025-04-15T09:40:25","modified_gmt":"2025-04-15T12:40:25","slug":"5-dicas-eficientes-para-quem-precisa-economizar-na-conta-de-luz","status":"publish","type":"post","link":"https:\/\/www.correiobraziliense.com.br\/cbradar\/5-dicas-eficientes-para-quem-precisa-economizar-na-conta-de-luz\/","title":{"rendered":"5 dicas eficientes para quem precisa economizar na conta de luz"},"content":{"rendered":"\n<p>O custo da energia el\u00e9trica \u00e9 uma das principais preocupa\u00e7\u00f5es financeiras para muitas fam\u00edlias no <strong>Brasil<\/strong>. Mesmo em per\u00edodos de Bandeira Verde, quando n\u00e3o h\u00e1 cobran\u00e7as adicionais na conta de luz, buscar maneiras de economizar energia \u00e9 essencial para equilibrar o or\u00e7amento dom\u00e9stico. Felizmente, \u00e9 poss\u00edvel reduzir o consumo sem abrir m\u00e3o do conforto, apenas ajustando alguns h\u00e1bitos di\u00e1rios.<\/p>\n\n\n\n<p>Este artigo apresenta dicas pr\u00e1ticas e simples para usar a energia el\u00e9trica de forma mais consciente, resultando em uma conta de luz mais barata. Com pequenas mudan\u00e7as, \u00e9 poss\u00edvel diminuir o valor da fatura sem grandes sacrif\u00edcios.<\/p>\n\n\n\n<h2 class=\"wp-block-heading\">Quais s\u00e3o os h\u00e1bitos que ajudam a economizar energia?<\/h2>\n\n\n\n<p>Pequenas mudan\u00e7as no uso de eletrodom\u00e9sticos e na rotina di\u00e1ria podem resultar em uma economia significativa de energia. A seguir, est\u00e3o cinco dicas que podem ajudar a reduzir o consumo mensal em mais de 20%:<\/p>\n\n\n\n<ol class=\"wp-block-list\">\n<li>Utilize eletrodom\u00e9sticos de forma consciente<\/li>\n\n\n\n<li>Priorize a ilumina\u00e7\u00e3o e ventila\u00e7\u00e3o natural<\/li>\n\n\n\n<li>Evite usar micro-ondas, air fryer ou forno el\u00e9trico para descongelar alimentos<\/li>\n\n\n\n<li>Desligue os aparelhos sem uso na tomada<\/li>\n\n\n\n<li>Opte por comprar eletrodom\u00e9sticos eficientes<\/li>\n<\/ol>\n\n\n\n<figure class=\"wp-block-image size-large\"><img decoding=\"async\" width=\"1024\" height=\"576\" src=\"https:\/\/www.correiobraziliense.com.br\/cbradar\/wp-content\/uploads\/2025\/04\/conta-de-luz_1744719793726-1024x576.jpg\" alt=\"5 dias eficientes para quem precisa economizar na conta de luz\" class=\"wp-image-23807\" srcset=\"https:\/\/www.correiobraziliense.com.br\/cbradar\/wp-content\/uploads\/2025\/04\/conta-de-luz_1744719793726-1024x576.jpg 1024w, https:\/\/www.correiobraziliense.com.br\/cbradar\/wp-content\/uploads\/2025\/04\/conta-de-luz_1744719793726-300x169.jpg 300w, https:\/\/www.correiobraziliense.com.br\/cbradar\/wp-content\/uploads\/2025\/04\/conta-de-luz_1744719793726-768x432.jpg 768w, https:\/\/www.correiobraziliense.com.br\/cbradar\/wp-content\/uploads\/2025\/04\/conta-de-luz_1744719793726-750x422.jpg 750w, https:\/\/www.correiobraziliense.com.br\/cbradar\/wp-content\/uploads\/2025\/04\/conta-de-luz_1744719793726-1140x641.jpg 1140w, https:\/\/www.correiobraziliense.com.br\/cbradar\/wp-content\/uploads\/2025\/04\/conta-de-luz_1744719793726.jpg 1280w\" sizes=\"(max-width: 1024px) 100vw, 1024px\" \/><figcaption class=\"wp-element-caption\">conta de luz. Cr\u00e9ditos: depositphotos.com \/ VadimVasenin<\/figcaption><\/figure>\n\n\n\n<h2 class=\"wp-block-heading\">Como utilizar eletrodom\u00e9sticos de forma consciente?<\/h2>\n\n\n\n<p>Alguns eletrodom\u00e9sticos s\u00e3o respons\u00e1veis por uma grande parte do consumo de energia em uma casa. Geladeiras, ferros de passar, m\u00e1quinas de lavar e secar roupas, e chuveiros el\u00e9tricos podem representar mais da metade do valor da conta de luz. Utilizar esses aparelhos de maneira inteligente pode resultar em economia significativa.<\/p>\n\n\n\n<p>A geladeira, por exemplo, deve ser usada de forma eficiente, mantendo a temperatura interna entre 2\u00b0C e 5\u00b0C e evitando abrir a porta com frequ\u00eancia. J\u00e1 a m\u00e1quina de lavar deve ser usada com a carga m\u00e1xima recomendada, e a secadora de roupas deve ser evitada em dias quentes. O ferro de passar deve ser usado para passar v\u00e1rias pe\u00e7as de uma vez, aproveitando o calor residual.<\/p>\n\n\n\n<h2 class=\"wp-block-heading\">Por que priorizar a ilumina\u00e7\u00e3o e ventila\u00e7\u00e3o natural?<\/h2>\n\n\n\n<p>Aproveitar a luz natural pode reduzir significativamente o uso de energia el\u00e9trica durante o dia. Manter cortinas e persianas abertas permite que a luz do sol ilumine a casa, dispensando o uso de l\u00e2mpadas. Al\u00e9m disso, a ventila\u00e7\u00e3o natural pode diminuir a necessidade de ventiladores e ar-condicionado, contribuindo para a economia de energia.<\/p>\n\n\n\n<h2 class=\"wp-block-heading\">Quais s\u00e3o os benef\u00edcios de desligar aparelhos sem uso?<\/h2>\n\n\n\n<p>Aparelhos em stand-by consomem energia mesmo quando n\u00e3o est\u00e3o em uso, um fen\u00f4meno conhecido como &#8220;consumo fantasma&#8221;. Desligar equipamentos diretamente da tomada quando n\u00e3o est\u00e3o sendo usados pode resultar em uma economia de at\u00e9 15% na conta de luz mensal.<\/p>\n\n\n\n<h2 class=\"wp-block-heading\">Como escolher eletrodom\u00e9sticos eficientes?<\/h2>\n\n\n\n<p>Ao adquirir novos eletrodom\u00e9sticos, \u00e9 importante optar por modelos eficientes em termos de consumo de energia. Aparelhos com o Selo Procel de Economia de Energia ou com a etiqueta A do Inmetro s\u00e3o os mais econ\u00f4micos. Apesar de alguns terem um custo inicial mais alto, a economia de energia ao longo do tempo compensa o investimento.<\/p>\n\n\n\n<p>Com essas dicas, \u00e9 poss\u00edvel reduzir o consumo de energia el\u00e9trica em casa de forma eficaz, contribuindo para um or\u00e7amento dom\u00e9stico mais equilibrado e sustent\u00e1vel.<\/p>\n","protected":false},"excerpt":{"rendered":"<p>Descubra dicas simples e pr\u00e1ticas para reduzir seu consumo dom\u00e9stico de energia el\u00e9trica em at\u00e9 20%.<\/p>\n","protected":false},"author":3,"featured_media":23806,"comment_status":"open","ping_status":"open","sticky":false,"template":"","format":"standard","meta":{"_yoast_wpseo_focuskw":"conta de luz economizar","_yoast_wpseo_title":"%%title%%","_yoast_wpseo_metadesc":"Descubra dicas simples e pr\u00e1ticas para reduzir seu consumo dom\u00e9stico de energia el\u00e9trica em at\u00e9 20%.","jnews-multi-image_gallery":[],"jnews_single_post":{"format":"standard"},"jnews_primary_category":[],"jnews_social_meta":[],"jnews_override_counter":[],"footnotes":""},"categories":[128],"post_tag":[1277,129],"class_list":["post-23805","post","type-post","status-publish","format-standard","has-post-thumbnail","hentry","category-economia","tag-conta-de-luz","tag-economia"],"yoast_head":"<!-- This site is optimized with the Yoast SEO plugin v24.6 - https:\/\/yoast.com\/wordpress\/plugins\/seo\/ -->\n<title>5 dicas eficientes para quem precisa economizar na conta de luz<\/title>\n<meta name=\"description\" content=\"Descubra dicas simples e pr\u00e1ticas para reduzir seu consumo dom\u00e9stico de energia el\u00e9trica em at\u00e9 20%.\" \/>\n<meta name=\"robots\" content=\"index, follow, max-snippet:-1, max-image-preview:large, max-video-preview:-1\" \/>\n<link rel=\"canonical\" href=\"https:\/\/www.correiobraziliense.com.br\/cbradar\/5-dicas-eficientes-para-quem-precisa-economizar-na-conta-de-luz\/\" \/>\n<meta property=\"og:locale\" content=\"pt_BR\" \/>\n<meta property=\"og:type\" content=\"article\" \/>\n<meta property=\"og:title\" content=\"5 dicas eficientes para quem precisa economizar na conta de luz\" \/>\n<meta property=\"og:description\" content=\"Descubra dicas simples e pr\u00e1ticas para reduzir seu consumo dom\u00e9stico de energia el\u00e9trica em at\u00e9 20%.\" \/>\n<meta property=\"og:url\" content=\"https:\/\/www.correiobraziliense.com.br\/cbradar\/5-dicas-eficientes-para-quem-precisa-economizar-na-conta-de-luz\/\" \/>\n<meta property=\"og:site_name\" content=\"Correio Braziliense - Radar\" \/>\n<meta property=\"article:published_time\" content=\"2025-04-15T12:40:24+00:00\" \/>\n<meta property=\"article:modified_time\" content=\"2025-04-15T12:40:25+00:00\" \/>\n<meta property=\"og:image\" content=\"https:\/\/www.correiobraziliense.com.br\/cbradar\/wp-content\/uploads\/2025\/04\/conta-de-luz_1744719769610.jpg\" \/>\n\t<meta property=\"og:image:width\" content=\"1280\" \/>\n\t<meta property=\"og:image:height\" content=\"720\" \/>\n\t<meta property=\"og:image:type\" content=\"image\/jpeg\" \/>\n<meta name=\"author\" content=\"Larissa Carvalho\" \/>\n<meta name=\"twitter:card\" content=\"summary_large_image\" \/>\n<meta name=\"twitter:label1\" content=\"Escrito por\" \/>\n\t<meta name=\"twitter:data1\" content=\"Larissa Carvalho\" \/>\n\t<meta name=\"twitter:label2\" content=\"Est. tempo de leitura\" \/>\n\t<meta name=\"twitter:data2\" content=\"4 minutos\" \/>\n<!-- \/ Yoast SEO plugin. -->","yoast_head_json":{"title":"5 dicas eficientes para quem precisa economizar na conta de luz","description":"Descubra dicas simples e pr\u00e1ticas para reduzir seu consumo dom\u00e9stico de energia el\u00e9trica em at\u00e9 20%.","robots":{"index":"index","follow":"follow","max-snippet":"max-snippet:-1","max-image-preview":"max-image-preview:large","max-video-preview":"max-video-preview:-1"},"canonical":"https:\/\/www.correiobraziliense.com.br\/cbradar\/5-dicas-eficientes-para-quem-precisa-economizar-na-conta-de-luz\/","og_locale":"pt_BR","og_type":"article","og_title":"5 dicas eficientes para quem precisa economizar na conta de luz","og_description":"Descubra dicas simples e pr\u00e1ticas para reduzir seu consumo dom\u00e9stico de energia el\u00e9trica em at\u00e9 20%.","og_url":"https:\/\/www.correiobraziliense.com.br\/cbradar\/5-dicas-eficientes-para-quem-precisa-economizar-na-conta-de-luz\/","og_site_name":"Correio Braziliense - Radar","article_published_time":"2025-04-15T12:40:24+00:00","article_modified_time":"2025-04-15T12:40:25+00:00","og_image":[{"width":1280,"height":720,"url":"https:\/\/www.correiobraziliense.com.br\/cbradar\/wp-content\/uploads\/2025\/04\/conta-de-luz_1744719769610.jpg","type":"image\/jpeg"}],"author":"Larissa Carvalho","twitter_card":"summary_large_image","twitter_misc":{"Escrito por":"Larissa Carvalho","Est. tempo de leitura":"4 minutos"},"schema":{"@context":"https:\/\/schema.org","@graph":[{"@type":"WebPage","@id":"https:\/\/www.correiobraziliense.com.br\/cbradar\/5-dicas-eficientes-para-quem-precisa-economizar-na-conta-de-luz\/","url":"https:\/\/www.correiobraziliense.com.br\/cbradar\/5-dicas-eficientes-para-quem-precisa-economizar-na-conta-de-luz\/","name":"5 dicas eficientes para quem precisa economizar na conta de luz","isPartOf":{"@id":"https:\/\/www.correiobraziliense.com.br\/cbradar\/#website"},"primaryImageOfPage":{"@id":"https:\/\/www.correiobraziliense.com.br\/cbradar\/5-dicas-eficientes-para-quem-precisa-economizar-na-conta-de-luz\/#primaryimage"},"image":{"@id":"https:\/\/www.correiobraziliense.com.br\/cbradar\/5-dicas-eficientes-para-quem-precisa-economizar-na-conta-de-luz\/#primaryimage"},"thumbnailUrl":"https:\/\/www.correiobraziliense.com.br\/cbradar\/wp-content\/uploads\/2025\/04\/conta-de-luz_1744719769610.jpg","datePublished":"2025-04-15T12:40:24+00:00","dateModified":"2025-04-15T12:40:25+00:00","author":{"@id":"https:\/\/www.correiobraziliense.com.br\/cbradar\/#\/schema\/person\/58422787644df994b53a19d3e56c1513"},"description":"Descubra dicas simples e pr\u00e1ticas para reduzir seu consumo dom\u00e9stico de energia el\u00e9trica em at\u00e9 20%.","breadcrumb":{"@id":"https:\/\/www.correiobraziliense.com.br\/cbradar\/5-dicas-eficientes-para-quem-precisa-economizar-na-conta-de-luz\/#breadcrumb"},"inLanguage":"pt-BR","potentialAction":[{"@type":"ReadAction","target":["https:\/\/www.correiobraziliense.com.br\/cbradar\/5-dicas-eficientes-para-quem-precisa-economizar-na-conta-de-luz\/"]}]},{"@type":"ImageObject","inLanguage":"pt-BR","@id":"https:\/\/www.correiobraziliense.com.br\/cbradar\/5-dicas-eficientes-para-quem-precisa-economizar-na-conta-de-luz\/#primaryimage","url":"https:\/\/www.correiobraziliense.com.br\/cbradar\/wp-content\/uploads\/2025\/04\/conta-de-luz_1744719769610.jpg","contentUrl":"https:\/\/www.correiobraziliense.com.br\/cbradar\/wp-content\/uploads\/2025\/04\/conta-de-luz_1744719769610.jpg","width":1280,"height":720,"caption":"conta de luz. Cr\u00e9ditos: depositphotos.com \/ snowing"},{"@type":"BreadcrumbList","@id":"https:\/\/www.correiobraziliense.com.br\/cbradar\/5-dicas-eficientes-para-quem-precisa-economizar-na-conta-de-luz\/#breadcrumb","itemListElement":[{"@type":"ListItem","position":1,"name":"In\u00edcio","item":"https:\/\/www.correiobraziliense.com.br\/cbradar\/"},{"@type":"ListItem","position":2,"name":"5 dicas eficientes para quem precisa economizar na conta de luz"}]},{"@type":"WebSite","@id":"https:\/\/www.correiobraziliense.com.br\/cbradar\/#website","url":"https:\/\/www.correiobraziliense.com.br\/cbradar\/","name":"Correio Braziliense - Radar","description":"Acompanhe as \u00faltimas not\u00edcias e fique bem informado sobre tudo o que acontece no Brasil e no mundo.","potentialAction":[{"@type":"SearchAction","target":{"@type":"EntryPoint","urlTemplate":"https:\/\/www.correiobraziliense.com.br\/cbradar\/?s={search_term_string}"},"query-input":{"@type":"PropertyValueSpecification","valueRequired":true,"valueName":"search_term_string"}}],"inLanguage":"pt-BR"},{"@type":"Person","@id":"https:\/\/www.correiobraziliense.com.br\/cbradar\/#\/schema\/person\/58422787644df994b53a19d3e56c1513","name":"Larissa Carvalho","image":{"@type":"ImageObject","inLanguage":"pt-BR","@id":"https:\/\/www.correiobraziliense.com.br\/cbradar\/#\/schema\/person\/image\/","url":"https:\/\/secure.gravatar.com\/avatar\/fe4f91a0de32b52a838d0d612abdc1aa?s=96&d=mm&r=g","contentUrl":"https:\/\/secure.gravatar.com\/avatar\/fe4f91a0de32b52a838d0d612abdc1aa?s=96&d=mm&r=g","caption":"Larissa Carvalho"},"url":"https:\/\/www.correiobraziliense.com.br\/cbradar\/author\/larissamyth\/"}]}},"_links":{"self":[{"href":"https:\/\/www.correiobraziliense.com.br\/cbradar\/wp-json\/wp\/v2\/posts\/23805","targetHints":{"allow":["GET"]}}],"collection":[{"href":"https:\/\/www.correiobraziliense.com.br\/cbradar\/wp-json\/wp\/v2\/posts"}],"about":[{"href":"https:\/\/www.correiobraziliense.com.br\/cbradar\/wp-json\/wp\/v2\/types\/post"}],"author":[{"embeddable":true,"href":"https:\/\/www.correiobraziliense.com.br\/cbradar\/wp-json\/wp\/v2\/users\/3"}],"replies":[{"embeddable":true,"href":"https:\/\/www.correiobraziliense.com.br\/cbradar\/wp-json\/wp\/v2\/comments?post=23805"}],"version-history":[{"count":2,"href":"https:\/\/www.correiobraziliense.com.br\/cbradar\/wp-json\/wp\/v2\/posts\/23805\/revisions"}],"predecessor-version":[{"id":23822,"href":"https:\/\/www.correiobraziliense.com.br\/cbradar\/wp-json\/wp\/v2\/posts\/23805\/revisions\/23822"}],"wp:featuredmedia":[{"embeddable":true,"href":"https:\/\/www.correiobraziliense.com.br\/cbradar\/wp-json\/wp\/v2\/media\/23806"}],"wp:attachment":[{"href":"https:\/\/www.correiobraziliense.com.br\/cbradar\/wp-json\/wp\/v2\/media?parent=23805"}],"wp:term":[{"taxonomy":"category","embeddable":true,"href":"https:\/\/www.correiobraziliense.com.br\/cbradar\/wp-json\/wp\/v2\/categories?post=23805"},{"taxonomy":"post_tag","embeddable":true,"href":"https:\/\/www.correiobraziliense.com.br\/cbradar\/wp-json\/wp\/v2\/post_tag?post=23805"}],"curies":[{"name":"wp","href":"https:\/\/api.w.org\/{rel}","templated":true}]}}