{"id":23825,"date":"2025-04-17T16:30:00","date_gmt":"2025-04-17T19:30:00","guid":{"rendered":"https:\/\/www.correiobraziliense.com.br\/cbradar\/?p=23825"},"modified":"2025-04-15T11:07:27","modified_gmt":"2025-04-15T14:07:27","slug":"veja-quanto-the-weeknd-ja-faturou-com-sua-carreira-no-pop","status":"publish","type":"post","link":"https:\/\/www.correiobraziliense.com.br\/cbradar\/veja-quanto-the-weeknd-ja-faturou-com-sua-carreira-no-pop\/","title":{"rendered":"Veja quanto The Weeknd j\u00e1 faturou com sua carreira pop"},"content":{"rendered":"\n<p>Considerado uma das vozes mais marcantes da m\u00fasica contempor\u00e2nea, <a href=\"https:\/\/pt.wikipedia.org\/wiki\/The_Weeknd\" target=\"_blank\" rel=\"noreferrer noopener\"><strong>The Weeknd<\/strong> <\/a>conquistou o mundo com seu talento, originalidade e estilo inconfund\u00edvel. Desde suas primeiras grava\u00e7\u00f5es divulgadas de forma an\u00f4nima at\u00e9 se tornar um dos artistas mais ouvidos da atualidade, sua trajet\u00f3ria \u00e9 marcada por inova\u00e7\u00e3o, ousadia e uma legi\u00e3o de f\u00e3s ao redor do globo.<\/p>\n\n\n\n<p>A fortuna acumulada ao longo dos anos \u00e9 reflexo direto de sua influ\u00eancia na ind\u00fastria musical, al\u00e9m de investimentos inteligentes e colabora\u00e7\u00f5es milion\u00e1rias com marcas globais. Neste artigo, exploramos a fundo quem \u00e9 <strong>The Weeknd<\/strong>, seus principais sucessos, curiosidades e, claro, o impressionante patrim\u00f4nio que ele construiu.<\/p>\n\n\n\n<h2 class=\"wp-block-heading\">Quem \u00e9 The Weeknd e como come\u00e7ou sua hist\u00f3ria?<\/h2>\n\n\n\n<p><strong>The Weeknd<\/strong>, nome art\u00edstico de <strong>Abel Makkonen Tesfaye<\/strong>, nasceu em <strong>16 de fevereiro de 1990<\/strong>, em <strong>Toronto<\/strong>, no <strong><a href=\"https:\/\/www.correiobraziliense.com.br\/cbradar\/conheca-a-deslumbrante-capital-do-canada\/\" target=\"_blank\" rel=\"noreferrer noopener\">Canad\u00e1<\/a><\/strong>. Filho de imigrantes et\u00edopes, cresceu em um ambiente simples, enfrentando desafios que moldariam sua personalidade e influenciariam suas composi\u00e7\u00f5es intensas e emotivas. Criado apenas pela m\u00e3e e pela av\u00f3, teve uma inf\u00e2ncia marcada pela aus\u00eancia paterna e por uma forte conex\u00e3o com a cultura e tradi\u00e7\u00f5es et\u00edopes.<\/p>\n\n\n\n<p>Ainda jovem, abandonou a escola e saiu de casa para seguir o sonho de trabalhar com m\u00fasica. Entre idas e vindas por diferentes bairros de <strong>Toronto<\/strong>, lan\u00e7ou suas primeiras faixas no <strong>YouTube<\/strong> sob o nome <strong>The Weeknd<\/strong>, ganhando destaque pela atmosfera misteriosa e pelas letras sombrias. O talento logo chamou aten\u00e7\u00e3o da cr\u00edtica e de grandes artistas, abrindo caminho para uma carreira mete\u00f3rica.<\/p>\n\n\n<div class=\"wp-block-image\">\n<figure class=\"aligncenter size-large\"><img decoding=\"async\" width=\"1024\" height=\"576\" src=\"https:\/\/www.correiobraziliense.com.br\/cbradar\/wp-content\/uploads\/2025\/04\/The-Weeknd_1744725577667-1024x576.jpg\" alt=\"Veja quanto The Weeknd j\u00e1 faturou com sua carreira no pop\" class=\"wp-image-23940\" srcset=\"https:\/\/www.correiobraziliense.com.br\/cbradar\/wp-content\/uploads\/2025\/04\/The-Weeknd_1744725577667-1024x576.jpg 1024w, https:\/\/www.correiobraziliense.com.br\/cbradar\/wp-content\/uploads\/2025\/04\/The-Weeknd_1744725577667-300x169.jpg 300w, https:\/\/www.correiobraziliense.com.br\/cbradar\/wp-content\/uploads\/2025\/04\/The-Weeknd_1744725577667-768x432.jpg 768w, https:\/\/www.correiobraziliense.com.br\/cbradar\/wp-content\/uploads\/2025\/04\/The-Weeknd_1744725577667-750x422.jpg 750w, https:\/\/www.correiobraziliense.com.br\/cbradar\/wp-content\/uploads\/2025\/04\/The-Weeknd_1744725577667-1140x641.jpg 1140w, https:\/\/www.correiobraziliense.com.br\/cbradar\/wp-content\/uploads\/2025\/04\/The-Weeknd_1744725577667.jpg 1280w\" sizes=\"(max-width: 1024px) 100vw, 1024px\" \/><figcaption class=\"wp-element-caption\">The Weeknd \/\/ Cr\u00e9ditos: depositphotos.com \/ Image Press Agency<\/figcaption><\/figure><\/div>\n\n\n<h2 class=\"wp-block-heading\">Como come\u00e7ou a carreira de The Weeknd?<\/h2>\n\n\n\n<p>A carreira de <strong>The Weeknd<\/strong> teve in\u00edcio em <strong>2010<\/strong>, quando tr\u00eas de suas faixas foram lan\u00e7adas anonimamente no <strong>YouTube<\/strong>. O impacto foi imediato, com f\u00e3s e cr\u00edticos intrigados pela sonoridade alternativa e letras carregadas de emo\u00e7\u00e3o. Em <strong>2011<\/strong>, lan\u00e7ou a mixtape <strong>&#8220;House of Balloons&#8221;<\/strong>, considerada um marco na cena R&amp;B alternativa, o que rendeu elogios de publica\u00e7\u00f5es como a <strong>Pitchfork<\/strong> e o jornal <strong>The New York Times<\/strong>.<\/p>\n\n\n\n<p>O reconhecimento internacional veio rapidamente. Suas mixtapes seguintes, <strong>&#8220;Thursday&#8221;<\/strong> e <strong>&#8220;Echoes of Silence&#8221;<\/strong>, solidificaram seu estilo \u00fanico. Em <strong>2012<\/strong>, assinou contrato com a gravadora <strong>Republic Records<\/strong>, lan\u00e7ando o \u00e1lbum <strong>&#8220;Trilogy&#8221;<\/strong>, que reuniu suas tr\u00eas mixtapes com faixas adicionais e impulsionou seu nome mundialmente.<\/p>\n\n\n\n<h2 class=\"wp-block-heading\">Quais os maiores sucessos da carreira do The Weeknd?<\/h2>\n\n\n\n<p>Ao longo dos anos, <strong>The Weeknd<\/strong> acumulou diversos hits de sucesso que dominaram as paradas musicais. Entre os mais marcantes est\u00e3o <strong>&#8220;Can&#8217;t Feel My Face&#8221;<\/strong>, <strong>&#8220;The Hills&#8221;<\/strong>, <strong>&#8220;Starboy&#8221;<\/strong> e, especialmente, <strong>&#8220;Blinding Lights&#8221;<\/strong>, que se tornou um fen\u00f4meno global, quebrando recordes e se consagrando como uma das m\u00fasicas mais ouvidas da d\u00e9cada. O single permaneceu por <strong>90 semanas<\/strong> na <strong>Billboard Hot 100<\/strong>, um feito hist\u00f3rico.<\/p>\n\n\n\n<p>Al\u00e9m das faixas solo, colaborou com grandes nomes da m\u00fasica como <strong>Ariana Grande<\/strong>, <strong>Drake<\/strong>, <strong>Daft Punk<\/strong> e <strong>Doja Cat<\/strong>, consolidando ainda mais sua presen\u00e7a no cen\u00e1rio musical. Seus \u00e1lbuns, como <strong>&#8220;After Hours&#8221;<\/strong> e <strong>&#8220;Dawn FM&#8221;<\/strong>, s\u00e3o aclamados pela cr\u00edtica e mostram uma constante evolu\u00e7\u00e3o art\u00edstica e sonora.<\/p>\n\n\n\n<h2 class=\"wp-block-heading\">Quais seus maiores pr\u00eamios e conquistas da carreira?<\/h2>\n\n\n\n<p>A trajet\u00f3ria de <strong>The Weeknd<\/strong> \u00e9 repleta de reconhecimentos e premia\u00e7\u00f5es. O cantor j\u00e1 venceu <strong>4 Grammy Awards<\/strong>, al\u00e9m de mais de <strong>20 Billboard Music Awards<\/strong>, <strong>6 American Music Awards<\/strong> e in\u00fameros outros trof\u00e9us internacionais. Seu trabalho tamb\u00e9m foi indicado ao <strong>Oscar<\/strong> na categoria de &#8220;Melhor Can\u00e7\u00e3o Original&#8221;, por sua m\u00fasica <strong>&#8220;Earned It&#8221;<\/strong>, da trilha sonora de <strong>Cinquenta Tons de Cinza<\/strong>.<\/p>\n\n\n\n<p>Em <strong>2021<\/strong>, foi destaque no show do intervalo do <strong>Super Bowl LV<\/strong>, uma das maiores vitrines da cultura pop mundial. O espet\u00e1culo, assistido por mais de <strong>100 milh\u00f5es<\/strong> de pessoas, reafirmou seu status como um dos maiores artistas do s\u00e9culo <strong>XXI<\/strong>, consolidando uma carreira marcada pela inova\u00e7\u00e3o e impacto cultural.<\/p>\n\n\n\n<figure class=\"wp-block-embed aligncenter is-type-video is-provider-youtube wp-block-embed-youtube wp-embed-aspect-16-9 wp-has-aspect-ratio\"><div class=\"wp-block-embed__wrapper\">\n<div class=\"jeg_video_container jeg_video_content\"><iframe loading=\"lazy\" title=\"The Weeknd - The Hills\" width=\"500\" height=\"281\" src=\"https:\/\/www.youtube.com\/embed\/yzTuBuRdAyA?feature=oembed\" frameborder=\"0\" allow=\"accelerometer; autoplay; clipboard-write; encrypted-media; gyroscope; picture-in-picture; web-share\" referrerpolicy=\"strict-origin-when-cross-origin\" allowfullscreen><\/iframe><\/div>\n<\/div><\/figure>\n\n\n\n<h2 class=\"wp-block-heading\">The Weeknd j\u00e1 se envolveu em pol\u00eamicas?<\/h2>\n\n\n\n<p>Apesar de ser reservado com sua vida pessoal, <strong>The Weeknd<\/strong> j\u00e1 esteve envolvido em algumas pol\u00eamicas. Em <strong>2015<\/strong>, foi acusado de agredir um policial em <strong>Las Vegas<\/strong>, sendo posteriormente condenado a participar de um programa de controle de raiva. O caso ganhou repercuss\u00e3o na m\u00eddia, mas n\u00e3o chegou a prejudicar significativamente sua imagem p\u00fablica.<\/p>\n\n\n\n<p>Al\u00e9m disso, sua aus\u00eancia nas indica\u00e7\u00f5es ao <strong>Grammy Awards 2021<\/strong> gerou grande controv\u00e9rsia. Mesmo com o sucesso estrondoso de <strong>&#8220;Blinding Lights&#8221;<\/strong> e do \u00e1lbum <strong>&#8220;After Hours&#8221;<\/strong>, o artista n\u00e3o recebeu nenhuma indica\u00e7\u00e3o, o que o levou a criticar publicamente a premia\u00e7\u00e3o e a acusar a institui\u00e7\u00e3o de corrup\u00e7\u00e3o. A pol\u00eamica levantou debates importantes sobre transpar\u00eancia e representatividade na ind\u00fastria musical.<\/p>\n\n\n\n<h2 class=\"wp-block-heading\">Curiosidades<\/h2>\n\n\n\n<ol class=\"wp-block-list\">\n<li>Seu nome art\u00edstico, <strong>The Weeknd<\/strong>, surgiu ap\u00f3s abandonar a escola e sair de casa em um fim de semana, deixando o \u201ce\u201d de lado por quest\u00f5es de direitos autorais.<\/li>\n\n\n\n<li>Ele \u00e9 fluentemente bil\u00edngue, falando ingl\u00eas e <strong>am\u00e1rico<\/strong>, l\u00edngua oficial da <strong>Eti\u00f3pia<\/strong>.<\/li>\n\n\n\n<li>O artista j\u00e1 teve relacionamentos com celebridades como <strong>Bella Hadid<\/strong> e <strong>Selena Gomez<\/strong>.<\/li>\n\n\n\n<li>Em seus primeiros clipes, evitava mostrar o rosto para manter o ar de mist\u00e9rio.<\/li>\n\n\n\n<li>\u00c9 grande f\u00e3 de filmes de terror, o que inspira muitos elementos visuais de seus \u00e1lbuns e apresenta\u00e7\u00f5es.<\/li>\n\n\n\n<li>Participou da produ\u00e7\u00e3o e trilha sonora da s\u00e9rie <strong>The Idol<\/strong>, da <strong>HBO<\/strong>.<\/li>\n\n\n\n<li>J\u00e1 foi apontado pela revista <strong>Time<\/strong> como uma das <strong>100 pessoas mais influentes do mundo<\/strong>.<\/li>\n\n\n\n<li>Seu single <strong>&#8220;Blinding Lights&#8221;<\/strong> se tornou a m\u00fasica mais ouvida da hist\u00f3ria do <strong>Spotify<\/strong>, com mais de <strong>4 bilh\u00f5es<\/strong> de streams.<\/li>\n\n\n\n<li>\u00c9 um dos poucos artistas canadenses a alcan\u00e7ar tamanha proje\u00e7\u00e3o global sem precisar se mudar para os <strong>Estados Unidos<\/strong>.<\/li>\n\n\n\n<li>Tamb\u00e9m investe em causas sociais e j\u00e1 doou milh\u00f5es para institui\u00e7\u00f5es de combate \u00e0 fome e apoio a refugiados.<\/li>\n<\/ol>\n\n\n\n<h2 class=\"wp-block-heading\">Qual o valor estimado da fortuna e fontes de renda do The Weeknd?<\/h2>\n\n\n\n<p>Atualmente, a fortuna de <strong>The Weeknd<\/strong> \u00e9 estimada em cerca de <strong>US$ 300 milh\u00f5es<\/strong>, segundo fontes como a <strong>Forbes<\/strong>. Grande parte desse valor vem de suas turn\u00eas mundiais, vendas de \u00e1lbuns, direitos autorais e streaming, onde \u00e9 constantemente um dos artistas mais ouvidos em plataformas como <strong>Spotify<\/strong> e <strong>Apple Music<\/strong>.<\/p>\n\n\n\n<p>Al\u00e9m da m\u00fasica, <strong>The Weeknd<\/strong> diversificou seus investimentos com contratos publicit\u00e1rios com marcas como <strong>Puma<\/strong> e <strong>H&amp;M<\/strong>, al\u00e9m de empreendimentos no ramo imobili\u00e1rio e audiovisual. Sua vis\u00e3o empreendedora e sua habilidade de manter relev\u00e2ncia art\u00edstica garantem que sua fortuna continue crescendo de forma s\u00f3lida e constante.<\/p>\n","protected":false},"excerpt":{"rendered":"<p>Considerado uma das vozes mais marcantes da m\u00fasica contempor\u00e2nea, The Weeknd conquistou o mundo com seu talento, originalidade e estilo inconfund\u00edvel. Desde suas primeiras grava\u00e7\u00f5es divulgadas de forma an\u00f4nima at\u00e9 se tornar um dos artistas mais ouvidos da atualidade, sua trajet\u00f3ria \u00e9 marcada por inova\u00e7\u00e3o, ousadia e uma legi\u00e3o de f\u00e3s ao redor do globo. [&hellip;]<\/p>\n","protected":false},"author":8,"featured_media":23942,"comment_status":"open","ping_status":"open","sticky":false,"template":"","format":"standard","meta":{"jnews-multi-image_gallery":[],"jnews_single_post":{"format":"standard"},"jnews_primary_category":[],"jnews_social_meta":[],"jnews_override_counter":[],"footnotes":""},"categories":[128,169],"post_tag":[3366,534,2409],"class_list":["post-23825","post","type-post","status-publish","format-standard","has-post-thumbnail","hentry","category-economia","category-noticias","tag-abel","tag-fortunas","tag-the-weeknd"],"yoast_head":"<!-- This site is optimized with the Yoast SEO plugin v24.6 - https:\/\/yoast.com\/wordpress\/plugins\/seo\/ -->\n<title>Veja quanto The Weeknd j\u00e1 faturou com sua carreira pop - Correio Braziliense - Radar<\/title>\n<meta name=\"description\" content=\"The Weeknd acumula uma fortuna milion\u00e1ria e sucessos globais. Descubra curiosidades sobre a carreira e vida do astro do pop.\" \/>\n<meta name=\"robots\" content=\"index, follow, max-snippet:-1, max-image-preview:large, max-video-preview:-1\" \/>\n<link rel=\"canonical\" href=\"https:\/\/www.correiobraziliense.com.br\/cbradar\/veja-quanto-the-weeknd-ja-faturou-com-sua-carreira-no-pop\/\" \/>\n<meta property=\"og:locale\" content=\"pt_BR\" \/>\n<meta property=\"og:type\" content=\"article\" \/>\n<meta property=\"og:title\" content=\"Veja quanto The Weeknd j\u00e1 faturou com sua carreira pop - Correio Braziliense - Radar\" \/>\n<meta property=\"og:description\" content=\"The Weeknd acumula uma fortuna milion\u00e1ria e sucessos globais. Descubra curiosidades sobre a carreira e vida do astro do pop.\" \/>\n<meta property=\"og:url\" content=\"https:\/\/www.correiobraziliense.com.br\/cbradar\/veja-quanto-the-weeknd-ja-faturou-com-sua-carreira-no-pop\/\" \/>\n<meta property=\"og:site_name\" content=\"Correio Braziliense - Radar\" \/>\n<meta property=\"article:published_time\" content=\"2025-04-17T19:30:00+00:00\" \/>\n<meta property=\"og:image\" content=\"https:\/\/www.correiobraziliense.com.br\/cbradar\/wp-content\/uploads\/2025\/04\/The-Weeknd_1744725589236.jpg\" \/>\n\t<meta property=\"og:image:width\" content=\"1280\" \/>\n\t<meta property=\"og:image:height\" content=\"720\" \/>\n\t<meta property=\"og:image:type\" content=\"image\/jpeg\" \/>\n<meta name=\"author\" content=\"Maura Pereira\" \/>\n<meta name=\"twitter:card\" content=\"summary_large_image\" \/>\n<meta name=\"twitter:label1\" content=\"Escrito por\" \/>\n\t<meta name=\"twitter:data1\" content=\"Maura Pereira\" \/>\n\t<meta name=\"twitter:label2\" content=\"Est. tempo de leitura\" \/>\n\t<meta name=\"twitter:data2\" content=\"6 minutos\" \/>\n<!-- \/ Yoast SEO plugin. -->","yoast_head_json":{"title":"Veja quanto The Weeknd j\u00e1 faturou com sua carreira pop - Correio Braziliense - Radar","description":"The Weeknd acumula uma fortuna milion\u00e1ria e sucessos globais. Descubra curiosidades sobre a carreira e vida do astro do pop.","robots":{"index":"index","follow":"follow","max-snippet":"max-snippet:-1","max-image-preview":"max-image-preview:large","max-video-preview":"max-video-preview:-1"},"canonical":"https:\/\/www.correiobraziliense.com.br\/cbradar\/veja-quanto-the-weeknd-ja-faturou-com-sua-carreira-no-pop\/","og_locale":"pt_BR","og_type":"article","og_title":"Veja quanto The Weeknd j\u00e1 faturou com sua carreira pop - Correio Braziliense - Radar","og_description":"The Weeknd acumula uma fortuna milion\u00e1ria e sucessos globais. Descubra curiosidades sobre a carreira e vida do astro do pop.","og_url":"https:\/\/www.correiobraziliense.com.br\/cbradar\/veja-quanto-the-weeknd-ja-faturou-com-sua-carreira-no-pop\/","og_site_name":"Correio Braziliense - Radar","article_published_time":"2025-04-17T19:30:00+00:00","og_image":[{"width":1280,"height":720,"url":"https:\/\/www.correiobraziliense.com.br\/cbradar\/wp-content\/uploads\/2025\/04\/The-Weeknd_1744725589236.jpg","type":"image\/jpeg"}],"author":"Maura Pereira","twitter_card":"summary_large_image","twitter_misc":{"Escrito por":"Maura Pereira","Est. tempo de leitura":"6 minutos"},"schema":{"@context":"https:\/\/schema.org","@graph":[{"@type":"WebPage","@id":"https:\/\/www.correiobraziliense.com.br\/cbradar\/veja-quanto-the-weeknd-ja-faturou-com-sua-carreira-no-pop\/","url":"https:\/\/www.correiobraziliense.com.br\/cbradar\/veja-quanto-the-weeknd-ja-faturou-com-sua-carreira-no-pop\/","name":"Veja quanto The Weeknd j\u00e1 faturou com sua carreira pop - Correio Braziliense - Radar","isPartOf":{"@id":"https:\/\/www.correiobraziliense.com.br\/cbradar\/#website"},"primaryImageOfPage":{"@id":"https:\/\/www.correiobraziliense.com.br\/cbradar\/veja-quanto-the-weeknd-ja-faturou-com-sua-carreira-no-pop\/#primaryimage"},"image":{"@id":"https:\/\/www.correiobraziliense.com.br\/cbradar\/veja-quanto-the-weeknd-ja-faturou-com-sua-carreira-no-pop\/#primaryimage"},"thumbnailUrl":"https:\/\/www.correiobraziliense.com.br\/cbradar\/wp-content\/uploads\/2025\/04\/The-Weeknd_1744725589236.jpg","datePublished":"2025-04-17T19:30:00+00:00","author":{"@id":"https:\/\/www.correiobraziliense.com.br\/cbradar\/#\/schema\/person\/4053c651a9bfc785afc6f4cbc9032fd3"},"description":"The Weeknd acumula uma fortuna milion\u00e1ria e sucessos globais. Descubra curiosidades sobre a carreira e vida do astro do pop.","breadcrumb":{"@id":"https:\/\/www.correiobraziliense.com.br\/cbradar\/veja-quanto-the-weeknd-ja-faturou-com-sua-carreira-no-pop\/#breadcrumb"},"inLanguage":"pt-BR","potentialAction":[{"@type":"ReadAction","target":["https:\/\/www.correiobraziliense.com.br\/cbradar\/veja-quanto-the-weeknd-ja-faturou-com-sua-carreira-no-pop\/"]}]},{"@type":"ImageObject","inLanguage":"pt-BR","@id":"https:\/\/www.correiobraziliense.com.br\/cbradar\/veja-quanto-the-weeknd-ja-faturou-com-sua-carreira-no-pop\/#primaryimage","url":"https:\/\/www.correiobraziliense.com.br\/cbradar\/wp-content\/uploads\/2025\/04\/The-Weeknd_1744725589236.jpg","contentUrl":"https:\/\/www.correiobraziliense.com.br\/cbradar\/wp-content\/uploads\/2025\/04\/The-Weeknd_1744725589236.jpg","width":1280,"height":720,"caption":"The Weeknd \/\/ Cr\u00e9ditos: depositphotos.com \/ rokas91"},{"@type":"BreadcrumbList","@id":"https:\/\/www.correiobraziliense.com.br\/cbradar\/veja-quanto-the-weeknd-ja-faturou-com-sua-carreira-no-pop\/#breadcrumb","itemListElement":[{"@type":"ListItem","position":1,"name":"In\u00edcio","item":"https:\/\/www.correiobraziliense.com.br\/cbradar\/"},{"@type":"ListItem","position":2,"name":"Veja quanto The Weeknd j\u00e1 faturou com sua carreira pop"}]},{"@type":"WebSite","@id":"https:\/\/www.correiobraziliense.com.br\/cbradar\/#website","url":"https:\/\/www.correiobraziliense.com.br\/cbradar\/","name":"Correio Braziliense - Radar","description":"Acompanhe as \u00faltimas not\u00edcias e fique bem informado sobre tudo o que acontece no Brasil e no mundo.","potentialAction":[{"@type":"SearchAction","target":{"@type":"EntryPoint","urlTemplate":"https:\/\/www.correiobraziliense.com.br\/cbradar\/?s={search_term_string}"},"query-input":{"@type":"PropertyValueSpecification","valueRequired":true,"valueName":"search_term_string"}}],"inLanguage":"pt-BR"},{"@type":"Person","@id":"https:\/\/www.correiobraziliense.com.br\/cbradar\/#\/schema\/person\/4053c651a9bfc785afc6f4cbc9032fd3","name":"Maura Pereira","image":{"@type":"ImageObject","inLanguage":"pt-BR","@id":"https:\/\/www.correiobraziliense.com.br\/cbradar\/#\/schema\/person\/image\/","url":"https:\/\/secure.gravatar.com\/avatar\/3effd6bdadfa447f15089c7f7144eaa6?s=96&d=mm&r=g","contentUrl":"https:\/\/secure.gravatar.com\/avatar\/3effd6bdadfa447f15089c7f7144eaa6?s=96&d=mm&r=g","caption":"Maura Pereira"},"sameAs":["https:\/\/www.correiobraziliense.com.br\/"],"url":"https:\/\/www.correiobraziliense.com.br\/cbradar\/author\/mauramyth\/"}]}},"_links":{"self":[{"href":"https:\/\/www.correiobraziliense.com.br\/cbradar\/wp-json\/wp\/v2\/posts\/23825","targetHints":{"allow":["GET"]}}],"collection":[{"href":"https:\/\/www.correiobraziliense.com.br\/cbradar\/wp-json\/wp\/v2\/posts"}],"about":[{"href":"https:\/\/www.correiobraziliense.com.br\/cbradar\/wp-json\/wp\/v2\/types\/post"}],"author":[{"embeddable":true,"href":"https:\/\/www.correiobraziliense.com.br\/cbradar\/wp-json\/wp\/v2\/users\/8"}],"replies":[{"embeddable":true,"href":"https:\/\/www.correiobraziliense.com.br\/cbradar\/wp-json\/wp\/v2\/comments?post=23825"}],"version-history":[{"count":9,"href":"https:\/\/www.correiobraziliense.com.br\/cbradar\/wp-json\/wp\/v2\/posts\/23825\/revisions"}],"predecessor-version":[{"id":23949,"href":"https:\/\/www.correiobraziliense.com.br\/cbradar\/wp-json\/wp\/v2\/posts\/23825\/revisions\/23949"}],"wp:featuredmedia":[{"embeddable":true,"href":"https:\/\/www.correiobraziliense.com.br\/cbradar\/wp-json\/wp\/v2\/media\/23942"}],"wp:attachment":[{"href":"https:\/\/www.correiobraziliense.com.br\/cbradar\/wp-json\/wp\/v2\/media?parent=23825"}],"wp:term":[{"taxonomy":"category","embeddable":true,"href":"https:\/\/www.correiobraziliense.com.br\/cbradar\/wp-json\/wp\/v2\/categories?post=23825"},{"taxonomy":"post_tag","embeddable":true,"href":"https:\/\/www.correiobraziliense.com.br\/cbradar\/wp-json\/wp\/v2\/post_tag?post=23825"}],"curies":[{"name":"wp","href":"https:\/\/api.w.org\/{rel}","templated":true}]}}