{"id":23826,"date":"2025-04-16T16:30:00","date_gmt":"2025-04-16T19:30:00","guid":{"rendered":"https:\/\/www.correiobraziliense.com.br\/cbradar\/?p=23826"},"modified":"2025-04-15T10:16:43","modified_gmt":"2025-04-15T13:16:43","slug":"voce-sabe-qual-e-o-valor-da-fortuna-da-charli-xcx","status":"publish","type":"post","link":"https:\/\/www.correiobraziliense.com.br\/cbradar\/voce-sabe-qual-e-o-valor-da-fortuna-da-charli-xcx\/","title":{"rendered":"Voc\u00ea sabe qual \u00e9 o valor da fortuna da Charli XCX?"},"content":{"rendered":"\n<p><strong><a href=\"https:\/\/pt.wikipedia.org\/wiki\/Charli_xcx\" target=\"_blank\" rel=\"noreferrer noopener\">Charli XCX<\/a><\/strong> \u00e9 um dos nomes mais vibrantes e inovadores do cen\u00e1rio pop internacional. Com uma carreira marcada por ousadia art\u00edstica, parcerias estrat\u00e9gicas e uma presen\u00e7a constante nas paradas musicais, a artista brit\u00e2nica conquistou o p\u00fablico com seu estilo \u00fanico e personalidade aut\u00eantica. Ao longo dos anos, ela se destacou n\u00e3o apenas como cantora, mas tamb\u00e9m como compositora, produtora e \u00edcone da cultura pop alternativa.<\/p>\n\n\n\n<p>Neste artigo, vamos explorar a trajet\u00f3ria da artista desde seus primeiros passos at\u00e9 sua ascens\u00e3o ao estrelato, revelando detalhes sobre suas maiores conquistas, curiosidades de bastidores, pol\u00eamicas e, claro, o valor estimado de sua fortuna. Se voc\u00ea \u00e9 f\u00e3 ou simplesmente curioso para saber como <strong>Charli XCX<\/strong> construiu seu imp\u00e9rio musical, continue a leitura!<\/p>\n\n\n\n<h2 class=\"wp-block-heading\">Qual \u00e9 a hist\u00f3ria da Charli?<\/h2>\n\n\n\n<p>Nascida como <strong>Charlotte Emma Aitchison<\/strong>, em <strong>2 de agosto de 1992<\/strong>, em <strong>Cambridge<\/strong>, no <strong><a href=\"https:\/\/www.correiobraziliense.com.br\/cbradar\/paul-mccartney-se-tornou-o-primeiro-musico-bilionario-do-reino-unido-veja-fortuna\/\" target=\"_blank\" rel=\"noreferrer noopener\">Reino Unido<\/a><\/strong>, <strong>Charli XCX<\/strong> \u00e9 filha de uma enfermeira e de um empres\u00e1rio, com ascend\u00eancia mista de <strong>\u00cdndia<\/strong> e <strong>Esc\u00f3cia<\/strong>. Desde muito jovem, demonstrou interesse pelas artes e, aos <strong>14 anos<\/strong>, j\u00e1 compunha suas pr\u00f3prias m\u00fasicas. Foi nessa fase que surgiu o nome art\u00edstico \u201c<strong>Charli XCX<\/strong>\u201d, inspirado em seu nome de usu\u00e1rio no <strong>MSN Messenger<\/strong>, o qual mais tarde se tornaria uma marca registrada no mundo da m\u00fasica.<\/p>\n\n\n\n<p>Ainda adolescente, come\u00e7ou a divulgar suas m\u00fasicas em plataformas como o <strong>MySpace<\/strong>, chamando aten\u00e7\u00e3o pelo estilo alternativo e letras provocativas. Sua primeira incurs\u00e3o profissional aconteceu quando foi convidada para se apresentar em festas clandestinas em <strong>Londres<\/strong>, eventos que abriram as portas para a futura artista assinar contrato com uma gravadora independente. Esse come\u00e7o aut\u00eantico e conectado ao underground moldou a identidade musical de <strong>Charli XCX<\/strong>, marcando o in\u00edcio de uma jornada singular.<\/p>\n\n\n\n<blockquote class=\"tiktok-embed\" cite=\"https:\/\/www.tiktok.com\/@charlixcx\/video\/7385506074176081185\" data-video-id=\"7385506074176081185\" style=\"max-width: 605px;min-width: 325px;\" > <section> <a target=\"_blank\" title=\"@charlixcx\" href=\"https:\/\/www.tiktok.com\/@charlixcx?refer=embed\">@charlixcx<\/a> epic choreo moment incoming on sweat tour ! @Troye Sivan @terrencefoconnor <a target=\"_blank\" title=\"\u266c Apple - Charli xcx\" href=\"https:\/\/www.tiktok.com\/music\/Apple-7377196584867760145?refer=embed\">\u266c Apple &#8211; Charli xcx<\/a> <\/section> <\/blockquote> <script async src=\"https:\/\/www.tiktok.com\/embed.js\"><\/script>\n\n\n\n<h2 class=\"wp-block-heading\">Como foi o in\u00edcio da carreira de Charli?<\/h2>\n\n\n\n<p>O primeiro grande passo da carreira de <strong>Charli XCX<\/strong> aconteceu com o lan\u00e7amento de sua mixtape <em>\u201cHeartbreaks and Earthquakes\u201d<\/em>, em <strong>2012<\/strong>, que chamou a aten\u00e7\u00e3o da cr\u00edtica especializada e pavimentou o caminho para projetos mais ambiciosos. No mesmo per\u00edodo, ela come\u00e7ou a colaborar com outros artistas da cena alternativa, criando um som eletropop que fugia do convencional e ganhava cada vez mais espa\u00e7o entre os f\u00e3s de m\u00fasica indie.<\/p>\n\n\n\n<p>No entanto, sua proje\u00e7\u00e3o global veio com a colabora\u00e7\u00e3o no hit <em>\u201cI Love It\u201d<\/em> da dupla <strong>Icona Pop<\/strong>, lan\u00e7ado em <strong>2012<\/strong>, no qual <strong>Charli XCX<\/strong> assina como compositora e vocalista. O sucesso estrondoso da m\u00fasica levou seu nome para o topo das paradas internacionais e garantiu seu reconhecimento na ind\u00fastria musical como uma hitmaker promissora. Esse momento foi o ponto de virada que consolidou sua entrada definitiva no mercado mainstream.<\/p>\n\n\n\n<h2 class=\"wp-block-heading\">Quais os maiores sucessos da carreira do Charli XCX?<\/h2>\n\n\n\n<p>Ao longo dos anos, <strong>Charli XCX<\/strong> acumulou diversos sucessos, tanto como artista solo quanto em colabora\u00e7\u00f5es. Um de seus maiores hits \u00e9 <em>\u201c<strong>Boom Clap<\/strong>\u201d<\/em>, lan\u00e7ado em <strong>2014<\/strong>, que fez parte da trilha sonora do filme <em>\u201c<strong>A Culpa \u00e9 das Estrelas<\/strong>\u201d<\/em>. A m\u00fasica alcan\u00e7ou posi\u00e7\u00f5es de destaque nas paradas dos <strong>Estados Unidos<\/strong>, <strong>Reino Unido<\/strong> e diversos outros pa\u00edses, marcando um momento de consolida\u00e7\u00e3o de sua carreira pop.<\/p>\n\n\n\n<p>Al\u00e9m disso, a cantora participou de grandes sucessos como <em>\u201c<strong>Fancy<\/strong>\u201d<\/em> com <strong>Iggy Azalea<\/strong>, e <em>\u201c<strong>1999<\/strong>\u201d<\/em> com <strong>Troye Sivan<\/strong>, que refor\u00e7aram sua capacidade de dialogar com diferentes estilos e p\u00fablicos. Seus \u00e1lbuns <em>\u201c<strong>Sucker<\/strong>\u201d<\/em>, <em>\u201c<strong>Charli<\/strong>\u201d<\/em> e <em>\u201c<strong>Crash<\/strong>\u201d<\/em> s\u00e3o considerados projetos inovadores no cen\u00e1rio pop experimental, sendo elogiados por sua est\u00e9tica futurista, produ\u00e7\u00e3o arrojada e autenticidade.<br><br>Entre seus hits recentes<\/p>\n\n\n\n<figure class=\"wp-block-embed aligncenter is-type-video is-provider-youtube wp-block-embed-youtube wp-embed-aspect-4-3 wp-has-aspect-ratio\"><div class=\"wp-block-embed__wrapper\">\n<div class=\"jeg_video_container jeg_video_content\"><iframe loading=\"lazy\" title=\"Charli xcx - 360 (official video)\" width=\"500\" height=\"375\" src=\"https:\/\/www.youtube.com\/embed\/WJW-VvmRKsE?feature=oembed\" frameborder=\"0\" allow=\"accelerometer; autoplay; clipboard-write; encrypted-media; gyroscope; picture-in-picture; web-share\" referrerpolicy=\"strict-origin-when-cross-origin\" allowfullscreen><\/iframe><\/div>\n<\/div><\/figure>\n\n\n\n<h2 class=\"wp-block-heading\">Quais seus maiores pr\u00eamios e conquistas da carreira?<\/h2>\n\n\n\n<p>Embora ainda n\u00e3o tenha recebido pr\u00eamios como o <strong>Grammy<\/strong>, <strong>Charli XCX<\/strong> j\u00e1 foi amplamente reconhecida por sua contribui\u00e7\u00e3o criativa \u00e0 m\u00fasica pop. Ela venceu categorias no <strong>Billboard Music Awards<\/strong>, <strong>NME Awards<\/strong>, <strong>MTV Europe Music Awards<\/strong> e no <strong>SESAC Pop Awards<\/strong>, sendo frequentemente lembrada como uma das artistas mais influentes de sua gera\u00e7\u00e3o.<\/p>\n\n\n\n<p>Al\u00e9m dos pr\u00eamios, uma das maiores conquistas da carreira de <strong>Charli XCX<\/strong> \u00e9 sua reputa\u00e7\u00e3o como uma das principais vozes do pop alternativo. Ela \u00e9 constantemente citada como refer\u00eancia por outros artistas e produtores, sendo reconhecida por sua coragem em experimentar e sua lealdade \u00e0 pr\u00f3pria vis\u00e3o art\u00edstica. Sua influ\u00eancia \u00e9 vis\u00edvel na nova gera\u00e7\u00e3o do pop e na forma como ela desafia as normas comerciais do mercado.<\/p>\n\n\n\n<h2 class=\"wp-block-heading\">Charli XCX j\u00e1 se envolveu em pol\u00eamicas?<\/h2>\n\n\n\n<p>Embora n\u00e3o esteja constantemente envolvida em esc\u00e2ndalos, <strong>Charli XCX<\/strong> j\u00e1 protagonizou alguns momentos pol\u00eamicos. Um dos mais comentados foi sua cr\u00edtica aberta \u00e0 ind\u00fastria musical, especialmente no que diz respeito \u00e0 press\u00e3o est\u00e9tica sobre mulheres e ao controle criativo exercido por grandes gravadoras. Em diversas entrevistas, ela expressou insatisfa\u00e7\u00e3o com a forma como artistas s\u00e3o moldados para atender a padr\u00f5es comerciais.<\/p>\n\n\n\n<p>Outra situa\u00e7\u00e3o controversa aconteceu durante o lan\u00e7amento de seu \u00e1lbum <em>\u201c<strong>Charli<\/strong>\u201d<\/em>, em <strong>2019<\/strong>, quando a artista exp\u00f4s publicamente conflitos com f\u00e3s que criticaram sua dire\u00e7\u00e3o art\u00edstica. Apesar das rea\u00e7\u00f5es negativas de uma pequena parcela de seu p\u00fablico, a atitude foi vista por muitos como uma demonstra\u00e7\u00e3o de autenticidade e compromisso com sua arte. Ao longo do tempo, essas controv\u00e9rsias refor\u00e7aram sua imagem como uma artista honesta e destemida.<\/p>\n\n\n\n<h2 class=\"wp-block-heading\">Curiosidades<\/h2>\n\n\n\n<ol class=\"wp-block-list\">\n<li>O nome \u201c<strong>Charli XCX<\/strong>\u201d surgiu de seu antigo nickname no <strong>MSN Messenger<\/strong>.<\/li>\n\n\n\n<li>Ela j\u00e1 comp\u00f4s m\u00fasicas para artistas como <strong>Shawn Mendes<\/strong>, <strong>Camila Cabello<\/strong> e <strong>Selena Gomez<\/strong>.<\/li>\n\n\n\n<li>Seu estilo musical varia entre o pop experimental, hyperpop e eletr\u00f4nico.<\/li>\n\n\n\n<li>\u00c9 uma das principais colaboradoras do coletivo <strong>PC Music<\/strong>, conhecido por seu som futurista.<\/li>\n\n\n\n<li><strong>Charli XCX<\/strong> \u00e9 ativista em causas<strong> LGBTQIA+<\/strong> e feministas.<\/li>\n\n\n\n<li>Participou da trilha sonora do filme <em><strong>\u201c<\/strong><\/em><strong><em>Em Ritmo de Fuga\u201d<\/em> (<em>Baby Driver<\/em>)<\/strong>, de <strong>Edgar Wright<\/strong>.<\/li>\n\n\n\n<li>Durante a pandemia, gravou um \u00e1lbum inteiro em casa, intitulado <strong><em>\u201cHow I\u2019m Feeling Now\u201d<\/em>,<\/strong> em apenas <strong>40 dias<\/strong>.<\/li>\n\n\n\n<li>J\u00e1 afirmou em entrevistas que prefere trabalhar de forma independente, mesmo estando ligada a grandes gravadoras.<\/li>\n\n\n\n<li>\u00c9 f\u00e3 declarada de <strong>Britney Spears<\/strong> e <strong>Spice Girls<\/strong>.<\/li>\n\n\n\n<li>Em <strong>2023<\/strong>, foi confirmada no elenco do filme <strong><em>\u201cFaces of Death\u201d<\/em>,<\/strong> marcando uma nova fase de sua carreira art\u00edstica.<\/li>\n<\/ol>\n\n\n\n<h2 class=\"wp-block-heading\">Qual o valor estimado da fortuna e fontes de renda do Charli XCX?<\/h2>\n\n\n\n<p>O patrim\u00f4nio l\u00edquido estimado de <strong>Charli XCX<\/strong> \u00e9 de cerca de <strong>10 milh\u00f5es de d\u00f3lares<\/strong>, de acordo com fontes especializadas em finan\u00e7as de celebridades. Essa fortuna foi constru\u00edda ao longo de mais de uma d\u00e9cada de carreira s\u00f3lida, marcada por turn\u00eas internacionais, contratos com grandes marcas, streamings, vendas de \u00e1lbuns, composi\u00e7\u00f5es para outros artistas e participa\u00e7\u00f5es em trilhas sonoras de filmes e s\u00e9ries.<\/p>\n\n\n\n<p>Al\u00e9m da m\u00fasica, <strong>Charli XCX<\/strong> tamb\u00e9m investe em moda, publicidade e atua\u00e7\u00f5es no cinema, diversificando suas fontes de renda. Sua presen\u00e7a digital \u00e9 outro ativo importante, com milh\u00f5es de seguidores nas redes sociais, o que garante contratos publicit\u00e1rios lucrativos com marcas globais. Mesmo com uma abordagem art\u00edstica menos voltada ao comercial tradicional, ela conseguiu transformar sua autenticidade em uma fonte de sucesso financeiro consistente.<\/p>\n","protected":false},"excerpt":{"rendered":"<p>Charli XCX \u00e9 um dos nomes mais vibrantes e inovadores do cen\u00e1rio pop internacional. Com uma carreira marcada por ousadia art\u00edstica, parcerias estrat\u00e9gicas e uma presen\u00e7a constante nas paradas musicais, a artista brit\u00e2nica conquistou o p\u00fablico com seu estilo \u00fanico e personalidade aut\u00eantica. Ao longo dos anos, ela se destacou n\u00e3o apenas como cantora, mas [&hellip;]<\/p>\n","protected":false},"author":8,"featured_media":23834,"comment_status":"open","ping_status":"open","sticky":false,"template":"","format":"standard","meta":{"jnews-multi-image_gallery":[],"jnews_single_post":{"format":"standard"},"jnews_primary_category":[],"jnews_social_meta":[],"jnews_override_counter":[],"footnotes":""},"categories":[128,169],"post_tag":[3362,534],"class_list":["post-23826","post","type-post","status-publish","format-standard","has-post-thumbnail","hentry","category-economia","category-noticias","tag-charli-xcx","tag-fortunas"],"yoast_head":"<!-- This site is optimized with the Yoast SEO plugin v24.6 - https:\/\/yoast.com\/wordpress\/plugins\/seo\/ -->\n<title>Voc\u00ea sabe qual \u00e9 o valor da fortuna da Charli XCX? - Correio Braziliense - Radar<\/title>\n<meta name=\"description\" content=\"Voc\u00ea sabe qual \u00e9 o valor da fortuna da Charli XCX? Descubra quanto a estrela pop j\u00e1 acumulou com hits, shows e parcerias!\" \/>\n<meta name=\"robots\" content=\"index, follow, max-snippet:-1, max-image-preview:large, max-video-preview:-1\" \/>\n<link rel=\"canonical\" href=\"https:\/\/www.correiobraziliense.com.br\/cbradar\/voce-sabe-qual-e-o-valor-da-fortuna-da-charli-xcx\/\" \/>\n<meta property=\"og:locale\" content=\"pt_BR\" \/>\n<meta property=\"og:type\" content=\"article\" \/>\n<meta property=\"og:title\" content=\"Voc\u00ea sabe qual \u00e9 o valor da fortuna da Charli XCX? - Correio Braziliense - Radar\" \/>\n<meta property=\"og:description\" content=\"Voc\u00ea sabe qual \u00e9 o valor da fortuna da Charli XCX? Descubra quanto a estrela pop j\u00e1 acumulou com hits, shows e parcerias!\" \/>\n<meta property=\"og:url\" content=\"https:\/\/www.correiobraziliense.com.br\/cbradar\/voce-sabe-qual-e-o-valor-da-fortuna-da-charli-xcx\/\" \/>\n<meta property=\"og:site_name\" content=\"Correio Braziliense - Radar\" \/>\n<meta property=\"article:published_time\" content=\"2025-04-16T19:30:00+00:00\" \/>\n<meta property=\"og:image\" content=\"https:\/\/www.correiobraziliense.com.br\/cbradar\/wp-content\/uploads\/2025\/04\/Edicoes-48.png\" \/>\n\t<meta property=\"og:image:width\" content=\"1280\" \/>\n\t<meta property=\"og:image:height\" content=\"720\" \/>\n\t<meta property=\"og:image:type\" content=\"image\/png\" \/>\n<meta name=\"author\" content=\"Maura Pereira\" \/>\n<meta name=\"twitter:card\" content=\"summary_large_image\" \/>\n<meta name=\"twitter:label1\" content=\"Escrito por\" \/>\n\t<meta name=\"twitter:data1\" content=\"Maura Pereira\" \/>\n\t<meta name=\"twitter:label2\" content=\"Est. tempo de leitura\" \/>\n\t<meta name=\"twitter:data2\" content=\"7 minutos\" \/>\n<!-- \/ Yoast SEO plugin. -->","yoast_head_json":{"title":"Voc\u00ea sabe qual \u00e9 o valor da fortuna da Charli XCX? - Correio Braziliense - Radar","description":"Voc\u00ea sabe qual \u00e9 o valor da fortuna da Charli XCX? Descubra quanto a estrela pop j\u00e1 acumulou com hits, shows e parcerias!","robots":{"index":"index","follow":"follow","max-snippet":"max-snippet:-1","max-image-preview":"max-image-preview:large","max-video-preview":"max-video-preview:-1"},"canonical":"https:\/\/www.correiobraziliense.com.br\/cbradar\/voce-sabe-qual-e-o-valor-da-fortuna-da-charli-xcx\/","og_locale":"pt_BR","og_type":"article","og_title":"Voc\u00ea sabe qual \u00e9 o valor da fortuna da Charli XCX? - Correio Braziliense - Radar","og_description":"Voc\u00ea sabe qual \u00e9 o valor da fortuna da Charli XCX? Descubra quanto a estrela pop j\u00e1 acumulou com hits, shows e parcerias!","og_url":"https:\/\/www.correiobraziliense.com.br\/cbradar\/voce-sabe-qual-e-o-valor-da-fortuna-da-charli-xcx\/","og_site_name":"Correio Braziliense - Radar","article_published_time":"2025-04-16T19:30:00+00:00","og_image":[{"width":1280,"height":720,"url":"https:\/\/www.correiobraziliense.com.br\/cbradar\/wp-content\/uploads\/2025\/04\/Edicoes-48.png","type":"image\/png"}],"author":"Maura Pereira","twitter_card":"summary_large_image","twitter_misc":{"Escrito por":"Maura Pereira","Est. tempo de leitura":"7 minutos"},"schema":{"@context":"https:\/\/schema.org","@graph":[{"@type":"WebPage","@id":"https:\/\/www.correiobraziliense.com.br\/cbradar\/voce-sabe-qual-e-o-valor-da-fortuna-da-charli-xcx\/","url":"https:\/\/www.correiobraziliense.com.br\/cbradar\/voce-sabe-qual-e-o-valor-da-fortuna-da-charli-xcx\/","name":"Voc\u00ea sabe qual \u00e9 o valor da fortuna da Charli XCX? - Correio Braziliense - Radar","isPartOf":{"@id":"https:\/\/www.correiobraziliense.com.br\/cbradar\/#website"},"primaryImageOfPage":{"@id":"https:\/\/www.correiobraziliense.com.br\/cbradar\/voce-sabe-qual-e-o-valor-da-fortuna-da-charli-xcx\/#primaryimage"},"image":{"@id":"https:\/\/www.correiobraziliense.com.br\/cbradar\/voce-sabe-qual-e-o-valor-da-fortuna-da-charli-xcx\/#primaryimage"},"thumbnailUrl":"https:\/\/www.correiobraziliense.com.br\/cbradar\/wp-content\/uploads\/2025\/04\/Edicoes-48.png","datePublished":"2025-04-16T19:30:00+00:00","author":{"@id":"https:\/\/www.correiobraziliense.com.br\/cbradar\/#\/schema\/person\/4053c651a9bfc785afc6f4cbc9032fd3"},"description":"Voc\u00ea sabe qual \u00e9 o valor da fortuna da Charli XCX? Descubra quanto a estrela pop j\u00e1 acumulou com hits, shows e parcerias!","breadcrumb":{"@id":"https:\/\/www.correiobraziliense.com.br\/cbradar\/voce-sabe-qual-e-o-valor-da-fortuna-da-charli-xcx\/#breadcrumb"},"inLanguage":"pt-BR","potentialAction":[{"@type":"ReadAction","target":["https:\/\/www.correiobraziliense.com.br\/cbradar\/voce-sabe-qual-e-o-valor-da-fortuna-da-charli-xcx\/"]}]},{"@type":"ImageObject","inLanguage":"pt-BR","@id":"https:\/\/www.correiobraziliense.com.br\/cbradar\/voce-sabe-qual-e-o-valor-da-fortuna-da-charli-xcx\/#primaryimage","url":"https:\/\/www.correiobraziliense.com.br\/cbradar\/wp-content\/uploads\/2025\/04\/Edicoes-48.png","contentUrl":"https:\/\/www.correiobraziliense.com.br\/cbradar\/wp-content\/uploads\/2025\/04\/Edicoes-48.png","width":1280,"height":720,"caption":"Charli xcx \/\/ Reprodu\u00e7\u00e3o; Instagram @charli_xcx"},{"@type":"BreadcrumbList","@id":"https:\/\/www.correiobraziliense.com.br\/cbradar\/voce-sabe-qual-e-o-valor-da-fortuna-da-charli-xcx\/#breadcrumb","itemListElement":[{"@type":"ListItem","position":1,"name":"In\u00edcio","item":"https:\/\/www.correiobraziliense.com.br\/cbradar\/"},{"@type":"ListItem","position":2,"name":"Voc\u00ea sabe qual \u00e9 o valor da fortuna da Charli XCX?"}]},{"@type":"WebSite","@id":"https:\/\/www.correiobraziliense.com.br\/cbradar\/#website","url":"https:\/\/www.correiobraziliense.com.br\/cbradar\/","name":"Correio Braziliense - Radar","description":"Acompanhe as \u00faltimas not\u00edcias e fique bem informado sobre tudo o que acontece no Brasil e no mundo.","potentialAction":[{"@type":"SearchAction","target":{"@type":"EntryPoint","urlTemplate":"https:\/\/www.correiobraziliense.com.br\/cbradar\/?s={search_term_string}"},"query-input":{"@type":"PropertyValueSpecification","valueRequired":true,"valueName":"search_term_string"}}],"inLanguage":"pt-BR"},{"@type":"Person","@id":"https:\/\/www.correiobraziliense.com.br\/cbradar\/#\/schema\/person\/4053c651a9bfc785afc6f4cbc9032fd3","name":"Maura Pereira","image":{"@type":"ImageObject","inLanguage":"pt-BR","@id":"https:\/\/www.correiobraziliense.com.br\/cbradar\/#\/schema\/person\/image\/","url":"https:\/\/secure.gravatar.com\/avatar\/3effd6bdadfa447f15089c7f7144eaa6?s=96&d=mm&r=g","contentUrl":"https:\/\/secure.gravatar.com\/avatar\/3effd6bdadfa447f15089c7f7144eaa6?s=96&d=mm&r=g","caption":"Maura Pereira"},"sameAs":["https:\/\/www.correiobraziliense.com.br\/"],"url":"https:\/\/www.correiobraziliense.com.br\/cbradar\/author\/mauramyth\/"}]}},"_links":{"self":[{"href":"https:\/\/www.correiobraziliense.com.br\/cbradar\/wp-json\/wp\/v2\/posts\/23826","targetHints":{"allow":["GET"]}}],"collection":[{"href":"https:\/\/www.correiobraziliense.com.br\/cbradar\/wp-json\/wp\/v2\/posts"}],"about":[{"href":"https:\/\/www.correiobraziliense.com.br\/cbradar\/wp-json\/wp\/v2\/types\/post"}],"author":[{"embeddable":true,"href":"https:\/\/www.correiobraziliense.com.br\/cbradar\/wp-json\/wp\/v2\/users\/8"}],"replies":[{"embeddable":true,"href":"https:\/\/www.correiobraziliense.com.br\/cbradar\/wp-json\/wp\/v2\/comments?post=23826"}],"version-history":[{"count":9,"href":"https:\/\/www.correiobraziliense.com.br\/cbradar\/wp-json\/wp\/v2\/posts\/23826\/revisions"}],"predecessor-version":[{"id":23855,"href":"https:\/\/www.correiobraziliense.com.br\/cbradar\/wp-json\/wp\/v2\/posts\/23826\/revisions\/23855"}],"wp:featuredmedia":[{"embeddable":true,"href":"https:\/\/www.correiobraziliense.com.br\/cbradar\/wp-json\/wp\/v2\/media\/23834"}],"wp:attachment":[{"href":"https:\/\/www.correiobraziliense.com.br\/cbradar\/wp-json\/wp\/v2\/media?parent=23826"}],"wp:term":[{"taxonomy":"category","embeddable":true,"href":"https:\/\/www.correiobraziliense.com.br\/cbradar\/wp-json\/wp\/v2\/categories?post=23826"},{"taxonomy":"post_tag","embeddable":true,"href":"https:\/\/www.correiobraziliense.com.br\/cbradar\/wp-json\/wp\/v2\/post_tag?post=23826"}],"curies":[{"name":"wp","href":"https:\/\/api.w.org\/{rel}","templated":true}]}}