{"id":23828,"date":"2025-04-16T10:50:00","date_gmt":"2025-04-16T13:50:00","guid":{"rendered":"https:\/\/www.correiobraziliense.com.br\/cbradar\/?p=23828"},"modified":"2025-04-15T10:41:52","modified_gmt":"2025-04-15T13:41:52","slug":"veja-a-fortuna-atual-do-ex-astro-teen-de-camp-rock","status":"publish","type":"post","link":"https:\/\/www.correiobraziliense.com.br\/cbradar\/veja-a-fortuna-atual-do-ex-astro-teen-de-camp-rock\/","title":{"rendered":"Veja a fortuna atual do ex-astro teen de Camp Rock"},"content":{"rendered":"\n<p><strong><a href=\"https:\/\/pt.wikipedia.org\/wiki\/Joe_Jonas\" target=\"_blank\" rel=\"noreferrer noopener\">Joe Jonas<\/a><\/strong> \u00e9 conhecido mundialmente como um dos integrantes da banda <strong>Jonas Brothers<\/strong>, grupo que marcou uma gera\u00e7\u00e3o com suas m\u00fasicas pop e carisma. Al\u00e9m de cantor, ele tamb\u00e9m \u00e9 ator, empres\u00e1rio e figura p\u00fablica presente em diversos segmentos do entretenimento. Seu talento e versatilidade o levaram a conquistar uma legi\u00e3o de f\u00e3s e a acumular uma fortuna significativa ao longo dos anos.<\/p>\n\n\n\n<p>Neste artigo, vamos explorar a trajet\u00f3ria de <strong>Joe Jonas<\/strong>, desde sua inf\u00e2ncia at\u00e9 os dias atuais. Voc\u00ea vai conhecer os momentos mais marcantes de sua carreira, suas conquistas, pol\u00eamicas, curiosidades sobre sua vida pessoal e profissional, e, claro, detalhes sobre seu patrim\u00f4nio e fontes de renda. Continue lendo para entender como <strong>Joe Jonas<\/strong> construiu sua fama e fortuna ao redor do mundo.<\/p>\n\n\n\n<h2 class=\"wp-block-heading\">Como foi a hist\u00f3ria de Joe Jonas?<\/h2>\n\n\n\n<p><strong>Joe Jonas<\/strong> nasceu em <strong>15 de agosto de 1989<\/strong>, em <strong>Casa Grande<\/strong>, <strong>Arizona<\/strong>, nos <strong><a href=\"https:\/\/www.correiobraziliense.com.br\/cbradar\/essa-e-a-moto-mais-barata-dos-estados-unidos-veja-modelo\/\" target=\"_blank\" rel=\"noreferrer noopener\">Estados Unidos<\/a><\/strong>, e cresceu em uma fam\u00edlia ligada \u00e0 m\u00fasica e \u00e0 religi\u00e3o. Junto aos irm\u00e3os <strong>Nick Jonas<\/strong>, <strong>Kevin Jonas<\/strong> e, posteriormente, <strong>Frankie Jonas<\/strong>, ele foi incentivado desde pequeno a desenvolver habilidades art\u00edsticas. O ambiente familiar favoreceu a forma\u00e7\u00e3o de uma carreira s\u00f3lida na m\u00fasica, especialmente quando os irm\u00e3os uniram for\u00e7as como um grupo.<\/p>\n\n\n\n<p>Antes da fama, <strong>Joe<\/strong> j\u00e1 demonstrava interesse por atua\u00e7\u00e3o e chegou a fazer testes para produ\u00e7\u00f5es televisivas. No entanto, foi com a uni\u00e3o dos irm\u00e3os e o surgimento da banda <strong>Jonas Brothers<\/strong> que seu caminho art\u00edstico se consolidou. Com talento nato e uma presen\u00e7a marcante nos palcos, <strong>Joe Jonas<\/strong> logo se tornou um dos rostos mais conhecidos entre os adolescentes do final dos anos <strong>2000<\/strong>.<\/p>\n\n\n\n<blockquote class=\"instagram-media\" data-instgrm-captioned data-instgrm-permalink=\"https:\/\/www.instagram.com\/p\/DH_Yd8ix7Yg\/?utm_source=ig_embed&amp;utm_campaign=loading\" data-instgrm-version=\"14\" style=\" background:#FFF; border:0; border-radius:3px; box-shadow:0 0 1px 0 rgba(0,0,0,0.5),0 1px 10px 0 rgba(0,0,0,0.15); margin: 1px; max-width:540px; min-width:326px; padding:0; width:99.375%; width:-webkit-calc(100% - 2px); width:calc(100% - 2px);\"><div style=\"padding:16px;\"> <a href=\"https:\/\/www.instagram.com\/p\/DH_Yd8ix7Yg\/?utm_source=ig_embed&amp;utm_campaign=loading\" style=\" background:#FFFFFF; line-height:0; padding:0 0; text-align:center; text-decoration:none; width:100%;\" target=\"_blank\"> <div style=\" display: flex; flex-direction: row; align-items: center;\"> <div style=\"background-color: #F4F4F4; border-radius: 50%; flex-grow: 0; height: 40px; margin-right: 14px; width: 40px;\"><\/div> <div style=\"display: flex; flex-direction: column; flex-grow: 1; justify-content: center;\"> <div style=\" background-color: #F4F4F4; border-radius: 4px; flex-grow: 0; height: 14px; margin-bottom: 6px; width: 100px;\"><\/div> <div style=\" background-color: #F4F4F4; border-radius: 4px; flex-grow: 0; height: 14px; width: 60px;\"><\/div><\/div><\/div><div style=\"padding: 19% 0;\"><\/div> <div style=\"display:block; height:50px; margin:0 auto 12px; width:50px;\"><svg width=\"50px\" height=\"50px\" viewBox=\"0 0 60 60\" version=\"1.1\" xmlns=\"https:\/\/www.w3.org\/2000\/svg\" xmlns:xlink=\"https:\/\/www.w3.org\/1999\/xlink\"><g stroke=\"none\" stroke-width=\"1\" fill=\"none\" fill-rule=\"evenodd\"><g transform=\"translate(-511.000000, -20.000000)\" fill=\"#000000\"><g><path d=\"M556.869,30.41 C554.814,30.41 553.148,32.076 553.148,34.131 C553.148,36.186 554.814,37.852 556.869,37.852 C558.924,37.852 560.59,36.186 560.59,34.131 C560.59,32.076 558.924,30.41 556.869,30.41 M541,60.657 C535.114,60.657 530.342,55.887 530.342,50 C530.342,44.114 535.114,39.342 541,39.342 C546.887,39.342 551.658,44.114 551.658,50 C551.658,55.887 546.887,60.657 541,60.657 M541,33.886 C532.1,33.886 524.886,41.1 524.886,50 C524.886,58.899 532.1,66.113 541,66.113 C549.9,66.113 557.115,58.899 557.115,50 C557.115,41.1 549.9,33.886 541,33.886 M565.378,62.101 C565.244,65.022 564.756,66.606 564.346,67.663 C563.803,69.06 563.154,70.057 562.106,71.106 C561.058,72.155 560.06,72.803 558.662,73.347 C557.607,73.757 556.021,74.244 553.102,74.378 C549.944,74.521 548.997,74.552 541,74.552 C533.003,74.552 532.056,74.521 528.898,74.378 C525.979,74.244 524.393,73.757 523.338,73.347 C521.94,72.803 520.942,72.155 519.894,71.106 C518.846,70.057 518.197,69.06 517.654,67.663 C517.244,66.606 516.755,65.022 516.623,62.101 C516.479,58.943 516.448,57.996 516.448,50 C516.448,42.003 516.479,41.056 516.623,37.899 C516.755,34.978 517.244,33.391 517.654,32.338 C518.197,30.938 518.846,29.942 519.894,28.894 C520.942,27.846 521.94,27.196 523.338,26.654 C524.393,26.244 525.979,25.756 528.898,25.623 C532.057,25.479 533.004,25.448 541,25.448 C548.997,25.448 549.943,25.479 553.102,25.623 C556.021,25.756 557.607,26.244 558.662,26.654 C560.06,27.196 561.058,27.846 562.106,28.894 C563.154,29.942 563.803,30.938 564.346,32.338 C564.756,33.391 565.244,34.978 565.378,37.899 C565.522,41.056 565.552,42.003 565.552,50 C565.552,57.996 565.522,58.943 565.378,62.101 M570.82,37.631 C570.674,34.438 570.167,32.258 569.425,30.349 C568.659,28.377 567.633,26.702 565.965,25.035 C564.297,23.368 562.623,22.342 560.652,21.575 C558.743,20.834 556.562,20.326 553.369,20.18 C550.169,20.033 549.148,20 541,20 C532.853,20 531.831,20.033 528.631,20.18 C525.438,20.326 523.257,20.834 521.349,21.575 C519.376,22.342 517.703,23.368 516.035,25.035 C514.368,26.702 513.342,28.377 512.574,30.349 C511.834,32.258 511.326,34.438 511.181,37.631 C511.035,40.831 511,41.851 511,50 C511,58.147 511.035,59.17 511.181,62.369 C511.326,65.562 511.834,67.743 512.574,69.651 C513.342,71.625 514.368,73.296 516.035,74.965 C517.703,76.634 519.376,77.658 521.349,78.425 C523.257,79.167 525.438,79.673 528.631,79.82 C531.831,79.965 532.853,80.001 541,80.001 C549.148,80.001 550.169,79.965 553.369,79.82 C556.562,79.673 558.743,79.167 560.652,78.425 C562.623,77.658 564.297,76.634 565.965,74.965 C567.633,73.296 568.659,71.625 569.425,69.651 C570.167,67.743 570.674,65.562 570.82,62.369 C570.966,59.17 571,58.147 571,50 C571,41.851 570.966,40.831 570.82,37.631\"><\/path><\/g><\/g><\/g><\/svg><\/div><div style=\"padding-top: 8px;\"> <div style=\" color:#3897f0; font-family:Arial,sans-serif; font-size:14px; font-style:normal; font-weight:550; line-height:18px;\">Ver essa foto no Instagram<\/div><\/div><div style=\"padding: 12.5% 0;\"><\/div> <div style=\"display: flex; flex-direction: row; margin-bottom: 14px; align-items: center;\"><div> <div style=\"background-color: #F4F4F4; border-radius: 50%; height: 12.5px; width: 12.5px; transform: translateX(0px) translateY(7px);\"><\/div> <div style=\"background-color: #F4F4F4; height: 12.5px; transform: rotate(-45deg) translateX(3px) translateY(1px); width: 12.5px; flex-grow: 0; margin-right: 14px; margin-left: 2px;\"><\/div> <div style=\"background-color: #F4F4F4; border-radius: 50%; height: 12.5px; width: 12.5px; transform: translateX(9px) translateY(-18px);\"><\/div><\/div><div style=\"margin-left: 8px;\"> <div style=\" background-color: #F4F4F4; border-radius: 50%; flex-grow: 0; height: 20px; width: 20px;\"><\/div> <div style=\" width: 0; height: 0; border-top: 2px solid transparent; border-left: 6px solid #f4f4f4; border-bottom: 2px solid transparent; transform: translateX(16px) translateY(-4px) rotate(30deg)\"><\/div><\/div><div style=\"margin-left: auto;\"> <div style=\" width: 0px; border-top: 8px solid #F4F4F4; border-right: 8px solid transparent; transform: translateY(16px);\"><\/div> <div style=\" background-color: #F4F4F4; flex-grow: 0; height: 12px; width: 16px; transform: translateY(-4px);\"><\/div> <div style=\" width: 0; height: 0; border-top: 8px solid #F4F4F4; border-left: 8px solid transparent; transform: translateY(-4px) translateX(8px);\"><\/div><\/div><\/div> <div style=\"display: flex; flex-direction: column; flex-grow: 1; justify-content: center; margin-bottom: 24px;\"> <div style=\" background-color: #F4F4F4; border-radius: 4px; flex-grow: 0; height: 14px; margin-bottom: 6px; width: 224px;\"><\/div> <div style=\" background-color: #F4F4F4; border-radius: 4px; flex-grow: 0; height: 14px; width: 144px;\"><\/div><\/div><\/a><p style=\" color:#c9c8cd; font-family:Arial,sans-serif; font-size:14px; line-height:17px; margin-bottom:0; margin-top:8px; overflow:hidden; padding:8px 0 7px; text-align:center; text-overflow:ellipsis; white-space:nowrap;\"><a href=\"https:\/\/www.instagram.com\/p\/DH_Yd8ix7Yg\/?utm_source=ig_embed&amp;utm_campaign=loading\" style=\" color:#c9c8cd; font-family:Arial,sans-serif; font-size:14px; font-style:normal; font-weight:normal; line-height:17px; text-decoration:none;\" target=\"_blank\">Uma publica\u00e7\u00e3o compartilhada por J O E J O N A S (@joejonas)<\/a><\/p><\/div><\/blockquote>\n<script async src=\"\/\/www.instagram.com\/embed.js\"><\/script>\n\n\n\n<h2 class=\"wp-block-heading\">Como come\u00e7ou a carreira?<\/h2>\n\n\n\n<p>A carreira de <strong>Joe Jonas<\/strong> teve in\u00edcio efetivamente com a forma\u00e7\u00e3o da banda <strong>Jonas Brothers<\/strong>, ao lado de seus irm\u00e3os. O grupo foi descoberto pela gravadora <strong>Columbia Records<\/strong> em meados de <strong>2005<\/strong>, lan\u00e7ando o primeiro \u00e1lbum &#8220;<strong>It\u2019s About Time<\/strong>&#8221; em <strong>2006<\/strong>, sem grande repercuss\u00e3o inicial. No entanto, ao assinarem com a <strong>Hollywood Records<\/strong>, gravadora ligada \u00e0 <strong>Disney<\/strong>, sua visibilidade aumentou drasticamente.<\/p>\n\n\n\n<p>A partir de <strong>2007<\/strong>, com o segundo \u00e1lbum auto-intitulado &#8220;<strong>Jonas Brothers<\/strong>&#8220;, a banda explodiu nas paradas musicais. Paralelamente, os irm\u00e3os participaram de produ\u00e7\u00f5es da <strong>Disney<\/strong>, como o filme &#8220;<strong>Camp Rock<\/strong>&#8221; e a s\u00e9rie &#8220;<strong>Jonas<\/strong>&#8220;, o que fortaleceu ainda mais sua imagem entre o p\u00fablico jovem. <strong>Joe<\/strong> se destacou n\u00e3o apenas pelo talento vocal, mas tamb\u00e9m pelo carisma e apar\u00eancia, que o tornaram um verdadeiro \u00eddolo teen.<\/p>\n\n\n\n<blockquote class=\"tiktok-embed\" cite=\"https:\/\/www.tiktok.com\/@bookimagine\/video\/7420171344446262534\" data-video-id=\"7420171344446262534\" style=\"max-width: 605px;min-width: 325px;\" > <section> <a target=\"_blank\" title=\"@bookimagine\" href=\"https:\/\/www.tiktok.com\/@bookimagine?refer=embed\">@bookimagine<\/a> Moment that still gives me goosebumps <a title=\"camprock\" target=\"_blank\" href=\"https:\/\/www.tiktok.com\/tag\/camprock?refer=embed\">#camprock<\/a> <a title=\"disney\" target=\"_blank\" href=\"https:\/\/www.tiktok.com\/tag\/disney?refer=embed\">#disney<\/a> <a title=\"joejonas\" target=\"_blank\" href=\"https:\/\/www.tiktok.com\/tag\/joejonas?refer=embed\">#joejonas<\/a> <a title=\"thisisme\" target=\"_blank\" href=\"https:\/\/www.tiktok.com\/tag\/thisisme?refer=embed\">#thisisme<\/a> <a target=\"_blank\" title=\"\u266c original sound - favourite aesthetic\" href=\"https:\/\/www.tiktok.com\/music\/original-sound-7420171378908990213?refer=embed\">\u266c original sound &#8211; favourite aesthetic<\/a> <\/section> <\/blockquote> <script async src=\"https:\/\/www.tiktok.com\/embed.js\"><\/script>\n\n\n\n<h2 class=\"wp-block-heading\">Quais os maiores sucessos da carreira de Joe Jonas?<\/h2>\n\n\n\n<p>Entre os maiores sucessos da carreira de <strong>Joe Jonas<\/strong>, \u00e9 imposs\u00edvel n\u00e3o citar m\u00fasicas como &#8220;<strong>S.O.S.<\/strong>&#8220;, &#8220;<strong>Burnin\u2019 Up<\/strong>&#8220;, &#8220;<strong>Lovebug<\/strong>&#8221; e &#8220;<strong>When You Look Me in the Eyes<\/strong>&#8220;, todas lan\u00e7adas durante o auge dos <strong>Jonas Brothers<\/strong>. Esses hits dominaram as r\u00e1dios e as plataformas digitais, levando o grupo a se apresentar em grandes premia\u00e7\u00f5es e turn\u00eas internacionais.<\/p>\n\n\n\n<p>Ap\u00f3s um hiato da banda, <strong>Joe<\/strong> tamb\u00e9m encontrou sucesso com seu projeto solo <strong>DNCE<\/strong>, criado em <strong>2015<\/strong>. O single &#8220;<strong>Cake by the Ocean<\/strong>&#8221; se tornou um fen\u00f4meno global, alcan\u00e7ando bilh\u00f5es de reprodu\u00e7\u00f5es e provando sua capacidade de se reinventar fora do trio familiar. Esse projeto consolidou sua carreira al\u00e9m dos <strong>Jonas Brothers<\/strong>, mostrando que seu talento ia muito al\u00e9m da adolesc\u00eancia.<\/p>\n\n\n\n<h2 class=\"wp-block-heading\">Quais seus maiores pr\u00eamios e conquistas da carreira?<\/h2>\n\n\n\n<p>Ao longo de sua carreira, <strong>Joe Jonas<\/strong> acumulou diversos pr\u00eamios ao lado dos <strong>Jonas Brothers<\/strong>, incluindo trof\u00e9us no <strong>Teen Choice Awards<\/strong>, <strong>MTV Video Music Awards<\/strong>, <strong>Kids&#8217; Choice Awards<\/strong> e <strong>Billboard Music Awards<\/strong>. A banda tamb\u00e9m recebeu uma indica\u00e7\u00e3o ao <strong>Grammy<\/strong> e uma estrela na <strong>Cal\u00e7ada da Fama de Hollywood<\/strong>, reconhecendo sua contribui\u00e7\u00e3o ao entretenimento.<\/p>\n\n\n\n<p>Al\u00e9m dos pr\u00eamios com a banda, o trabalho de <strong>Joe<\/strong> no grupo <strong>DNCE<\/strong> tamb\u00e9m lhe rendeu reconhecimento, incluindo premia\u00e7\u00f5es por v\u00eddeos musicais e performances. Sua capacidade de transitar entre diferentes estilos musicais e projetos o tornou um artista vers\u00e1til, respeitado por cr\u00edticos e f\u00e3s. Seu legado continua vivo, seja nos palcos, nas plataformas de streaming ou na cultura pop.<\/p>\n\n\n\n<figure class=\"wp-block-embed aligncenter is-type-video is-provider-youtube wp-block-embed-youtube wp-embed-aspect-16-9 wp-has-aspect-ratio\"><div class=\"wp-block-embed__wrapper\">\n<div class=\"jeg_video_container jeg_video_content\"><iframe loading=\"lazy\" title=\"Jonas Brothers - Love Me To Heaven (Official Video)\" width=\"500\" height=\"281\" src=\"https:\/\/www.youtube.com\/embed\/3S56SxpSTvk?feature=oembed\" frameborder=\"0\" allow=\"accelerometer; autoplay; clipboard-write; encrypted-media; gyroscope; picture-in-picture; web-share\" referrerpolicy=\"strict-origin-when-cross-origin\" allowfullscreen><\/iframe><\/div>\n<\/div><\/figure>\n\n\n\n<h2 class=\"wp-block-heading\">Joe Jonas j\u00e1 se envolveu em pol\u00eamicas?<\/h2>\n\n\n\n<p>Sim, <strong>Joe Jonas<\/strong> j\u00e1 enfrentou algumas pol\u00eamicas durante sua carreira, principalmente envolvendo relacionamentos amorosos. Seus romances com celebridades como <strong>Taylor Swift<\/strong>, <strong>Demi Lovato<\/strong> e, mais recentemente, o div\u00f3rcio com a atriz <strong>Sophie Turner<\/strong>, foram amplamente noticiados pela m\u00eddia e geraram controv\u00e9rsias entre f\u00e3s. Em especial, o t\u00e9rmino com <strong>Taylor<\/strong> inspirou m\u00fasicas de ambas as partes e alimentou o interesse da imprensa.<\/p>\n\n\n\n<p>Outra pol\u00eamica surgiu com o fim tempor\u00e1rio dos <strong>Jonas Brothers<\/strong>, o que gerou especula\u00e7\u00f5es sobre desentendimentos entre os irm\u00e3os. <strong>Joe<\/strong> tamb\u00e9m j\u00e1 falou abertamente sobre seu passado com uso de subst\u00e2ncias e as press\u00f5es da fama desde jovem. Contudo, ele sempre se mostrou aberto ao di\u00e1logo e \u00e0 autocr\u00edtica, buscando se manter transparente com o p\u00fablico e lidando com os desafios de forma madura.<\/p>\n\n\n\n<h2 class=\"wp-block-heading\">Curiosidades<\/h2>\n\n\n\n<ol class=\"wp-block-list\">\n<li><strong>Joe Jonas<\/strong> \u00e9 o segundo filho dos quatro irm\u00e3os <strong>Jonas<\/strong>.<\/li>\n\n\n\n<li>Foi casado com <strong>Sophie Turner<\/strong>, atriz de &#8220;<strong>Game of Thrones<\/strong>&#8220;, de <strong>2019<\/strong> a <strong>2023<\/strong>.<\/li>\n\n\n\n<li>Seu grupo <strong>DNCE<\/strong> ganhou destaque com a m\u00fasica &#8220;<strong>Cake by the Ocean<\/strong>&#8220;.<\/li>\n\n\n\n<li>\u00c9 um dos fundadores da marca de tequila <strong>Villa One<\/strong>, lan\u00e7ada em <strong>2019<\/strong>.<\/li>\n\n\n\n<li>Participou do reality &#8220;<strong>The Voice<\/strong>&#8221; como mentor na vers\u00e3o australiana.<\/li>\n\n\n\n<li>J\u00e1 atuou em filmes e s\u00e9ries, como &#8220;<strong>Camp Rock<\/strong>&#8221; e &#8220;<strong>Hot in Cleveland<\/strong>&#8220;.<\/li>\n\n\n\n<li>\u00c9 f\u00e3 de esportes e j\u00e1 participou de jogos beneficentes da <strong>NBA<\/strong>.<\/li>\n\n\n\n<li>Tem mais de <strong>12 milh\u00f5es<\/strong> de seguidores no <strong>Instagram<\/strong>.<\/li>\n\n\n\n<li>Em <strong>2020<\/strong>, os <strong>Jonas Brothers<\/strong> lan\u00e7aram um document\u00e1rio no <strong>Amazon Prime Video<\/strong>.<\/li>\n\n\n\n<li>Gosta de moda e frequentemente aparece em eventos com looks de grife.<\/li>\n<\/ol>\n\n\n\n<h2 class=\"wp-block-heading\">Qual o valor estimado da fortuna e fontes de renda do Joe Jonas?<\/h2>\n\n\n\n<p>A fortuna estimada de <strong>Joe Jonas<\/strong> gira em torno de <strong>US$ 50 milh\u00f5es<\/strong>, valor conquistado atrav\u00e9s de m\u00faltiplas fontes de renda. A principal delas, sem d\u00favidas, \u00e9 a carreira musical, tanto com os <strong>Jonas Brothers<\/strong> quanto com o grupo <strong>DNCE<\/strong>. Turn\u00eas, venda de \u00e1lbuns, plataformas de streaming e licenciamento de produtos com a marca <strong>Jonas<\/strong> s\u00e3o pilares do seu faturamento.<\/p>\n\n\n\n<p>Al\u00e9m da m\u00fasica, <strong>Joe<\/strong> tamb\u00e9m investe em neg\u00f3cios, como a marca de tequila <strong>Villa One<\/strong>, e ganha com publicidade, redes sociais e contratos com marcas de moda e estilo de vida. Seu envolvimento em produ\u00e7\u00f5es televisivas, document\u00e1rios e comerciais tamb\u00e9m contribui significativamente para seu patrim\u00f4nio. Com um perfil empreendedor e art\u00edstico, <strong>Joe Jonas<\/strong> continua expandindo sua influ\u00eancia e sua fortuna.<\/p>\n","protected":false},"excerpt":{"rendered":"<p>Joe Jonas \u00e9 conhecido mundialmente como um dos integrantes da banda Jonas Brothers, grupo que marcou uma gera\u00e7\u00e3o com suas m\u00fasicas pop e carisma. Al\u00e9m de cantor, ele tamb\u00e9m \u00e9 ator, empres\u00e1rio e figura p\u00fablica presente em diversos segmentos do entretenimento. Seu talento e versatilidade o levaram a conquistar uma legi\u00e3o de f\u00e3s e a [&hellip;]<\/p>\n","protected":false},"author":8,"featured_media":23862,"comment_status":"open","ping_status":"open","sticky":false,"template":"","format":"standard","meta":{"_yoast_wpseo_focuskw":"Joe","_yoast_wpseo_title":"","_yoast_wpseo_metadesc":"Voc\u00ea se lembra do astro de \"Camp Rock\"? Veja como est\u00e1 hoje a carreira, fortuna e vida do ex-astro teen e membro dos Jonas Brothers!","jnews-multi-image_gallery":[],"jnews_single_post":{"format":"standard"},"jnews_primary_category":[],"jnews_social_meta":[],"jnews_override_counter":[],"footnotes":""},"categories":[128,169],"tags":[3365,977,3363,3364],"class_list":["post-23828","post","type-post","status-publish","format-standard","has-post-thumbnail","hentry","category-economia","category-noticias","tag-camp-rock","tag-disney","tag-joe-jonas","tag-jonas-brothers"],"yoast_head":"<!-- This site is optimized with the Yoast SEO plugin v24.6 - https:\/\/yoast.com\/wordpress\/plugins\/seo\/ -->\n<title>Veja a fortuna atual do ex-astro teen de Camp Rock - Correio Braziliense - Radar<\/title>\n<meta name=\"description\" content=\"Voc\u00ea se lembra do astro de &quot;Camp Rock&quot;? Veja como est\u00e1 hoje a carreira, fortuna e vida do ex-astro teen e membro dos Jonas Brothers!\" \/>\n<meta name=\"robots\" content=\"index, follow, max-snippet:-1, max-image-preview:large, max-video-preview:-1\" \/>\n<link rel=\"canonical\" href=\"https:\/\/www.correiobraziliense.com.br\/cbradar\/veja-a-fortuna-atual-do-ex-astro-teen-de-camp-rock\/\" \/>\n<meta property=\"og:locale\" content=\"pt_BR\" \/>\n<meta property=\"og:type\" content=\"article\" \/>\n<meta property=\"og:title\" content=\"Veja a fortuna atual do ex-astro teen de Camp Rock - Correio Braziliense - Radar\" \/>\n<meta property=\"og:description\" content=\"Voc\u00ea se lembra do astro de &quot;Camp Rock&quot;? Veja como est\u00e1 hoje a carreira, fortuna e vida do ex-astro teen e membro dos Jonas Brothers!\" \/>\n<meta property=\"og:url\" content=\"https:\/\/www.correiobraziliense.com.br\/cbradar\/veja-a-fortuna-atual-do-ex-astro-teen-de-camp-rock\/\" \/>\n<meta property=\"og:site_name\" content=\"Correio Braziliense - Radar\" \/>\n<meta property=\"article:published_time\" content=\"2025-04-16T13:50:00+00:00\" \/>\n<meta property=\"og:image\" content=\"https:\/\/www.correiobraziliense.com.br\/cbradar\/wp-content\/uploads\/2025\/04\/Edicoes-49.png\" \/>\n\t<meta property=\"og:image:width\" content=\"1280\" \/>\n\t<meta property=\"og:image:height\" content=\"720\" \/>\n\t<meta property=\"og:image:type\" content=\"image\/png\" \/>\n<meta name=\"author\" content=\"Maura Pereira\" \/>\n<meta name=\"twitter:card\" content=\"summary_large_image\" \/>\n<meta name=\"twitter:label1\" content=\"Escrito por\" \/>\n\t<meta name=\"twitter:data1\" content=\"Maura Pereira\" \/>\n\t<meta name=\"twitter:label2\" content=\"Est. tempo de leitura\" \/>\n\t<meta name=\"twitter:data2\" content=\"6 minutos\" \/>\n<!-- \/ Yoast SEO plugin. -->","yoast_head_json":{"title":"Veja a fortuna atual do ex-astro teen de Camp Rock - Correio Braziliense - Radar","description":"Voc\u00ea se lembra do astro de \"Camp Rock\"? Veja como est\u00e1 hoje a carreira, fortuna e vida do ex-astro teen e membro dos Jonas Brothers!","robots":{"index":"index","follow":"follow","max-snippet":"max-snippet:-1","max-image-preview":"max-image-preview:large","max-video-preview":"max-video-preview:-1"},"canonical":"https:\/\/www.correiobraziliense.com.br\/cbradar\/veja-a-fortuna-atual-do-ex-astro-teen-de-camp-rock\/","og_locale":"pt_BR","og_type":"article","og_title":"Veja a fortuna atual do ex-astro teen de Camp Rock - Correio Braziliense - Radar","og_description":"Voc\u00ea se lembra do astro de \"Camp Rock\"? Veja como est\u00e1 hoje a carreira, fortuna e vida do ex-astro teen e membro dos Jonas Brothers!","og_url":"https:\/\/www.correiobraziliense.com.br\/cbradar\/veja-a-fortuna-atual-do-ex-astro-teen-de-camp-rock\/","og_site_name":"Correio Braziliense - Radar","article_published_time":"2025-04-16T13:50:00+00:00","og_image":[{"width":1280,"height":720,"url":"https:\/\/www.correiobraziliense.com.br\/cbradar\/wp-content\/uploads\/2025\/04\/Edicoes-49.png","type":"image\/png"}],"author":"Maura Pereira","twitter_card":"summary_large_image","twitter_misc":{"Escrito por":"Maura Pereira","Est. tempo de leitura":"6 minutos"},"schema":{"@context":"https:\/\/schema.org","@graph":[{"@type":"WebPage","@id":"https:\/\/www.correiobraziliense.com.br\/cbradar\/veja-a-fortuna-atual-do-ex-astro-teen-de-camp-rock\/","url":"https:\/\/www.correiobraziliense.com.br\/cbradar\/veja-a-fortuna-atual-do-ex-astro-teen-de-camp-rock\/","name":"Veja a fortuna atual do ex-astro teen de Camp Rock - Correio Braziliense - Radar","isPartOf":{"@id":"https:\/\/www.correiobraziliense.com.br\/cbradar\/#website"},"primaryImageOfPage":{"@id":"https:\/\/www.correiobraziliense.com.br\/cbradar\/veja-a-fortuna-atual-do-ex-astro-teen-de-camp-rock\/#primaryimage"},"image":{"@id":"https:\/\/www.correiobraziliense.com.br\/cbradar\/veja-a-fortuna-atual-do-ex-astro-teen-de-camp-rock\/#primaryimage"},"thumbnailUrl":"https:\/\/www.correiobraziliense.com.br\/cbradar\/wp-content\/uploads\/2025\/04\/Edicoes-49.png","datePublished":"2025-04-16T13:50:00+00:00","author":{"@id":"https:\/\/www.correiobraziliense.com.br\/cbradar\/#\/schema\/person\/4053c651a9bfc785afc6f4cbc9032fd3"},"description":"Voc\u00ea se lembra do astro de \"Camp Rock\"? Veja como est\u00e1 hoje a carreira, fortuna e vida do ex-astro teen e membro dos Jonas Brothers!","breadcrumb":{"@id":"https:\/\/www.correiobraziliense.com.br\/cbradar\/veja-a-fortuna-atual-do-ex-astro-teen-de-camp-rock\/#breadcrumb"},"inLanguage":"pt-BR","potentialAction":[{"@type":"ReadAction","target":["https:\/\/www.correiobraziliense.com.br\/cbradar\/veja-a-fortuna-atual-do-ex-astro-teen-de-camp-rock\/"]}]},{"@type":"ImageObject","inLanguage":"pt-BR","@id":"https:\/\/www.correiobraziliense.com.br\/cbradar\/veja-a-fortuna-atual-do-ex-astro-teen-de-camp-rock\/#primaryimage","url":"https:\/\/www.correiobraziliense.com.br\/cbradar\/wp-content\/uploads\/2025\/04\/Edicoes-49.png","contentUrl":"https:\/\/www.correiobraziliense.com.br\/cbradar\/wp-content\/uploads\/2025\/04\/Edicoes-49.png","width":1280,"height":720,"caption":"Joe Jonas \/\/ Reprodu\u00e7\u00e3o: Instagram @joejonas"},{"@type":"BreadcrumbList","@id":"https:\/\/www.correiobraziliense.com.br\/cbradar\/veja-a-fortuna-atual-do-ex-astro-teen-de-camp-rock\/#breadcrumb","itemListElement":[{"@type":"ListItem","position":1,"name":"In\u00edcio","item":"https:\/\/www.correiobraziliense.com.br\/cbradar\/"},{"@type":"ListItem","position":2,"name":"Veja a fortuna atual do ex-astro teen de Camp Rock"}]},{"@type":"WebSite","@id":"https:\/\/www.correiobraziliense.com.br\/cbradar\/#website","url":"https:\/\/www.correiobraziliense.com.br\/cbradar\/","name":"Correio Braziliense - Radar","description":"Acompanhe as \u00faltimas not\u00edcias e fique bem informado sobre tudo o que acontece no Brasil e no mundo.","potentialAction":[{"@type":"SearchAction","target":{"@type":"EntryPoint","urlTemplate":"https:\/\/www.correiobraziliense.com.br\/cbradar\/?s={search_term_string}"},"query-input":{"@type":"PropertyValueSpecification","valueRequired":true,"valueName":"search_term_string"}}],"inLanguage":"pt-BR"},{"@type":"Person","@id":"https:\/\/www.correiobraziliense.com.br\/cbradar\/#\/schema\/person\/4053c651a9bfc785afc6f4cbc9032fd3","name":"Maura Pereira","image":{"@type":"ImageObject","inLanguage":"pt-BR","@id":"https:\/\/www.correiobraziliense.com.br\/cbradar\/#\/schema\/person\/image\/","url":"https:\/\/secure.gravatar.com\/avatar\/3effd6bdadfa447f15089c7f7144eaa6?s=96&d=mm&r=g","contentUrl":"https:\/\/secure.gravatar.com\/avatar\/3effd6bdadfa447f15089c7f7144eaa6?s=96&d=mm&r=g","caption":"Maura Pereira"},"sameAs":["https:\/\/www.correiobraziliense.com.br\/"],"url":"https:\/\/www.correiobraziliense.com.br\/cbradar\/author\/mauramyth\/"}]}},"_links":{"self":[{"href":"https:\/\/www.correiobraziliense.com.br\/cbradar\/wp-json\/wp\/v2\/posts\/23828","targetHints":{"allow":["GET"]}}],"collection":[{"href":"https:\/\/www.correiobraziliense.com.br\/cbradar\/wp-json\/wp\/v2\/posts"}],"about":[{"href":"https:\/\/www.correiobraziliense.com.br\/cbradar\/wp-json\/wp\/v2\/types\/post"}],"author":[{"embeddable":true,"href":"https:\/\/www.correiobraziliense.com.br\/cbradar\/wp-json\/wp\/v2\/users\/8"}],"replies":[{"embeddable":true,"href":"https:\/\/www.correiobraziliense.com.br\/cbradar\/wp-json\/wp\/v2\/comments?post=23828"}],"version-history":[{"count":17,"href":"https:\/\/www.correiobraziliense.com.br\/cbradar\/wp-json\/wp\/v2\/posts\/23828\/revisions"}],"predecessor-version":[{"id":23906,"href":"https:\/\/www.correiobraziliense.com.br\/cbradar\/wp-json\/wp\/v2\/posts\/23828\/revisions\/23906"}],"wp:featuredmedia":[{"embeddable":true,"href":"https:\/\/www.correiobraziliense.com.br\/cbradar\/wp-json\/wp\/v2\/media\/23862"}],"wp:attachment":[{"href":"https:\/\/www.correiobraziliense.com.br\/cbradar\/wp-json\/wp\/v2\/media?parent=23828"}],"wp:term":[{"taxonomy":"category","embeddable":true,"href":"https:\/\/www.correiobraziliense.com.br\/cbradar\/wp-json\/wp\/v2\/categories?post=23828"},{"taxonomy":"post_tag","embeddable":true,"href":"https:\/\/www.correiobraziliense.com.br\/cbradar\/wp-json\/wp\/v2\/tags?post=23828"}],"curies":[{"name":"wp","href":"https:\/\/api.w.org\/{rel}","templated":true}]}}