{"id":23952,"date":"2025-04-16T21:50:00","date_gmt":"2025-04-17T00:50:00","guid":{"rendered":"https:\/\/www.correiobraziliense.com.br\/cbradar\/?p=23952"},"modified":"2025-04-15T11:35:13","modified_gmt":"2025-04-15T14:35:13","slug":"cidade-parece-presa-no-brasil-colonial-por-sua-arquitetura","status":"publish","type":"post","link":"https:\/\/www.correiobraziliense.com.br\/cbradar\/cidade-parece-presa-no-brasil-colonial-por-sua-arquitetura\/","title":{"rendered":"Cidade parece &#8220;presa&#8221; no Brasil colonial por sua arquitetura"},"content":{"rendered":"\n<p>A cidade de<a href=\"https:\/\/www.tiradentes.mg.gov.br\/\" target=\"_blank\" rel=\"noreferrer noopener\"> <strong>Tiradentes<\/strong><\/a> teve sua origem no final do s\u00e9culo XVII, quando bandeirantes descobriram ouro na regi\u00e3o da antiga <strong>Vila de S\u00e3o Jos\u00e9 del Rei<\/strong>, nome dado em homenagem a <strong>Dom Jo\u00e3o V<\/strong>. Fundada oficialmente em <strong>1718<\/strong>, a cidade cresceu rapidamente devido \u00e0 minera\u00e7\u00e3o e ao desenvolvimento do ciclo do ouro. Ao longo do tempo, ela se destacou por sua import\u00e2ncia econ\u00f4mica e estrat\u00e9gica durante o per\u00edodo colonial, tendo sido palco de debates e manifesta\u00e7\u00f5es pol\u00edticas, como a <strong>Inconfid\u00eancia Mineira<\/strong>, movimento do qual o m\u00e1rtir <strong>Joaquim Jos\u00e9 da Silva Xavier<\/strong>, o <strong>Tiradentes<\/strong>, participou ativamente.<\/p>\n\n\n\n<p>Com a decad\u00eancia da minera\u00e7\u00e3o, a cidade passou por um per\u00edodo de estagna\u00e7\u00e3o, o que acabou ajudando na preserva\u00e7\u00e3o de seu patrim\u00f4nio arquitet\u00f4nico. No s\u00e9culo XX, ganhou notoriedade ao ser redescoberta por artistas, intelectuais e turistas que buscavam contato com a hist\u00f3ria e a cultura do <strong><a href=\"https:\/\/www.correiobraziliense.com.br\/cbradar\/visitar-essa-cidade-e-como-voltar-no-tempo-para-o-brasil-colonial\/\" target=\"_blank\" rel=\"noreferrer noopener\">Brasil Colonial<\/a><\/strong>. A mudan\u00e7a de nome para <strong>Tiradentes<\/strong>, em <strong>1889<\/strong>, foi uma homenagem direta ao inconfidente, e hoje a cidade mant\u00e9m viva sua mem\u00f3ria em monumentos, museus e tradi\u00e7\u00f5es.<\/p>\n\n\n\n<h2 class=\"wp-block-heading\">Quais s\u00e3o as curiosidades mais interessantes sobre Tiradentes?<\/h2>\n\n\n\n<p>Entre os aspectos mais curiosos de <strong>Tiradentes<\/strong>, est\u00e1 o fato de que grande parte de sua estrutura urbana permaneceu quase inalterada desde o s\u00e9culo <strong>XVIII<\/strong>. Suas ruas de pedra, igrejas barrocas e casar\u00f5es hist\u00f3ricos atraem cineastas e fot\u00f3grafos do mundo todo. Um dos eventos mais populares da cidade \u00e9 a <strong>Mostra de Cinema de Tiradentes<\/strong>, realizada todo m\u00eas de <strong>janeiro<\/strong>, que transforma a cidade em um polo cultural e art\u00edstico. Outra tradi\u00e7\u00e3o marcante \u00e9 a <strong>Semana Santa<\/strong>, que re\u00fane prociss\u00f5es, encena\u00e7\u00f5es e celebra\u00e7\u00f5es que atraem fi\u00e9is e turistas em busca de experi\u00eancias religiosas aut\u00eanticas.<\/p>\n\n\n\n<p>Al\u00e9m disso, <strong>Tiradentes<\/strong> possui s\u00edmbolos oficiais cheios de significado, como seu bras\u00e3o, que remete \u00e0 sua origem colonial e liga\u00e7\u00e3o com a Coroa Portuguesa, e a bandeira que incorpora elementos da Inconfid\u00eancia. Um apelido carinhoso dado pelos visitantes \u00e9 \u201ccidade museu a c\u00e9u aberto\u201d, gra\u00e7as \u00e0 sua impressionante conserva\u00e7\u00e3o hist\u00f3rica. Esses detalhes conferem um charme \u00fanico \u00e0 cidade, tornando a visita uma verdadeira viagem no tempo.<\/p>\n\n\n<div class=\"wp-block-image\">\n<figure class=\"aligncenter size-large\"><img decoding=\"async\" width=\"1024\" height=\"576\" src=\"https:\/\/www.correiobraziliense.com.br\/cbradar\/wp-content\/uploads\/2025\/04\/Edicoes-51-1024x576.png\" alt=\"\" class=\"wp-image-23970\" srcset=\"https:\/\/www.correiobraziliense.com.br\/cbradar\/wp-content\/uploads\/2025\/04\/Edicoes-51-1024x576.png 1024w, https:\/\/www.correiobraziliense.com.br\/cbradar\/wp-content\/uploads\/2025\/04\/Edicoes-51-300x169.png 300w, https:\/\/www.correiobraziliense.com.br\/cbradar\/wp-content\/uploads\/2025\/04\/Edicoes-51-768x432.png 768w, https:\/\/www.correiobraziliense.com.br\/cbradar\/wp-content\/uploads\/2025\/04\/Edicoes-51-750x422.png 750w, https:\/\/www.correiobraziliense.com.br\/cbradar\/wp-content\/uploads\/2025\/04\/Edicoes-51-1140x641.png 1140w, https:\/\/www.correiobraziliense.com.br\/cbradar\/wp-content\/uploads\/2025\/04\/Edicoes-51.png 1280w\" sizes=\"(max-width: 1024px) 100vw, 1024px\" \/><figcaption class=\"wp-element-caption\">Tiradentes \/\/ Reprodu\u00e7\u00e3o: Wikimedia Commons<\/figcaption><\/figure><\/div>\n\n\n<h2 class=\"wp-block-heading\">Quais s\u00e3o os principais pontos tur\u00edsticos de Tiradentes?<\/h2>\n\n\n\n<p>O turismo em <strong>Tiradentes<\/strong> \u00e9 marcado por pontos hist\u00f3ricos imperd\u00edveis, como a <strong>Igreja Matriz de Santo Ant\u00f4nio<\/strong>, considerada uma das mais belas do <strong>Brasil<\/strong> colonial, com seu interior repleto de detalhes em ouro. O <strong>Chafariz de S\u00e3o Jos\u00e9<\/strong>, constru\u00eddo em <strong>1749<\/strong>, ainda abastece a cidade com \u00e1gua pot\u00e1vel e \u00e9 um excelente ponto para fotos. Outro destaque \u00e9 o <strong>Museu de Sant\u2019Ana<\/strong>, instalado em um antigo pres\u00eddio, que abriga uma vasta cole\u00e7\u00e3o de imagens religiosas femininas. Todos esses locais funcionam normalmente durante o dia, com entradas que variam de <strong>R$ 5<\/strong> a <strong>R$ 15<\/strong>.<\/p>\n\n\n\n<p>Para aproveitar melhor essas atra\u00e7\u00f5es, o ideal \u00e9 visitar <strong>Tiradentes<\/strong> entre os meses de <strong>abril<\/strong> e <strong>setembro<\/strong>, quando o clima \u00e9 mais seco e agrad\u00e1vel. Durante a <strong>Semana Santa<\/strong>, <strong>Festival de Gastronomia<\/strong> e <strong>Mostra de Cinema<\/strong>, a cidade ganha vida extra com programa\u00e7\u00f5es especiais. Roteiros complementares como o passeio de <strong>Maria Fuma\u00e7a<\/strong> at\u00e9 <strong>S\u00e3o Jo\u00e3o del Rei<\/strong> ou visitas ao distrito de <strong>Bichinho<\/strong> enriquecem ainda mais a experi\u00eancia do visitante.<\/p>\n\n\n\n<h2 class=\"wp-block-heading\">Como \u00e9 o clima local e qual a melhor \u00e9poca para visitar?<\/h2>\n\n\n\n<p>O clima em <strong>Tiradentes<\/strong> \u00e9 o t\u00edpico tropical de altitude, com esta\u00e7\u00f5es bem definidas. Os ver\u00f5es, entre <strong>dezembro<\/strong> e <strong>mar\u00e7o<\/strong>, costumam ser quentes e \u00famidos, com temperaturas m\u00e9dias entre <strong>25\u00b0C<\/strong> e <strong>30\u00b0C<\/strong>, al\u00e9m de pancadas de chuva frequentes. J\u00e1 os meses de <strong>inverno<\/strong>, de <strong>junho<\/strong> a <strong>agosto<\/strong>, apresentam temperaturas mais amenas, variando entre <strong>10\u00b0C<\/strong> e <strong>22\u00b0C<\/strong>, e quase nenhuma chuva, o que torna essa esta\u00e7\u00e3o ideal para passeios ao ar livre.<\/p>\n\n\n\n<p>A melhor \u00e9poca para visitar <strong>Tiradentes<\/strong> depende do tipo de experi\u00eancia desejada. O inverno seco favorece caminhadas pelo centro hist\u00f3rico e visitas a igrejas e museus sem preocupa\u00e7\u00e3o com o clima. Por outro lado, o ver\u00e3o, apesar das chuvas, \u00e9 recheado de festas e festivais culturais. Para ambos os casos, recomenda-se levar roupas leves, mas tamb\u00e9m casacos para a noite, e sapatos confort\u00e1veis para andar pelas ruas de pedra.<\/p>\n\n\n\n<h2 class=\"wp-block-heading\">O que fazer em Tiradentes al\u00e9m dos pontos tur\u00edsticos?<\/h2>\n\n\n\n<p>Al\u00e9m das atra\u00e7\u00f5es tradicionais, h\u00e1 muito o que fazer em <strong>Tiradentes<\/strong> explorando sua cultura local. Visitar o <strong>Mercado Municipal<\/strong>, participar de feiras de artesanato e passear pelo bairro do <strong>Alto das Merc\u00eas<\/strong> s\u00e3o formas de mergulhar na rotina da cidade. A gastronomia tamb\u00e9m \u00e9 um destaque \u00e0 parte: restaurantes como o <strong>Tragaluz<\/strong> e o <strong>Pacco &amp; Bacco<\/strong> oferecem pratos t\u00edpicos mineiros com um toque sofisticado, como o feij\u00e3o tropeiro, o leit\u00e3o \u00e0 pururuca e o famoso doce de leite artesanal.<\/p>\n\n\n\n<p>Para se hospedar, h\u00e1 op\u00e7\u00f5es para todos os bolsos: desde pousadas charmosas no centro hist\u00f3rico at\u00e9 hot\u00e9is boutique mais afastados e tranquilos. O transporte pela cidade pode ser feito a p\u00e9, por aplicativos de corrida ou mesmo de charrete, uma op\u00e7\u00e3o muito procurada por turistas. Para quem chega sem carro, \u00e9 poss\u00edvel utilizar \u00f4nibus intermunicipais ou transfers a partir de <strong>Belo Horizonte<\/strong> e <strong>S\u00e3o Jo\u00e3o del Rei<\/strong>.<\/p>\n\n\n\n<h2 class=\"wp-block-heading\">Quais s\u00e3o as dicas essenciais para quem visita Tiradentes?<\/h2>\n\n\n\n<p>Como em todo destino tur\u00edstico, \u00e9 importante manter aten\u00e7\u00e3o aos pertences pessoais em locais muito movimentados. Apesar de ser considerada uma cidade segura, especialmente em compara\u00e7\u00e3o com grandes centros urbanos, a presen\u00e7a de muitos turistas em per\u00edodos de alta temporada pode atrair pequenos furtos. O transporte p\u00fablico \u00e9 limitado, mas eficiente para curtas dist\u00e2ncias, e o custo m\u00e9dio das corridas por aplicativo gira em torno de <strong>R$ 10<\/strong> a <strong>R$ 20<\/strong> dentro da cidade.<\/p>\n\n\n\n<p>Para economizar, vale a pena planejar a viagem fora de datas comemorativas e aproveitar promo\u00e7\u00f5es de hospedagem durante a semana. Muitos museus e igrejas oferecem entrada gratuita em dias espec\u00edficos, e h\u00e1 op\u00e7\u00f5es de pacotes tur\u00edsticos com descontos. Evite cair em \u201cpegadinhas\u201d como restaurantes com pre\u00e7os n\u00e3o expostos ou guias n\u00e3o credenciados que podem cobrar tarifas abusivas.<\/p>\n\n\n\n<h2 class=\"wp-block-heading\">Perguntas frequentes (FAQ)<\/h2>\n\n\n\n<p><strong>Qual \u00e9 a melhor \u00e9poca do ano para visitar Tiradentes?<\/strong><br>Geralmente, depende do clima e dos eventos locais, como festivais ou feriados.<\/p>\n\n\n\n<p><strong>Quais pratos t\u00edpicos devem ser experimentados?<\/strong><br>Busque restaurantes tradicionais para provar a culin\u00e1ria local de <strong>Tiradentes<\/strong>.<\/p>\n\n\n\n<p><strong>Quais s\u00e3o as melhores op\u00e7\u00f5es de transporte na cidade?<\/strong><br>Use \u00f4nibus, t\u00e1xis, aplicativos ou aluguel de bicicletas, dependendo da infraestrutura de <strong>Tiradentes<\/strong>.<\/p>\n\n\n\n<p><strong>Tiradentes \u00e9 segura para turistas?<\/strong><br>Em geral, sim, mas \u00e9 importante manter os cuidados de praxe em qualquer grande centro urbano.<\/p>\n\n\n\n<p><strong>Que eventos e festivais ocorrem anualmente em Tiradentes?<\/strong><br>H\u00e1 celebra\u00e7\u00f5es religiosas, gastron\u00f4micas ou art\u00edsticas ao longo do ano; consulte calend\u00e1rios oficiais para se programar.<\/p>\n","protected":false},"excerpt":{"rendered":"<p>A cidade de Tiradentes teve sua origem no final do s\u00e9culo XVII, quando bandeirantes descobriram ouro na regi\u00e3o da antiga Vila de S\u00e3o Jos\u00e9 del Rei, nome dado em homenagem a Dom Jo\u00e3o V. Fundada oficialmente em 1718, a cidade cresceu rapidamente devido \u00e0 minera\u00e7\u00e3o e ao desenvolvimento do ciclo do ouro. Ao longo do [&hellip;]<\/p>\n","protected":false},"author":8,"featured_media":23971,"comment_status":"open","ping_status":"open","sticky":false,"template":"","format":"standard","meta":{"jnews-multi-image_gallery":[],"jnews_single_post":{"format":"standard"},"jnews_primary_category":[],"jnews_social_meta":[],"jnews_override_counter":[],"footnotes":""},"categories":[108,111],"post_tag":[225,2757],"class_list":["post-23952","post","type-post","status-publish","format-standard","has-post-thumbnail","hentry","category-cidades","category-turismo","tag-brasil","tag-tiradentes"],"yoast_head":"<!-- This site is optimized with the Yoast SEO plugin v24.6 - https:\/\/yoast.com\/wordpress\/plugins\/seo\/ -->\n<title>Cidade parece &quot;presa&quot; no Brasil colonial por sua arquitetura - Correio Braziliense - Radar<\/title>\n<meta name=\"description\" content=\"Cidade preserva arquitetura colonial que faz visitantes se sentirem em outra \u00e9poca, como se o tempo tivesse parado no Brasil antigo.\" \/>\n<meta name=\"robots\" content=\"index, follow, max-snippet:-1, max-image-preview:large, max-video-preview:-1\" \/>\n<link rel=\"canonical\" href=\"https:\/\/www.correiobraziliense.com.br\/cbradar\/cidade-parece-presa-no-brasil-colonial-por-sua-arquitetura\/\" \/>\n<meta property=\"og:locale\" content=\"pt_BR\" \/>\n<meta property=\"og:type\" content=\"article\" \/>\n<meta property=\"og:title\" content=\"Cidade parece &quot;presa&quot; no Brasil colonial por sua arquitetura - Correio Braziliense - Radar\" \/>\n<meta property=\"og:description\" content=\"Cidade preserva arquitetura colonial que faz visitantes se sentirem em outra \u00e9poca, como se o tempo tivesse parado no Brasil antigo.\" \/>\n<meta property=\"og:url\" content=\"https:\/\/www.correiobraziliense.com.br\/cbradar\/cidade-parece-presa-no-brasil-colonial-por-sua-arquitetura\/\" \/>\n<meta property=\"og:site_name\" content=\"Correio Braziliense - Radar\" \/>\n<meta property=\"article:published_time\" content=\"2025-04-17T00:50:00+00:00\" \/>\n<meta property=\"og:image\" content=\"https:\/\/www.correiobraziliense.com.br\/cbradar\/wp-content\/uploads\/2025\/04\/Edicoes-50.png\" \/>\n\t<meta property=\"og:image:width\" content=\"1280\" \/>\n\t<meta property=\"og:image:height\" content=\"720\" \/>\n\t<meta property=\"og:image:type\" content=\"image\/png\" \/>\n<meta name=\"author\" content=\"Maura Pereira\" \/>\n<meta name=\"twitter:card\" content=\"summary_large_image\" \/>\n<meta name=\"twitter:label1\" content=\"Escrito por\" \/>\n\t<meta name=\"twitter:data1\" content=\"Maura Pereira\" \/>\n\t<meta name=\"twitter:label2\" content=\"Est. tempo de leitura\" \/>\n\t<meta name=\"twitter:data2\" content=\"7 minutos\" \/>\n<!-- \/ Yoast SEO plugin. -->","yoast_head_json":{"title":"Cidade parece \"presa\" no Brasil colonial por sua arquitetura - Correio Braziliense - Radar","description":"Cidade preserva arquitetura colonial que faz visitantes se sentirem em outra \u00e9poca, como se o tempo tivesse parado no Brasil antigo.","robots":{"index":"index","follow":"follow","max-snippet":"max-snippet:-1","max-image-preview":"max-image-preview:large","max-video-preview":"max-video-preview:-1"},"canonical":"https:\/\/www.correiobraziliense.com.br\/cbradar\/cidade-parece-presa-no-brasil-colonial-por-sua-arquitetura\/","og_locale":"pt_BR","og_type":"article","og_title":"Cidade parece \"presa\" no Brasil colonial por sua arquitetura - Correio Braziliense - Radar","og_description":"Cidade preserva arquitetura colonial que faz visitantes se sentirem em outra \u00e9poca, como se o tempo tivesse parado no Brasil antigo.","og_url":"https:\/\/www.correiobraziliense.com.br\/cbradar\/cidade-parece-presa-no-brasil-colonial-por-sua-arquitetura\/","og_site_name":"Correio Braziliense - Radar","article_published_time":"2025-04-17T00:50:00+00:00","og_image":[{"width":1280,"height":720,"url":"https:\/\/www.correiobraziliense.com.br\/cbradar\/wp-content\/uploads\/2025\/04\/Edicoes-50.png","type":"image\/png"}],"author":"Maura Pereira","twitter_card":"summary_large_image","twitter_misc":{"Escrito por":"Maura Pereira","Est. tempo de leitura":"7 minutos"},"schema":{"@context":"https:\/\/schema.org","@graph":[{"@type":"WebPage","@id":"https:\/\/www.correiobraziliense.com.br\/cbradar\/cidade-parece-presa-no-brasil-colonial-por-sua-arquitetura\/","url":"https:\/\/www.correiobraziliense.com.br\/cbradar\/cidade-parece-presa-no-brasil-colonial-por-sua-arquitetura\/","name":"Cidade parece \"presa\" no Brasil colonial por sua arquitetura - Correio Braziliense - Radar","isPartOf":{"@id":"https:\/\/www.correiobraziliense.com.br\/cbradar\/#website"},"primaryImageOfPage":{"@id":"https:\/\/www.correiobraziliense.com.br\/cbradar\/cidade-parece-presa-no-brasil-colonial-por-sua-arquitetura\/#primaryimage"},"image":{"@id":"https:\/\/www.correiobraziliense.com.br\/cbradar\/cidade-parece-presa-no-brasil-colonial-por-sua-arquitetura\/#primaryimage"},"thumbnailUrl":"https:\/\/www.correiobraziliense.com.br\/cbradar\/wp-content\/uploads\/2025\/04\/Edicoes-50.png","datePublished":"2025-04-17T00:50:00+00:00","author":{"@id":"https:\/\/www.correiobraziliense.com.br\/cbradar\/#\/schema\/person\/4053c651a9bfc785afc6f4cbc9032fd3"},"description":"Cidade preserva arquitetura colonial que faz visitantes se sentirem em outra \u00e9poca, como se o tempo tivesse parado no Brasil antigo.","breadcrumb":{"@id":"https:\/\/www.correiobraziliense.com.br\/cbradar\/cidade-parece-presa-no-brasil-colonial-por-sua-arquitetura\/#breadcrumb"},"inLanguage":"pt-BR","potentialAction":[{"@type":"ReadAction","target":["https:\/\/www.correiobraziliense.com.br\/cbradar\/cidade-parece-presa-no-brasil-colonial-por-sua-arquitetura\/"]}]},{"@type":"ImageObject","inLanguage":"pt-BR","@id":"https:\/\/www.correiobraziliense.com.br\/cbradar\/cidade-parece-presa-no-brasil-colonial-por-sua-arquitetura\/#primaryimage","url":"https:\/\/www.correiobraziliense.com.br\/cbradar\/wp-content\/uploads\/2025\/04\/Edicoes-50.png","contentUrl":"https:\/\/www.correiobraziliense.com.br\/cbradar\/wp-content\/uploads\/2025\/04\/Edicoes-50.png","width":1280,"height":720,"caption":"Viva a hist\u00f3ria viva de Tiradentes, onde cada rua conta uma obra de arte e tradi\u00e7\u00e3o mineira. \/\/ Reprodu\u00e7\u00e3o: Wikimedia Commons"},{"@type":"BreadcrumbList","@id":"https:\/\/www.correiobraziliense.com.br\/cbradar\/cidade-parece-presa-no-brasil-colonial-por-sua-arquitetura\/#breadcrumb","itemListElement":[{"@type":"ListItem","position":1,"name":"In\u00edcio","item":"https:\/\/www.correiobraziliense.com.br\/cbradar\/"},{"@type":"ListItem","position":2,"name":"Cidade parece &#8220;presa&#8221; no Brasil colonial por sua arquitetura"}]},{"@type":"WebSite","@id":"https:\/\/www.correiobraziliense.com.br\/cbradar\/#website","url":"https:\/\/www.correiobraziliense.com.br\/cbradar\/","name":"Correio Braziliense - Radar","description":"Acompanhe as \u00faltimas not\u00edcias e fique bem informado sobre tudo o que acontece no Brasil e no mundo.","potentialAction":[{"@type":"SearchAction","target":{"@type":"EntryPoint","urlTemplate":"https:\/\/www.correiobraziliense.com.br\/cbradar\/?s={search_term_string}"},"query-input":{"@type":"PropertyValueSpecification","valueRequired":true,"valueName":"search_term_string"}}],"inLanguage":"pt-BR"},{"@type":"Person","@id":"https:\/\/www.correiobraziliense.com.br\/cbradar\/#\/schema\/person\/4053c651a9bfc785afc6f4cbc9032fd3","name":"Maura Pereira","image":{"@type":"ImageObject","inLanguage":"pt-BR","@id":"https:\/\/www.correiobraziliense.com.br\/cbradar\/#\/schema\/person\/image\/","url":"https:\/\/secure.gravatar.com\/avatar\/3effd6bdadfa447f15089c7f7144eaa6?s=96&d=mm&r=g","contentUrl":"https:\/\/secure.gravatar.com\/avatar\/3effd6bdadfa447f15089c7f7144eaa6?s=96&d=mm&r=g","caption":"Maura Pereira"},"sameAs":["https:\/\/www.correiobraziliense.com.br\/"],"url":"https:\/\/www.correiobraziliense.com.br\/cbradar\/author\/mauramyth\/"}]}},"_links":{"self":[{"href":"https:\/\/www.correiobraziliense.com.br\/cbradar\/wp-json\/wp\/v2\/posts\/23952","targetHints":{"allow":["GET"]}}],"collection":[{"href":"https:\/\/www.correiobraziliense.com.br\/cbradar\/wp-json\/wp\/v2\/posts"}],"about":[{"href":"https:\/\/www.correiobraziliense.com.br\/cbradar\/wp-json\/wp\/v2\/types\/post"}],"author":[{"embeddable":true,"href":"https:\/\/www.correiobraziliense.com.br\/cbradar\/wp-json\/wp\/v2\/users\/8"}],"replies":[{"embeddable":true,"href":"https:\/\/www.correiobraziliense.com.br\/cbradar\/wp-json\/wp\/v2\/comments?post=23952"}],"version-history":[{"count":10,"href":"https:\/\/www.correiobraziliense.com.br\/cbradar\/wp-json\/wp\/v2\/posts\/23952\/revisions"}],"predecessor-version":[{"id":23977,"href":"https:\/\/www.correiobraziliense.com.br\/cbradar\/wp-json\/wp\/v2\/posts\/23952\/revisions\/23977"}],"wp:featuredmedia":[{"embeddable":true,"href":"https:\/\/www.correiobraziliense.com.br\/cbradar\/wp-json\/wp\/v2\/media\/23971"}],"wp:attachment":[{"href":"https:\/\/www.correiobraziliense.com.br\/cbradar\/wp-json\/wp\/v2\/media?parent=23952"}],"wp:term":[{"taxonomy":"category","embeddable":true,"href":"https:\/\/www.correiobraziliense.com.br\/cbradar\/wp-json\/wp\/v2\/categories?post=23952"},{"taxonomy":"post_tag","embeddable":true,"href":"https:\/\/www.correiobraziliense.com.br\/cbradar\/wp-json\/wp\/v2\/post_tag?post=23952"}],"curies":[{"name":"wp","href":"https:\/\/api.w.org\/{rel}","templated":true}]}}