{"id":23980,"date":"2025-04-16T06:10:10","date_gmt":"2025-04-16T09:10:10","guid":{"rendered":"https:\/\/www.correiobraziliense.com.br\/cbradar\/?p=23980"},"modified":"2025-04-15T13:29:40","modified_gmt":"2025-04-15T16:29:40","slug":"guia-completo-para-cultivar-almeirao-no-quintal-ou-no-vaso","status":"publish","type":"post","link":"https:\/\/www.correiobraziliense.com.br\/cbradar\/guia-completo-para-cultivar-almeirao-no-quintal-ou-no-vaso\/","title":{"rendered":"Guia completo para cultivar almeir\u00e3o no quintal ou no vaso"},"content":{"rendered":"\n<p>O <strong>almeir\u00e3o<\/strong> \u00e9 uma hortali\u00e7a de folhas pertencente \u00e0 mesma fam\u00edlia da <strong>chic\u00f3ria <\/strong>e do <strong>dente-de-le\u00e3o<\/strong>. Com um sabor amargo caracter\u00edstico, ele \u00e9 bastante utilizado na culin\u00e1ria brasileira em saladas, refogados e sucos <strong>detox<\/strong>. Al\u00e9m de saboroso, \u00e9 rico em fibras, vitaminas A, C e do complexo B, al\u00e9m de minerais como c\u00e1lcio e ferro. Aprender a <a href=\"https:\/\/www.correiobraziliense.com.br\/cbradar\/aumente-sua-hidratacao-cultivando-essas-frutas-refrescantes-e-nutritivas\/\" target=\"_blank\" rel=\"noreferrer noopener\">plantar <\/a>almeir\u00e3o em casa \u00e9 uma excelente op\u00e7\u00e3o para quem deseja ter uma alimenta\u00e7\u00e3o mais saud\u00e1vel e sustent\u00e1vel.<\/p>\n\n\n\n<h2 class=\"wp-block-heading\">Qual \u00e9 o melhor clima e solo para plantar almeir\u00e3o?<\/h2>\n\n\n\n<p>O <strong>almeir\u00e3o<\/strong> se desenvolve melhor em climas amenos, com temperaturas entre <strong>15\u202f\u00b0C e 25\u202f\u00b0C<\/strong>. Apesar disso, ele \u00e9 bastante resistente e tamb\u00e9m pode ser cultivado em regi\u00f5es mais quentes, desde que receba regas frequentes e seja protegido do sol intenso nas horas mais quentes do dia.<\/p>\n\n\n\n<p>O solo ideal deve ser <strong>bem drenado, f\u00e9rtil e rico em mat\u00e9ria org\u00e2nica<\/strong>. O pH deve estar entre 5,5 e 6,8. Uma boa pr\u00e1tica \u00e9 adicionar composto org\u00e2nico, h\u00famus de minhoca ou esterco curtido \u00e0 terra, garantindo assim os nutrientes necess\u00e1rios para o crescimento saud\u00e1vel das plantas.<\/p>\n\n\n\n<h2 class=\"wp-block-heading\">Como fazer o plantio do almeir\u00e3o?<\/h2>\n\n\n\n<p>O plantio do <strong>almeir\u00e3o<\/strong> pode ser feito tanto por <strong>semeadura direta<\/strong> no solo quanto por <strong>mudas<\/strong> produzidas em sementeiras. Veja o passo a passo:<\/p>\n\n\n\n<ul class=\"wp-block-list\">\n<li><strong>Semeadura direta<\/strong>: Fa\u00e7a sulcos com cerca de 1 cm de profundidade e dist\u00e2ncia de 20 a 30 cm entre eles. Distribua as sementes e cubra levemente com terra.<\/li>\n\n\n\n<li><strong>Produ\u00e7\u00e3o de mudas<\/strong>: Em sementeiras, plante as sementes e, ap\u00f3s 20 a 30 dias, quando as mudinhas estiverem com 4 a 6 folhas, transplante-as para o local definitivo, respeitando o espa\u00e7amento de 25 a 30 cm entre plantas.<\/li>\n<\/ul>\n\n\n\n<p>As sementes de almeir\u00e3o germinam entre <strong>7 e 14 dias<\/strong>, dependendo da temperatura e da qualidade do solo.<\/p>\n\n\n\n<h2 class=\"wp-block-heading\">Como cuidar do almeir\u00e3o ap\u00f3s o plantio?<\/h2>\n\n\n\n<p>Para garantir o desenvolvimento ideal do <strong>almeir\u00e3o<\/strong>, \u00e9 fundamental cuidar da irriga\u00e7\u00e3o, da aduba\u00e7\u00e3o e do controle de pragas e doen\u00e7as.<\/p>\n\n\n\n<ul class=\"wp-block-list\">\n<li><strong>Irriga\u00e7\u00e3o<\/strong>: Regue diariamente, de prefer\u00eancia nas primeiras horas da manh\u00e3 ou no final da tarde. Evite encharcar o solo para n\u00e3o causar o apodrecimento das ra\u00edzes.<\/li>\n\n\n\n<li><strong>Aduba\u00e7\u00e3o<\/strong>: A cada 20 dias, aplique uma aduba\u00e7\u00e3o org\u00e2nica de cobertura, como composto ou h\u00famus, ao redor das plantas. Isso refor\u00e7a a nutri\u00e7\u00e3o e estimula o crescimento das folhas.<\/li>\n\n\n\n<li><strong>Controle de pragas<\/strong>: As principais pragas que atacam o almeir\u00e3o s\u00e3o pulg\u00f5es, lagartas e lesmas. Utilize armadilhas caseiras, caldas naturais (como a de fumo ou de neem) e mantenha o canteiro limpo para afastar esses invasores.<\/li>\n<\/ul>\n\n\n\n<h2 class=\"wp-block-heading\">Quanto tempo leva para colher o almeir\u00e3o?<\/h2>\n\n\n\n<p>O ciclo do <strong>almeir\u00e3o<\/strong> \u00e9 relativamente curto. A colheita pode ser feita entre <strong>50 e 70 dias<\/strong> ap\u00f3s o plantio, dependendo da variedade e das condi\u00e7\u00f5es clim\u00e1ticas. Existem duas formas de colheita:<\/p>\n\n\n\n<ul class=\"wp-block-list\">\n<li><strong>Colheita total<\/strong>: Corta-se a planta inteira pr\u00f3xima \u00e0 base.<\/li>\n\n\n\n<li><strong>Colheita parcial<\/strong>: Retiram-se apenas as folhas maiores, permitindo que a planta continue crescendo e fornecendo novas folhas por mais tempo.<\/li>\n<\/ul>\n\n\n\n<p>A colheita deve ser feita preferencialmente nas primeiras horas da manh\u00e3, quando as folhas est\u00e3o mais frescas e crocantes.<\/p>\n\n\n<div class=\"wp-block-image\">\n<figure class=\"aligncenter size-large\"><img decoding=\"async\" width=\"1024\" height=\"576\" src=\"https:\/\/www.correiobraziliense.com.br\/cbradar\/wp-content\/uploads\/2025\/04\/almeirao_1744649670177-1024x576.jpg\" alt=\"\" class=\"wp-image-23340\" srcset=\"https:\/\/www.correiobraziliense.com.br\/cbradar\/wp-content\/uploads\/2025\/04\/almeirao_1744649670177-1024x576.jpg 1024w, https:\/\/www.correiobraziliense.com.br\/cbradar\/wp-content\/uploads\/2025\/04\/almeirao_1744649670177-300x169.jpg 300w, https:\/\/www.correiobraziliense.com.br\/cbradar\/wp-content\/uploads\/2025\/04\/almeirao_1744649670177-768x432.jpg 768w, https:\/\/www.correiobraziliense.com.br\/cbradar\/wp-content\/uploads\/2025\/04\/almeirao_1744649670177-750x422.jpg 750w, https:\/\/www.correiobraziliense.com.br\/cbradar\/wp-content\/uploads\/2025\/04\/almeirao_1744649670177-1140x641.jpg 1140w, https:\/\/www.correiobraziliense.com.br\/cbradar\/wp-content\/uploads\/2025\/04\/almeirao_1744649670177.jpg 1280w\" sizes=\"(max-width: 1024px) 100vw, 1024px\" \/><figcaption class=\"wp-element-caption\">Almeir\u00e3o &#8211; Cr\u00e9ditos: depositphotos.com \/ tpzijl<\/figcaption><\/figure><\/div>\n\n\n<h2 class=\"wp-block-heading\">D\u00e1 para plantar almeir\u00e3o em vasos ou jardineiras?<\/h2>\n\n\n\n<p>Sim! O cultivo do <strong>almeir\u00e3o<\/strong> em vasos ou jardineiras \u00e9 totalmente vi\u00e1vel, desde que o recipiente tenha pelo menos <strong>25 cm de profundidade<\/strong> e uma boa drenagem. Veja como fazer:<\/p>\n\n\n\n<ul class=\"wp-block-list\">\n<li>Escolha um vaso com furos no fundo.<\/li>\n\n\n\n<li>Adicione uma camada de brita ou argila expandida.<\/li>\n\n\n\n<li>Coloque uma mistura de terra adubada e h\u00famus de minhoca.<\/li>\n\n\n\n<li>Semeie ou transplante as mudas, mantendo espa\u00e7amento adequado.<\/li>\n\n\n\n<li>Regue diariamente e mantenha o vaso em local com <strong>luz solar direta por 4 a 6 horas di\u00e1rias<\/strong>.<\/li>\n<\/ul>\n\n\n\n<h2 class=\"wp-block-heading\">Quais s\u00e3o os benef\u00edcios de consumir almeir\u00e3o?<\/h2>\n\n\n\n<p>O <strong>almeir\u00e3o<\/strong> \u00e9 altamente nutritivo e possui diversas propriedades medicinais. Entre os seus principais benef\u00edcios est\u00e3o:<\/p>\n\n\n\n<ul class=\"wp-block-list\">\n<li><strong>Melhora da digest\u00e3o<\/strong>: devido ao seu sabor amargo, estimula a produ\u00e7\u00e3o de bile e sucos digestivos.<\/li>\n\n\n\n<li><strong>Controle do colesterol<\/strong>: por ser rico em fibras, ajuda a reduzir a absor\u00e7\u00e3o de gorduras.<\/li>\n\n\n\n<li><strong>Fortalecimento do sistema imunol\u00f3gico<\/strong>: cont\u00e9m antioxidantes e vitaminas importantes para a defesa do organismo.<\/li>\n\n\n\n<li><strong>A\u00e7\u00e3o desintoxicante<\/strong>: ideal para sucos detox e dietas de limpeza hep\u00e1tica.<\/li>\n<\/ul>\n\n\n\n<h2 class=\"wp-block-heading\">Posso plantar almeir\u00e3o o ano todo?<\/h2>\n\n\n\n<p>O cultivo do <strong>almeir\u00e3o<\/strong> pode ser feito durante todo o ano em regi\u00f5es de clima mais ameno. No entanto, nas regi\u00f5es mais quentes, \u00e9 prefer\u00edvel plantar nos meses de <strong>outono e inverno<\/strong>, quando as temperaturas est\u00e3o mais favor\u00e1veis. Isso ajuda a evitar o florescimento precoce (espigamento), que torna as folhas mais amargas e fibrosas.<\/p>\n\n\n\n<h2 class=\"wp-block-heading\">FAQ<\/h2>\n\n\n\n<p><strong>1. Qual \u00e9 a melhor \u00e9poca do ano para plantar almeir\u00e3o?<\/strong><br>O ideal \u00e9 plantar no outono ou inverno, especialmente em regi\u00f5es quentes. Em climas amenos, o plantio pode ser feito durante todo o ano.<\/p>\n\n\n\n<p><strong>2. O almeir\u00e3o precisa de muita \u00e1gua?<\/strong><br>Sim, o solo deve ser mantido \u00famido, mas sem encharcar. A irriga\u00e7\u00e3o di\u00e1ria \u00e9 essencial para o bom desenvolvimento.<\/p>\n\n\n\n<p><strong>3. Como evitar que o almeir\u00e3o fique muito amargo?<\/strong><br>Evite a colheita tardia. Quanto mais tempo no solo, mais amargo ele tende a ficar. Colha quando as folhas ainda est\u00e3o jovens.<\/p>\n\n\n\n<p><strong>4. Qual \u00e9 a diferen\u00e7a entre almeir\u00e3o e chic\u00f3ria?<\/strong><br>Embora parecidos, o almeir\u00e3o \u00e9 mais amargo e suas folhas s\u00e3o mais firmes. A chic\u00f3ria tende a ser mais suave e delicada.<\/p>\n\n\n\n<p><strong>5. Posso plantar almeir\u00e3o em apartamento?<\/strong><br>Sim! Desde que o vaso receba sol direto por algumas horas ao dia e o solo seja bem nutrido e irrigado.<\/p>\n\n\n\n<h2 class=\"wp-block-heading\"><\/h2>\n","protected":false},"excerpt":{"rendered":"<p>O almeir\u00e3o \u00e9 uma hortali\u00e7a de folhas pertencente \u00e0 mesma fam\u00edlia da chic\u00f3ria e do dente-de-le\u00e3o. Com um sabor amargo caracter\u00edstico, ele \u00e9 bastante utilizado na culin\u00e1ria brasileira em saladas, refogados e sucos detox. Al\u00e9m de saboroso, \u00e9 rico em fibras, vitaminas A, C e do complexo B, al\u00e9m de minerais como c\u00e1lcio e ferro. [&hellip;]<\/p>\n","protected":false},"author":9,"featured_media":23985,"comment_status":"open","ping_status":"open","sticky":false,"template":"","format":"standard","meta":{"_yoast_wpseo_focuskw":"almeir\u00e3o","_yoast_wpseo_title":"%%title%% %%page%%","_yoast_wpseo_metadesc":"Aprenda como plantar almeir\u00e3o em casa com dicas simples de cultivo, cuidados e colheita em vasos ou hortas.","jnews-multi-image_gallery":[],"jnews_single_post":{"format":"standard"},"jnews_primary_category":[],"jnews_social_meta":[],"jnews_override_counter":[],"footnotes":""},"categories":[136],"post_tag":[3376,266,2507,3377],"class_list":["post-23980","post","type-post","status-publish","format-standard","has-post-thumbnail","hentry","category-jardinagem","tag-cultivo-de-almeirao","tag-horta-caseira","tag-plantio-organico","tag-verduras-em-casa"],"yoast_head":"<!-- This site is optimized with the Yoast SEO plugin v24.6 - https:\/\/yoast.com\/wordpress\/plugins\/seo\/ -->\n<title>Guia completo para cultivar almeir\u00e3o no quintal ou no vaso<\/title>\n<meta name=\"description\" content=\"Aprenda como plantar almeir\u00e3o em casa com dicas simples de cultivo, cuidados e colheita em vasos ou hortas.\" \/>\n<meta name=\"robots\" content=\"index, follow, max-snippet:-1, max-image-preview:large, max-video-preview:-1\" \/>\n<link rel=\"canonical\" href=\"https:\/\/www.correiobraziliense.com.br\/cbradar\/guia-completo-para-cultivar-almeirao-no-quintal-ou-no-vaso\/\" \/>\n<meta property=\"og:locale\" content=\"pt_BR\" \/>\n<meta property=\"og:type\" content=\"article\" \/>\n<meta property=\"og:title\" content=\"Guia completo para cultivar almeir\u00e3o no quintal ou no vaso\" \/>\n<meta property=\"og:description\" content=\"Aprenda como plantar almeir\u00e3o em casa com dicas simples de cultivo, cuidados e colheita em vasos ou hortas.\" \/>\n<meta property=\"og:url\" content=\"https:\/\/www.correiobraziliense.com.br\/cbradar\/guia-completo-para-cultivar-almeirao-no-quintal-ou-no-vaso\/\" \/>\n<meta property=\"og:site_name\" content=\"Correio Braziliense - Radar\" \/>\n<meta property=\"article:published_time\" content=\"2025-04-16T09:10:10+00:00\" \/>\n<meta property=\"og:image\" content=\"https:\/\/www.correiobraziliense.com.br\/cbradar\/wp-content\/uploads\/2025\/04\/almeirao-plantacao_1744734382487.jpg\" \/>\n\t<meta property=\"og:image:width\" content=\"1280\" \/>\n\t<meta property=\"og:image:height\" content=\"720\" \/>\n\t<meta property=\"og:image:type\" content=\"image\/jpeg\" \/>\n<meta name=\"author\" content=\"Daniely Cardoso\" \/>\n<meta name=\"twitter:card\" content=\"summary_large_image\" \/>\n<meta name=\"twitter:label1\" content=\"Escrito por\" \/>\n\t<meta name=\"twitter:data1\" content=\"Daniely Cardoso\" \/>\n\t<meta name=\"twitter:label2\" content=\"Est. tempo de leitura\" \/>\n\t<meta name=\"twitter:data2\" content=\"6 minutos\" \/>\n<!-- \/ Yoast SEO plugin. -->","yoast_head_json":{"title":"Guia completo para cultivar almeir\u00e3o no quintal ou no vaso","description":"Aprenda como plantar almeir\u00e3o em casa com dicas simples de cultivo, cuidados e colheita em vasos ou hortas.","robots":{"index":"index","follow":"follow","max-snippet":"max-snippet:-1","max-image-preview":"max-image-preview:large","max-video-preview":"max-video-preview:-1"},"canonical":"https:\/\/www.correiobraziliense.com.br\/cbradar\/guia-completo-para-cultivar-almeirao-no-quintal-ou-no-vaso\/","og_locale":"pt_BR","og_type":"article","og_title":"Guia completo para cultivar almeir\u00e3o no quintal ou no vaso","og_description":"Aprenda como plantar almeir\u00e3o em casa com dicas simples de cultivo, cuidados e colheita em vasos ou hortas.","og_url":"https:\/\/www.correiobraziliense.com.br\/cbradar\/guia-completo-para-cultivar-almeirao-no-quintal-ou-no-vaso\/","og_site_name":"Correio Braziliense - Radar","article_published_time":"2025-04-16T09:10:10+00:00","og_image":[{"width":1280,"height":720,"url":"https:\/\/www.correiobraziliense.com.br\/cbradar\/wp-content\/uploads\/2025\/04\/almeirao-plantacao_1744734382487.jpg","type":"image\/jpeg"}],"author":"Daniely Cardoso","twitter_card":"summary_large_image","twitter_misc":{"Escrito por":"Daniely Cardoso","Est. tempo de leitura":"6 minutos"},"schema":{"@context":"https:\/\/schema.org","@graph":[{"@type":"WebPage","@id":"https:\/\/www.correiobraziliense.com.br\/cbradar\/guia-completo-para-cultivar-almeirao-no-quintal-ou-no-vaso\/","url":"https:\/\/www.correiobraziliense.com.br\/cbradar\/guia-completo-para-cultivar-almeirao-no-quintal-ou-no-vaso\/","name":"Guia completo para cultivar almeir\u00e3o no quintal ou no vaso","isPartOf":{"@id":"https:\/\/www.correiobraziliense.com.br\/cbradar\/#website"},"primaryImageOfPage":{"@id":"https:\/\/www.correiobraziliense.com.br\/cbradar\/guia-completo-para-cultivar-almeirao-no-quintal-ou-no-vaso\/#primaryimage"},"image":{"@id":"https:\/\/www.correiobraziliense.com.br\/cbradar\/guia-completo-para-cultivar-almeirao-no-quintal-ou-no-vaso\/#primaryimage"},"thumbnailUrl":"https:\/\/www.correiobraziliense.com.br\/cbradar\/wp-content\/uploads\/2025\/04\/almeirao-plantacao_1744734382487.jpg","datePublished":"2025-04-16T09:10:10+00:00","author":{"@id":"https:\/\/www.correiobraziliense.com.br\/cbradar\/#\/schema\/person\/7356666e12ec0ee53f348ee5db227032"},"description":"Aprenda como plantar almeir\u00e3o em casa com dicas simples de cultivo, cuidados e colheita em vasos ou hortas.","breadcrumb":{"@id":"https:\/\/www.correiobraziliense.com.br\/cbradar\/guia-completo-para-cultivar-almeirao-no-quintal-ou-no-vaso\/#breadcrumb"},"inLanguage":"pt-BR","potentialAction":[{"@type":"ReadAction","target":["https:\/\/www.correiobraziliense.com.br\/cbradar\/guia-completo-para-cultivar-almeirao-no-quintal-ou-no-vaso\/"]}]},{"@type":"ImageObject","inLanguage":"pt-BR","@id":"https:\/\/www.correiobraziliense.com.br\/cbradar\/guia-completo-para-cultivar-almeirao-no-quintal-ou-no-vaso\/#primaryimage","url":"https:\/\/www.correiobraziliense.com.br\/cbradar\/wp-content\/uploads\/2025\/04\/almeirao-plantacao_1744734382487.jpg","contentUrl":"https:\/\/www.correiobraziliense.com.br\/cbradar\/wp-content\/uploads\/2025\/04\/almeirao-plantacao_1744734382487.jpg","width":1280,"height":720,"caption":"O almeir\u00e3o \u00e9 um rem\u00e9dio natural para uma variedade de desconfortos digestivos - Cr\u00e9ditos: depositphotos.com \/ ueuaphoto"},{"@type":"BreadcrumbList","@id":"https:\/\/www.correiobraziliense.com.br\/cbradar\/guia-completo-para-cultivar-almeirao-no-quintal-ou-no-vaso\/#breadcrumb","itemListElement":[{"@type":"ListItem","position":1,"name":"In\u00edcio","item":"https:\/\/www.correiobraziliense.com.br\/cbradar\/"},{"@type":"ListItem","position":2,"name":"Guia completo para cultivar almeir\u00e3o no quintal ou no vaso"}]},{"@type":"WebSite","@id":"https:\/\/www.correiobraziliense.com.br\/cbradar\/#website","url":"https:\/\/www.correiobraziliense.com.br\/cbradar\/","name":"Correio Braziliense - Radar","description":"Acompanhe as \u00faltimas not\u00edcias e fique bem informado sobre tudo o que acontece no Brasil e no mundo.","potentialAction":[{"@type":"SearchAction","target":{"@type":"EntryPoint","urlTemplate":"https:\/\/www.correiobraziliense.com.br\/cbradar\/?s={search_term_string}"},"query-input":{"@type":"PropertyValueSpecification","valueRequired":true,"valueName":"search_term_string"}}],"inLanguage":"pt-BR"},{"@type":"Person","@id":"https:\/\/www.correiobraziliense.com.br\/cbradar\/#\/schema\/person\/7356666e12ec0ee53f348ee5db227032","name":"Daniely Cardoso","image":{"@type":"ImageObject","inLanguage":"pt-BR","@id":"https:\/\/www.correiobraziliense.com.br\/cbradar\/#\/schema\/person\/image\/","url":"https:\/\/secure.gravatar.com\/avatar\/4b80ddbd124d1f071b626d52d62e5dff?s=96&d=mm&r=g","contentUrl":"https:\/\/secure.gravatar.com\/avatar\/4b80ddbd124d1f071b626d52d62e5dff?s=96&d=mm&r=g","caption":"Daniely Cardoso"},"description":"Redatora nos portais CB Radar e EM Foco, formada pela Universidade Federal de Goi\u00e1s, em Goi\u00e2nia. Apaixonada por comunica\u00e7\u00e3o, arte, decora\u00e7\u00e3o e tend\u00eancias, atuo na produ\u00e7\u00e3o de conte\u00fados envolventes sobre curiosidades, moda, beleza e paisagismo, sempre com um olhar atento \u00e0s novidades do momento.","sameAs":["https:\/\/www.correiobraziliense.com.br\/cbradar"],"url":"https:\/\/www.correiobraziliense.com.br\/cbradar\/author\/danielymyth\/"}]}},"_links":{"self":[{"href":"https:\/\/www.correiobraziliense.com.br\/cbradar\/wp-json\/wp\/v2\/posts\/23980","targetHints":{"allow":["GET"]}}],"collection":[{"href":"https:\/\/www.correiobraziliense.com.br\/cbradar\/wp-json\/wp\/v2\/posts"}],"about":[{"href":"https:\/\/www.correiobraziliense.com.br\/cbradar\/wp-json\/wp\/v2\/types\/post"}],"author":[{"embeddable":true,"href":"https:\/\/www.correiobraziliense.com.br\/cbradar\/wp-json\/wp\/v2\/users\/9"}],"replies":[{"embeddable":true,"href":"https:\/\/www.correiobraziliense.com.br\/cbradar\/wp-json\/wp\/v2\/comments?post=23980"}],"version-history":[{"count":2,"href":"https:\/\/www.correiobraziliense.com.br\/cbradar\/wp-json\/wp\/v2\/posts\/23980\/revisions"}],"predecessor-version":[{"id":23986,"href":"https:\/\/www.correiobraziliense.com.br\/cbradar\/wp-json\/wp\/v2\/posts\/23980\/revisions\/23986"}],"wp:featuredmedia":[{"embeddable":true,"href":"https:\/\/www.correiobraziliense.com.br\/cbradar\/wp-json\/wp\/v2\/media\/23985"}],"wp:attachment":[{"href":"https:\/\/www.correiobraziliense.com.br\/cbradar\/wp-json\/wp\/v2\/media?parent=23980"}],"wp:term":[{"taxonomy":"category","embeddable":true,"href":"https:\/\/www.correiobraziliense.com.br\/cbradar\/wp-json\/wp\/v2\/categories?post=23980"},{"taxonomy":"post_tag","embeddable":true,"href":"https:\/\/www.correiobraziliense.com.br\/cbradar\/wp-json\/wp\/v2\/post_tag?post=23980"}],"curies":[{"name":"wp","href":"https:\/\/api.w.org\/{rel}","templated":true}]}}