{"id":24047,"date":"2025-04-16T20:30:00","date_gmt":"2025-04-16T23:30:00","guid":{"rendered":"https:\/\/www.correiobraziliense.com.br\/cbradar\/?p=24047"},"modified":"2025-04-15T21:15:38","modified_gmt":"2025-04-16T00:15:38","slug":"aprenda-como-plantar-a-planta-da-fortuna-em-casa","status":"publish","type":"post","link":"https:\/\/www.correiobraziliense.com.br\/cbradar\/aprenda-como-plantar-a-planta-da-fortuna-em-casa\/","title":{"rendered":"Aprenda como plantar a &#8220;planta da fortuna&#8221; em casa"},"content":{"rendered":"\n<p>A <strong>zamioculca<\/strong>, popularmente conhecida como planta da fortuna, \u00e9 admirada por sua capacidade de adapta\u00e7\u00e3o e resist\u00eancia. Origin\u00e1ria da Tanz\u00e2nia, esta suculenta \u00e9 um s\u00edmbolo de prosperidade no <strong>Feng Shui,<\/strong> destacando-se por sua habilidade de prosperar com pouca \u00e1gua. Essa caracter\u00edstica \u00e9 uma adapta\u00e7\u00e3o ao clima \u00e1rido de sua regi\u00e3o de origem, onde a planta armazena \u00e1gua em suas ra\u00edzes, caule e folhas.<\/p>\n\n\n\n<p>O cultivo da zamioculca \u00e9 relativamente simples, tornando-a uma escolha popular para quem deseja ter um toque de verde em casa sem a necessidade de cuidados intensivos.<\/p>\n\n\n\n<h2 class=\"wp-block-heading\"><strong>Qual \u00e9 o melhor vaso para a Zamioculca?<\/strong><\/h2>\n\n\n\n<p>Para garantir o desenvolvimento saud\u00e1vel da zamioculca, \u00e9 crucial escolher o vaso correto. Os recipientes de pl\u00e1stico com furos na parte inferior s\u00e3o os mais indicados, pois permitem o escoamento da \u00e1gua, evitando o ac\u00famulo que pode prejudicar a planta. Vasos de vidro, por n\u00e3o possu\u00edrem drenagem, n\u00e3o s\u00e3o recomendados.<\/p>\n\n\n\n<figure class=\"wp-block-image size-large\"><img decoding=\"async\" width=\"1024\" height=\"576\" src=\"https:\/\/www.correiobraziliense.com.br\/cbradar\/wp-content\/uploads\/2025\/04\/Zamioculca_1744743451159-1024x576.jpg\" alt=\"Aprenda como plantar a &quot;planta da fortuna&quot; em casa\" class=\"wp-image-24049\" srcset=\"https:\/\/www.correiobraziliense.com.br\/cbradar\/wp-content\/uploads\/2025\/04\/Zamioculca_1744743451159-1024x576.jpg 1024w, https:\/\/www.correiobraziliense.com.br\/cbradar\/wp-content\/uploads\/2025\/04\/Zamioculca_1744743451159-300x169.jpg 300w, https:\/\/www.correiobraziliense.com.br\/cbradar\/wp-content\/uploads\/2025\/04\/Zamioculca_1744743451159-768x432.jpg 768w, https:\/\/www.correiobraziliense.com.br\/cbradar\/wp-content\/uploads\/2025\/04\/Zamioculca_1744743451159-750x422.jpg 750w, https:\/\/www.correiobraziliense.com.br\/cbradar\/wp-content\/uploads\/2025\/04\/Zamioculca_1744743451159-1140x641.jpg 1140w, https:\/\/www.correiobraziliense.com.br\/cbradar\/wp-content\/uploads\/2025\/04\/Zamioculca_1744743451159.jpg 1280w\" sizes=\"(max-width: 1024px) 100vw, 1024px\" \/><figcaption class=\"wp-element-caption\">Zamioculca.Cr\u00e9ditos: depositphotos.com \/ brizmaker<\/figcaption><\/figure>\n\n\n\n<p>Inicialmente, um vaso n\u00famero 11, com 11 cent\u00edmetros de largura, \u00e9 ideal para o plantio. \u00c0 medida que a planta cresce, pode ser necess\u00e1rio transferi-la para vasos maiores, como os de n\u00famero 13 ou 15, para acomodar seu desenvolvimento.<\/p>\n\n\n\n<h2 class=\"wp-block-heading\"><strong>Como cuidar da Zamioculca em ambientes internos?<\/strong><\/h2>\n\n\n\n<p>A zamioculca \u00e9 adapt\u00e1vel a diversos ambientes, desde que receba luz indireta. Embora sua origem seja em \u00e1reas sombreadas, ela se adapta bem a espa\u00e7os internos, desde que haja ilumina\u00e7\u00e3o suficiente para a fotoss\u00edntese. Evitar a luz solar direta \u00e9 essencial para prevenir queimaduras nas folhas.<\/p>\n\n\n\n<p>O substrato utilizado deve ser bem drenado e fibroso, evitando ambientes encharcados que podem levar ao apodrecimento das ra\u00edzes. Adicionar argila, pedras ou cascalho no fundo do vaso ajuda a manter o substrato nas condi\u00e7\u00f5es ideais.<\/p>\n\n\n\n<h2 class=\"wp-block-heading\"><strong>Qual \u00e9 a frequ\u00eancia ideal de rega para a Zamioculca?<\/strong><\/h2>\n\n\n\n<p>Devido \u00e0 sua capacidade de reter \u00e1gua, a zamioculca n\u00e3o requer regas frequentes. Em m\u00e9dia, a irriga\u00e7\u00e3o pode ser feita a cada 10 dias, mas \u00e9 importante considerar a esta\u00e7\u00e3o do ano e a temperatura local. O excesso de \u00e1gua pode ser prejudicial, por isso \u00e9 fundamental ajustar a frequ\u00eancia conforme necess\u00e1rio.<\/p>\n\n\n\n<h2 class=\"wp-block-heading\"><strong>A Zamioculca \u00e9 t\u00f3xica?<\/strong><\/h2>\n\n\n\n<p>Embora a zamioculca seja uma planta atraente, \u00e9 importante manuse\u00e1-la com cuidado devido \u00e0 presen\u00e7a de cristais de oxalato de c\u00e1lcio em suas partes. Essa subst\u00e2ncia pode causar irrita\u00e7\u00e3o se ingerida, sendo potencialmente perigosa para crian\u00e7as e animais dom\u00e9sticos que possam mastigar suas folhas.<\/p>\n\n\n\n<p>Para garantir a sa\u00fade da planta e a seguran\u00e7a de todos, \u00e9 aconselh\u00e1vel posicion\u00e1-la fora do alcance de animais e crian\u00e7as pequenas, al\u00e9m de utilizar luvas ao manuse\u00e1-la durante o transplante ou poda.<\/p>\n\n\n\n<h2 class=\"wp-block-heading\"><strong>Como e quando transplantar a Zamioculca?<\/strong><\/h2>\n\n\n\n<p>O transplante da zamioculca deve ser feito quando a planta n\u00e3o tem mais espa\u00e7o para crescer no vaso atual. Sinais de que \u00e9 hora de transplantar incluem folhas amareladas e deforma\u00e7\u00e3o do vaso devido ao crescimento dos bulbos. Para realizar o transplante, \u00e9 importante preparar um novo vaso com uma camada de drenagem e substrato adequado.<\/p>\n\n\n\n<p>Devido \u00e0 for\u00e7a das ra\u00edzes, pode ser necess\u00e1rio cortar o vaso antigo para remover a planta sem danific\u00e1-la. Evitar puxar pelas folhas \u00e9 crucial para n\u00e3o comprometer a sa\u00fade da zamioculca.<\/p>\n","protected":false},"excerpt":{"rendered":"<p>Tudo sobre o cultivo e cuidados com a Zamioculca, a planta da fortuna.<\/p>\n","protected":false},"author":3,"featured_media":24048,"comment_status":"open","ping_status":"open","sticky":false,"template":"","format":"standard","meta":{"_yoast_wpseo_focuskw":"plantar planta fortuna","_yoast_wpseo_title":"%%title%%","_yoast_wpseo_metadesc":"Tudo sobre o cultivo e cuidados com a Zamioculca, a planta da fortuna.","jnews-multi-image_gallery":[],"jnews_single_post":{"format":"standard"},"jnews_primary_category":[],"jnews_social_meta":[],"jnews_override_counter":[],"footnotes":""},"categories":[136],"post_tag":[137],"class_list":["post-24047","post","type-post","status-publish","format-standard","has-post-thumbnail","hentry","category-jardinagem","tag-como-plantar"],"yoast_head":"<!-- This site is optimized with the Yoast SEO plugin v24.6 - https:\/\/yoast.com\/wordpress\/plugins\/seo\/ -->\n<title>Aprenda como plantar a &quot;planta da fortuna&quot; em casa<\/title>\n<meta name=\"description\" content=\"Tudo sobre o cultivo e cuidados com a Zamioculca, a planta da fortuna.\" \/>\n<meta name=\"robots\" content=\"index, follow, max-snippet:-1, max-image-preview:large, max-video-preview:-1\" \/>\n<link rel=\"canonical\" href=\"https:\/\/www.correiobraziliense.com.br\/cbradar\/aprenda-como-plantar-a-planta-da-fortuna-em-casa\/\" \/>\n<meta property=\"og:locale\" content=\"pt_BR\" \/>\n<meta property=\"og:type\" content=\"article\" \/>\n<meta property=\"og:title\" content=\"Aprenda como plantar a &quot;planta da fortuna&quot; em casa\" \/>\n<meta property=\"og:description\" content=\"Tudo sobre o cultivo e cuidados com a Zamioculca, a planta da fortuna.\" \/>\n<meta property=\"og:url\" content=\"https:\/\/www.correiobraziliense.com.br\/cbradar\/aprenda-como-plantar-a-planta-da-fortuna-em-casa\/\" \/>\n<meta property=\"og:site_name\" content=\"Correio Braziliense - Radar\" \/>\n<meta property=\"article:published_time\" content=\"2025-04-16T23:30:00+00:00\" \/>\n<meta property=\"og:image\" content=\"https:\/\/www.correiobraziliense.com.br\/cbradar\/wp-content\/uploads\/2025\/04\/Zamioculca_1744743371731.jpg\" \/>\n\t<meta property=\"og:image:width\" content=\"1279\" \/>\n\t<meta property=\"og:image:height\" content=\"720\" \/>\n\t<meta property=\"og:image:type\" content=\"image\/jpeg\" \/>\n<meta name=\"author\" content=\"Larissa Carvalho\" \/>\n<meta name=\"twitter:card\" content=\"summary_large_image\" \/>\n<meta name=\"twitter:label1\" content=\"Escrito por\" \/>\n\t<meta name=\"twitter:data1\" content=\"Larissa Carvalho\" \/>\n\t<meta name=\"twitter:label2\" content=\"Est. tempo de leitura\" \/>\n\t<meta name=\"twitter:data2\" content=\"4 minutos\" \/>\n<!-- \/ Yoast SEO plugin. -->","yoast_head_json":{"title":"Aprenda como plantar a \"planta da fortuna\" em casa","description":"Tudo sobre o cultivo e cuidados com a Zamioculca, a planta da fortuna.","robots":{"index":"index","follow":"follow","max-snippet":"max-snippet:-1","max-image-preview":"max-image-preview:large","max-video-preview":"max-video-preview:-1"},"canonical":"https:\/\/www.correiobraziliense.com.br\/cbradar\/aprenda-como-plantar-a-planta-da-fortuna-em-casa\/","og_locale":"pt_BR","og_type":"article","og_title":"Aprenda como plantar a \"planta da fortuna\" em casa","og_description":"Tudo sobre o cultivo e cuidados com a Zamioculca, a planta da fortuna.","og_url":"https:\/\/www.correiobraziliense.com.br\/cbradar\/aprenda-como-plantar-a-planta-da-fortuna-em-casa\/","og_site_name":"Correio Braziliense - Radar","article_published_time":"2025-04-16T23:30:00+00:00","og_image":[{"width":1279,"height":720,"url":"https:\/\/www.correiobraziliense.com.br\/cbradar\/wp-content\/uploads\/2025\/04\/Zamioculca_1744743371731.jpg","type":"image\/jpeg"}],"author":"Larissa Carvalho","twitter_card":"summary_large_image","twitter_misc":{"Escrito por":"Larissa Carvalho","Est. tempo de leitura":"4 minutos"},"schema":{"@context":"https:\/\/schema.org","@graph":[{"@type":"WebPage","@id":"https:\/\/www.correiobraziliense.com.br\/cbradar\/aprenda-como-plantar-a-planta-da-fortuna-em-casa\/","url":"https:\/\/www.correiobraziliense.com.br\/cbradar\/aprenda-como-plantar-a-planta-da-fortuna-em-casa\/","name":"Aprenda como plantar a \"planta da fortuna\" em casa","isPartOf":{"@id":"https:\/\/www.correiobraziliense.com.br\/cbradar\/#website"},"primaryImageOfPage":{"@id":"https:\/\/www.correiobraziliense.com.br\/cbradar\/aprenda-como-plantar-a-planta-da-fortuna-em-casa\/#primaryimage"},"image":{"@id":"https:\/\/www.correiobraziliense.com.br\/cbradar\/aprenda-como-plantar-a-planta-da-fortuna-em-casa\/#primaryimage"},"thumbnailUrl":"https:\/\/www.correiobraziliense.com.br\/cbradar\/wp-content\/uploads\/2025\/04\/Zamioculca_1744743371731.jpg","datePublished":"2025-04-16T23:30:00+00:00","author":{"@id":"https:\/\/www.correiobraziliense.com.br\/cbradar\/#\/schema\/person\/58422787644df994b53a19d3e56c1513"},"description":"Tudo sobre o cultivo e cuidados com a Zamioculca, a planta da fortuna.","breadcrumb":{"@id":"https:\/\/www.correiobraziliense.com.br\/cbradar\/aprenda-como-plantar-a-planta-da-fortuna-em-casa\/#breadcrumb"},"inLanguage":"pt-BR","potentialAction":[{"@type":"ReadAction","target":["https:\/\/www.correiobraziliense.com.br\/cbradar\/aprenda-como-plantar-a-planta-da-fortuna-em-casa\/"]}]},{"@type":"ImageObject","inLanguage":"pt-BR","@id":"https:\/\/www.correiobraziliense.com.br\/cbradar\/aprenda-como-plantar-a-planta-da-fortuna-em-casa\/#primaryimage","url":"https:\/\/www.correiobraziliense.com.br\/cbradar\/wp-content\/uploads\/2025\/04\/Zamioculca_1744743371731.jpg","contentUrl":"https:\/\/www.correiobraziliense.com.br\/cbradar\/wp-content\/uploads\/2025\/04\/Zamioculca_1744743371731.jpg","width":1279,"height":720,"caption":"Zamioculca .Cr\u00e9ditos: depositphotos.com \/ j_ilina"},{"@type":"BreadcrumbList","@id":"https:\/\/www.correiobraziliense.com.br\/cbradar\/aprenda-como-plantar-a-planta-da-fortuna-em-casa\/#breadcrumb","itemListElement":[{"@type":"ListItem","position":1,"name":"In\u00edcio","item":"https:\/\/www.correiobraziliense.com.br\/cbradar\/"},{"@type":"ListItem","position":2,"name":"Aprenda como plantar a &#8220;planta da fortuna&#8221; em casa"}]},{"@type":"WebSite","@id":"https:\/\/www.correiobraziliense.com.br\/cbradar\/#website","url":"https:\/\/www.correiobraziliense.com.br\/cbradar\/","name":"Correio Braziliense - Radar","description":"Acompanhe as \u00faltimas not\u00edcias e fique bem informado sobre tudo o que acontece no Brasil e no mundo.","potentialAction":[{"@type":"SearchAction","target":{"@type":"EntryPoint","urlTemplate":"https:\/\/www.correiobraziliense.com.br\/cbradar\/?s={search_term_string}"},"query-input":{"@type":"PropertyValueSpecification","valueRequired":true,"valueName":"search_term_string"}}],"inLanguage":"pt-BR"},{"@type":"Person","@id":"https:\/\/www.correiobraziliense.com.br\/cbradar\/#\/schema\/person\/58422787644df994b53a19d3e56c1513","name":"Larissa Carvalho","image":{"@type":"ImageObject","inLanguage":"pt-BR","@id":"https:\/\/www.correiobraziliense.com.br\/cbradar\/#\/schema\/person\/image\/","url":"https:\/\/secure.gravatar.com\/avatar\/fe4f91a0de32b52a838d0d612abdc1aa?s=96&d=mm&r=g","contentUrl":"https:\/\/secure.gravatar.com\/avatar\/fe4f91a0de32b52a838d0d612abdc1aa?s=96&d=mm&r=g","caption":"Larissa Carvalho"},"url":"https:\/\/www.correiobraziliense.com.br\/cbradar\/author\/larissamyth\/"}]}},"_links":{"self":[{"href":"https:\/\/www.correiobraziliense.com.br\/cbradar\/wp-json\/wp\/v2\/posts\/24047","targetHints":{"allow":["GET"]}}],"collection":[{"href":"https:\/\/www.correiobraziliense.com.br\/cbradar\/wp-json\/wp\/v2\/posts"}],"about":[{"href":"https:\/\/www.correiobraziliense.com.br\/cbradar\/wp-json\/wp\/v2\/types\/post"}],"author":[{"embeddable":true,"href":"https:\/\/www.correiobraziliense.com.br\/cbradar\/wp-json\/wp\/v2\/users\/3"}],"replies":[{"embeddable":true,"href":"https:\/\/www.correiobraziliense.com.br\/cbradar\/wp-json\/wp\/v2\/comments?post=24047"}],"version-history":[{"count":2,"href":"https:\/\/www.correiobraziliense.com.br\/cbradar\/wp-json\/wp\/v2\/posts\/24047\/revisions"}],"predecessor-version":[{"id":24079,"href":"https:\/\/www.correiobraziliense.com.br\/cbradar\/wp-json\/wp\/v2\/posts\/24047\/revisions\/24079"}],"wp:featuredmedia":[{"embeddable":true,"href":"https:\/\/www.correiobraziliense.com.br\/cbradar\/wp-json\/wp\/v2\/media\/24048"}],"wp:attachment":[{"href":"https:\/\/www.correiobraziliense.com.br\/cbradar\/wp-json\/wp\/v2\/media?parent=24047"}],"wp:term":[{"taxonomy":"category","embeddable":true,"href":"https:\/\/www.correiobraziliense.com.br\/cbradar\/wp-json\/wp\/v2\/categories?post=24047"},{"taxonomy":"post_tag","embeddable":true,"href":"https:\/\/www.correiobraziliense.com.br\/cbradar\/wp-json\/wp\/v2\/post_tag?post=24047"}],"curies":[{"name":"wp","href":"https:\/\/api.w.org\/{rel}","templated":true}]}}