{"id":24099,"date":"2025-04-17T17:50:00","date_gmt":"2025-04-17T20:50:00","guid":{"rendered":"https:\/\/www.correiobraziliense.com.br\/cbradar\/?p=24099"},"modified":"2025-04-15T22:57:57","modified_gmt":"2025-04-16T01:57:57","slug":"essa-cidade-do-interior-de-sao-paulo-vai-te-encantar","status":"publish","type":"post","link":"https:\/\/www.correiobraziliense.com.br\/cbradar\/essa-cidade-do-interior-de-sao-paulo-vai-te-encantar\/","title":{"rendered":"Essa cidade no interior de S\u00e3o Paulo vai te encantar!"},"content":{"rendered":"\n<p><a href=\"https:\/\/piracicaba.sp.gov.br\/\" target=\"_blank\" rel=\"noreferrer noopener\"><strong>Piracicaba<\/strong> <\/a>\u00e9 uma cidade localizada no interior de <strong><a href=\"https:\/\/www.correiobraziliense.com.br\/cbradar\/cidade-mais-segura-do-brasil-fica-em-sao-paulo-e-vai-te-surpreender\/\" target=\"_blank\" rel=\"noreferrer noopener\">S\u00e3o Paulo<\/a><\/strong> que encanta por sua rica heran\u00e7a cultural, economia vibrante e belezas naturais, especialmente \u00e0s margens do ic\u00f4nico<strong> Rio Piracicaba<\/strong>. Conhecida como a <strong>\u201cNoiva da Colina\u201d<\/strong>, a cidade se destaca pelo equil\u00edbrio entre tradi\u00e7\u00e3o e modernidade, oferecendo experi\u00eancias \u00fanicas para quem busca turismo hist\u00f3rico, ecol\u00f3gico ou gastron\u00f4mico. Seu desenvolvimento educacional, com institui\u00e7\u00f5es renomadas como a<strong> Esalq\/USP<\/strong>, tamb\u00e9m a torna um polo atrativo para estudantes e pesquisadores de todo o pa\u00eds.<\/p>\n\n\n\n<p>Neste artigo, voc\u00ea vai descobrir <strong>o que fazer em Piracicaba<\/strong>, aprender sobre sua hist\u00f3ria fascinante, conhecer pontos tur\u00edsticos imperd\u00edveis e receber dicas pr\u00e1ticas de viagem, incluindo transporte, hospedagem, clima e seguran\u00e7a. Se voc\u00ea est\u00e1 planejando visitar Piracicaba, continue a leitura e prepare-se para se surpreender com tudo que essa cidade tem a oferecer.<\/p>\n\n\n\n<h2 class=\"wp-block-heading\">Qual \u00e9 a hist\u00f3ria de Piracicaba?<\/h2>\n\n\n\n<p>A hist\u00f3ria de <strong>Piracicaba <\/strong>come\u00e7a oficialmente em <strong>1767<\/strong>, quando foi fundada como povoado por <strong>Ant\u00f4nio Corr\u00eaa Barbosa<\/strong>, com o nome de <strong>Vila Nova da Constitui\u00e7\u00e3o. <\/strong>Localizada em uma regi\u00e3o estrat\u00e9gica \u00e0s margens do rio, a cidade prosperou com o ciclo da cana-de-a\u00e7\u00facar, sendo um importante ponto de escoamento de produ\u00e7\u00e3o agr\u00edcola durante o s\u00e9culo <strong>XIX<\/strong>. Em <strong>1856<\/strong>, conquistou sua autonomia como munic\u00edpio e, posteriormente, foi rebatizada com o nome atual, que vem do tupi e significa \u201clugar onde o peixe para\u201d \u2014 uma refer\u00eancia direta \u00e0s corredeiras do rio local.<\/p>\n\n\n\n<p>Ao longo do tempo, <strong>Piracicaba <\/strong>se destacou na pol\u00edtica, na cultura e na educa\u00e7\u00e3o, tornando-se o ber\u00e7o de importantes figuras, como o escritor <strong>Thales Castanho de Andrade<\/strong> e o poeta <strong>Nh\u00f4 Bento<\/strong>. A cria\u00e7\u00e3o da<strong> Escola Superior de Agricultura Luiz de Queiroz (Esalq)<\/strong>, em <strong>1901<\/strong>, foi um marco para a cidade, colocando-a no mapa nacional como centro de excel\u00eancia em ci\u00eancias agr\u00e1rias. O passado ainda vive nas tradi\u00e7\u00f5es, nos casar\u00f5es coloniais e nos eventos que relembram a for\u00e7a da hist\u00f3ria piracicabana.<\/p>\n\n\n<div class=\"wp-block-image\">\n<figure class=\"aligncenter size-large\"><img decoding=\"async\" width=\"1024\" height=\"576\" src=\"https:\/\/www.correiobraziliense.com.br\/cbradar\/wp-content\/uploads\/2025\/04\/Piracicaba_1744768260132-1024x576.jpg\" alt=\"Essa cidade do interior de S\u00e3o Paulo vai te encantar!\" class=\"wp-image-24115\" srcset=\"https:\/\/www.correiobraziliense.com.br\/cbradar\/wp-content\/uploads\/2025\/04\/Piracicaba_1744768260132-1024x576.jpg 1024w, https:\/\/www.correiobraziliense.com.br\/cbradar\/wp-content\/uploads\/2025\/04\/Piracicaba_1744768260132-300x169.jpg 300w, https:\/\/www.correiobraziliense.com.br\/cbradar\/wp-content\/uploads\/2025\/04\/Piracicaba_1744768260132-768x432.jpg 768w, https:\/\/www.correiobraziliense.com.br\/cbradar\/wp-content\/uploads\/2025\/04\/Piracicaba_1744768260132-750x422.jpg 750w, https:\/\/www.correiobraziliense.com.br\/cbradar\/wp-content\/uploads\/2025\/04\/Piracicaba_1744768260132-1140x641.jpg 1140w, https:\/\/www.correiobraziliense.com.br\/cbradar\/wp-content\/uploads\/2025\/04\/Piracicaba_1744768260132.jpg 1280w\" sizes=\"(max-width: 1024px) 100vw, 1024px\" \/><figcaption class=\"wp-element-caption\">Piracicaba \/\/ Cr\u00e9ditos: depositphotos.com \/ eearaki@gmail.com<\/figcaption><\/figure><\/div>\n\n\n<h2 class=\"wp-block-heading\">Quais s\u00e3o as curiosidades mais interessantes sobre Piracicaba?<\/h2>\n\n\n\n<p><strong>Piracicaba <\/strong>\u00e9 rica em tradi\u00e7\u00f5es e curiosidades. Uma das mais conhecidas \u00e9 a <strong>Festa do Peixe<\/strong>, realizada desde a d\u00e9cada de <strong>70 <\/strong>e que celebra a cultura local com m\u00fasica, gastronomia e apresenta\u00e7\u00f5es art\u00edsticas. Outra peculiaridade \u00e9 o sotaque t\u00edpico da regi\u00e3o, com um &#8220;r&#8221; puxado e express\u00f5es \u00fanicas, que refor\u00e7am o carisma e identidade dos moradores. A cidade tamb\u00e9m \u00e9 famosa por ser palco do <strong>\u201cSal\u00e3o Internacional do Humor\u201d<\/strong>, um dos maiores eventos de charges e caricaturas do mundo.<\/p>\n\n\n\n<p>Al\u00e9m disso, <strong>Piracicaba <\/strong>tem s\u00edmbolos marcantes como a <strong>ponte p\u00eansil<\/strong>, cart\u00e3o-postal local, e o <strong>Engenho Central<\/strong>, um complexo hist\u00f3rico-cultural que j\u00e1 foi um dos maiores engenhos de a\u00e7\u00facar do pa\u00eds. A bandeira e o bras\u00e3o da cidade representam, com orgulho, elementos como o rio, o sol e a <strong>cana-de-a\u00e7\u00facar<\/strong>, refor\u00e7ando a liga\u00e7\u00e3o entre a natureza e o desenvolvimento econ\u00f4mico que moldaram sua identidade.<\/p>\n\n\n\n<h2 class=\"wp-block-heading\">Quais s\u00e3o os principais pontos tur\u00edsticos de Piracicaba?<\/h2>\n\n\n\n<p>Entre os pontos tur\u00edsticos mais visitados de <strong>Piracicaba<\/strong>, o destaque vai para o <strong>Parque do Mirante<\/strong>, de onde se tem uma vista privilegiada do<strong> Rio Piracicaba <\/strong>e da famosa ponte p\u00eansil. O <strong>Aqu\u00e1rio Municipal<\/strong>, o <strong>Museu da \u00c1gua<\/strong> e o <strong>Zool\u00f3gico Municipal<\/strong> tamb\u00e9m s\u00e3o \u00f3timos passeios para todas as idades. Outro lugar imperd\u00edvel \u00e9 o <strong>Engenho Central<\/strong>, que, al\u00e9m de sua import\u00e2ncia hist\u00f3rica, abriga eventos culturais, feiras e espet\u00e1culos ao longo do ano.<\/p>\n\n\n\n<p>Para aproveitar melhor esses atrativos, vale considerar visitar a cidade nos per\u00edodos de clima mais ameno, como o outono e a primavera. Durante festividades como o<strong> \u201cSal\u00e3o do Humor\u201d<\/strong> ou a <strong>\u201cFesta das Na\u00e7\u00f5es\u201d<\/strong>, o fluxo de turistas aumenta e a cidade se transforma em um polo cultural. Aproveite para montar roteiros combinando atra\u00e7\u00f5es pr\u00f3ximas e explore o centro hist\u00f3rico com calma, valorizando os detalhes arquitet\u00f4nicos e a atmosfera acolhedora.<\/p>\n\n\n\n<h2 class=\"wp-block-heading\">Como \u00e9 o clima de Piracicaba e qual a melhor \u00e9poca para visit\u00e1-la?<\/h2>\n\n\n\n<p>Piracicaba tem clima tropical, com <strong>ver\u00f5es quentes e chuvosos<\/strong>, e <strong>invernos mais secos e amenos<\/strong>. As temperaturas variam bastante ao longo do ano, com m\u00e9dias de <strong>30\u00b0C no ver\u00e3o<\/strong> e <strong>15\u00b0C no inverno<\/strong>, embora algumas noites possam ser mais frias. A temporada de chuvas se concentra entre dezembro e fevereiro, exigindo planejamento para atividades ao ar livre.<\/p>\n\n\n\n<p>A melhor \u00e9poca para visitar <strong>Piracicaba <\/strong>\u00e9 entre <strong>abril e agosto<\/strong>, quando o clima est\u00e1 mais seco, o calor \u00e9 moderado e h\u00e1 maior oferta de eventos culturais. Durante o inverno, al\u00e9m de temperaturas agrad\u00e1veis, a cidade promove festas t\u00edpicas e o turismo ecol\u00f3gico se torna ainda mais atrativo. Leve roupas leves para o dia, agasalhos para a noite e sempre consulte a previs\u00e3o antes de programar passeios ao ar livre.<\/p>\n\n\n\n<h2 class=\"wp-block-heading\">O que fazer em Piracicaba al\u00e9m dos pontos tur\u00edsticos?<\/h2>\n\n\n\n<p>Al\u00e9m das atra\u00e7\u00f5es tradicionais, a cidade oferece experi\u00eancias aut\u00eanticas e envolventes. Visitar a <strong>Rua do Porto<\/strong>, por exemplo, \u00e9 quase obrigat\u00f3rio: l\u00e1, voc\u00ea encontra feiras de artesanato, barraquinhas com comidas t\u00edpicas e os tradicionais restaurantes de peixe, onde o filhote de pintado \u00e9 o prato mais pedido. Passear pelo bairro Alto, com suas ruas tranquilas e arquitetura charmosa, \u00e9 uma forma de conhecer a ess\u00eancia local.<\/p>\n\n\n\n<p>Na hora de se hospedar, <strong>Piracicaba <\/strong>oferece uma boa variedade de hot\u00e9is, pousadas e hostels, com op\u00e7\u00f5es para todos os bolsos. O transporte urbano \u00e9 eficiente, mas muitos turistas preferem usar aplicativos de corrida ou alugar bicicletas para explorar a cidade com mais liberdade. O custo-benef\u00edcio \u00e9 atraente, especialmente fora da alta temporada, o que torna o turismo em Piracicaba ainda mais acess\u00edvel.<\/p>\n\n\n\n<h2 class=\"wp-block-heading\">Quais s\u00e3o as dicas essenciais para quem visita Piracicaba?<\/h2>\n\n\n\n<p>Ao visitar <strong>Piracicaba<\/strong>, \u00e9 importante manter os cuidados b\u00e1sicos de seguran\u00e7a, como evitar locais isolados \u00e0 noite e proteger seus pertences. O transporte p\u00fablico atende bem as principais \u00e1reas da cidade, com passagens a pre\u00e7os acess\u00edveis e linhas regulares. No entanto, para maior conforto, o uso de aplicativos como <strong>Uber <\/strong>ou <strong>99 <\/strong>pode ser mais pr\u00e1tico, especialmente para turistas.<\/p>\n\n\n\n<p>Se quiser economizar, programe sua viagem fora dos grandes eventos, quando a cidade est\u00e1 mais tranquila e os pre\u00e7os mais baixos. Fique atento a atra\u00e7\u00f5es gratuitas, como museus e parques, e aproveite feiras e festivais locais para saborear pratos t\u00edpicos sem gastar muito. Evite estabelecimentos que cobram por entrada em locais p\u00fablicos ou oferecem \u201cguias\u201d n\u00e3o oficiais, comuns em \u00e1reas muito tur\u00edsticas.<\/p>\n\n\n\n<h2 class=\"wp-block-heading\">Perguntas Frequentes (FAQ)<\/h2>\n\n\n\n<p><strong>Qual \u00e9 a melhor \u00e9poca do ano para visitar Piracicaba?<\/strong><br>Geralmente, depende do clima e dos eventos locais, como festivais ou feriados.<\/p>\n\n\n\n<p><strong>Quais pratos t\u00edpicos devem ser experimentados?<\/strong><br>Busque restaurantes tradicionais para provar a culin\u00e1ria local de <strong>Piracicaba<\/strong>.<\/p>\n\n\n\n<p><strong>Quais s\u00e3o as melhores op\u00e7\u00f5es de transporte na cidade?<\/strong><br>Use \u00f4nibus, t\u00e1xis, aplicativos ou aluguel de bicicletas, dependendo da infraestrutura de <strong>Piracicaba<\/strong>.<\/p>\n\n\n\n<p><strong>Piracicaba \u00e9 segura para turistas?<\/strong><br>Em geral, sim, mas \u00e9 importante manter os cuidados de praxe em qualquer grande centro urbano.<\/p>\n\n\n\n<p><strong>Que eventos e festivais ocorrem anualmente em Piracicaba?<\/strong><br>H\u00e1 celebra\u00e7\u00f5es religiosas, gastron\u00f4micas ou art\u00edsticas ao longo do ano; consulte calend\u00e1rios oficiais para se programar.<\/p>\n","protected":false},"excerpt":{"rendered":"<p>Piracicaba \u00e9 uma cidade localizada no interior de S\u00e3o Paulo que encanta por sua rica heran\u00e7a cultural, economia vibrante e belezas naturais, especialmente \u00e0s margens do ic\u00f4nico Rio Piracicaba. Conhecida como a \u201cNoiva da Colina\u201d, a cidade se destaca pelo equil\u00edbrio entre tradi\u00e7\u00e3o e modernidade, oferecendo experi\u00eancias \u00fanicas para quem busca turismo hist\u00f3rico, ecol\u00f3gico ou [&hellip;]<\/p>\n","protected":false},"author":8,"featured_media":24115,"comment_status":"open","ping_status":"open","sticky":false,"template":"","format":"standard","meta":{"jnews-multi-image_gallery":[],"jnews_single_post":{"format":"standard"},"jnews_primary_category":[],"jnews_social_meta":[],"jnews_override_counter":[],"footnotes":""},"categories":[108,111],"post_tag":[225,3412,278],"class_list":["post-24099","post","type-post","status-publish","format-standard","has-post-thumbnail","hentry","category-cidades","category-turismo","tag-brasil","tag-piracicaba","tag-sao-paulo"],"yoast_head":"<!-- This site is optimized with the Yoast SEO plugin v24.6 - https:\/\/yoast.com\/wordpress\/plugins\/seo\/ -->\n<title>Essa cidade no interior de S\u00e3o Paulo vai te encantar! - Correio Braziliense - Radar<\/title>\n<meta name=\"description\" content=\"Essa charmosa cidade do interior de S\u00e3o Paulo encanta visitantes com suas paisagens, cultura e clima acolhedor. Descubra agora!\" \/>\n<meta name=\"robots\" content=\"index, follow, max-snippet:-1, max-image-preview:large, max-video-preview:-1\" \/>\n<link rel=\"canonical\" href=\"https:\/\/www.correiobraziliense.com.br\/cbradar\/essa-cidade-do-interior-de-sao-paulo-vai-te-encantar\/\" \/>\n<meta property=\"og:locale\" content=\"pt_BR\" \/>\n<meta property=\"og:type\" content=\"article\" \/>\n<meta property=\"og:title\" content=\"Essa cidade no interior de S\u00e3o Paulo vai te encantar! - Correio Braziliense - Radar\" \/>\n<meta property=\"og:description\" content=\"Essa charmosa cidade do interior de S\u00e3o Paulo encanta visitantes com suas paisagens, cultura e clima acolhedor. Descubra agora!\" \/>\n<meta property=\"og:url\" content=\"https:\/\/www.correiobraziliense.com.br\/cbradar\/essa-cidade-do-interior-de-sao-paulo-vai-te-encantar\/\" \/>\n<meta property=\"og:site_name\" content=\"Correio Braziliense - Radar\" \/>\n<meta property=\"article:published_time\" content=\"2025-04-17T20:50:00+00:00\" \/>\n<meta property=\"og:image\" content=\"https:\/\/www.correiobraziliense.com.br\/cbradar\/wp-content\/uploads\/2025\/04\/Piracicaba_1744768260132.jpg\" \/>\n\t<meta property=\"og:image:width\" content=\"1280\" \/>\n\t<meta property=\"og:image:height\" content=\"720\" \/>\n\t<meta property=\"og:image:type\" content=\"image\/jpeg\" \/>\n<meta name=\"author\" content=\"Maura Pereira\" \/>\n<meta name=\"twitter:card\" content=\"summary_large_image\" \/>\n<meta name=\"twitter:label1\" content=\"Escrito por\" \/>\n\t<meta name=\"twitter:data1\" content=\"Maura Pereira\" \/>\n\t<meta name=\"twitter:label2\" content=\"Est. tempo de leitura\" \/>\n\t<meta name=\"twitter:data2\" content=\"7 minutos\" \/>\n<!-- \/ Yoast SEO plugin. -->","yoast_head_json":{"title":"Essa cidade no interior de S\u00e3o Paulo vai te encantar! - Correio Braziliense - Radar","description":"Essa charmosa cidade do interior de S\u00e3o Paulo encanta visitantes com suas paisagens, cultura e clima acolhedor. Descubra agora!","robots":{"index":"index","follow":"follow","max-snippet":"max-snippet:-1","max-image-preview":"max-image-preview:large","max-video-preview":"max-video-preview:-1"},"canonical":"https:\/\/www.correiobraziliense.com.br\/cbradar\/essa-cidade-do-interior-de-sao-paulo-vai-te-encantar\/","og_locale":"pt_BR","og_type":"article","og_title":"Essa cidade no interior de S\u00e3o Paulo vai te encantar! - Correio Braziliense - Radar","og_description":"Essa charmosa cidade do interior de S\u00e3o Paulo encanta visitantes com suas paisagens, cultura e clima acolhedor. Descubra agora!","og_url":"https:\/\/www.correiobraziliense.com.br\/cbradar\/essa-cidade-do-interior-de-sao-paulo-vai-te-encantar\/","og_site_name":"Correio Braziliense - Radar","article_published_time":"2025-04-17T20:50:00+00:00","og_image":[{"width":1280,"height":720,"url":"https:\/\/www.correiobraziliense.com.br\/cbradar\/wp-content\/uploads\/2025\/04\/Piracicaba_1744768260132.jpg","type":"image\/jpeg"}],"author":"Maura Pereira","twitter_card":"summary_large_image","twitter_misc":{"Escrito por":"Maura Pereira","Est. tempo de leitura":"7 minutos"},"schema":{"@context":"https:\/\/schema.org","@graph":[{"@type":"WebPage","@id":"https:\/\/www.correiobraziliense.com.br\/cbradar\/essa-cidade-do-interior-de-sao-paulo-vai-te-encantar\/","url":"https:\/\/www.correiobraziliense.com.br\/cbradar\/essa-cidade-do-interior-de-sao-paulo-vai-te-encantar\/","name":"Essa cidade no interior de S\u00e3o Paulo vai te encantar! - Correio Braziliense - Radar","isPartOf":{"@id":"https:\/\/www.correiobraziliense.com.br\/cbradar\/#website"},"primaryImageOfPage":{"@id":"https:\/\/www.correiobraziliense.com.br\/cbradar\/essa-cidade-do-interior-de-sao-paulo-vai-te-encantar\/#primaryimage"},"image":{"@id":"https:\/\/www.correiobraziliense.com.br\/cbradar\/essa-cidade-do-interior-de-sao-paulo-vai-te-encantar\/#primaryimage"},"thumbnailUrl":"https:\/\/www.correiobraziliense.com.br\/cbradar\/wp-content\/uploads\/2025\/04\/Piracicaba_1744768260132.jpg","datePublished":"2025-04-17T20:50:00+00:00","author":{"@id":"https:\/\/www.correiobraziliense.com.br\/cbradar\/#\/schema\/person\/4053c651a9bfc785afc6f4cbc9032fd3"},"description":"Essa charmosa cidade do interior de S\u00e3o Paulo encanta visitantes com suas paisagens, cultura e clima acolhedor. Descubra agora!","breadcrumb":{"@id":"https:\/\/www.correiobraziliense.com.br\/cbradar\/essa-cidade-do-interior-de-sao-paulo-vai-te-encantar\/#breadcrumb"},"inLanguage":"pt-BR","potentialAction":[{"@type":"ReadAction","target":["https:\/\/www.correiobraziliense.com.br\/cbradar\/essa-cidade-do-interior-de-sao-paulo-vai-te-encantar\/"]}]},{"@type":"ImageObject","inLanguage":"pt-BR","@id":"https:\/\/www.correiobraziliense.com.br\/cbradar\/essa-cidade-do-interior-de-sao-paulo-vai-te-encantar\/#primaryimage","url":"https:\/\/www.correiobraziliense.com.br\/cbradar\/wp-content\/uploads\/2025\/04\/Piracicaba_1744768260132.jpg","contentUrl":"https:\/\/www.correiobraziliense.com.br\/cbradar\/wp-content\/uploads\/2025\/04\/Piracicaba_1744768260132.jpg","width":1280,"height":720,"caption":"Explore Piracicaba, cidade hist\u00f3rica com belas paisagens, rica em cultura e natureza. \/\/ Cr\u00e9ditos: depositphotos.com \/ eearaki@gmail.com"},{"@type":"BreadcrumbList","@id":"https:\/\/www.correiobraziliense.com.br\/cbradar\/essa-cidade-do-interior-de-sao-paulo-vai-te-encantar\/#breadcrumb","itemListElement":[{"@type":"ListItem","position":1,"name":"In\u00edcio","item":"https:\/\/www.correiobraziliense.com.br\/cbradar\/"},{"@type":"ListItem","position":2,"name":"Essa cidade no interior de S\u00e3o Paulo vai te encantar!"}]},{"@type":"WebSite","@id":"https:\/\/www.correiobraziliense.com.br\/cbradar\/#website","url":"https:\/\/www.correiobraziliense.com.br\/cbradar\/","name":"Correio Braziliense - Radar","description":"Acompanhe as \u00faltimas not\u00edcias e fique bem informado sobre tudo o que acontece no Brasil e no mundo.","potentialAction":[{"@type":"SearchAction","target":{"@type":"EntryPoint","urlTemplate":"https:\/\/www.correiobraziliense.com.br\/cbradar\/?s={search_term_string}"},"query-input":{"@type":"PropertyValueSpecification","valueRequired":true,"valueName":"search_term_string"}}],"inLanguage":"pt-BR"},{"@type":"Person","@id":"https:\/\/www.correiobraziliense.com.br\/cbradar\/#\/schema\/person\/4053c651a9bfc785afc6f4cbc9032fd3","name":"Maura Pereira","image":{"@type":"ImageObject","inLanguage":"pt-BR","@id":"https:\/\/www.correiobraziliense.com.br\/cbradar\/#\/schema\/person\/image\/","url":"https:\/\/secure.gravatar.com\/avatar\/3effd6bdadfa447f15089c7f7144eaa6?s=96&d=mm&r=g","contentUrl":"https:\/\/secure.gravatar.com\/avatar\/3effd6bdadfa447f15089c7f7144eaa6?s=96&d=mm&r=g","caption":"Maura Pereira"},"sameAs":["https:\/\/www.correiobraziliense.com.br\/"],"url":"https:\/\/www.correiobraziliense.com.br\/cbradar\/author\/mauramyth\/"}]}},"_links":{"self":[{"href":"https:\/\/www.correiobraziliense.com.br\/cbradar\/wp-json\/wp\/v2\/posts\/24099","targetHints":{"allow":["GET"]}}],"collection":[{"href":"https:\/\/www.correiobraziliense.com.br\/cbradar\/wp-json\/wp\/v2\/posts"}],"about":[{"href":"https:\/\/www.correiobraziliense.com.br\/cbradar\/wp-json\/wp\/v2\/types\/post"}],"author":[{"embeddable":true,"href":"https:\/\/www.correiobraziliense.com.br\/cbradar\/wp-json\/wp\/v2\/users\/8"}],"replies":[{"embeddable":true,"href":"https:\/\/www.correiobraziliense.com.br\/cbradar\/wp-json\/wp\/v2\/comments?post=24099"}],"version-history":[{"count":7,"href":"https:\/\/www.correiobraziliense.com.br\/cbradar\/wp-json\/wp\/v2\/posts\/24099\/revisions"}],"predecessor-version":[{"id":24122,"href":"https:\/\/www.correiobraziliense.com.br\/cbradar\/wp-json\/wp\/v2\/posts\/24099\/revisions\/24122"}],"wp:featuredmedia":[{"embeddable":true,"href":"https:\/\/www.correiobraziliense.com.br\/cbradar\/wp-json\/wp\/v2\/media\/24115"}],"wp:attachment":[{"href":"https:\/\/www.correiobraziliense.com.br\/cbradar\/wp-json\/wp\/v2\/media?parent=24099"}],"wp:term":[{"taxonomy":"category","embeddable":true,"href":"https:\/\/www.correiobraziliense.com.br\/cbradar\/wp-json\/wp\/v2\/categories?post=24099"},{"taxonomy":"post_tag","embeddable":true,"href":"https:\/\/www.correiobraziliense.com.br\/cbradar\/wp-json\/wp\/v2\/post_tag?post=24099"}],"curies":[{"name":"wp","href":"https:\/\/api.w.org\/{rel}","templated":true}]}}