{"id":24218,"date":"2025-04-17T12:30:00","date_gmt":"2025-04-17T15:30:00","guid":{"rendered":"https:\/\/www.correiobraziliense.com.br\/cbradar\/?p=24218"},"modified":"2025-04-16T16:37:11","modified_gmt":"2025-04-16T19:37:11","slug":"minha-casa-minha-vida-muda-em-2025-veja-novidades","status":"publish","type":"post","link":"https:\/\/www.correiobraziliense.com.br\/cbradar\/minha-casa-minha-vida-muda-em-2025-veja-novidades\/","title":{"rendered":"Minha casa, minha vida muda em 2025, veja novidades"},"content":{"rendered":"\n<p>O programa <strong>Minha Casa, Minha Vida<\/strong>, uma iniciativa crucial para a habita\u00e7\u00e3o popular no Brasil, passou por atualiza\u00e7\u00f5es significativas em 2025. Com o objetivo de atender a um maior n\u00famero de fam\u00edlias, especialmente da classe m\u00e9dia, o governo introduziu mudan\u00e7as que visam facilitar o acesso \u00e0 moradia. As altera\u00e7\u00f5es incluem novos tetos de renda para as faixas de financiamento e a introdu\u00e7\u00e3o de uma nova fonte de recursos para sustentar o programa.<\/p>\n\n\n\n<p>Essas mudan\u00e7as ocorrem em um contexto de prepara\u00e7\u00e3o para o ano eleitoral, refletindo um esfor\u00e7o do governo para ampliar seu alcance social. Com a destina\u00e7\u00e3o de R$ 15 bilh\u00f5es do <strong>Fundo Social do Pr\u00e9-Sal<\/strong>, o programa espera atender cerca de 120 mil fam\u00edlias, oferecendo condi\u00e7\u00f5es de financiamento mais acess\u00edveis em compara\u00e7\u00e3o com as taxas de mercado atuais.<\/p>\n\n\n\n<h2 class=\"wp-block-heading\"><strong>Quais s\u00e3o as novas condi\u00e7\u00f5es de financiamento?<\/strong><\/h2>\n\n\n\n<p>O financiamento no \u00e2mbito do Minha Casa, Minha Vida agora oferece condi\u00e7\u00f5es mais atrativas, com uma taxa de juros de 10% ao ano, inferior \u00e0 m\u00e9dia de 11,5% praticada no mercado. Al\u00e9m disso, o prazo de financiamento foi estendido para at\u00e9 420 meses, permitindo que as fam\u00edlias adquiram im\u00f3veis de at\u00e9 R$ 500 mil. Essas medidas visam tornar a aquisi\u00e7\u00e3o de im\u00f3veis mais acess\u00edvel, especialmente para a classe m\u00e9dia, que muitas vezes enfrenta dificuldades para obter cr\u00e9dito em condi\u00e7\u00f5es favor\u00e1veis.<\/p>\n\n\n\n<figure class=\"wp-block-image size-large\"><img decoding=\"async\" width=\"1024\" height=\"576\" src=\"https:\/\/www.correiobraziliense.com.br\/cbradar\/wp-content\/uploads\/2025\/04\/Minha-Casa-Minha-Vida_1744808045436-1024x576.jpg\" alt=\"Minha Casa, Minha Vida em 2025: O Que Mudou\" class=\"wp-image-24219\" srcset=\"https:\/\/www.correiobraziliense.com.br\/cbradar\/wp-content\/uploads\/2025\/04\/Minha-Casa-Minha-Vida_1744808045436-1024x576.jpg 1024w, https:\/\/www.correiobraziliense.com.br\/cbradar\/wp-content\/uploads\/2025\/04\/Minha-Casa-Minha-Vida_1744808045436-300x169.jpg 300w, https:\/\/www.correiobraziliense.com.br\/cbradar\/wp-content\/uploads\/2025\/04\/Minha-Casa-Minha-Vida_1744808045436-768x432.jpg 768w, https:\/\/www.correiobraziliense.com.br\/cbradar\/wp-content\/uploads\/2025\/04\/Minha-Casa-Minha-Vida_1744808045436-750x422.jpg 750w, https:\/\/www.correiobraziliense.com.br\/cbradar\/wp-content\/uploads\/2025\/04\/Minha-Casa-Minha-Vida_1744808045436-1140x641.jpg 1140w, https:\/\/www.correiobraziliense.com.br\/cbradar\/wp-content\/uploads\/2025\/04\/Minha-Casa-Minha-Vida_1744808045436.jpg 1280w\" sizes=\"(max-width: 1024px) 100vw, 1024px\" \/><figcaption class=\"wp-element-caption\">minha casa, minha vida.Cr\u00e9ditos: depositphotos.com \/ mapo_japan<\/figcaption><\/figure>\n\n\n\n<h2 class=\"wp-block-heading\"><strong>Como os recursos do fundo social do Pr\u00e9-Sal impactam o programa?<\/strong><\/h2>\n\n\n\n<p>A inclus\u00e3o do Fundo Social do Pr\u00e9-Sal como fonte de financiamento \u00e9 uma inova\u00e7\u00e3o significativa para o Minha Casa, Minha Vida. Tradicionalmente, o programa era financiado com recursos do FGTS, mas a redu\u00e7\u00e3o dos recursos dispon\u00edveis exigiu a busca por alternativas. Com a nova fonte, o governo assegura a continuidade e a expans\u00e3o do programa, permitindo que mais fam\u00edlias sejam beneficiadas. Essa estrat\u00e9gia tamb\u00e9m demonstra um compromisso com a habita\u00e7\u00e3o de interesse popular, priorizando o bem-estar social.<\/p>\n\n\n\n<h2 class=\"wp-block-heading\"><strong>Quais s\u00e3o os novos tetos de renda para as faixas do programa?<\/strong><\/h2>\n\n\n\n<p>As faixas de renda do Minha Casa, Minha Vida foram reajustadas para melhor refletir a realidade econ\u00f4mica das fam\u00edlias brasileiras. As novas faixas s\u00e3o:<\/p>\n\n\n\n<ul class=\"wp-block-list\">\n<li><strong>Faixa 1:<\/strong>&nbsp;renda de at\u00e9 R$ 2.850 mensais (anteriormente R$ 2.640).<\/li>\n\n\n\n<li><strong>Faixa 2:<\/strong>&nbsp;renda de at\u00e9 R$ 4,7 mil mensais (anteriormente R$ 4,4 mil).<\/li>\n\n\n\n<li><strong>Faixa 3:<\/strong>&nbsp;renda de at\u00e9 R$ 8,6 mil mensais (anteriormente R$ 8 mil).<\/li>\n\n\n\n<li><strong>Faixa 4:<\/strong>&nbsp;renda de at\u00e9 R$ 12 mil.<\/li>\n<\/ul>\n\n\n\n<p>Esses ajustes visam ampliar o acesso ao programa, permitindo que mais fam\u00edlias se qualifiquem para o financiamento. Al\u00e9m disso, em regi\u00f5es como o Norte e Nordeste, as condi\u00e7\u00f5es s\u00e3o ainda mais facilitadas, com juros variando entre 4% e 8,16% ao ano, dependendo do rendimento e da localiza\u00e7\u00e3o.<\/p>\n\n\n\n<h2 class=\"wp-block-heading\"><strong>Qual \u00e9 o impacto esperado dessas mudan\u00e7as?<\/strong><\/h2>\n\n\n\n<p>As altera\u00e7\u00f5es no Minha Casa, Minha Vida t\u00eam o potencial de transformar o cen\u00e1rio habitacional no Brasil. Ao facilitar o acesso ao cr\u00e9dito e ajustar as faixas de renda, o programa se torna mais inclusivo, atendendo a uma parcela maior da popula\u00e7\u00e3o. Espera-se que essas medidas n\u00e3o apenas melhorem as condi\u00e7\u00f5es de moradia, mas tamb\u00e9m impulsionem o setor da constru\u00e7\u00e3o civil, gerando empregos e estimulando a economia. Com essas iniciativas, o governo busca n\u00e3o apenas atender \u00e0s necessidades habitacionais, mas tamb\u00e9m promover o desenvolvimento social e econ\u00f4mico do pa\u00eds.<\/p>\n","protected":false},"excerpt":{"rendered":"<p>Atualiza\u00e7\u00f5es do Programa Minha Casa, Minha Vida em 2025 traz mudan\u00e7as significativas para a habita\u00e7\u00e3o popular.<\/p>\n","protected":false},"author":3,"featured_media":24220,"comment_status":"open","ping_status":"open","sticky":false,"template":"","format":"standard","meta":{"_yoast_wpseo_focuskw":"Minha Casa Minha Vida","_yoast_wpseo_title":"%%title%%","_yoast_wpseo_metadesc":"Atualiza\u00e7\u00f5es do Programa Minha Casa, Minha Vida em 2025 traz mudan\u00e7as significativas para a habita\u00e7\u00e3o popular.","jnews-multi-image_gallery":[],"jnews_single_post":{"format":"standard"},"jnews_primary_category":[],"jnews_social_meta":[],"jnews_override_counter":[],"footnotes":""},"categories":[128],"post_tag":[132,2376],"class_list":["post-24218","post","type-post","status-publish","format-standard","has-post-thumbnail","hentry","category-economia","tag-beneficios-sociais","tag-minha-casa-minha-vida"],"yoast_head":"<!-- This site is optimized with the Yoast SEO plugin v24.6 - https:\/\/yoast.com\/wordpress\/plugins\/seo\/ -->\n<title>Minha casa, minha vida muda em 2025, veja novidades<\/title>\n<meta name=\"description\" content=\"Atualiza\u00e7\u00f5es do Programa Minha Casa, Minha Vida em 2025 traz mudan\u00e7as significativas para a habita\u00e7\u00e3o popular.\" \/>\n<meta name=\"robots\" content=\"index, follow, max-snippet:-1, max-image-preview:large, max-video-preview:-1\" \/>\n<link rel=\"canonical\" href=\"https:\/\/www.correiobraziliense.com.br\/cbradar\/minha-casa-minha-vida-muda-em-2025-veja-novidades\/\" \/>\n<meta property=\"og:locale\" content=\"pt_BR\" \/>\n<meta property=\"og:type\" content=\"article\" \/>\n<meta property=\"og:title\" content=\"Minha casa, minha vida muda em 2025, veja novidades\" \/>\n<meta property=\"og:description\" content=\"Atualiza\u00e7\u00f5es do Programa Minha Casa, Minha Vida em 2025 traz mudan\u00e7as significativas para a habita\u00e7\u00e3o popular.\" \/>\n<meta property=\"og:url\" content=\"https:\/\/www.correiobraziliense.com.br\/cbradar\/minha-casa-minha-vida-muda-em-2025-veja-novidades\/\" \/>\n<meta property=\"og:site_name\" content=\"Correio Braziliense - Radar\" \/>\n<meta property=\"article:published_time\" content=\"2025-04-17T15:30:00+00:00\" \/>\n<meta property=\"og:image\" content=\"https:\/\/www.correiobraziliense.com.br\/cbradar\/wp-content\/uploads\/2025\/04\/Minha-Casa-Minha-Vida_1744808097493.jpg\" \/>\n\t<meta property=\"og:image:width\" content=\"1280\" \/>\n\t<meta property=\"og:image:height\" content=\"720\" \/>\n\t<meta property=\"og:image:type\" content=\"image\/jpeg\" \/>\n<meta name=\"author\" content=\"Larissa Carvalho\" \/>\n<meta name=\"twitter:card\" content=\"summary_large_image\" \/>\n<meta name=\"twitter:label1\" content=\"Escrito por\" \/>\n\t<meta name=\"twitter:data1\" content=\"Larissa Carvalho\" \/>\n\t<meta name=\"twitter:label2\" content=\"Est. tempo de leitura\" \/>\n\t<meta name=\"twitter:data2\" content=\"4 minutos\" \/>\n<!-- \/ Yoast SEO plugin. -->","yoast_head_json":{"title":"Minha casa, minha vida muda em 2025, veja novidades","description":"Atualiza\u00e7\u00f5es do Programa Minha Casa, Minha Vida em 2025 traz mudan\u00e7as significativas para a habita\u00e7\u00e3o popular.","robots":{"index":"index","follow":"follow","max-snippet":"max-snippet:-1","max-image-preview":"max-image-preview:large","max-video-preview":"max-video-preview:-1"},"canonical":"https:\/\/www.correiobraziliense.com.br\/cbradar\/minha-casa-minha-vida-muda-em-2025-veja-novidades\/","og_locale":"pt_BR","og_type":"article","og_title":"Minha casa, minha vida muda em 2025, veja novidades","og_description":"Atualiza\u00e7\u00f5es do Programa Minha Casa, Minha Vida em 2025 traz mudan\u00e7as significativas para a habita\u00e7\u00e3o popular.","og_url":"https:\/\/www.correiobraziliense.com.br\/cbradar\/minha-casa-minha-vida-muda-em-2025-veja-novidades\/","og_site_name":"Correio Braziliense - Radar","article_published_time":"2025-04-17T15:30:00+00:00","og_image":[{"width":1280,"height":720,"url":"https:\/\/www.correiobraziliense.com.br\/cbradar\/wp-content\/uploads\/2025\/04\/Minha-Casa-Minha-Vida_1744808097493.jpg","type":"image\/jpeg"}],"author":"Larissa Carvalho","twitter_card":"summary_large_image","twitter_misc":{"Escrito por":"Larissa Carvalho","Est. tempo de leitura":"4 minutos"},"schema":{"@context":"https:\/\/schema.org","@graph":[{"@type":"WebPage","@id":"https:\/\/www.correiobraziliense.com.br\/cbradar\/minha-casa-minha-vida-muda-em-2025-veja-novidades\/","url":"https:\/\/www.correiobraziliense.com.br\/cbradar\/minha-casa-minha-vida-muda-em-2025-veja-novidades\/","name":"Minha casa, minha vida muda em 2025, veja novidades","isPartOf":{"@id":"https:\/\/www.correiobraziliense.com.br\/cbradar\/#website"},"primaryImageOfPage":{"@id":"https:\/\/www.correiobraziliense.com.br\/cbradar\/minha-casa-minha-vida-muda-em-2025-veja-novidades\/#primaryimage"},"image":{"@id":"https:\/\/www.correiobraziliense.com.br\/cbradar\/minha-casa-minha-vida-muda-em-2025-veja-novidades\/#primaryimage"},"thumbnailUrl":"https:\/\/www.correiobraziliense.com.br\/cbradar\/wp-content\/uploads\/2025\/04\/Minha-Casa-Minha-Vida_1744808097493.jpg","datePublished":"2025-04-17T15:30:00+00:00","author":{"@id":"https:\/\/www.correiobraziliense.com.br\/cbradar\/#\/schema\/person\/58422787644df994b53a19d3e56c1513"},"description":"Atualiza\u00e7\u00f5es do Programa Minha Casa, Minha Vida em 2025 traz mudan\u00e7as significativas para a habita\u00e7\u00e3o popular.","breadcrumb":{"@id":"https:\/\/www.correiobraziliense.com.br\/cbradar\/minha-casa-minha-vida-muda-em-2025-veja-novidades\/#breadcrumb"},"inLanguage":"pt-BR","potentialAction":[{"@type":"ReadAction","target":["https:\/\/www.correiobraziliense.com.br\/cbradar\/minha-casa-minha-vida-muda-em-2025-veja-novidades\/"]}]},{"@type":"ImageObject","inLanguage":"pt-BR","@id":"https:\/\/www.correiobraziliense.com.br\/cbradar\/minha-casa-minha-vida-muda-em-2025-veja-novidades\/#primaryimage","url":"https:\/\/www.correiobraziliense.com.br\/cbradar\/wp-content\/uploads\/2025\/04\/Minha-Casa-Minha-Vida_1744808097493.jpg","contentUrl":"https:\/\/www.correiobraziliense.com.br\/cbradar\/wp-content\/uploads\/2025\/04\/Minha-Casa-Minha-Vida_1744808097493.jpg","width":1280,"height":720,"caption":"minha casa, minha vida.Cr\u00e9ditos: depositphotos.com \/ niamwhan"},{"@type":"BreadcrumbList","@id":"https:\/\/www.correiobraziliense.com.br\/cbradar\/minha-casa-minha-vida-muda-em-2025-veja-novidades\/#breadcrumb","itemListElement":[{"@type":"ListItem","position":1,"name":"In\u00edcio","item":"https:\/\/www.correiobraziliense.com.br\/cbradar\/"},{"@type":"ListItem","position":2,"name":"Minha casa, minha vida muda em 2025, veja novidades"}]},{"@type":"WebSite","@id":"https:\/\/www.correiobraziliense.com.br\/cbradar\/#website","url":"https:\/\/www.correiobraziliense.com.br\/cbradar\/","name":"Correio Braziliense - Radar","description":"Acompanhe as \u00faltimas not\u00edcias e fique bem informado sobre tudo o que acontece no Brasil e no mundo.","potentialAction":[{"@type":"SearchAction","target":{"@type":"EntryPoint","urlTemplate":"https:\/\/www.correiobraziliense.com.br\/cbradar\/?s={search_term_string}"},"query-input":{"@type":"PropertyValueSpecification","valueRequired":true,"valueName":"search_term_string"}}],"inLanguage":"pt-BR"},{"@type":"Person","@id":"https:\/\/www.correiobraziliense.com.br\/cbradar\/#\/schema\/person\/58422787644df994b53a19d3e56c1513","name":"Larissa Carvalho","image":{"@type":"ImageObject","inLanguage":"pt-BR","@id":"https:\/\/www.correiobraziliense.com.br\/cbradar\/#\/schema\/person\/image\/","url":"https:\/\/secure.gravatar.com\/avatar\/fe4f91a0de32b52a838d0d612abdc1aa?s=96&d=mm&r=g","contentUrl":"https:\/\/secure.gravatar.com\/avatar\/fe4f91a0de32b52a838d0d612abdc1aa?s=96&d=mm&r=g","caption":"Larissa Carvalho"},"url":"https:\/\/www.correiobraziliense.com.br\/cbradar\/author\/larissamyth\/"}]}},"_links":{"self":[{"href":"https:\/\/www.correiobraziliense.com.br\/cbradar\/wp-json\/wp\/v2\/posts\/24218","targetHints":{"allow":["GET"]}}],"collection":[{"href":"https:\/\/www.correiobraziliense.com.br\/cbradar\/wp-json\/wp\/v2\/posts"}],"about":[{"href":"https:\/\/www.correiobraziliense.com.br\/cbradar\/wp-json\/wp\/v2\/types\/post"}],"author":[{"embeddable":true,"href":"https:\/\/www.correiobraziliense.com.br\/cbradar\/wp-json\/wp\/v2\/users\/3"}],"replies":[{"embeddable":true,"href":"https:\/\/www.correiobraziliense.com.br\/cbradar\/wp-json\/wp\/v2\/comments?post=24218"}],"version-history":[{"count":2,"href":"https:\/\/www.correiobraziliense.com.br\/cbradar\/wp-json\/wp\/v2\/posts\/24218\/revisions"}],"predecessor-version":[{"id":24402,"href":"https:\/\/www.correiobraziliense.com.br\/cbradar\/wp-json\/wp\/v2\/posts\/24218\/revisions\/24402"}],"wp:featuredmedia":[{"embeddable":true,"href":"https:\/\/www.correiobraziliense.com.br\/cbradar\/wp-json\/wp\/v2\/media\/24220"}],"wp:attachment":[{"href":"https:\/\/www.correiobraziliense.com.br\/cbradar\/wp-json\/wp\/v2\/media?parent=24218"}],"wp:term":[{"taxonomy":"category","embeddable":true,"href":"https:\/\/www.correiobraziliense.com.br\/cbradar\/wp-json\/wp\/v2\/categories?post=24218"},{"taxonomy":"post_tag","embeddable":true,"href":"https:\/\/www.correiobraziliense.com.br\/cbradar\/wp-json\/wp\/v2\/post_tag?post=24218"}],"curies":[{"name":"wp","href":"https:\/\/api.w.org\/{rel}","templated":true}]}}