{"id":24260,"date":"2025-04-17T10:30:00","date_gmt":"2025-04-17T13:30:00","guid":{"rendered":"https:\/\/www.correiobraziliense.com.br\/cbradar\/?p=24260"},"modified":"2025-04-16T16:38:24","modified_gmt":"2025-04-16T19:38:24","slug":"filme-classico-da-disney-vai-virar-filme-de-terror-veja-detalhes","status":"publish","type":"post","link":"https:\/\/www.correiobraziliense.com.br\/cbradar\/filme-classico-da-disney-vai-virar-filme-de-terror-veja-detalhes\/","title":{"rendered":"Filme cl\u00e1ssico da Disney vai virar filme de terror, veja detalhes"},"content":{"rendered":"\n<p>O cl\u00e1ssico conto de <strong>Aladdin<\/strong>, conhecido por sua magia e aventuras, est\u00e1 prestes a ganhar uma <a href=\"https:\/\/www.correiobraziliense.com.br\/cbradar\/quais-serao-as-proximas-adaptacoes-live-action-da-disney-veja-as-que-faltam\/\" target=\"_blank\" rel=\"noreferrer noopener\">nova interpreta\u00e7\u00e3o<\/a> no mundo do cinema. Desta vez, a hist\u00f3ria ser\u00e1 reimaginada como um filme de terror intitulado\u00a0<em><strong>Aladdin: The Monkey\u2019s Paw<\/strong><\/em>. Dirigido por <strong>Bradley Stryker<\/strong>, conhecido por seu trabalho em\u00a0<strong><em>Terrifier 3<\/em>,<\/strong> o filme promete trazer uma abordagem sombria e sobrenatural ao conto tradicional.<\/p>\n\n\n\n<p>O enredo se passa no <strong>Reino Unido<\/strong> contempor\u00e2neo e segue um jovem londrino que herda uma pata de macaco capaz de realizar desejos. No entanto, cada desejo vem com um pre\u00e7o terr\u00edvel, colocando em risco a vida daqueles ao seu redor. O protagonista deve enfrentar uma for\u00e7a demon\u00edaca que se alimenta dos desejos, criando uma atmosfera de suspense e terror.<\/p>\n\n\n\n<h2 class=\"wp-block-heading\">O elenco e a produ\u00e7\u00e3o de\u00a0<em>Aladdin: The Monkey\u2019s Paw<\/em><\/h2>\n\n\n\n<p>A produ\u00e7\u00e3o do filme est\u00e1 a cargo da Empire Studios, com roteiro de Charley McDougall, conhecido por&nbsp;<em>Legend of Lizard Man<\/em>. O elenco conta com nomes como Nick Sagar, Ricky Norwood e Montana Manning, que prometem dar vida a essa narrativa aterrorizante. A equipe criativa est\u00e1 empenhada em explorar o terror de uma forma pessoal, destacando o custo humano dos desejos e as consequ\u00eancias de se brincar com for\u00e7as al\u00e9m do controle humano.<\/p>\n\n\n\n<figure class=\"wp-block-image size-large\"><img decoding=\"async\" width=\"1024\" height=\"576\" src=\"https:\/\/www.correiobraziliense.com.br\/cbradar\/wp-content\/uploads\/2025\/04\/Alladin-1024x576.png\" alt=\"Filme cl\u00e1ssico da Disney vai virar filme de terror, veja detalhes\" class=\"wp-image-24283\" srcset=\"https:\/\/www.correiobraziliense.com.br\/cbradar\/wp-content\/uploads\/2025\/04\/Alladin-1024x576.png 1024w, https:\/\/www.correiobraziliense.com.br\/cbradar\/wp-content\/uploads\/2025\/04\/Alladin-300x169.png 300w, https:\/\/www.correiobraziliense.com.br\/cbradar\/wp-content\/uploads\/2025\/04\/Alladin-768x432.png 768w, https:\/\/www.correiobraziliense.com.br\/cbradar\/wp-content\/uploads\/2025\/04\/Alladin-750x422.png 750w, https:\/\/www.correiobraziliense.com.br\/cbradar\/wp-content\/uploads\/2025\/04\/Alladin-1140x641.png 1140w, https:\/\/www.correiobraziliense.com.br\/cbradar\/wp-content\/uploads\/2025\/04\/Alladin.png 1280w\" sizes=\"(max-width: 1024px) 100vw, 1024px\" \/><figcaption class=\"wp-element-caption\">Alladin, Fonte: divulga\u00e7\u00e3o \/ Disney<\/figcaption><\/figure>\n\n\n\n<h2 class=\"wp-block-heading\">Por que transformar cl\u00e1ssicos em filmes de terror?<\/h2>\n\n\n\n<p>Nos \u00faltimos anos, tem-se observado uma tend\u00eancia de transformar cl\u00e1ssicos infantis em filmes de terror. Essa abordagem oferece uma nova perspectiva sobre hist\u00f3rias conhecidas, explorando temas mais sombrios e complexos. Em 2023,&nbsp;<em>Ursinho Pooh: Sangue e Mel<\/em>&nbsp;trouxe uma vers\u00e3o sinistra do personagem infantil, enquanto&nbsp;<em>Steamboat Willie: Blood on the Water<\/em>&nbsp;apresentou uma vis\u00e3o aterrorizante do Mickey Mouse original.<\/p>\n\n\n\n<p>Essas adapta\u00e7\u00f5es permitem que cineastas criem mundos novos e intrigantes, ao mesmo tempo em que desafiam o p\u00fablico a reconsiderar suas percep\u00e7\u00f5es sobre hist\u00f3rias familiares. O terror, quando bem executado, pode deixar uma impress\u00e3o duradoura, provocando reflex\u00f5es sobre os desejos humanos e suas consequ\u00eancias.<\/p>\n\n\n\n<iframe loading=\"lazy\" width=\"560\" height=\"315\" src=\"https:\/\/www.youtube.com\/embed\/eTjHiQKJUDY?si=6Qv83_Utv1C68yHY\" title=\"YouTube video player\" frameborder=\"0\" allow=\"accelerometer; autoplay; clipboard-write; encrypted-media; gyroscope; picture-in-picture; web-share\" referrerpolicy=\"strict-origin-when-cross-origin\" allowfullscreen><\/iframe>\n\n\n\n<h2 class=\"wp-block-heading\">O que esperar de\u00a0<em>Aladdin: The Monkey\u2019s Paw<\/em>?<\/h2>\n\n\n\n<p>Embora ainda n\u00e3o haja uma data de estreia definida, as expectativas para&nbsp;<em>Aladdin: The Monkey\u2019s Paw<\/em>&nbsp;s\u00e3o altas. As filmagens est\u00e3o programadas para come\u00e7ar em maio no Reino Unido, e a produ\u00e7\u00e3o promete uma experi\u00eancia cinematogr\u00e1fica \u00fanica, cheia de suspense e emo\u00e7\u00e3o. A narrativa busca n\u00e3o apenas assustar, mas tamb\u00e9m envolver o p\u00fablico em uma hist\u00f3ria rica e complexa, onde cada desejo realizado pode ter consequ\u00eancias devastadoras.<\/p>\n\n\n\n<p>O filme se prop\u00f5e a ser mais do que apenas um filme de terror; \u00e9 uma explora\u00e7\u00e3o profunda dos sonhos e desejos humanos, mergulhada em um g\u00eanero onde os riscos s\u00e3o elevados e as apostas s\u00e3o mais diab\u00f3licas do que nunca. Com uma combina\u00e7\u00e3o de mitologia ic\u00f4nica e personagens envolventes,&nbsp;<em>Aladdin: The Monkey\u2019s Paw<\/em>&nbsp;promete ser uma adi\u00e7\u00e3o intrigante ao crescente g\u00eanero de terror inspirado em cl\u00e1ssicos.<\/p>\n","protected":false},"excerpt":{"rendered":"<p>O cl\u00e1ssico conto de Aladdin ganha um novo e sombrio olhar no filme de terror Aladdin: The Monkey&#8217;s Paw. Descubra o pre\u00e7o dos desejos.<\/p>\n","protected":false},"author":3,"featured_media":24281,"comment_status":"open","ping_status":"open","sticky":false,"template":"","format":"standard","meta":{"_yoast_wpseo_focuskw":"disney terror","_yoast_wpseo_title":"%%title%%","_yoast_wpseo_metadesc":"O cl\u00e1ssico conto de Aladdin ganha um novo e sombrio olhar no filme de terror Aladdin: The Monkey's Paw. Descubra o pre\u00e7o dos desejos.","jnews-multi-image_gallery":[],"jnews_single_post":{"format":"standard"},"jnews_primary_category":[],"jnews_social_meta":[],"jnews_override_counter":[],"footnotes":""},"categories":[140],"post_tag":[977,568],"class_list":["post-24260","post","type-post","status-publish","format-standard","has-post-thumbnail","hentry","category-entretenimento","tag-disney","tag-series-e-filmes"],"yoast_head":"<!-- This site is optimized with the Yoast SEO plugin v24.6 - https:\/\/yoast.com\/wordpress\/plugins\/seo\/ -->\n<title>Filme cl\u00e1ssico da Disney vai virar filme de terror, veja detalhes<\/title>\n<meta name=\"description\" content=\"O cl\u00e1ssico conto de Aladdin ganha um novo e sombrio olhar no filme de terror Aladdin: The Monkey&#039;s Paw. Descubra o pre\u00e7o dos desejos.\" \/>\n<meta name=\"robots\" content=\"index, follow, max-snippet:-1, max-image-preview:large, max-video-preview:-1\" \/>\n<link rel=\"canonical\" href=\"https:\/\/www.correiobraziliense.com.br\/cbradar\/filme-classico-da-disney-vai-virar-filme-de-terror-veja-detalhes\/\" \/>\n<meta property=\"og:locale\" content=\"pt_BR\" \/>\n<meta property=\"og:type\" content=\"article\" \/>\n<meta property=\"og:title\" content=\"Filme cl\u00e1ssico da Disney vai virar filme de terror, veja detalhes\" \/>\n<meta property=\"og:description\" content=\"O cl\u00e1ssico conto de Aladdin ganha um novo e sombrio olhar no filme de terror Aladdin: The Monkey&#039;s Paw. Descubra o pre\u00e7o dos desejos.\" \/>\n<meta property=\"og:url\" content=\"https:\/\/www.correiobraziliense.com.br\/cbradar\/filme-classico-da-disney-vai-virar-filme-de-terror-veja-detalhes\/\" \/>\n<meta property=\"og:site_name\" content=\"Correio Braziliense - Radar\" \/>\n<meta property=\"article:published_time\" content=\"2025-04-17T13:30:00+00:00\" \/>\n<meta property=\"og:image\" content=\"https:\/\/www.correiobraziliense.com.br\/cbradar\/wp-content\/uploads\/2025\/04\/Disney_1744811687806.jpg\" \/>\n\t<meta property=\"og:image:width\" content=\"1280\" \/>\n\t<meta property=\"og:image:height\" content=\"720\" \/>\n\t<meta property=\"og:image:type\" content=\"image\/jpeg\" \/>\n<meta name=\"author\" content=\"Larissa Carvalho\" \/>\n<meta name=\"twitter:card\" content=\"summary_large_image\" \/>\n<meta name=\"twitter:label1\" content=\"Escrito por\" \/>\n\t<meta name=\"twitter:data1\" content=\"Larissa Carvalho\" \/>\n\t<meta name=\"twitter:label2\" content=\"Est. tempo de leitura\" \/>\n\t<meta name=\"twitter:data2\" content=\"3 minutos\" \/>\n<!-- \/ Yoast SEO plugin. -->","yoast_head_json":{"title":"Filme cl\u00e1ssico da Disney vai virar filme de terror, veja detalhes","description":"O cl\u00e1ssico conto de Aladdin ganha um novo e sombrio olhar no filme de terror Aladdin: The Monkey's Paw. Descubra o pre\u00e7o dos desejos.","robots":{"index":"index","follow":"follow","max-snippet":"max-snippet:-1","max-image-preview":"max-image-preview:large","max-video-preview":"max-video-preview:-1"},"canonical":"https:\/\/www.correiobraziliense.com.br\/cbradar\/filme-classico-da-disney-vai-virar-filme-de-terror-veja-detalhes\/","og_locale":"pt_BR","og_type":"article","og_title":"Filme cl\u00e1ssico da Disney vai virar filme de terror, veja detalhes","og_description":"O cl\u00e1ssico conto de Aladdin ganha um novo e sombrio olhar no filme de terror Aladdin: The Monkey's Paw. Descubra o pre\u00e7o dos desejos.","og_url":"https:\/\/www.correiobraziliense.com.br\/cbradar\/filme-classico-da-disney-vai-virar-filme-de-terror-veja-detalhes\/","og_site_name":"Correio Braziliense - Radar","article_published_time":"2025-04-17T13:30:00+00:00","og_image":[{"width":1280,"height":720,"url":"https:\/\/www.correiobraziliense.com.br\/cbradar\/wp-content\/uploads\/2025\/04\/Disney_1744811687806.jpg","type":"image\/jpeg"}],"author":"Larissa Carvalho","twitter_card":"summary_large_image","twitter_misc":{"Escrito por":"Larissa Carvalho","Est. tempo de leitura":"3 minutos"},"schema":{"@context":"https:\/\/schema.org","@graph":[{"@type":"WebPage","@id":"https:\/\/www.correiobraziliense.com.br\/cbradar\/filme-classico-da-disney-vai-virar-filme-de-terror-veja-detalhes\/","url":"https:\/\/www.correiobraziliense.com.br\/cbradar\/filme-classico-da-disney-vai-virar-filme-de-terror-veja-detalhes\/","name":"Filme cl\u00e1ssico da Disney vai virar filme de terror, veja detalhes","isPartOf":{"@id":"https:\/\/www.correiobraziliense.com.br\/cbradar\/#website"},"primaryImageOfPage":{"@id":"https:\/\/www.correiobraziliense.com.br\/cbradar\/filme-classico-da-disney-vai-virar-filme-de-terror-veja-detalhes\/#primaryimage"},"image":{"@id":"https:\/\/www.correiobraziliense.com.br\/cbradar\/filme-classico-da-disney-vai-virar-filme-de-terror-veja-detalhes\/#primaryimage"},"thumbnailUrl":"https:\/\/www.correiobraziliense.com.br\/cbradar\/wp-content\/uploads\/2025\/04\/Disney_1744811687806.jpg","datePublished":"2025-04-17T13:30:00+00:00","author":{"@id":"https:\/\/www.correiobraziliense.com.br\/cbradar\/#\/schema\/person\/58422787644df994b53a19d3e56c1513"},"description":"O cl\u00e1ssico conto de Aladdin ganha um novo e sombrio olhar no filme de terror Aladdin: The Monkey's Paw. Descubra o pre\u00e7o dos desejos.","breadcrumb":{"@id":"https:\/\/www.correiobraziliense.com.br\/cbradar\/filme-classico-da-disney-vai-virar-filme-de-terror-veja-detalhes\/#breadcrumb"},"inLanguage":"pt-BR","potentialAction":[{"@type":"ReadAction","target":["https:\/\/www.correiobraziliense.com.br\/cbradar\/filme-classico-da-disney-vai-virar-filme-de-terror-veja-detalhes\/"]}]},{"@type":"ImageObject","inLanguage":"pt-BR","@id":"https:\/\/www.correiobraziliense.com.br\/cbradar\/filme-classico-da-disney-vai-virar-filme-de-terror-veja-detalhes\/#primaryimage","url":"https:\/\/www.correiobraziliense.com.br\/cbradar\/wp-content\/uploads\/2025\/04\/Disney_1744811687806.jpg","contentUrl":"https:\/\/www.correiobraziliense.com.br\/cbradar\/wp-content\/uploads\/2025\/04\/Disney_1744811687806.jpg","width":1280,"height":720,"caption":"Disney. Cr\u00e9ditos: depositphotos.com \/ rootstocks"},{"@type":"BreadcrumbList","@id":"https:\/\/www.correiobraziliense.com.br\/cbradar\/filme-classico-da-disney-vai-virar-filme-de-terror-veja-detalhes\/#breadcrumb","itemListElement":[{"@type":"ListItem","position":1,"name":"In\u00edcio","item":"https:\/\/www.correiobraziliense.com.br\/cbradar\/"},{"@type":"ListItem","position":2,"name":"Filme cl\u00e1ssico da Disney vai virar filme de terror, veja detalhes"}]},{"@type":"WebSite","@id":"https:\/\/www.correiobraziliense.com.br\/cbradar\/#website","url":"https:\/\/www.correiobraziliense.com.br\/cbradar\/","name":"Correio Braziliense - Radar","description":"Acompanhe as \u00faltimas not\u00edcias e fique bem informado sobre tudo o que acontece no Brasil e no mundo.","potentialAction":[{"@type":"SearchAction","target":{"@type":"EntryPoint","urlTemplate":"https:\/\/www.correiobraziliense.com.br\/cbradar\/?s={search_term_string}"},"query-input":{"@type":"PropertyValueSpecification","valueRequired":true,"valueName":"search_term_string"}}],"inLanguage":"pt-BR"},{"@type":"Person","@id":"https:\/\/www.correiobraziliense.com.br\/cbradar\/#\/schema\/person\/58422787644df994b53a19d3e56c1513","name":"Larissa Carvalho","image":{"@type":"ImageObject","inLanguage":"pt-BR","@id":"https:\/\/www.correiobraziliense.com.br\/cbradar\/#\/schema\/person\/image\/","url":"https:\/\/secure.gravatar.com\/avatar\/fe4f91a0de32b52a838d0d612abdc1aa?s=96&d=mm&r=g","contentUrl":"https:\/\/secure.gravatar.com\/avatar\/fe4f91a0de32b52a838d0d612abdc1aa?s=96&d=mm&r=g","caption":"Larissa Carvalho"},"url":"https:\/\/www.correiobraziliense.com.br\/cbradar\/author\/larissamyth\/"}]}},"_links":{"self":[{"href":"https:\/\/www.correiobraziliense.com.br\/cbradar\/wp-json\/wp\/v2\/posts\/24260","targetHints":{"allow":["GET"]}}],"collection":[{"href":"https:\/\/www.correiobraziliense.com.br\/cbradar\/wp-json\/wp\/v2\/posts"}],"about":[{"href":"https:\/\/www.correiobraziliense.com.br\/cbradar\/wp-json\/wp\/v2\/types\/post"}],"author":[{"embeddable":true,"href":"https:\/\/www.correiobraziliense.com.br\/cbradar\/wp-json\/wp\/v2\/users\/3"}],"replies":[{"embeddable":true,"href":"https:\/\/www.correiobraziliense.com.br\/cbradar\/wp-json\/wp\/v2\/comments?post=24260"}],"version-history":[{"count":1,"href":"https:\/\/www.correiobraziliense.com.br\/cbradar\/wp-json\/wp\/v2\/posts\/24260\/revisions"}],"predecessor-version":[{"id":24285,"href":"https:\/\/www.correiobraziliense.com.br\/cbradar\/wp-json\/wp\/v2\/posts\/24260\/revisions\/24285"}],"wp:featuredmedia":[{"embeddable":true,"href":"https:\/\/www.correiobraziliense.com.br\/cbradar\/wp-json\/wp\/v2\/media\/24281"}],"wp:attachment":[{"href":"https:\/\/www.correiobraziliense.com.br\/cbradar\/wp-json\/wp\/v2\/media?parent=24260"}],"wp:term":[{"taxonomy":"category","embeddable":true,"href":"https:\/\/www.correiobraziliense.com.br\/cbradar\/wp-json\/wp\/v2\/categories?post=24260"},{"taxonomy":"post_tag","embeddable":true,"href":"https:\/\/www.correiobraziliense.com.br\/cbradar\/wp-json\/wp\/v2\/post_tag?post=24260"}],"curies":[{"name":"wp","href":"https:\/\/api.w.org\/{rel}","templated":true}]}}