{"id":24284,"date":"2025-04-17T13:30:00","date_gmt":"2025-04-17T16:30:00","guid":{"rendered":"https:\/\/www.correiobraziliense.com.br\/cbradar\/?p=24284"},"modified":"2025-04-16T16:33:52","modified_gmt":"2025-04-16T19:33:52","slug":"guia-pratico-para-cultivar-morangos-na-varanda-e-ter-sempre-em-casa","status":"publish","type":"post","link":"https:\/\/www.correiobraziliense.com.br\/cbradar\/guia-pratico-para-cultivar-morangos-na-varanda-e-ter-sempre-em-casa\/","title":{"rendered":"Guia pr\u00e1tico para cultivar morangos na varanda e ter sempre em casa"},"content":{"rendered":"\n<p>Ter morangos frescos e saborosos colhidos diretamente da varanda \u00e9 uma ideia atraente para muitos. Al\u00e9m de embelezar o ambiente, esses frutos s\u00e3o conhecidos por seus benef\u00edcios \u00e0 sa\u00fade, contribuindo para a prote\u00e7\u00e3o contra diversas doen\u00e7as. Cultivar morangos em vasos pode transformar sua varanda, sacada ou at\u00e9 mesmo um espa\u00e7o perto da janela em um pequeno pomar produtivo.<\/p>\n\n\n\n<p>Os morangos s\u00e3o uma excelente escolha para quem deseja cultivar frutas em casa, mesmo sem a disponibilidade de sol pleno durante todo o dia. Eles se adaptam bem a vasos e n\u00e3o exigem condi\u00e7\u00f5es extremas de luz solar, tornando-se uma op\u00e7\u00e3o vi\u00e1vel para muitos ambientes urbanos.<\/p>\n\n\n\n<h2 class=\"wp-block-heading\"><strong>Vantagens do cultivo de morangos em Vasos<\/strong><\/h2>\n\n\n\n<p>Uma das principais vantagens do cultivo de morangos em vasos \u00e9 a sua adaptabilidade. Segundo especialistas, os morangos podem frutificar durante todo o ano, tornando-se uma frut\u00edfera generosa. Essa caracter\u00edstica \u00e9 especialmente \u00fatil para quem deseja ter frutas frescas sempre \u00e0 m\u00e3o.<\/p>\n\n\n\n<figure class=\"wp-block-image size-large\"><img decoding=\"async\" width=\"1024\" height=\"576\" src=\"https:\/\/www.correiobraziliense.com.br\/cbradar\/wp-content\/uploads\/2025\/04\/mor_1744812356450-1024x576.jpg\" alt=\"Guia Pr\u00e1tico para Cultivar Morangos na Varanda&quot;\" class=\"wp-image-24288\" srcset=\"https:\/\/www.correiobraziliense.com.br\/cbradar\/wp-content\/uploads\/2025\/04\/mor_1744812356450-1024x576.jpg 1024w, https:\/\/www.correiobraziliense.com.br\/cbradar\/wp-content\/uploads\/2025\/04\/mor_1744812356450-300x169.jpg 300w, https:\/\/www.correiobraziliense.com.br\/cbradar\/wp-content\/uploads\/2025\/04\/mor_1744812356450-768x432.jpg 768w, https:\/\/www.correiobraziliense.com.br\/cbradar\/wp-content\/uploads\/2025\/04\/mor_1744812356450-750x422.jpg 750w, https:\/\/www.correiobraziliense.com.br\/cbradar\/wp-content\/uploads\/2025\/04\/mor_1744812356450-1140x641.jpg 1140w, https:\/\/www.correiobraziliense.com.br\/cbradar\/wp-content\/uploads\/2025\/04\/mor_1744812356450.jpg 1280w\" sizes=\"(max-width: 1024px) 100vw, 1024px\" \/><figcaption class=\"wp-element-caption\">morangos.Cr\u00e9ditos: depositphotos.com \/ VadimVasenin<\/figcaption><\/figure>\n\n\n\n<p>Al\u00e9m disso, os morangos n\u00e3o necessitam de oito horas de sol di\u00e1rias, o que os torna ideais para espa\u00e7os que recebem luz solar limitada. Essa flexibilidade permite que mais pessoas possam desfrutar do cultivo de morangos em casa.<\/p>\n\n\n\n<h2 class=\"wp-block-heading\"><strong>Como plantar morangos em vasos?<\/strong><\/h2>\n\n\n\n<p>Para plantar morangos, \u00e9 recomendado o uso de vasos rasos, como os do tipo cuia. Se o vaso for bem furado, n\u00e3o \u00e9 necess\u00e1rio adicionar drenagem, como argila expandida. Utilize a terra que veio com a muda misturada com um substrato rico em nutrientes para garantir o crescimento saud\u00e1vel das plantas.<\/p>\n\n\n\n<p>Enriquecer o solo com uma colher de sopa de Bokashi ou esterco de gado curtido, al\u00e9m de cascas de ovo trituradas, pode ajudar a nutrir a planta e afastar pragas. \u00c9 importante n\u00e3o deixar o p\u00e9 de morango muito denso, dividindo a touceira original em mudas menores para melhorar a aera\u00e7\u00e3o e aumentar a produ\u00e7\u00e3o de frutos.<\/p>\n\n\n\n<h2 class=\"wp-block-heading\"><strong>Qual a quantidade adequada de sol para morangos?<\/strong><\/h2>\n\n\n\n<p>Embora os morangos sejam tolerantes, eles precisam de luz solar para frutificar. O ideal \u00e9 que recebam pelo menos duas horas de sol direto, preferencialmente no in\u00edcio da manh\u00e3 ou no final da tarde. Caso n\u00e3o haja sol direto, \u00e9 importante posicionar o vaso no local mais claro poss\u00edvel, pr\u00f3ximo a uma janela.<\/p>\n\n\n\n<p>Os morangos come\u00e7am a dar frutos cerca de 80 dias ap\u00f3s o plantio. A colheita geralmente ocorre de abril a outubro, mas em regi\u00f5es com clima mais fresco, pode se estender at\u00e9 dezembro.<\/p>\n\n\n\n<h2 class=\"wp-block-heading\"><strong>Cuidados adicionais para o cultivo de morangos<\/strong><\/h2>\n\n\n\n<p>Para evitar que os morangos apodre\u00e7am, \u00e9 essencial que eles n\u00e3o encostem na terra. Cobrir a superf\u00edcie do vaso com palha seca, grama cortada ou casca de arroz pode ajudar a proteger os frutos e refletir a luz do sol, afastando pragas indesejadas.<\/p>\n\n\n\n<p>Essas pr\u00e1ticas simples podem garantir que os morangos cres\u00e7am saud\u00e1veis e saborosos, proporcionando uma colheita abundante e de qualidade. Com os cuidados adequados, \u00e9 poss\u00edvel desfrutar de morangos frescos e nutritivos diretamente da sua varanda.<\/p>\n","protected":false},"excerpt":{"rendered":"<p>Descubra como cultivar morangos deliciosos na sua varanda ou espa\u00e7o pr\u00f3ximo \u00e0 janela. Adaptabilidade e dicas de plantio.<\/p>\n","protected":false},"author":3,"featured_media":24287,"comment_status":"open","ping_status":"open","sticky":false,"template":"","format":"standard","meta":{"_yoast_wpseo_focuskw":"morango em casa","_yoast_wpseo_title":"%%title%%","_yoast_wpseo_metadesc":"Descubra como cultivar morangos deliciosos na sua varanda ou espa\u00e7o pr\u00f3ximo \u00e0 janela. Adaptabilidade e dicas de plantio.","jnews-multi-image_gallery":[],"jnews_single_post":{"format":"standard"},"jnews_primary_category":[],"jnews_social_meta":[],"jnews_override_counter":[],"footnotes":""},"categories":[136],"post_tag":[137,592],"class_list":["post-24284","post","type-post","status-publish","format-standard","has-post-thumbnail","hentry","category-jardinagem","tag-como-plantar","tag-morango"],"yoast_head":"<!-- This site is optimized with the Yoast SEO plugin v24.6 - https:\/\/yoast.com\/wordpress\/plugins\/seo\/ -->\n<title>Guia pr\u00e1tico para cultivar morangos na varanda e ter sempre em casa<\/title>\n<meta name=\"description\" content=\"Descubra como cultivar morangos deliciosos na sua varanda ou espa\u00e7o pr\u00f3ximo \u00e0 janela. Adaptabilidade e dicas de plantio.\" \/>\n<meta name=\"robots\" content=\"index, follow, max-snippet:-1, max-image-preview:large, max-video-preview:-1\" \/>\n<link rel=\"canonical\" href=\"https:\/\/www.correiobraziliense.com.br\/cbradar\/guia-pratico-para-cultivar-morangos-na-varanda-e-ter-sempre-em-casa\/\" \/>\n<meta property=\"og:locale\" content=\"pt_BR\" \/>\n<meta property=\"og:type\" content=\"article\" \/>\n<meta property=\"og:title\" content=\"Guia pr\u00e1tico para cultivar morangos na varanda e ter sempre em casa\" \/>\n<meta property=\"og:description\" content=\"Descubra como cultivar morangos deliciosos na sua varanda ou espa\u00e7o pr\u00f3ximo \u00e0 janela. Adaptabilidade e dicas de plantio.\" \/>\n<meta property=\"og:url\" content=\"https:\/\/www.correiobraziliense.com.br\/cbradar\/guia-pratico-para-cultivar-morangos-na-varanda-e-ter-sempre-em-casa\/\" \/>\n<meta property=\"og:site_name\" content=\"Correio Braziliense - Radar\" \/>\n<meta property=\"article:published_time\" content=\"2025-04-17T16:30:00+00:00\" \/>\n<meta property=\"og:image\" content=\"https:\/\/www.correiobraziliense.com.br\/cbradar\/wp-content\/uploads\/2025\/04\/morangos_1744812203514.jpg\" \/>\n\t<meta property=\"og:image:width\" content=\"1280\" \/>\n\t<meta property=\"og:image:height\" content=\"720\" \/>\n\t<meta property=\"og:image:type\" content=\"image\/jpeg\" \/>\n<meta name=\"author\" content=\"Larissa Carvalho\" \/>\n<meta name=\"twitter:card\" content=\"summary_large_image\" \/>\n<meta name=\"twitter:label1\" content=\"Escrito por\" \/>\n\t<meta name=\"twitter:data1\" content=\"Larissa Carvalho\" \/>\n\t<meta name=\"twitter:label2\" content=\"Est. tempo de leitura\" \/>\n\t<meta name=\"twitter:data2\" content=\"4 minutos\" \/>\n<!-- \/ Yoast SEO plugin. -->","yoast_head_json":{"title":"Guia pr\u00e1tico para cultivar morangos na varanda e ter sempre em casa","description":"Descubra como cultivar morangos deliciosos na sua varanda ou espa\u00e7o pr\u00f3ximo \u00e0 janela. Adaptabilidade e dicas de plantio.","robots":{"index":"index","follow":"follow","max-snippet":"max-snippet:-1","max-image-preview":"max-image-preview:large","max-video-preview":"max-video-preview:-1"},"canonical":"https:\/\/www.correiobraziliense.com.br\/cbradar\/guia-pratico-para-cultivar-morangos-na-varanda-e-ter-sempre-em-casa\/","og_locale":"pt_BR","og_type":"article","og_title":"Guia pr\u00e1tico para cultivar morangos na varanda e ter sempre em casa","og_description":"Descubra como cultivar morangos deliciosos na sua varanda ou espa\u00e7o pr\u00f3ximo \u00e0 janela. Adaptabilidade e dicas de plantio.","og_url":"https:\/\/www.correiobraziliense.com.br\/cbradar\/guia-pratico-para-cultivar-morangos-na-varanda-e-ter-sempre-em-casa\/","og_site_name":"Correio Braziliense - Radar","article_published_time":"2025-04-17T16:30:00+00:00","og_image":[{"width":1280,"height":720,"url":"https:\/\/www.correiobraziliense.com.br\/cbradar\/wp-content\/uploads\/2025\/04\/morangos_1744812203514.jpg","type":"image\/jpeg"}],"author":"Larissa Carvalho","twitter_card":"summary_large_image","twitter_misc":{"Escrito por":"Larissa Carvalho","Est. tempo de leitura":"4 minutos"},"schema":{"@context":"https:\/\/schema.org","@graph":[{"@type":"WebPage","@id":"https:\/\/www.correiobraziliense.com.br\/cbradar\/guia-pratico-para-cultivar-morangos-na-varanda-e-ter-sempre-em-casa\/","url":"https:\/\/www.correiobraziliense.com.br\/cbradar\/guia-pratico-para-cultivar-morangos-na-varanda-e-ter-sempre-em-casa\/","name":"Guia pr\u00e1tico para cultivar morangos na varanda e ter sempre em casa","isPartOf":{"@id":"https:\/\/www.correiobraziliense.com.br\/cbradar\/#website"},"primaryImageOfPage":{"@id":"https:\/\/www.correiobraziliense.com.br\/cbradar\/guia-pratico-para-cultivar-morangos-na-varanda-e-ter-sempre-em-casa\/#primaryimage"},"image":{"@id":"https:\/\/www.correiobraziliense.com.br\/cbradar\/guia-pratico-para-cultivar-morangos-na-varanda-e-ter-sempre-em-casa\/#primaryimage"},"thumbnailUrl":"https:\/\/www.correiobraziliense.com.br\/cbradar\/wp-content\/uploads\/2025\/04\/morangos_1744812203514.jpg","datePublished":"2025-04-17T16:30:00+00:00","author":{"@id":"https:\/\/www.correiobraziliense.com.br\/cbradar\/#\/schema\/person\/58422787644df994b53a19d3e56c1513"},"description":"Descubra como cultivar morangos deliciosos na sua varanda ou espa\u00e7o pr\u00f3ximo \u00e0 janela. Adaptabilidade e dicas de plantio.","breadcrumb":{"@id":"https:\/\/www.correiobraziliense.com.br\/cbradar\/guia-pratico-para-cultivar-morangos-na-varanda-e-ter-sempre-em-casa\/#breadcrumb"},"inLanguage":"pt-BR","potentialAction":[{"@type":"ReadAction","target":["https:\/\/www.correiobraziliense.com.br\/cbradar\/guia-pratico-para-cultivar-morangos-na-varanda-e-ter-sempre-em-casa\/"]}]},{"@type":"ImageObject","inLanguage":"pt-BR","@id":"https:\/\/www.correiobraziliense.com.br\/cbradar\/guia-pratico-para-cultivar-morangos-na-varanda-e-ter-sempre-em-casa\/#primaryimage","url":"https:\/\/www.correiobraziliense.com.br\/cbradar\/wp-content\/uploads\/2025\/04\/morangos_1744812203514.jpg","contentUrl":"https:\/\/www.correiobraziliense.com.br\/cbradar\/wp-content\/uploads\/2025\/04\/morangos_1744812203514.jpg","width":1280,"height":720,"caption":"morangos.Cr\u00e9ditos: depositphotos.com \/ FamVeldman"},{"@type":"BreadcrumbList","@id":"https:\/\/www.correiobraziliense.com.br\/cbradar\/guia-pratico-para-cultivar-morangos-na-varanda-e-ter-sempre-em-casa\/#breadcrumb","itemListElement":[{"@type":"ListItem","position":1,"name":"In\u00edcio","item":"https:\/\/www.correiobraziliense.com.br\/cbradar\/"},{"@type":"ListItem","position":2,"name":"Guia pr\u00e1tico para cultivar morangos na varanda e ter sempre em casa"}]},{"@type":"WebSite","@id":"https:\/\/www.correiobraziliense.com.br\/cbradar\/#website","url":"https:\/\/www.correiobraziliense.com.br\/cbradar\/","name":"Correio Braziliense - Radar","description":"Acompanhe as \u00faltimas not\u00edcias e fique bem informado sobre tudo o que acontece no Brasil e no mundo.","potentialAction":[{"@type":"SearchAction","target":{"@type":"EntryPoint","urlTemplate":"https:\/\/www.correiobraziliense.com.br\/cbradar\/?s={search_term_string}"},"query-input":{"@type":"PropertyValueSpecification","valueRequired":true,"valueName":"search_term_string"}}],"inLanguage":"pt-BR"},{"@type":"Person","@id":"https:\/\/www.correiobraziliense.com.br\/cbradar\/#\/schema\/person\/58422787644df994b53a19d3e56c1513","name":"Larissa Carvalho","image":{"@type":"ImageObject","inLanguage":"pt-BR","@id":"https:\/\/www.correiobraziliense.com.br\/cbradar\/#\/schema\/person\/image\/","url":"https:\/\/secure.gravatar.com\/avatar\/fe4f91a0de32b52a838d0d612abdc1aa?s=96&d=mm&r=g","contentUrl":"https:\/\/secure.gravatar.com\/avatar\/fe4f91a0de32b52a838d0d612abdc1aa?s=96&d=mm&r=g","caption":"Larissa Carvalho"},"url":"https:\/\/www.correiobraziliense.com.br\/cbradar\/author\/larissamyth\/"}]}},"_links":{"self":[{"href":"https:\/\/www.correiobraziliense.com.br\/cbradar\/wp-json\/wp\/v2\/posts\/24284","targetHints":{"allow":["GET"]}}],"collection":[{"href":"https:\/\/www.correiobraziliense.com.br\/cbradar\/wp-json\/wp\/v2\/posts"}],"about":[{"href":"https:\/\/www.correiobraziliense.com.br\/cbradar\/wp-json\/wp\/v2\/types\/post"}],"author":[{"embeddable":true,"href":"https:\/\/www.correiobraziliense.com.br\/cbradar\/wp-json\/wp\/v2\/users\/3"}],"replies":[{"embeddable":true,"href":"https:\/\/www.correiobraziliense.com.br\/cbradar\/wp-json\/wp\/v2\/comments?post=24284"}],"version-history":[{"count":2,"href":"https:\/\/www.correiobraziliense.com.br\/cbradar\/wp-json\/wp\/v2\/posts\/24284\/revisions"}],"predecessor-version":[{"id":24404,"href":"https:\/\/www.correiobraziliense.com.br\/cbradar\/wp-json\/wp\/v2\/posts\/24284\/revisions\/24404"}],"wp:featuredmedia":[{"embeddable":true,"href":"https:\/\/www.correiobraziliense.com.br\/cbradar\/wp-json\/wp\/v2\/media\/24287"}],"wp:attachment":[{"href":"https:\/\/www.correiobraziliense.com.br\/cbradar\/wp-json\/wp\/v2\/media?parent=24284"}],"wp:term":[{"taxonomy":"category","embeddable":true,"href":"https:\/\/www.correiobraziliense.com.br\/cbradar\/wp-json\/wp\/v2\/categories?post=24284"},{"taxonomy":"post_tag","embeddable":true,"href":"https:\/\/www.correiobraziliense.com.br\/cbradar\/wp-json\/wp\/v2\/post_tag?post=24284"}],"curies":[{"name":"wp","href":"https:\/\/api.w.org\/{rel}","templated":true}]}}