{"id":24292,"date":"2025-04-17T20:30:00","date_gmt":"2025-04-17T23:30:00","guid":{"rendered":"https:\/\/www.correiobraziliense.com.br\/cbradar\/?p=24292"},"modified":"2025-04-16T15:48:40","modified_gmt":"2025-04-16T18:48:40","slug":"guia-pratico-para-comecar-sua-horta-em-casa-saiba-como-fazer","status":"publish","type":"post","link":"https:\/\/www.correiobraziliense.com.br\/cbradar\/guia-pratico-para-comecar-sua-horta-em-casa-saiba-como-fazer\/","title":{"rendered":"Guia pr\u00e1tico para come\u00e7ar sua horta em casa, saiba como fazer"},"content":{"rendered":"\n<p>Iniciar uma horta em casa pode parecer um desafio, mas com algumas orienta\u00e7\u00f5es b\u00e1sicas, \u00e9 poss\u00edvel cultivar plantas saud\u00e1veis mesmo em espa\u00e7os reduzidos. A escolha dos vasos, a ilumina\u00e7\u00e3o adequada e a ventila\u00e7\u00e3o s\u00e3o aspectos fundamentais para o sucesso do cultivo. Al\u00e9m disso, entender a diferen\u00e7a entre plantar mudas e sementes pode facilitar o processo para iniciantes.<\/p>\n\n\n\n<p>Para aqueles que disp\u00f5em de pouco espa\u00e7o, uma jardineira de 30 cm de comprimento pode ser suficiente para cultivar at\u00e9 duas esp\u00e9cies. \u00c9 importante garantir que a horta receba pelo menos quatro horas de luz solar direta diariamente. Caso isso n\u00e3o seja poss\u00edvel, os microverdes podem ser uma alternativa vi\u00e1vel, pois exigem menos luz para se desenvolverem.<\/p>\n\n\n\n<h2 class=\"wp-block-heading\"><strong>Qual \u00e9 a melhor forma de iniciar: mudas ou sementes?<\/strong><\/h2>\n\n\n\n<p>Optar por mudas pode ser uma escolha mais pr\u00e1tica para iniciantes, j\u00e1 que elas j\u00e1 v\u00eam com ra\u00edzes desenvolvidas, eliminando a fase inicial de germina\u00e7\u00e3o. No entanto, para aqueles que desejam acompanhar o crescimento desde o in\u00edcio, plantar sementes pode ser uma experi\u00eancia enriquecedora. \u00c9 essencial seguir as instru\u00e7\u00f5es de plantio fornecidas nos pacotes de sementes para garantir uma boa taxa de germina\u00e7\u00e3o.<\/p>\n\n\n\n<figure class=\"wp-block-image size-large\"><img decoding=\"async\" width=\"1024\" height=\"576\" src=\"https:\/\/www.correiobraziliense.com.br\/cbradar\/wp-content\/uploads\/2025\/04\/cropped_view_of_mature_woman_with_gardening_gloves_holding_fresh_zucchini_in_hands_near_planting_bed-1024x576.jpg\" alt=\"Guia Pr\u00e1tico para Come\u00e7ar Sua Horta em Casa\" class=\"wp-image-24296\" srcset=\"https:\/\/www.correiobraziliense.com.br\/cbradar\/wp-content\/uploads\/2025\/04\/cropped_view_of_mature_woman_with_gardening_gloves_holding_fresh_zucchini_in_hands_near_planting_bed-1024x576.jpg 1024w, https:\/\/www.correiobraziliense.com.br\/cbradar\/wp-content\/uploads\/2025\/04\/cropped_view_of_mature_woman_with_gardening_gloves_holding_fresh_zucchini_in_hands_near_planting_bed-300x169.jpg 300w, https:\/\/www.correiobraziliense.com.br\/cbradar\/wp-content\/uploads\/2025\/04\/cropped_view_of_mature_woman_with_gardening_gloves_holding_fresh_zucchini_in_hands_near_planting_bed-768x432.jpg 768w, https:\/\/www.correiobraziliense.com.br\/cbradar\/wp-content\/uploads\/2025\/04\/cropped_view_of_mature_woman_with_gardening_gloves_holding_fresh_zucchini_in_hands_near_planting_bed-750x422.jpg 750w, https:\/\/www.correiobraziliense.com.br\/cbradar\/wp-content\/uploads\/2025\/04\/cropped_view_of_mature_woman_with_gardening_gloves_holding_fresh_zucchini_in_hands_near_planting_bed-1140x641.jpg 1140w, https:\/\/www.correiobraziliense.com.br\/cbradar\/wp-content\/uploads\/2025\/04\/cropped_view_of_mature_woman_with_gardening_gloves_holding_fresh_zucchini_in_hands_near_planting_bed.jpg 1280w\" sizes=\"(max-width: 1024px) 100vw, 1024px\" \/><figcaption class=\"wp-element-caption\">horta em casa.Cr\u00e9ditos: depositphotos.com \/ IgorVetushko<\/figcaption><\/figure>\n\n\n\n<p>Outra op\u00e7\u00e3o \u00e9 o uso de prop\u00e1gulos, que s\u00e3o partes da planta, como galhos, que podem ser replantados. Nesse caso, \u00e9 importante escolher um caule saud\u00e1vel e com poucas folhas, mantendo-o na sombra at\u00e9 que as ra\u00edzes comecem a brotar.<\/p>\n\n\n\n<h2 class=\"wp-block-heading\"><strong>Como cuidar da horta: \u00e1gua e nutrientes<\/strong><\/h2>\n\n\n\n<p>Al\u00e9m de luz solar, as plantas precisam de \u00e1gua e nutrientes para crescerem saud\u00e1veis. A quantidade de \u00e1gua varia conforme a esp\u00e9cie e o est\u00e1gio de desenvolvimento da planta. \u00c9 importante observar as necessidades espec\u00edficas de cada tipo de cultivo para ajustar a rega adequadamente.<\/p>\n\n\n\n<p>Os adubos s\u00e3o fundamentais para fornecer os nutrientes necess\u00e1rios. Cultivos de ciclo curto, como a alface, geralmente requerem aduba\u00e7\u00e3o apenas no plantio. J\u00e1 plantas de ciclo mais longo podem precisar de aduba\u00e7\u00e3o adicional ap\u00f3s 45 dias. O uso de composteiras dom\u00e9sticas \u00e9 uma maneira sustent\u00e1vel de produzir adubo em casa, mas \u00e9 importante evitar alimentos gordurosos, que podem atrair pragas.<\/p>\n\n\n\n<h2 class=\"wp-block-heading\"><strong>Como proteger a horta de animais de estima\u00e7\u00e3o?<\/strong><\/h2>\n\n\n\n<p>Para quem tem animais de estima\u00e7\u00e3o, \u00e9 poss\u00edvel manter uma horta saud\u00e1vel com alguns cuidados. Criar uma horta espec\u00edfica para o pet pode ser uma solu\u00e7\u00e3o, oferecendo plantas seguras e atraentes para eles. Al\u00e9m disso, manter a horta fora do alcance dos animais, utilizando grades ou barreiras, pode ajudar a proteger as plantas.<\/p>\n\n\n\n<p>\u00c9 importante evitar que os animais fa\u00e7am suas necessidades nas plantas, pois a urina pode conter nitrog\u00eanio em excesso, prejudicando o cultivo. Cobrir a terra com cascas de \u00e1rvore seca pode ser uma estrat\u00e9gia eficaz para impedir que os pets cavem na horta.<\/p>\n\n\n\n<h2 class=\"wp-block-heading\"><strong>Dicas para manter a horta saud\u00e1vel<\/strong><\/h2>\n\n\n\n<ul class=\"wp-block-list\">\n<li>Escolha vasos com boa drenagem para evitar o ac\u00famulo de \u00e1gua.<\/li>\n\n\n\n<li>Adapte a rega e a aduba\u00e7\u00e3o conforme o tipo de planta e a esta\u00e7\u00e3o do ano.<\/li>\n\n\n\n<li>Monitore regularmente a presen\u00e7a de pragas e doen\u00e7as.<\/li>\n\n\n\n<li>Certifique-se de que as plantas recebam luz solar suficiente.<\/li>\n\n\n\n<li>Use ferramentas adequadas para o manejo das plantas.<\/li>\n\n\n\n<li>Considere a rota\u00e7\u00e3o de culturas para manter o solo saud\u00e1vel.<\/li>\n<\/ul>\n\n\n\n<p>Com essas orienta\u00e7\u00f5es, qualquer pessoa pode come\u00e7ar a cultivar uma horta em casa, aproveitando os benef\u00edcios de ter plantas frescas e saud\u00e1veis ao alcance das m\u00e3os.<\/p>\n","protected":false},"excerpt":{"rendered":"<p>Dicas essenciais para iniciar uma horta em casa com sucesso, incluindo escolha de vasos, ilumina\u00e7\u00e3o, cuidados com \u00e1gua e nutrientes.<\/p>\n","protected":false},"author":3,"featured_media":24295,"comment_status":"open","ping_status":"open","sticky":false,"template":"","format":"standard","meta":{"_yoast_wpseo_focuskw":"Horta em Casa","_yoast_wpseo_title":"%%title%%","_yoast_wpseo_metadesc":"Dicas essenciais para iniciar uma horta em casa com sucesso, incluindo escolha de vasos, ilumina\u00e7\u00e3o, cuidados com \u00e1gua e nutrientes.","jnews-multi-image_gallery":[],"jnews_single_post":{"format":"standard"},"jnews_primary_category":[],"jnews_social_meta":[],"jnews_override_counter":[],"footnotes":""},"categories":[136],"tags":[137,943],"class_list":["post-24292","post","type-post","status-publish","format-standard","has-post-thumbnail","hentry","category-jardinagem","tag-como-plantar","tag-horta"],"yoast_head":"<!-- This site is optimized with the Yoast SEO plugin v24.6 - https:\/\/yoast.com\/wordpress\/plugins\/seo\/ -->\n<title>Guia pr\u00e1tico para come\u00e7ar sua horta em casa, saiba como fazer<\/title>\n<meta name=\"description\" content=\"Dicas essenciais para iniciar uma horta em casa com sucesso, incluindo escolha de vasos, ilumina\u00e7\u00e3o, cuidados com \u00e1gua e nutrientes.\" \/>\n<meta name=\"robots\" content=\"index, follow, max-snippet:-1, max-image-preview:large, max-video-preview:-1\" \/>\n<link rel=\"canonical\" href=\"https:\/\/www.correiobraziliense.com.br\/cbradar\/guia-pratico-para-comecar-sua-horta-em-casa-saiba-como-fazer\/\" \/>\n<meta property=\"og:locale\" content=\"pt_BR\" \/>\n<meta property=\"og:type\" content=\"article\" \/>\n<meta property=\"og:title\" content=\"Guia pr\u00e1tico para come\u00e7ar sua horta em casa, saiba como fazer\" \/>\n<meta property=\"og:description\" content=\"Dicas essenciais para iniciar uma horta em casa com sucesso, incluindo escolha de vasos, ilumina\u00e7\u00e3o, cuidados com \u00e1gua e nutrientes.\" \/>\n<meta property=\"og:url\" content=\"https:\/\/www.correiobraziliense.com.br\/cbradar\/guia-pratico-para-comecar-sua-horta-em-casa-saiba-como-fazer\/\" \/>\n<meta property=\"og:site_name\" content=\"Correio Braziliense - Radar\" \/>\n<meta property=\"article:published_time\" content=\"2025-04-17T23:30:00+00:00\" \/>\n<meta property=\"og:image\" content=\"https:\/\/www.correiobraziliense.com.br\/cbradar\/wp-content\/uploads\/2025\/04\/Horta-em-Casa_1744812869528.jpg\" \/>\n\t<meta property=\"og:image:width\" content=\"1280\" \/>\n\t<meta property=\"og:image:height\" content=\"720\" \/>\n\t<meta property=\"og:image:type\" content=\"image\/jpeg\" \/>\n<meta name=\"author\" content=\"Larissa Carvalho\" \/>\n<meta name=\"twitter:card\" content=\"summary_large_image\" \/>\n<meta name=\"twitter:label1\" content=\"Escrito por\" \/>\n\t<meta name=\"twitter:data1\" content=\"Larissa Carvalho\" \/>\n\t<meta name=\"twitter:label2\" content=\"Est. tempo de leitura\" \/>\n\t<meta name=\"twitter:data2\" content=\"4 minutos\" \/>\n<!-- \/ Yoast SEO plugin. -->","yoast_head_json":{"title":"Guia pr\u00e1tico para come\u00e7ar sua horta em casa, saiba como fazer","description":"Dicas essenciais para iniciar uma horta em casa com sucesso, incluindo escolha de vasos, ilumina\u00e7\u00e3o, cuidados com \u00e1gua e nutrientes.","robots":{"index":"index","follow":"follow","max-snippet":"max-snippet:-1","max-image-preview":"max-image-preview:large","max-video-preview":"max-video-preview:-1"},"canonical":"https:\/\/www.correiobraziliense.com.br\/cbradar\/guia-pratico-para-comecar-sua-horta-em-casa-saiba-como-fazer\/","og_locale":"pt_BR","og_type":"article","og_title":"Guia pr\u00e1tico para come\u00e7ar sua horta em casa, saiba como fazer","og_description":"Dicas essenciais para iniciar uma horta em casa com sucesso, incluindo escolha de vasos, ilumina\u00e7\u00e3o, cuidados com \u00e1gua e nutrientes.","og_url":"https:\/\/www.correiobraziliense.com.br\/cbradar\/guia-pratico-para-comecar-sua-horta-em-casa-saiba-como-fazer\/","og_site_name":"Correio Braziliense - Radar","article_published_time":"2025-04-17T23:30:00+00:00","og_image":[{"width":1280,"height":720,"url":"https:\/\/www.correiobraziliense.com.br\/cbradar\/wp-content\/uploads\/2025\/04\/Horta-em-Casa_1744812869528.jpg","type":"image\/jpeg"}],"author":"Larissa Carvalho","twitter_card":"summary_large_image","twitter_misc":{"Escrito por":"Larissa Carvalho","Est. tempo de leitura":"4 minutos"},"schema":{"@context":"https:\/\/schema.org","@graph":[{"@type":"WebPage","@id":"https:\/\/www.correiobraziliense.com.br\/cbradar\/guia-pratico-para-comecar-sua-horta-em-casa-saiba-como-fazer\/","url":"https:\/\/www.correiobraziliense.com.br\/cbradar\/guia-pratico-para-comecar-sua-horta-em-casa-saiba-como-fazer\/","name":"Guia pr\u00e1tico para come\u00e7ar sua horta em casa, saiba como fazer","isPartOf":{"@id":"https:\/\/www.correiobraziliense.com.br\/cbradar\/#website"},"primaryImageOfPage":{"@id":"https:\/\/www.correiobraziliense.com.br\/cbradar\/guia-pratico-para-comecar-sua-horta-em-casa-saiba-como-fazer\/#primaryimage"},"image":{"@id":"https:\/\/www.correiobraziliense.com.br\/cbradar\/guia-pratico-para-comecar-sua-horta-em-casa-saiba-como-fazer\/#primaryimage"},"thumbnailUrl":"https:\/\/www.correiobraziliense.com.br\/cbradar\/wp-content\/uploads\/2025\/04\/Horta-em-Casa_1744812869528.jpg","datePublished":"2025-04-17T23:30:00+00:00","author":{"@id":"https:\/\/www.correiobraziliense.com.br\/cbradar\/#\/schema\/person\/58422787644df994b53a19d3e56c1513"},"description":"Dicas essenciais para iniciar uma horta em casa com sucesso, incluindo escolha de vasos, ilumina\u00e7\u00e3o, cuidados com \u00e1gua e nutrientes.","breadcrumb":{"@id":"https:\/\/www.correiobraziliense.com.br\/cbradar\/guia-pratico-para-comecar-sua-horta-em-casa-saiba-como-fazer\/#breadcrumb"},"inLanguage":"pt-BR","potentialAction":[{"@type":"ReadAction","target":["https:\/\/www.correiobraziliense.com.br\/cbradar\/guia-pratico-para-comecar-sua-horta-em-casa-saiba-como-fazer\/"]}]},{"@type":"ImageObject","inLanguage":"pt-BR","@id":"https:\/\/www.correiobraziliense.com.br\/cbradar\/guia-pratico-para-comecar-sua-horta-em-casa-saiba-como-fazer\/#primaryimage","url":"https:\/\/www.correiobraziliense.com.br\/cbradar\/wp-content\/uploads\/2025\/04\/Horta-em-Casa_1744812869528.jpg","contentUrl":"https:\/\/www.correiobraziliense.com.br\/cbradar\/wp-content\/uploads\/2025\/04\/Horta-em-Casa_1744812869528.jpg","width":1280,"height":720,"caption":"Horta em Casa.Cr\u00e9ditos: depositphotos.com \/ IgorVetushko"},{"@type":"BreadcrumbList","@id":"https:\/\/www.correiobraziliense.com.br\/cbradar\/guia-pratico-para-comecar-sua-horta-em-casa-saiba-como-fazer\/#breadcrumb","itemListElement":[{"@type":"ListItem","position":1,"name":"In\u00edcio","item":"https:\/\/www.correiobraziliense.com.br\/cbradar\/"},{"@type":"ListItem","position":2,"name":"Guia pr\u00e1tico para come\u00e7ar sua horta em casa, saiba como fazer"}]},{"@type":"WebSite","@id":"https:\/\/www.correiobraziliense.com.br\/cbradar\/#website","url":"https:\/\/www.correiobraziliense.com.br\/cbradar\/","name":"Correio Braziliense - Radar","description":"Acompanhe as \u00faltimas not\u00edcias e fique bem informado sobre tudo o que acontece no Brasil e no mundo.","potentialAction":[{"@type":"SearchAction","target":{"@type":"EntryPoint","urlTemplate":"https:\/\/www.correiobraziliense.com.br\/cbradar\/?s={search_term_string}"},"query-input":{"@type":"PropertyValueSpecification","valueRequired":true,"valueName":"search_term_string"}}],"inLanguage":"pt-BR"},{"@type":"Person","@id":"https:\/\/www.correiobraziliense.com.br\/cbradar\/#\/schema\/person\/58422787644df994b53a19d3e56c1513","name":"Larissa Carvalho","image":{"@type":"ImageObject","inLanguage":"pt-BR","@id":"https:\/\/www.correiobraziliense.com.br\/cbradar\/#\/schema\/person\/image\/","url":"https:\/\/secure.gravatar.com\/avatar\/fe4f91a0de32b52a838d0d612abdc1aa?s=96&d=mm&r=g","contentUrl":"https:\/\/secure.gravatar.com\/avatar\/fe4f91a0de32b52a838d0d612abdc1aa?s=96&d=mm&r=g","caption":"Larissa Carvalho"},"url":"https:\/\/www.correiobraziliense.com.br\/cbradar\/author\/larissamyth\/"}]}},"_links":{"self":[{"href":"https:\/\/www.correiobraziliense.com.br\/cbradar\/wp-json\/wp\/v2\/posts\/24292","targetHints":{"allow":["GET"]}}],"collection":[{"href":"https:\/\/www.correiobraziliense.com.br\/cbradar\/wp-json\/wp\/v2\/posts"}],"about":[{"href":"https:\/\/www.correiobraziliense.com.br\/cbradar\/wp-json\/wp\/v2\/types\/post"}],"author":[{"embeddable":true,"href":"https:\/\/www.correiobraziliense.com.br\/cbradar\/wp-json\/wp\/v2\/users\/3"}],"replies":[{"embeddable":true,"href":"https:\/\/www.correiobraziliense.com.br\/cbradar\/wp-json\/wp\/v2\/comments?post=24292"}],"version-history":[{"count":2,"href":"https:\/\/www.correiobraziliense.com.br\/cbradar\/wp-json\/wp\/v2\/posts\/24292\/revisions"}],"predecessor-version":[{"id":24405,"href":"https:\/\/www.correiobraziliense.com.br\/cbradar\/wp-json\/wp\/v2\/posts\/24292\/revisions\/24405"}],"wp:featuredmedia":[{"embeddable":true,"href":"https:\/\/www.correiobraziliense.com.br\/cbradar\/wp-json\/wp\/v2\/media\/24295"}],"wp:attachment":[{"href":"https:\/\/www.correiobraziliense.com.br\/cbradar\/wp-json\/wp\/v2\/media?parent=24292"}],"wp:term":[{"taxonomy":"category","embeddable":true,"href":"https:\/\/www.correiobraziliense.com.br\/cbradar\/wp-json\/wp\/v2\/categories?post=24292"},{"taxonomy":"post_tag","embeddable":true,"href":"https:\/\/www.correiobraziliense.com.br\/cbradar\/wp-json\/wp\/v2\/tags?post=24292"}],"curies":[{"name":"wp","href":"https:\/\/api.w.org\/{rel}","templated":true}]}}