{"id":24361,"date":"2025-04-17T07:10:00","date_gmt":"2025-04-17T10:10:00","guid":{"rendered":"https:\/\/www.correiobraziliense.com.br\/cbradar\/?p=24361"},"modified":"2025-04-16T15:10:01","modified_gmt":"2025-04-16T18:10:01","slug":"aprenda-a-cultivar-cebola-em-casa-e-economize-na-cozinha","status":"publish","type":"post","link":"https:\/\/www.correiobraziliense.com.br\/cbradar\/aprenda-a-cultivar-cebola-em-casa-e-economize-na-cozinha\/","title":{"rendered":"Aprenda a cultivar cebola em casa e economize na cozinha"},"content":{"rendered":"\n<p>A <strong>cebola<\/strong> \u00e9 uma das hortali\u00e7as mais utilizadas na culin\u00e1ria <strong>brasileira<\/strong>. Vers\u00e1til, saborosa e nutritiva, ela pode ser <a href=\"https:\/\/www.correiobraziliense.com.br\/cbradar\/7-tipos-de-brotos-comestiveis-que-voce-pode-plantar-agora\/\" target=\"_blank\" rel=\"noreferrer noopener\">cultivada<\/a> facilmente em hortas dom\u00e9sticas, canteiros e at\u00e9 em vasos. Al\u00e9m de garantir economia na cozinha, plantar cebola \u00e9 uma excelente forma de ter um alimento livre de agrot\u00f3xicos \u00e0 disposi\u00e7\u00e3o. A seguir, veja o passo a passo para cultivar cebolas com sucesso em casa.<\/p>\n\n\n\n<h2 class=\"wp-block-heading\">Como escolher a variedade ideal para plantio?<\/h2>\n\n\n\n<p>Existem v\u00e1rias variedades de cebola, e a escolha ideal depende do clima da sua regi\u00e3o. As mais conhecidas s\u00e3o:<\/p>\n\n\n\n<ul class=\"wp-block-list\">\n<li><strong>Cebola amarela<\/strong>: mais comum e com sabor intenso, ideal para a maioria dos pratos.<\/li>\n\n\n\n<li><strong>Cebola roxa<\/strong>: mais adocicada, \u00f3tima para saladas.<\/li>\n\n\n\n<li><strong>Cebola branca<\/strong>: mais suave e de textura macia.<\/li>\n\n\n\n<li><strong>Cebola de bulbo ou de rama<\/strong>: algumas variedades s\u00e3o melhores para colher o bulbo, outras para usar o caule e folhas (cebolinha).<\/li>\n<\/ul>\n\n\n\n<p>Escolha sementes ou mudas certificadas e adequadas para a sua regi\u00e3o, levando em considera\u00e7\u00e3o o <strong>fotoper\u00edodo<\/strong> (quantidade de luz di\u00e1ria), pois ele influencia diretamente no crescimento dos bulbos.<\/p>\n\n\n\n<h2 class=\"wp-block-heading\">Qual o solo para plantar?<\/h2>\n\n\n\n<p>A cebola prefere solos <strong>soltos, bem drenados<\/strong>, <strong>ricos em mat\u00e9ria org\u00e2nica<\/strong> e com boa <strong>aera\u00e7\u00e3o<\/strong>. O pH ideal varia entre <strong>5,5 e 6,5<\/strong>. \u00c9 fundamental fazer uma boa prepara\u00e7\u00e3o do solo:<\/p>\n\n\n\n<ul class=\"wp-block-list\">\n<li>Revolver a terra e retirar pedras e torr\u00f5es.<\/li>\n\n\n\n<li>Misturar <strong>composto org\u00e2nico<\/strong> ou <strong>esterco curtido<\/strong>.<\/li>\n\n\n\n<li>Evitar solos argilosos e compactados, pois dificultam o crescimento do bulbo.<\/li>\n<\/ul>\n\n\n\n<h2 class=\"wp-block-heading\">Qual o clima e ilumina\u00e7\u00e3o para o cultivo?<\/h2>\n\n\n\n<p>A cebola se desenvolve melhor em <strong>climas amenos a quentes<\/strong>, com temperaturas entre <strong>13\u00b0C e 25\u00b0C<\/strong>. Ela precisa de <strong>bastante luminosidade direta<\/strong>, pelo menos 6 horas de sol por dia. O excesso de chuvas e umidade pode prejudicar o desenvolvimento do bulbo e facilitar o surgimento de doen\u00e7as f\u00fangicas.<\/p>\n\n\n\n<h2 class=\"wp-block-heading\">Como fazer o plantio correto?<\/h2>\n\n\n\n<p>Existem duas formas principais de plantar cebola:<\/p>\n\n\n\n<ul class=\"wp-block-list\">\n<li><strong>Por sementes<\/strong>: semeie em sementeiras ou bandejas e transplante para o canteiro quando as mudas tiverem cerca de 15 cm de altura.<\/li>\n\n\n\n<li><strong>Por bulbinhos (mini cebolas)<\/strong>: m\u00e9todo pr\u00e1tico e r\u00e1pido, ideal para iniciantes.<\/li>\n<\/ul>\n\n\n\n<p><strong>Espa\u00e7amento ideal<\/strong>:<\/p>\n\n\n\n<ul class=\"wp-block-list\">\n<li>Entre plantas: 10 a 15 cm.<\/li>\n\n\n\n<li>Entre linhas: 25 a 30 cm.<\/li>\n<\/ul>\n\n\n\n<p>Plante os bulbos com a parte pontuda voltada para cima e com cerca de 1 a 2 cm de profundidade. Mantenha o solo sempre levemente \u00famido nos primeiros dias.<\/p>\n\n\n<div class=\"wp-block-image\">\n<figure class=\"aligncenter size-large\"><img decoding=\"async\" width=\"1024\" height=\"576\" src=\"https:\/\/www.correiobraziliense.com.br\/cbradar\/wp-content\/uploads\/2025\/04\/cebola_1744826846722-1024x576.jpg\" alt=\"\" class=\"wp-image-24419\" srcset=\"https:\/\/www.correiobraziliense.com.br\/cbradar\/wp-content\/uploads\/2025\/04\/cebola_1744826846722-1024x576.jpg 1024w, https:\/\/www.correiobraziliense.com.br\/cbradar\/wp-content\/uploads\/2025\/04\/cebola_1744826846722-300x169.jpg 300w, https:\/\/www.correiobraziliense.com.br\/cbradar\/wp-content\/uploads\/2025\/04\/cebola_1744826846722-768x432.jpg 768w, https:\/\/www.correiobraziliense.com.br\/cbradar\/wp-content\/uploads\/2025\/04\/cebola_1744826846722-750x422.jpg 750w, https:\/\/www.correiobraziliense.com.br\/cbradar\/wp-content\/uploads\/2025\/04\/cebola_1744826846722-1140x641.jpg 1140w, https:\/\/www.correiobraziliense.com.br\/cbradar\/wp-content\/uploads\/2025\/04\/cebola_1744826846722.jpg 1280w\" sizes=\"(max-width: 1024px) 100vw, 1024px\" \/><figcaption class=\"wp-element-caption\">Cebola &#8211; Cr\u00e9ditos: depositphotos.com \/ minadezhda<\/figcaption><\/figure><\/div>\n\n\n<h2 class=\"wp-block-heading\">Quais os cuidados ap\u00f3s o plantio?<\/h2>\n\n\n\n<p>Alguns cuidados garantem um bom desenvolvimento da planta:<\/p>\n\n\n\n<ul class=\"wp-block-list\">\n<li><strong>Irriga\u00e7\u00e3o<\/strong>: manter o solo \u00famido, mas nunca encharcado. Reduzir a irriga\u00e7\u00e3o quando os bulbos come\u00e7arem a amadurecer.<\/li>\n\n\n\n<li><strong>Capina<\/strong>: retire ervas daninhas que competem por nutrientes.<\/li>\n\n\n\n<li><strong>Aduba\u00e7\u00e3o complementar<\/strong>: ap\u00f3s 30 dias, aplique fertilizantes ricos em f\u00f3sforo e pot\u00e1ssio para fortalecer os bulbos.<\/li>\n\n\n\n<li><strong>Cobertura morta<\/strong>: usar palha ou folhas secas ajuda a manter a umidade e a evitar o crescimento de ervas daninhas.<\/li>\n<\/ul>\n\n\n\n<h2 class=\"wp-block-heading\">Quando e como colher?<\/h2>\n\n\n\n<p>A colheita da cebola ocorre, em m\u00e9dia, <strong>de 90 a 150 dias ap\u00f3s o plantio<\/strong>, dependendo da variedade e do m\u00e9todo utilizado. Sinais de que est\u00e1 pronta para a colheita:<\/p>\n\n\n\n<ul class=\"wp-block-list\">\n<li>As folhas come\u00e7am a <strong>amarelar e tombar<\/strong>.<\/li>\n\n\n\n<li>A casca externa est\u00e1 seca e firme.<\/li>\n<\/ul>\n\n\n\n<p>Ap\u00f3s colher, deixe as cebolas secarem ao sol por alguns dias antes de armazenar, para aumentar sua durabilidade.<\/p>\n\n\n\n<h2 class=\"wp-block-heading\">Quais pragas e doen\u00e7as atingem?<\/h2>\n\n\n\n<p>As cebolas podem ser afetadas por:<\/p>\n\n\n\n<ul class=\"wp-block-list\">\n<li><strong>Pulg\u00f5es<\/strong>: sugam a seiva das plantas.<\/li>\n\n\n\n<li><strong>Lagartas<\/strong>: roem as folhas e atacam os bulbos.<\/li>\n\n\n\n<li><strong>Trips<\/strong>: pequenos insetos que causam manchas e deforma\u00e7\u00f5es.<\/li>\n\n\n\n<li><strong>Doen\u00e7as f\u00fangicas<\/strong>: como a podrid\u00e3o branca e a m\u00edldio.<\/li>\n<\/ul>\n\n\n\n<p>A preven\u00e7\u00e3o \u00e9 a melhor arma. Fa\u00e7a <strong>rota\u00e7\u00f5es de culturas<\/strong>, evite o excesso de umidade e use <strong>inseticidas naturais<\/strong>, como o \u00f3leo de neem.<\/p>\n\n\n\n<h2 class=\"wp-block-heading\">Posso plantar em vasos?<\/h2>\n\n\n\n<p>Sim! Para quem tem pouco espa\u00e7o, a cebola pode ser cultivada em vasos com pelo menos <strong>25 cm de profundidade<\/strong>. Use um substrato leve, drenado e rico em mat\u00e9ria org\u00e2nica. Garanta sol pleno e irrigue com cuidado para n\u00e3o encharcar. O ideal \u00e9 plantar por bulbinhos, que se adaptam melhor ao cultivo em vasos.<\/p>\n\n\n\n<h2 class=\"wp-block-heading\">FAQ<\/h2>\n\n\n\n<p><strong>1. Posso plantar cebola o ano todo?<\/strong><br>Sim, mas o ideal \u00e9 plantar no in\u00edcio da esta\u00e7\u00e3o mais fresca da sua regi\u00e3o.<\/p>\n\n\n\n<p><strong>2. \u00c9 melhor plantar por semente ou bulbinho?<\/strong><br>Para iniciantes, o <strong>bulbinho<\/strong> \u00e9 mais f\u00e1cil e r\u00e1pido. Sementes s\u00e3o ideais para quem busca variedades espec\u00edficas.<\/p>\n\n\n\n<p><strong>3. Quanto tempo a cebola leva para crescer?<\/strong><br>Entre 90 e 150 dias, dependendo do tipo e das condi\u00e7\u00f5es clim\u00e1ticas.<\/p>\n\n\n\n<p><strong>4. Preciso podar a cebola?<\/strong><br>N\u00e3o. Apenas remova folhas secas e danificadas se necess\u00e1rio.<\/p>\n\n\n\n<p><strong>5. Como armazenar cebola ap\u00f3s a colheita?<\/strong><br>Deixe secar bem e armazene em local seco, arejado e longe da luz direta.<\/p>\n","protected":false},"excerpt":{"rendered":"<p>A cebola \u00e9 uma das hortali\u00e7as mais utilizadas na culin\u00e1ria brasileira. Vers\u00e1til, saborosa e nutritiva, ela pode ser cultivada facilmente em hortas dom\u00e9sticas, canteiros e at\u00e9 em vasos. Al\u00e9m de garantir economia na cozinha, plantar cebola \u00e9 uma excelente forma de ter um alimento livre de agrot\u00f3xicos \u00e0 disposi\u00e7\u00e3o. A seguir, veja o passo a [&hellip;]<\/p>\n","protected":false},"author":9,"featured_media":24418,"comment_status":"open","ping_status":"open","sticky":false,"template":"","format":"standard","meta":{"_yoast_wpseo_focuskw":"cebola","_yoast_wpseo_title":"%%title%% %%page%%","_yoast_wpseo_metadesc":"Veja como cultivar cebola do zero com sementes ou bulbinhos e garanta hortali\u00e7as saud\u00e1veis em casa sem agrot\u00f3xicos","jnews-multi-image_gallery":[],"jnews_single_post":{"format":"standard"},"jnews_primary_category":[],"jnews_social_meta":[],"jnews_override_counter":[],"footnotes":""},"categories":[136],"post_tag":[3431,2387,3430,3432],"class_list":["post-24361","post","type-post","status-publish","format-standard","has-post-thumbnail","hentry","category-jardinagem","tag-cultivo-de-cebola","tag-horta-domestica","tag-hortalicas-em-casa","tag-plantio-facil"],"yoast_head":"<!-- This site is optimized with the Yoast SEO plugin v24.6 - https:\/\/yoast.com\/wordpress\/plugins\/seo\/ -->\n<title>Aprenda a cultivar cebola em casa e economize na cozinha<\/title>\n<meta name=\"description\" content=\"Veja como cultivar cebola do zero com sementes ou bulbinhos e garanta hortali\u00e7as saud\u00e1veis em casa sem agrot\u00f3xicos\" \/>\n<meta name=\"robots\" content=\"index, follow, max-snippet:-1, max-image-preview:large, max-video-preview:-1\" \/>\n<link rel=\"canonical\" href=\"https:\/\/www.correiobraziliense.com.br\/cbradar\/aprenda-a-cultivar-cebola-em-casa-e-economize-na-cozinha\/\" \/>\n<meta property=\"og:locale\" content=\"pt_BR\" \/>\n<meta property=\"og:type\" content=\"article\" \/>\n<meta property=\"og:title\" content=\"Aprenda a cultivar cebola em casa e economize na cozinha\" \/>\n<meta property=\"og:description\" content=\"Veja como cultivar cebola do zero com sementes ou bulbinhos e garanta hortali\u00e7as saud\u00e1veis em casa sem agrot\u00f3xicos\" \/>\n<meta property=\"og:url\" content=\"https:\/\/www.correiobraziliense.com.br\/cbradar\/aprenda-a-cultivar-cebola-em-casa-e-economize-na-cozinha\/\" \/>\n<meta property=\"og:site_name\" content=\"Correio Braziliense - Radar\" \/>\n<meta property=\"article:published_time\" content=\"2025-04-17T10:10:00+00:00\" \/>\n<meta property=\"og:image\" content=\"https:\/\/www.correiobraziliense.com.br\/cbradar\/wp-content\/uploads\/2025\/04\/cebola_1744826709949.jpg\" \/>\n\t<meta property=\"og:image:width\" content=\"1279\" \/>\n\t<meta property=\"og:image:height\" content=\"720\" \/>\n\t<meta property=\"og:image:type\" content=\"image\/jpeg\" \/>\n<meta name=\"author\" content=\"Daniely Cardoso\" \/>\n<meta name=\"twitter:card\" content=\"summary_large_image\" \/>\n<meta name=\"twitter:label1\" content=\"Escrito por\" \/>\n\t<meta name=\"twitter:data1\" content=\"Daniely Cardoso\" \/>\n\t<meta name=\"twitter:label2\" content=\"Est. tempo de leitura\" \/>\n\t<meta name=\"twitter:data2\" content=\"5 minutos\" \/>\n<!-- \/ Yoast SEO plugin. -->","yoast_head_json":{"title":"Aprenda a cultivar cebola em casa e economize na cozinha","description":"Veja como cultivar cebola do zero com sementes ou bulbinhos e garanta hortali\u00e7as saud\u00e1veis em casa sem agrot\u00f3xicos","robots":{"index":"index","follow":"follow","max-snippet":"max-snippet:-1","max-image-preview":"max-image-preview:large","max-video-preview":"max-video-preview:-1"},"canonical":"https:\/\/www.correiobraziliense.com.br\/cbradar\/aprenda-a-cultivar-cebola-em-casa-e-economize-na-cozinha\/","og_locale":"pt_BR","og_type":"article","og_title":"Aprenda a cultivar cebola em casa e economize na cozinha","og_description":"Veja como cultivar cebola do zero com sementes ou bulbinhos e garanta hortali\u00e7as saud\u00e1veis em casa sem agrot\u00f3xicos","og_url":"https:\/\/www.correiobraziliense.com.br\/cbradar\/aprenda-a-cultivar-cebola-em-casa-e-economize-na-cozinha\/","og_site_name":"Correio Braziliense - Radar","article_published_time":"2025-04-17T10:10:00+00:00","og_image":[{"width":1279,"height":720,"url":"https:\/\/www.correiobraziliense.com.br\/cbradar\/wp-content\/uploads\/2025\/04\/cebola_1744826709949.jpg","type":"image\/jpeg"}],"author":"Daniely Cardoso","twitter_card":"summary_large_image","twitter_misc":{"Escrito por":"Daniely Cardoso","Est. tempo de leitura":"5 minutos"},"schema":{"@context":"https:\/\/schema.org","@graph":[{"@type":"WebPage","@id":"https:\/\/www.correiobraziliense.com.br\/cbradar\/aprenda-a-cultivar-cebola-em-casa-e-economize-na-cozinha\/","url":"https:\/\/www.correiobraziliense.com.br\/cbradar\/aprenda-a-cultivar-cebola-em-casa-e-economize-na-cozinha\/","name":"Aprenda a cultivar cebola em casa e economize na cozinha","isPartOf":{"@id":"https:\/\/www.correiobraziliense.com.br\/cbradar\/#website"},"primaryImageOfPage":{"@id":"https:\/\/www.correiobraziliense.com.br\/cbradar\/aprenda-a-cultivar-cebola-em-casa-e-economize-na-cozinha\/#primaryimage"},"image":{"@id":"https:\/\/www.correiobraziliense.com.br\/cbradar\/aprenda-a-cultivar-cebola-em-casa-e-economize-na-cozinha\/#primaryimage"},"thumbnailUrl":"https:\/\/www.correiobraziliense.com.br\/cbradar\/wp-content\/uploads\/2025\/04\/cebola_1744826709949.jpg","datePublished":"2025-04-17T10:10:00+00:00","author":{"@id":"https:\/\/www.correiobraziliense.com.br\/cbradar\/#\/schema\/person\/7356666e12ec0ee53f348ee5db227032"},"description":"Veja como cultivar cebola do zero com sementes ou bulbinhos e garanta hortali\u00e7as saud\u00e1veis em casa sem agrot\u00f3xicos","breadcrumb":{"@id":"https:\/\/www.correiobraziliense.com.br\/cbradar\/aprenda-a-cultivar-cebola-em-casa-e-economize-na-cozinha\/#breadcrumb"},"inLanguage":"pt-BR","potentialAction":[{"@type":"ReadAction","target":["https:\/\/www.correiobraziliense.com.br\/cbradar\/aprenda-a-cultivar-cebola-em-casa-e-economize-na-cozinha\/"]}]},{"@type":"ImageObject","inLanguage":"pt-BR","@id":"https:\/\/www.correiobraziliense.com.br\/cbradar\/aprenda-a-cultivar-cebola-em-casa-e-economize-na-cozinha\/#primaryimage","url":"https:\/\/www.correiobraziliense.com.br\/cbradar\/wp-content\/uploads\/2025\/04\/cebola_1744826709949.jpg","contentUrl":"https:\/\/www.correiobraziliense.com.br\/cbradar\/wp-content\/uploads\/2025\/04\/cebola_1744826709949.jpg","width":1279,"height":720,"caption":"Benef\u00edcios para o sistema cardiovascular - Cr\u00e9ditos: depositphotos.com \/ NataliiaMelnyc"},{"@type":"BreadcrumbList","@id":"https:\/\/www.correiobraziliense.com.br\/cbradar\/aprenda-a-cultivar-cebola-em-casa-e-economize-na-cozinha\/#breadcrumb","itemListElement":[{"@type":"ListItem","position":1,"name":"In\u00edcio","item":"https:\/\/www.correiobraziliense.com.br\/cbradar\/"},{"@type":"ListItem","position":2,"name":"Aprenda a cultivar cebola em casa e economize na cozinha"}]},{"@type":"WebSite","@id":"https:\/\/www.correiobraziliense.com.br\/cbradar\/#website","url":"https:\/\/www.correiobraziliense.com.br\/cbradar\/","name":"Correio Braziliense - Radar","description":"Acompanhe as \u00faltimas not\u00edcias e fique bem informado sobre tudo o que acontece no Brasil e no mundo.","potentialAction":[{"@type":"SearchAction","target":{"@type":"EntryPoint","urlTemplate":"https:\/\/www.correiobraziliense.com.br\/cbradar\/?s={search_term_string}"},"query-input":{"@type":"PropertyValueSpecification","valueRequired":true,"valueName":"search_term_string"}}],"inLanguage":"pt-BR"},{"@type":"Person","@id":"https:\/\/www.correiobraziliense.com.br\/cbradar\/#\/schema\/person\/7356666e12ec0ee53f348ee5db227032","name":"Daniely Cardoso","image":{"@type":"ImageObject","inLanguage":"pt-BR","@id":"https:\/\/www.correiobraziliense.com.br\/cbradar\/#\/schema\/person\/image\/","url":"https:\/\/secure.gravatar.com\/avatar\/4b80ddbd124d1f071b626d52d62e5dff?s=96&d=mm&r=g","contentUrl":"https:\/\/secure.gravatar.com\/avatar\/4b80ddbd124d1f071b626d52d62e5dff?s=96&d=mm&r=g","caption":"Daniely Cardoso"},"description":"Redatora nos portais CB Radar e EM Foco, formada pela Universidade Federal de Goi\u00e1s, em Goi\u00e2nia. Apaixonada por comunica\u00e7\u00e3o, arte, decora\u00e7\u00e3o e tend\u00eancias, atuo na produ\u00e7\u00e3o de conte\u00fados envolventes sobre curiosidades, moda, beleza e paisagismo, sempre com um olhar atento \u00e0s novidades do momento.","sameAs":["https:\/\/www.correiobraziliense.com.br\/cbradar"],"url":"https:\/\/www.correiobraziliense.com.br\/cbradar\/author\/danielymyth\/"}]}},"_links":{"self":[{"href":"https:\/\/www.correiobraziliense.com.br\/cbradar\/wp-json\/wp\/v2\/posts\/24361","targetHints":{"allow":["GET"]}}],"collection":[{"href":"https:\/\/www.correiobraziliense.com.br\/cbradar\/wp-json\/wp\/v2\/posts"}],"about":[{"href":"https:\/\/www.correiobraziliense.com.br\/cbradar\/wp-json\/wp\/v2\/types\/post"}],"author":[{"embeddable":true,"href":"https:\/\/www.correiobraziliense.com.br\/cbradar\/wp-json\/wp\/v2\/users\/9"}],"replies":[{"embeddable":true,"href":"https:\/\/www.correiobraziliense.com.br\/cbradar\/wp-json\/wp\/v2\/comments?post=24361"}],"version-history":[{"count":3,"href":"https:\/\/www.correiobraziliense.com.br\/cbradar\/wp-json\/wp\/v2\/posts\/24361\/revisions"}],"predecessor-version":[{"id":24420,"href":"https:\/\/www.correiobraziliense.com.br\/cbradar\/wp-json\/wp\/v2\/posts\/24361\/revisions\/24420"}],"wp:featuredmedia":[{"embeddable":true,"href":"https:\/\/www.correiobraziliense.com.br\/cbradar\/wp-json\/wp\/v2\/media\/24418"}],"wp:attachment":[{"href":"https:\/\/www.correiobraziliense.com.br\/cbradar\/wp-json\/wp\/v2\/media?parent=24361"}],"wp:term":[{"taxonomy":"category","embeddable":true,"href":"https:\/\/www.correiobraziliense.com.br\/cbradar\/wp-json\/wp\/v2\/categories?post=24361"},{"taxonomy":"post_tag","embeddable":true,"href":"https:\/\/www.correiobraziliense.com.br\/cbradar\/wp-json\/wp\/v2\/post_tag?post=24361"}],"curies":[{"name":"wp","href":"https:\/\/api.w.org\/{rel}","templated":true}]}}