{"id":24367,"date":"2025-04-17T09:10:00","date_gmt":"2025-04-17T12:10:00","guid":{"rendered":"https:\/\/www.correiobraziliense.com.br\/cbradar\/?p=24367"},"modified":"2025-04-17T14:05:16","modified_gmt":"2025-04-17T17:05:16","slug":"guia-completo-para-cultivar-limao-siciliano-no-quintal-ou-em-vaso","status":"publish","type":"post","link":"https:\/\/www.correiobraziliense.com.br\/cbradar\/guia-completo-para-cultivar-limao-siciliano-no-quintal-ou-em-vaso\/","title":{"rendered":"Guia completo para cultivar lim\u00e3o siciliano no quintal ou em vaso"},"content":{"rendered":"\n<p>O <strong>lim\u00e3o siciliano<\/strong> (<em>Citrus limon<\/em>) \u00e9 uma das variedades de lim\u00e3o mais arom\u00e1ticas e apreciadas no mundo, com casca amarela vibrante e sabor mais suave e menos \u00e1cido que o lim\u00e3o taiti. Muito utilizado na culin\u00e1ria gourmet, o lim\u00e3o siciliano vai bem em doces, molhos, saladas, bebidas e at\u00e9 cosm\u00e9ticos caseiros. Cultivar essa fruta c\u00edtrica em casa \u00e9 poss\u00edvel mesmo em vasos, desde que voc\u00ea proporcione sol pleno, solo f\u00e9rtil e um pouco de paci\u00eancia. A seguir, descubra como plantar lim\u00e3o siciliano com sucesso e garantir colheitas saborosas e perfumadas.<\/p>\n\n\n\n<h2 class=\"wp-block-heading\">Qual \u00e9 o clima ideal para plantar?<\/h2>\n\n\n\n<p>O <strong>lim\u00e3o siciliano<\/strong> prefere clima <strong>subtropical ou mediterr\u00e2neo<\/strong>, com temperaturas entre <strong>18\u202f\u00b0C e 30\u202f\u00b0C<\/strong>. Ele se adapta bem a regi\u00f5es de inverno ameno e ver\u00f5es secos e ensolarados.<\/p>\n\n\n\n<p>Embora suporte climas tropicais, \u00e9 sens\u00edvel ao excesso de umidade e ao frio intenso. Por isso, em regi\u00f5es com geadas ou chuvas constantes, \u00e9 necess\u00e1rio proteger a planta.<\/p>\n\n\n\n<p>A luminosidade \u00e9 essencial: o limoeiro precisa de <strong>6 a 8 horas de sol direto por dia<\/strong> para frutificar com qualidade.<\/p>\n\n\n\n<h2 class=\"wp-block-heading\">Onde plantar : solo ou vaso?<\/h2>\n\n\n\n<p>Voc\u00ea pode plantar <strong>lim\u00e3o siciliano em vasos ou diretamente no solo<\/strong>, conforme o espa\u00e7o dispon\u00edvel:<\/p>\n\n\n\n<h3 class=\"wp-block-heading\"><strong>No solo:<\/strong><\/h3>\n\n\n\n<ul class=\"wp-block-list\">\n<li>Ideal para jardins e quintais espa\u00e7osos.<\/li>\n\n\n\n<li>A planta pode atingir <strong>4 a 6 metros de altura<\/strong>.<\/li>\n\n\n\n<li>Necessita de <strong>espa\u00e7amento de 4 a 5 metros<\/strong> entre plantas.<\/li>\n<\/ul>\n\n\n\n<h3 class=\"wp-block-heading\"><strong>Em vasos:<\/strong><\/h3>\n\n\n\n<ul class=\"wp-block-list\">\n<li>Use vasos grandes, com <strong>m\u00ednimo de 60 litros<\/strong>.<\/li>\n\n\n\n<li>Escolha variedades an\u00e3s ou conduza com podas.<\/li>\n\n\n\n<li>Ideal para varandas, p\u00e1tios e \u00e1reas urbanas.<\/li>\n<\/ul>\n\n\n\n<p>Ambos os m\u00e9todos exigem <strong>sol pleno e boa ventila\u00e7\u00e3o<\/strong>.<\/p>\n\n\n\n<h2 class=\"wp-block-heading\">Como preparar o solo ideal?<\/h2>\n\n\n\n<p>O solo ideal para o cultivo de <strong>lim\u00e3o siciliano<\/strong> deve ser:<\/p>\n\n\n\n<ul class=\"wp-block-list\">\n<li><strong>Levemente \u00e1cido a neutro (pH entre 5,5 e 6,5)<\/strong><\/li>\n\n\n\n<li><strong>Solto, profundo e bem drenado<\/strong><\/li>\n\n\n\n<li><strong>Rico em mat\u00e9ria org\u00e2nica<\/strong><\/li>\n<\/ul>\n\n\n\n<h3 class=\"wp-block-heading\">Mistura recomendada:<\/h3>\n\n\n\n<ul class=\"wp-block-list\">\n<li>2 partes de terra vegetal<\/li>\n\n\n\n<li>1 parte de areia grossa<\/li>\n\n\n\n<li>1 parte de composto org\u00e2nico (esterco curtido ou h\u00famus de minhoca)<\/li>\n<\/ul>\n\n\n\n<p>Em vasos, adicione argila expandida ou pedras no fundo para evitar ac\u00famulo de \u00e1gua.<\/p>\n\n\n<div class=\"wp-block-image\">\n<figure class=\"aligncenter size-large\"><img decoding=\"async\" width=\"1024\" height=\"576\" src=\"https:\/\/www.correiobraziliense.com.br\/cbradar\/wp-content\/uploads\/2025\/02\/limao-arvore_1740160274595-1024x576.jpg\" alt=\"Aprenda a cuidar do seu limoeiro e aumentar a produ\u00e7\u00e3o de frutos\" class=\"wp-image-4701\" srcset=\"https:\/\/www.correiobraziliense.com.br\/cbradar\/wp-content\/uploads\/2025\/02\/limao-arvore_1740160274595-1024x576.jpg 1024w, https:\/\/www.correiobraziliense.com.br\/cbradar\/wp-content\/uploads\/2025\/02\/limao-arvore_1740160274595-300x169.jpg 300w, https:\/\/www.correiobraziliense.com.br\/cbradar\/wp-content\/uploads\/2025\/02\/limao-arvore_1740160274595-768x432.jpg 768w, https:\/\/www.correiobraziliense.com.br\/cbradar\/wp-content\/uploads\/2025\/02\/limao-arvore_1740160274595-750x422.jpg 750w, https:\/\/www.correiobraziliense.com.br\/cbradar\/wp-content\/uploads\/2025\/02\/limao-arvore_1740160274595-1140x641.jpg 1140w, https:\/\/www.correiobraziliense.com.br\/cbradar\/wp-content\/uploads\/2025\/02\/limao-arvore_1740160274595.jpg 1280w\" sizes=\"(max-width: 1024px) 100vw, 1024px\" \/><figcaption class=\"wp-element-caption\">Lim\u00e3o no vaso &#8211; Cr\u00e9ditos: depositphotos.com \/ LariBat<\/figcaption><\/figure><\/div>\n\n\n<h2 class=\"wp-block-heading\">Como plantar por muda?<\/h2>\n\n\n\n<p>A forma mais eficaz de plantar <strong>lim\u00e3o siciliano<\/strong> \u00e9 por <strong>muda enxertada<\/strong>, que garante frutos mais saborosos, resist\u00eancia a doen\u00e7as e produ\u00e7\u00e3o mais r\u00e1pida.<\/p>\n\n\n\n<h3 class=\"wp-block-heading\">Passo a passo:<\/h3>\n\n\n\n<ol class=\"wp-block-list\">\n<li><strong>Escolha uma muda saud\u00e1vel<\/strong>, com folhas verdes e sem pragas.<\/li>\n\n\n\n<li><strong>Plante em cova de 40x40x40 cm<\/strong> (ou no vaso grande), deixando o ponto de enxertia acima da superf\u00edcie.<\/li>\n\n\n\n<li><strong>Regue bem ap\u00f3s o plantio.<\/strong><\/li>\n\n\n\n<li><strong>Amarre a muda a um tutor<\/strong> para ajudar no crescimento vertical.<\/li>\n\n\n\n<li><strong>Cubra o solo ao redor<\/strong> com palha, folhas secas ou casca de \u00e1rvore para manter a umidade.<\/li>\n<\/ol>\n\n\n\n<p>Evite plantar em \u00e9pocas de frio intenso ou chuvas fortes. O ideal \u00e9 plantar no <strong>final do inverno ou in\u00edcio da primavera<\/strong>.<\/p>\n\n\n\n<h2 class=\"wp-block-heading\">Como cuidar do limoeiro?<\/h2>\n\n\n\n<p>Os cuidados com o <strong>lim\u00e3o siciliano<\/strong> s\u00e3o fundamentais para uma planta saud\u00e1vel e produtiva:<\/p>\n\n\n\n<ul class=\"wp-block-list\">\n<li><strong>Sol:<\/strong> Precisa de sol direto por boa parte do dia.<\/li>\n\n\n\n<li><strong>Rega:<\/strong> Regue de 2 a 3 vezes por semana, sem encharcar. No ver\u00e3o, aumente a frequ\u00eancia.<\/li>\n\n\n\n<li><strong>Aduba\u00e7\u00e3o:<\/strong> A cada 2 meses, aplique adubo NPK 10-10-10. Durante a frutifica\u00e7\u00e3o, prefira f\u00f3rmulas com mais pot\u00e1ssio (ex: 4-14-8).<\/li>\n\n\n\n<li><strong>Poda:<\/strong> Fa\u00e7a podas anuais leves para remover galhos secos, mal formados e para arejar a copa.<\/li>\n\n\n\n<li><strong>Tutoramento:<\/strong> Especialmente no in\u00edcio, ajuda a fortalecer o tronco.<\/li>\n\n\n\n<li><strong>Cobertura morta:<\/strong> Use folhas secas ou serragem para conservar a umidade do solo.<\/li>\n<\/ul>\n\n\n\n<h2 class=\"wp-block-heading\">Quanto tempo leva produzir frutos?<\/h2>\n\n\n\n<p>Com os devidos cuidados, o <strong>lim\u00e3o siciliano<\/strong> come\u00e7a a frutificar entre <strong>2 a 3 anos ap\u00f3s o plantio<\/strong>, se for uma muda enxertada. A frutifica\u00e7\u00e3o pode ocorrer <strong>mais de uma vez ao ano<\/strong>, dependendo do clima.<\/p>\n\n\n\n<p>Os frutos est\u00e3o prontos para a colheita quando:<\/p>\n\n\n\n<ul class=\"wp-block-list\">\n<li>A casca estiver <strong>bem amarela<\/strong><\/li>\n\n\n\n<li>O lim\u00e3o estiver firme, por\u00e9m levemente macio ao toque<\/li>\n\n\n\n<li>Exalar o aroma c\u00edtrico caracter\u00edstico<\/li>\n<\/ul>\n\n\n\n<p>A colheita deve ser feita com <strong>tesoura de poda<\/strong>, cortando o cabinho do fruto para n\u00e3o danificar a planta.<\/p>\n\n\n\n<h2 class=\"wp-block-heading\">\u00c9 poss\u00edvel plantar por sementes?<\/h2>\n\n\n\n<p>Sim, mas <strong>n\u00e3o \u00e9 recomendado para produ\u00e7\u00e3o de frutos de qualidade<\/strong>. Plantar por sementes pode gerar:<\/p>\n\n\n\n<ul class=\"wp-block-list\">\n<li>Plantas diferentes da planta m\u00e3e<\/li>\n\n\n\n<li>Frutifica\u00e7\u00e3o tardia (5 anos ou mais)<\/li>\n\n\n\n<li>\u00c1rvores com poucos ou nenhum fruto<\/li>\n<\/ul>\n\n\n\n<p>Por isso, prefira sempre <strong>mudas enxertadas<\/strong> de viveiros certificados.<\/p>\n\n\n\n<h2 class=\"wp-block-heading\">Quais pragas e doen\u00e7as afetam?<\/h2>\n\n\n\n<p>As principais <strong>pragas<\/strong> e <strong>doen\u00e7as<\/strong> que atacam o lim\u00e3o siciliano s\u00e3o:<\/p>\n\n\n\n<ul class=\"wp-block-list\">\n<li><strong>Pulg\u00f5es e cochonilhas<\/strong><\/li>\n\n\n\n<li><strong>\u00c1caro da ferrugem<\/strong><\/li>\n\n\n\n<li><strong>Mosca-das-frutas<\/strong><\/li>\n\n\n\n<li><strong>Gomose (fungo que apodrece o caule)<\/strong><\/li>\n\n\n\n<li><strong>Cancro c\u00edtrico<\/strong><\/li>\n<\/ul>\n\n\n\n<h3 class=\"wp-block-heading\">Como prevenir:<\/h3>\n\n\n\n<ul class=\"wp-block-list\">\n<li>Pulverize calda bordalesa ou \u00f3leo de neem mensalmente.<\/li>\n\n\n\n<li>Mantenha a poda em dia para boa ventila\u00e7\u00e3o.<\/li>\n\n\n\n<li>N\u00e3o deixe \u00e1gua acumulada ao redor do vaso ou da planta.<\/li>\n\n\n\n<li>Evite excesso de adubo nitrogenado (muito N), que atrai pragas.<\/li>\n<\/ul>\n\n\n\n<h2 class=\"wp-block-heading\">FAQ <\/h2>\n\n\n\n<p><strong>1. Lim\u00e3o siciliano d\u00e1 certo em vaso?<\/strong><br>Sim, desde que o vaso seja grande, bem drenado e a planta receba muito sol.<\/p>\n\n\n\n<p><strong>2. Quanto tempo demora para o limoeiro siciliano dar frutos?<\/strong><br>Entre 2 e 3 anos, se plantado por muda enxertada.<\/p>\n\n\n\n<p><strong>3. O lim\u00e3o siciliano precisa de poda?<\/strong><br>Sim, podas leves anuais mant\u00eam a planta arejada, saud\u00e1vel e produtiva.<\/p>\n\n\n\n<p><strong>4. Precisa polinizar o lim\u00e3o siciliano?<\/strong><br>N\u00e3o. A poliniza\u00e7\u00e3o \u00e9 feita naturalmente por insetos. N\u00e3o exige interven\u00e7\u00e3o manual.<\/p>\n\n\n\n<p><strong>5. Qual o melhor adubo para lim\u00e3o siciliano?<\/strong><br>Adubos org\u00e2nicos, NPK 10-10-10 ou f\u00f3rmulas com mais pot\u00e1ssio na fase de frutifica\u00e7\u00e3o.<\/p>\n","protected":false},"excerpt":{"rendered":"<p>O lim\u00e3o siciliano (Citrus limon) \u00e9 uma das variedades de lim\u00e3o mais arom\u00e1ticas e apreciadas no mundo, com casca amarela vibrante e sabor mais suave e menos \u00e1cido que o lim\u00e3o taiti. Muito utilizado na culin\u00e1ria gourmet, o lim\u00e3o siciliano vai bem em doces, molhos, saladas, bebidas e at\u00e9 cosm\u00e9ticos caseiros. Cultivar essa fruta c\u00edtrica [&hellip;]<\/p>\n","protected":false},"author":9,"featured_media":4221,"comment_status":"open","ping_status":"open","sticky":false,"template":"","format":"standard","meta":{"_yoast_wpseo_focuskw":"lim\u00e3o siciliano","_yoast_wpseo_title":"%%title%% %%page%%","_yoast_wpseo_metadesc":"Aprenda como cultivar lim\u00e3o siciliano com sucesso em vasos ou no jardim e tenha frutos perfumados e saud\u00e1veis em casa.","jnews-multi-image_gallery":[],"jnews_single_post":{"format":"standard"},"jnews_primary_category":[],"jnews_social_meta":[],"jnews_override_counter":[],"footnotes":""},"categories":[136],"post_tag":[3429,2912,946,843],"class_list":["post-24367","post","type-post","status-publish","format-standard","has-post-thumbnail","hentry","category-jardinagem","tag-cultivo-de-citricos","tag-frutas-em-vaso","tag-limao-siciliano","tag-plantar-limao"],"yoast_head":"<!-- This site is optimized with the Yoast SEO plugin v24.6 - https:\/\/yoast.com\/wordpress\/plugins\/seo\/ -->\n<title>Guia completo para cultivar lim\u00e3o siciliano no quintal ou em vaso<\/title>\n<meta name=\"description\" content=\"Aprenda como cultivar lim\u00e3o siciliano com sucesso em vasos ou no jardim e tenha frutos perfumados e saud\u00e1veis em casa.\" \/>\n<meta name=\"robots\" content=\"index, follow, max-snippet:-1, max-image-preview:large, max-video-preview:-1\" \/>\n<link rel=\"canonical\" href=\"https:\/\/www.correiobraziliense.com.br\/cbradar\/guia-completo-para-cultivar-limao-siciliano-no-quintal-ou-em-vaso\/\" \/>\n<meta property=\"og:locale\" content=\"pt_BR\" \/>\n<meta property=\"og:type\" content=\"article\" \/>\n<meta property=\"og:title\" content=\"Guia completo para cultivar lim\u00e3o siciliano no quintal ou em vaso\" \/>\n<meta property=\"og:description\" content=\"Aprenda como cultivar lim\u00e3o siciliano com sucesso em vasos ou no jardim e tenha frutos perfumados e saud\u00e1veis em casa.\" \/>\n<meta property=\"og:url\" content=\"https:\/\/www.correiobraziliense.com.br\/cbradar\/guia-completo-para-cultivar-limao-siciliano-no-quintal-ou-em-vaso\/\" \/>\n<meta property=\"og:site_name\" content=\"Correio Braziliense - Radar\" \/>\n<meta property=\"article:published_time\" content=\"2025-04-17T12:10:00+00:00\" \/>\n<meta property=\"article:modified_time\" content=\"2025-04-17T17:05:16+00:00\" \/>\n<meta property=\"og:image\" content=\"https:\/\/www.correiobraziliense.com.br\/cbradar\/wp-content\/uploads\/2025\/02\/limao-arvore_1740068557408.jpg\" \/>\n\t<meta property=\"og:image:width\" content=\"1280\" \/>\n\t<meta property=\"og:image:height\" content=\"720\" \/>\n\t<meta property=\"og:image:type\" content=\"image\/jpeg\" \/>\n<meta name=\"author\" content=\"Daniely Cardoso\" \/>\n<meta name=\"twitter:card\" content=\"summary_large_image\" \/>\n<meta name=\"twitter:label1\" content=\"Escrito por\" \/>\n\t<meta name=\"twitter:data1\" content=\"Daniely Cardoso\" \/>\n\t<meta name=\"twitter:label2\" content=\"Est. tempo de leitura\" \/>\n\t<meta name=\"twitter:data2\" content=\"6 minutos\" \/>\n<!-- \/ Yoast SEO plugin. -->","yoast_head_json":{"title":"Guia completo para cultivar lim\u00e3o siciliano no quintal ou em vaso","description":"Aprenda como cultivar lim\u00e3o siciliano com sucesso em vasos ou no jardim e tenha frutos perfumados e saud\u00e1veis em casa.","robots":{"index":"index","follow":"follow","max-snippet":"max-snippet:-1","max-image-preview":"max-image-preview:large","max-video-preview":"max-video-preview:-1"},"canonical":"https:\/\/www.correiobraziliense.com.br\/cbradar\/guia-completo-para-cultivar-limao-siciliano-no-quintal-ou-em-vaso\/","og_locale":"pt_BR","og_type":"article","og_title":"Guia completo para cultivar lim\u00e3o siciliano no quintal ou em vaso","og_description":"Aprenda como cultivar lim\u00e3o siciliano com sucesso em vasos ou no jardim e tenha frutos perfumados e saud\u00e1veis em casa.","og_url":"https:\/\/www.correiobraziliense.com.br\/cbradar\/guia-completo-para-cultivar-limao-siciliano-no-quintal-ou-em-vaso\/","og_site_name":"Correio Braziliense - Radar","article_published_time":"2025-04-17T12:10:00+00:00","article_modified_time":"2025-04-17T17:05:16+00:00","og_image":[{"width":1280,"height":720,"url":"https:\/\/www.correiobraziliense.com.br\/cbradar\/wp-content\/uploads\/2025\/02\/limao-arvore_1740068557408.jpg","type":"image\/jpeg"}],"author":"Daniely Cardoso","twitter_card":"summary_large_image","twitter_misc":{"Escrito por":"Daniely Cardoso","Est. tempo de leitura":"6 minutos"},"schema":{"@context":"https:\/\/schema.org","@graph":[{"@type":"WebPage","@id":"https:\/\/www.correiobraziliense.com.br\/cbradar\/guia-completo-para-cultivar-limao-siciliano-no-quintal-ou-em-vaso\/","url":"https:\/\/www.correiobraziliense.com.br\/cbradar\/guia-completo-para-cultivar-limao-siciliano-no-quintal-ou-em-vaso\/","name":"Guia completo para cultivar lim\u00e3o siciliano no quintal ou em vaso","isPartOf":{"@id":"https:\/\/www.correiobraziliense.com.br\/cbradar\/#website"},"primaryImageOfPage":{"@id":"https:\/\/www.correiobraziliense.com.br\/cbradar\/guia-completo-para-cultivar-limao-siciliano-no-quintal-ou-em-vaso\/#primaryimage"},"image":{"@id":"https:\/\/www.correiobraziliense.com.br\/cbradar\/guia-completo-para-cultivar-limao-siciliano-no-quintal-ou-em-vaso\/#primaryimage"},"thumbnailUrl":"https:\/\/www.correiobraziliense.com.br\/cbradar\/wp-content\/uploads\/2025\/02\/limao-arvore_1740068557408.jpg","datePublished":"2025-04-17T12:10:00+00:00","dateModified":"2025-04-17T17:05:16+00:00","author":{"@id":"https:\/\/www.correiobraziliense.com.br\/cbradar\/#\/schema\/person\/7356666e12ec0ee53f348ee5db227032"},"description":"Aprenda como cultivar lim\u00e3o siciliano com sucesso em vasos ou no jardim e tenha frutos perfumados e saud\u00e1veis em casa.","breadcrumb":{"@id":"https:\/\/www.correiobraziliense.com.br\/cbradar\/guia-completo-para-cultivar-limao-siciliano-no-quintal-ou-em-vaso\/#breadcrumb"},"inLanguage":"pt-BR","potentialAction":[{"@type":"ReadAction","target":["https:\/\/www.correiobraziliense.com.br\/cbradar\/guia-completo-para-cultivar-limao-siciliano-no-quintal-ou-em-vaso\/"]}]},{"@type":"ImageObject","inLanguage":"pt-BR","@id":"https:\/\/www.correiobraziliense.com.br\/cbradar\/guia-completo-para-cultivar-limao-siciliano-no-quintal-ou-em-vaso\/#primaryimage","url":"https:\/\/www.correiobraziliense.com.br\/cbradar\/wp-content\/uploads\/2025\/02\/limao-arvore_1740068557408.jpg","contentUrl":"https:\/\/www.correiobraziliense.com.br\/cbradar\/wp-content\/uploads\/2025\/02\/limao-arvore_1740068557408.jpg","width":1280,"height":720,"caption":"O lim\u00e3o siciliano \u00e9 uma fonte excepcional de vitamina C e flavonoides - Cr\u00e9ditos: depositphotos.com \/ artush"},{"@type":"BreadcrumbList","@id":"https:\/\/www.correiobraziliense.com.br\/cbradar\/guia-completo-para-cultivar-limao-siciliano-no-quintal-ou-em-vaso\/#breadcrumb","itemListElement":[{"@type":"ListItem","position":1,"name":"In\u00edcio","item":"https:\/\/www.correiobraziliense.com.br\/cbradar\/"},{"@type":"ListItem","position":2,"name":"Guia completo para cultivar lim\u00e3o siciliano no quintal ou em vaso"}]},{"@type":"WebSite","@id":"https:\/\/www.correiobraziliense.com.br\/cbradar\/#website","url":"https:\/\/www.correiobraziliense.com.br\/cbradar\/","name":"Correio Braziliense - Radar","description":"Acompanhe as \u00faltimas not\u00edcias e fique bem informado sobre tudo o que acontece no Brasil e no mundo.","potentialAction":[{"@type":"SearchAction","target":{"@type":"EntryPoint","urlTemplate":"https:\/\/www.correiobraziliense.com.br\/cbradar\/?s={search_term_string}"},"query-input":{"@type":"PropertyValueSpecification","valueRequired":true,"valueName":"search_term_string"}}],"inLanguage":"pt-BR"},{"@type":"Person","@id":"https:\/\/www.correiobraziliense.com.br\/cbradar\/#\/schema\/person\/7356666e12ec0ee53f348ee5db227032","name":"Daniely Cardoso","image":{"@type":"ImageObject","inLanguage":"pt-BR","@id":"https:\/\/www.correiobraziliense.com.br\/cbradar\/#\/schema\/person\/image\/","url":"https:\/\/secure.gravatar.com\/avatar\/4b80ddbd124d1f071b626d52d62e5dff?s=96&d=mm&r=g","contentUrl":"https:\/\/secure.gravatar.com\/avatar\/4b80ddbd124d1f071b626d52d62e5dff?s=96&d=mm&r=g","caption":"Daniely Cardoso"},"description":"Redatora nos portais CB Radar e EM Foco, formada pela Universidade Federal de Goi\u00e1s, em Goi\u00e2nia. Apaixonada por comunica\u00e7\u00e3o, arte, decora\u00e7\u00e3o e tend\u00eancias, atuo na produ\u00e7\u00e3o de conte\u00fados envolventes sobre curiosidades, moda, beleza e paisagismo, sempre com um olhar atento \u00e0s novidades do momento.","sameAs":["https:\/\/www.correiobraziliense.com.br\/cbradar"],"url":"https:\/\/www.correiobraziliense.com.br\/cbradar\/author\/danielymyth\/"}]}},"_links":{"self":[{"href":"https:\/\/www.correiobraziliense.com.br\/cbradar\/wp-json\/wp\/v2\/posts\/24367","targetHints":{"allow":["GET"]}}],"collection":[{"href":"https:\/\/www.correiobraziliense.com.br\/cbradar\/wp-json\/wp\/v2\/posts"}],"about":[{"href":"https:\/\/www.correiobraziliense.com.br\/cbradar\/wp-json\/wp\/v2\/types\/post"}],"author":[{"embeddable":true,"href":"https:\/\/www.correiobraziliense.com.br\/cbradar\/wp-json\/wp\/v2\/users\/9"}],"replies":[{"embeddable":true,"href":"https:\/\/www.correiobraziliense.com.br\/cbradar\/wp-json\/wp\/v2\/comments?post=24367"}],"version-history":[{"count":3,"href":"https:\/\/www.correiobraziliense.com.br\/cbradar\/wp-json\/wp\/v2\/posts\/24367\/revisions"}],"predecessor-version":[{"id":24422,"href":"https:\/\/www.correiobraziliense.com.br\/cbradar\/wp-json\/wp\/v2\/posts\/24367\/revisions\/24422"}],"wp:featuredmedia":[{"embeddable":true,"href":"https:\/\/www.correiobraziliense.com.br\/cbradar\/wp-json\/wp\/v2\/media\/4221"}],"wp:attachment":[{"href":"https:\/\/www.correiobraziliense.com.br\/cbradar\/wp-json\/wp\/v2\/media?parent=24367"}],"wp:term":[{"taxonomy":"category","embeddable":true,"href":"https:\/\/www.correiobraziliense.com.br\/cbradar\/wp-json\/wp\/v2\/categories?post=24367"},{"taxonomy":"post_tag","embeddable":true,"href":"https:\/\/www.correiobraziliense.com.br\/cbradar\/wp-json\/wp\/v2\/post_tag?post=24367"}],"curies":[{"name":"wp","href":"https:\/\/api.w.org\/{rel}","templated":true}]}}