{"id":24516,"date":"2025-04-19T09:50:00","date_gmt":"2025-04-19T12:50:00","guid":{"rendered":"https:\/\/www.correiobraziliense.com.br\/cbradar\/?p=24516"},"modified":"2025-07-02T01:46:33","modified_gmt":"2025-07-02T04:46:33","slug":"conheca-os-melhores-filmes-de-denzel-washington-segundo-o-publico","status":"publish","type":"post","link":"https:\/\/www.correiobraziliense.com.br\/cbradar\/conheca-os-melhores-filmes-de-denzel-washington-segundo-o-publico\/","title":{"rendered":"Conhe\u00e7a os melhores filmes de Denzel Washington, segundo o p\u00fablico"},"content":{"rendered":"\n<p><strong><a href=\"https:\/\/en.wikipedia.org\/wiki\/Denzel_Washington\" target=\"_blank\" rel=\"noreferrer noopener\">Denzel Washington<\/a><\/strong> \u00e9 daqueles atores que a gente s\u00f3 de ouvir o nome j\u00e1 sabe que vai ser algo especial. Com mais de quatro d\u00e9cadas de carreira, ele construiu um legado que poucos conseguem igualar em <strong><a href=\"https:\/\/www.correiobraziliense.com.br\/cbradar\/a-incrivel-fortuna-do-ator-que-nao-tinha-dubles-em-hollywood\/\" target=\"_blank\" rel=\"noreferrer noopener\">Hollywood<\/a><\/strong>. O cara simplesmente sabe como pegar qualquer papel e transformar em algo memor\u00e1vel. E o melhor de tudo \u00e9 que ele n\u00e3o para por a\u00ed.<\/p>\n\n\n\n<p>Recentemente, <strong>Washington<\/strong> apareceu em <strong>Gladiador 2<\/strong>, fazendo o papel de <strong>Macrinus<\/strong>, um ex-escravo que virou uma figura poderosa em <strong>Roma<\/strong>. E tem mais novidades pela frente: ele confirmou que vai participar de <strong>Pantera Negra 3<\/strong>, onde <strong>Ryan Coogler<\/strong> est\u00e1 escrevendo um papel especialmente para ele. Imagina s\u00f3 a emo\u00e7\u00e3o dos f\u00e3s da <strong>Marvel<\/strong> quando souberam dessa not\u00edcia. Com dois <strong>Oscars<\/strong> no curr\u00edculo, <strong>Denzel<\/strong> continua provando que idade \u00e9 s\u00f3 um n\u00famero quando se tem talento de sobra.<\/p>\n\n\n\n<h2 class=\"wp-block-heading\">Quais filmes mostram o verdadeiro poder de Denzel Washington?<\/h2>\n\n\n\n<p><strong>Denzel Washington<\/strong> tem uma filmografia t\u00e3o rica que fica dif\u00edcil escolher os melhores momentos. <strong>Tempo de Gl\u00f3ria<\/strong> foi o filme que lhe deu o primeiro <strong>Oscar<\/strong>, mas foi com <strong>Dia de Treinamento<\/strong> que ele realmente mostrou sua versatilidade interpretando o vil\u00e3o <strong>Alonzo<\/strong>. Outros filmes como <strong>O Protetor<\/strong>, <strong>Um Limite Entre N\u00f3s<\/strong> e <strong>Chamas da Vingan\u00e7a<\/strong> tamb\u00e9m mostram diferentes facetas do seu talento.<\/p>\n\n\n\n<p>Mas se tem um filme que merece destaque especial \u00e9 <strong>Malcolm X<\/strong>, dirigido por <strong>Spike Lee<\/strong>. Nessa obra, <strong>Washington<\/strong> literalmente se transformou no l\u00edder dos direitos civis, entregando uma performance que mexe com qualquer pessoa que assiste. O filme n\u00e3o s\u00f3 consolidou <strong>Denzel<\/strong> como um dos maiores atores da sua gera\u00e7\u00e3o, mas tamb\u00e9m mostrou seu compromisso com pap\u00e9is que t\u00eam algo importante a dizer sobre a sociedade.<\/p>\n\n\n\n<h2 class=\"wp-block-heading\">Por que &#8220;O Voo&#8221; representa um marco na carreira do ator?<\/h2>\n\n\n\n<p><strong>O Voo<\/strong> \u00e9 um daqueles filmes que pega voc\u00ea de surpresa. <strong>Denzel<\/strong> interpreta <strong>Whip Whitaker<\/strong>, um piloto experiente que consegue fazer uma aterrissagem milagrosa e salvar quase todos os passageiros ap\u00f3s uma falha mec\u00e2nica. At\u00e9 a\u00ed, parece uma hist\u00f3ria de her\u00f3i comum, n\u00e9? Mas a coisa complica quando descobrimos que ele estava sob efeito de \u00e1lcool e drogas durante o voo.<\/p>\n\n\n\n<p>O filme funciona como uma explora\u00e7\u00e3o profunda sobre depend\u00eancia qu\u00edmica e as consequ\u00eancias das nossas escolhas. <strong>Robert Zemeckis<\/strong> dirigiu a obra com uma sensibilidade impressionante, e <strong>Washington<\/strong> entregou uma das suas melhores atua\u00e7\u00f5es, mostrando um personagem complexo que \u00e9 ao mesmo tempo her\u00f3i e vil\u00e3o da pr\u00f3pria hist\u00f3ria. \u00c9 o tipo de papel que te faz refletir sobre quantas camadas uma pessoa pode ter.<\/p>\n\n\n\n<h2 class=\"wp-block-heading\">Como este ator transformou a representa\u00e7\u00e3o negra no cinema?<\/h2>\n\n\n\n<p><strong>Denzel Washington<\/strong> n\u00e3o \u00e9 s\u00f3 um ator talentoso, ele \u00e9 um pioneiro. Durante d\u00e9cadas, ele quebrou barreiras e abriu portas para outros atores negros em <strong>Hollywood<\/strong>. Seus personagens sempre foram bem constru\u00eddos, fugindo dos estere\u00f3tipos que a ind\u00fastria costumava impor. Ele mostrou que um ator negro podia interpretar desde reis africanos at\u00e9 pilotos de avi\u00e3o, passando por detetives e militares.<\/p>\n\n\n\n<p>Agora, aos 69 anos, ele est\u00e1 pronto para entrar no <strong>Universo Cinematogr\u00e1fico Marvel<\/strong> pela primeira vez. <strong>Ryan Coogler<\/strong> est\u00e1 escrevendo um papel especificamente para ele em <strong>Pantera Negra 3<\/strong>. Isso mostra como <strong>Washington<\/strong> continua sendo relevante e respeitado pela nova gera\u00e7\u00e3o de cineastas. \u00c9 como se ele fosse um presente que <strong>Hollywood<\/strong> n\u00e3o cansa de desembrulhar.<\/p>\n\n\n\n<h2 class=\"wp-block-heading\">Qual \u00e9 o segredo da longevidade art\u00edstica de Denzel?<\/h2>\n\n\n\n<figure class=\"wp-block-embed is-type-video is-provider-youtube wp-block-embed-youtube wp-embed-aspect-16-9 wp-has-aspect-ratio\"><div class=\"wp-block-embed__wrapper\">\n<div class=\"jeg_video_container jeg_video_content\"><iframe loading=\"lazy\" title=\"O VOO O Filme - Trailer oficial\" width=\"500\" height=\"281\" src=\"https:\/\/www.youtube.com\/embed\/LdpzTsqRSPw?feature=oembed\" frameborder=\"0\" allow=\"accelerometer; autoplay; clipboard-write; encrypted-media; gyroscope; picture-in-picture; web-share\" referrerpolicy=\"strict-origin-when-cross-origin\" allowfullscreen><\/iframe><\/div>\n<\/div><\/figure>\n\n\n\n<p>O que torna <strong>Denzel Washington<\/strong> especial n\u00e3o \u00e9 apenas seu talento natural, mas sua escolha de projetos. Ele sempre procurou filmes que tivessem algo a dizer, que contribu\u00edssem para conversas importantes sobre sociedade, justi\u00e7a e humanidade. <strong>Washington<\/strong> tamb\u00e9m n\u00e3o tem medo de interpretar personagens complexos e at\u00e9 controversos, como mostrou em <strong>Dia de Treinamento<\/strong>.<\/p>\n\n\n\n<p><strong>Gladiador 2<\/strong> marcou o maior fim de semana de estreia da carreira de <strong>Denzel Washington<\/strong>, provando que ele continua atraindo p\u00fablico mesmo depois de tantos anos. Al\u00e9m disso, ele est\u00e1 sempre se reinventando, seja dirigindo filmes como <strong>Fences<\/strong> ou escolhendo projetos que desafiam suas habilidades. \u00c9 essa busca constante por excel\u00eancia que mant\u00e9m <strong>Denzel<\/strong> no topo da lista dos grandes atores de <strong>Hollywood<\/strong>.<\/p>\n\n\n\n<h2 class=\"wp-block-heading\">O que esperar do futuro deste \u00edcone do cinema?<\/h2>\n\n\n\n<p><strong>Denzel Washington<\/strong> n\u00e3o tem planos de parar t\u00e3o cedo. Al\u00e9m de <strong>Pantera Negra 3<\/strong>, ele revelou que vai interpretar <strong>Otelo<\/strong> aos 70 anos, depois <strong>Hannibal<\/strong>, e ainda est\u00e1 conversando com <strong>Steve McQueen<\/strong> sobre outro projeto. O cara literalmente tem a agenda cheia de projetos interessantes. \u00c9 impressionante como ele continua escolhendo desafios que o tiram da zona de conforto.<\/p>\n\n\n\n<p><strong>Washington<\/strong> tamb\u00e9m continua sendo uma inspira\u00e7\u00e3o para atores mais jovens, especialmente da comunidade negra. Sua \u00e9tica de trabalho e profissionalismo s\u00e3o lend\u00e1rios em <strong>Hollywood<\/strong>. Quando voc\u00ea v\u00ea ele em a\u00e7\u00e3o, fica claro por que diretores como <strong>Ridley Scott<\/strong> e <strong>Ryan Coogler<\/strong> fazem quest\u00e3o de trabalhar com ele. <strong>Denzel<\/strong> n\u00e3o \u00e9 s\u00f3 um ator, ele \u00e9 uma institui\u00e7\u00e3o do cinema que continua escrevendo sua hist\u00f3ria com letras douradas.<\/p>\n","protected":false},"excerpt":{"rendered":"<p>Denzel Washington \u00e9 daqueles atores que a gente s\u00f3 de ouvir o nome j\u00e1 sabe que vai ser algo especial. Com mais de quatro d\u00e9cadas de carreira, ele construiu um legado que poucos conseguem igualar em Hollywood. O cara simplesmente sabe como pegar qualquer papel e transformar em algo memor\u00e1vel. E o melhor de tudo [&hellip;]<\/p>\n","protected":false},"author":8,"featured_media":24587,"comment_status":"open","ping_status":"open","sticky":false,"template":"","format":"standard","meta":{"_yoast_wpseo_focuskw":"Denzel","_yoast_wpseo_title":"","_yoast_wpseo_metadesc":"Descubra o filme de Denzel Washington que chegou na Netflix. Um dos favoritos do p\u00fablico e da cr\u00edtica que voc\u00ea precisa assistir agora.","jnews-multi-image_gallery":[],"jnews_single_post":{"format":"standard"},"jnews_primary_category":[],"jnews_social_meta":[],"jnews_override_counter":[],"footnotes":""},"categories":[140],"post_tag":[3453,1734],"class_list":["post-24516","post","type-post","status-publish","format-standard","has-post-thumbnail","hentry","category-entretenimento","tag-denzel-washington","tag-netlifx"],"yoast_head":"<!-- This site is optimized with the Yoast SEO plugin v24.6 - https:\/\/yoast.com\/wordpress\/plugins\/seo\/ -->\n<title>Conhe\u00e7a os melhores filmes de Denzel Washington, segundo o p\u00fablico - Correio Braziliense - Radar<\/title>\n<meta name=\"description\" content=\"Descubra o filme de Denzel Washington que chegou na Netflix. Um dos favoritos do p\u00fablico e da cr\u00edtica que voc\u00ea precisa assistir agora.\" \/>\n<meta name=\"robots\" content=\"index, follow, max-snippet:-1, max-image-preview:large, max-video-preview:-1\" \/>\n<link rel=\"canonical\" href=\"https:\/\/www.correiobraziliense.com.br\/cbradar\/conheca-os-melhores-filmes-de-denzel-washington-segundo-o-publico\/\" \/>\n<meta property=\"og:locale\" content=\"pt_BR\" \/>\n<meta property=\"og:type\" content=\"article\" \/>\n<meta property=\"og:title\" content=\"Conhe\u00e7a os melhores filmes de Denzel Washington, segundo o p\u00fablico - Correio Braziliense - Radar\" \/>\n<meta property=\"og:description\" content=\"Descubra o filme de Denzel Washington que chegou na Netflix. Um dos favoritos do p\u00fablico e da cr\u00edtica que voc\u00ea precisa assistir agora.\" \/>\n<meta property=\"og:url\" content=\"https:\/\/www.correiobraziliense.com.br\/cbradar\/conheca-os-melhores-filmes-de-denzel-washington-segundo-o-publico\/\" \/>\n<meta property=\"og:site_name\" content=\"Correio Braziliense - Radar\" \/>\n<meta property=\"article:published_time\" content=\"2025-04-19T12:50:00+00:00\" \/>\n<meta property=\"article:modified_time\" content=\"2025-07-02T04:46:33+00:00\" \/>\n<meta property=\"og:image\" content=\"https:\/\/www.correiobraziliense.com.br\/cbradar\/wp-content\/uploads\/2025\/04\/Denzel-Washington_1744852717700.jpg\" \/>\n\t<meta property=\"og:image:width\" content=\"1280\" \/>\n\t<meta property=\"og:image:height\" content=\"720\" \/>\n\t<meta property=\"og:image:type\" content=\"image\/jpeg\" \/>\n<meta name=\"author\" content=\"Maura Pereira\" \/>\n<meta name=\"twitter:card\" content=\"summary_large_image\" \/>\n<meta name=\"twitter:label1\" content=\"Escrito por\" \/>\n\t<meta name=\"twitter:data1\" content=\"Maura Pereira\" \/>\n\t<meta name=\"twitter:label2\" content=\"Est. tempo de leitura\" \/>\n\t<meta name=\"twitter:data2\" content=\"5 minutos\" \/>\n<!-- \/ Yoast SEO plugin. -->","yoast_head_json":{"title":"Conhe\u00e7a os melhores filmes de Denzel Washington, segundo o p\u00fablico - Correio Braziliense - Radar","description":"Descubra o filme de Denzel Washington que chegou na Netflix. Um dos favoritos do p\u00fablico e da cr\u00edtica que voc\u00ea precisa assistir agora.","robots":{"index":"index","follow":"follow","max-snippet":"max-snippet:-1","max-image-preview":"max-image-preview:large","max-video-preview":"max-video-preview:-1"},"canonical":"https:\/\/www.correiobraziliense.com.br\/cbradar\/conheca-os-melhores-filmes-de-denzel-washington-segundo-o-publico\/","og_locale":"pt_BR","og_type":"article","og_title":"Conhe\u00e7a os melhores filmes de Denzel Washington, segundo o p\u00fablico - Correio Braziliense - Radar","og_description":"Descubra o filme de Denzel Washington que chegou na Netflix. Um dos favoritos do p\u00fablico e da cr\u00edtica que voc\u00ea precisa assistir agora.","og_url":"https:\/\/www.correiobraziliense.com.br\/cbradar\/conheca-os-melhores-filmes-de-denzel-washington-segundo-o-publico\/","og_site_name":"Correio Braziliense - Radar","article_published_time":"2025-04-19T12:50:00+00:00","article_modified_time":"2025-07-02T04:46:33+00:00","og_image":[{"width":1280,"height":720,"url":"https:\/\/www.correiobraziliense.com.br\/cbradar\/wp-content\/uploads\/2025\/04\/Denzel-Washington_1744852717700.jpg","type":"image\/jpeg"}],"author":"Maura Pereira","twitter_card":"summary_large_image","twitter_misc":{"Escrito por":"Maura Pereira","Est. tempo de leitura":"5 minutos"},"schema":{"@context":"https:\/\/schema.org","@graph":[{"@type":"WebPage","@id":"https:\/\/www.correiobraziliense.com.br\/cbradar\/conheca-os-melhores-filmes-de-denzel-washington-segundo-o-publico\/","url":"https:\/\/www.correiobraziliense.com.br\/cbradar\/conheca-os-melhores-filmes-de-denzel-washington-segundo-o-publico\/","name":"Conhe\u00e7a os melhores filmes de Denzel Washington, segundo o p\u00fablico - Correio Braziliense - Radar","isPartOf":{"@id":"https:\/\/www.correiobraziliense.com.br\/cbradar\/#website"},"primaryImageOfPage":{"@id":"https:\/\/www.correiobraziliense.com.br\/cbradar\/conheca-os-melhores-filmes-de-denzel-washington-segundo-o-publico\/#primaryimage"},"image":{"@id":"https:\/\/www.correiobraziliense.com.br\/cbradar\/conheca-os-melhores-filmes-de-denzel-washington-segundo-o-publico\/#primaryimage"},"thumbnailUrl":"https:\/\/www.correiobraziliense.com.br\/cbradar\/wp-content\/uploads\/2025\/04\/Denzel-Washington_1744852717700.jpg","datePublished":"2025-04-19T12:50:00+00:00","dateModified":"2025-07-02T04:46:33+00:00","author":{"@id":"https:\/\/www.correiobraziliense.com.br\/cbradar\/#\/schema\/person\/4053c651a9bfc785afc6f4cbc9032fd3"},"description":"Descubra o filme de Denzel Washington que chegou na Netflix. Um dos favoritos do p\u00fablico e da cr\u00edtica que voc\u00ea precisa assistir agora.","breadcrumb":{"@id":"https:\/\/www.correiobraziliense.com.br\/cbradar\/conheca-os-melhores-filmes-de-denzel-washington-segundo-o-publico\/#breadcrumb"},"inLanguage":"pt-BR","potentialAction":[{"@type":"ReadAction","target":["https:\/\/www.correiobraziliense.com.br\/cbradar\/conheca-os-melhores-filmes-de-denzel-washington-segundo-o-publico\/"]}]},{"@type":"ImageObject","inLanguage":"pt-BR","@id":"https:\/\/www.correiobraziliense.com.br\/cbradar\/conheca-os-melhores-filmes-de-denzel-washington-segundo-o-publico\/#primaryimage","url":"https:\/\/www.correiobraziliense.com.br\/cbradar\/wp-content\/uploads\/2025\/04\/Denzel-Washington_1744852717700.jpg","contentUrl":"https:\/\/www.correiobraziliense.com.br\/cbradar\/wp-content\/uploads\/2025\/04\/Denzel-Washington_1744852717700.jpg","width":1280,"height":720,"caption":"Denzel Washington \/\/ Cr\u00e9ditos: depositphotos.com \/ photoworksmedia"},{"@type":"BreadcrumbList","@id":"https:\/\/www.correiobraziliense.com.br\/cbradar\/conheca-os-melhores-filmes-de-denzel-washington-segundo-o-publico\/#breadcrumb","itemListElement":[{"@type":"ListItem","position":1,"name":"In\u00edcio","item":"https:\/\/www.correiobraziliense.com.br\/cbradar\/"},{"@type":"ListItem","position":2,"name":"Conhe\u00e7a os melhores filmes de Denzel Washington, segundo o p\u00fablico"}]},{"@type":"WebSite","@id":"https:\/\/www.correiobraziliense.com.br\/cbradar\/#website","url":"https:\/\/www.correiobraziliense.com.br\/cbradar\/","name":"Correio Braziliense - Radar","description":"Acompanhe as \u00faltimas not\u00edcias e fique bem informado sobre tudo o que acontece no Brasil e no mundo.","potentialAction":[{"@type":"SearchAction","target":{"@type":"EntryPoint","urlTemplate":"https:\/\/www.correiobraziliense.com.br\/cbradar\/?s={search_term_string}"},"query-input":{"@type":"PropertyValueSpecification","valueRequired":true,"valueName":"search_term_string"}}],"inLanguage":"pt-BR"},{"@type":"Person","@id":"https:\/\/www.correiobraziliense.com.br\/cbradar\/#\/schema\/person\/4053c651a9bfc785afc6f4cbc9032fd3","name":"Maura Pereira","image":{"@type":"ImageObject","inLanguage":"pt-BR","@id":"https:\/\/www.correiobraziliense.com.br\/cbradar\/#\/schema\/person\/image\/","url":"https:\/\/secure.gravatar.com\/avatar\/3effd6bdadfa447f15089c7f7144eaa6?s=96&d=mm&r=g","contentUrl":"https:\/\/secure.gravatar.com\/avatar\/3effd6bdadfa447f15089c7f7144eaa6?s=96&d=mm&r=g","caption":"Maura Pereira"},"sameAs":["https:\/\/www.correiobraziliense.com.br\/"],"url":"https:\/\/www.correiobraziliense.com.br\/cbradar\/author\/mauramyth\/"}]}},"_links":{"self":[{"href":"https:\/\/www.correiobraziliense.com.br\/cbradar\/wp-json\/wp\/v2\/posts\/24516","targetHints":{"allow":["GET"]}}],"collection":[{"href":"https:\/\/www.correiobraziliense.com.br\/cbradar\/wp-json\/wp\/v2\/posts"}],"about":[{"href":"https:\/\/www.correiobraziliense.com.br\/cbradar\/wp-json\/wp\/v2\/types\/post"}],"author":[{"embeddable":true,"href":"https:\/\/www.correiobraziliense.com.br\/cbradar\/wp-json\/wp\/v2\/users\/8"}],"replies":[{"embeddable":true,"href":"https:\/\/www.correiobraziliense.com.br\/cbradar\/wp-json\/wp\/v2\/comments?post=24516"}],"version-history":[{"count":12,"href":"https:\/\/www.correiobraziliense.com.br\/cbradar\/wp-json\/wp\/v2\/posts\/24516\/revisions"}],"predecessor-version":[{"id":63010,"href":"https:\/\/www.correiobraziliense.com.br\/cbradar\/wp-json\/wp\/v2\/posts\/24516\/revisions\/63010"}],"wp:featuredmedia":[{"embeddable":true,"href":"https:\/\/www.correiobraziliense.com.br\/cbradar\/wp-json\/wp\/v2\/media\/24587"}],"wp:attachment":[{"href":"https:\/\/www.correiobraziliense.com.br\/cbradar\/wp-json\/wp\/v2\/media?parent=24516"}],"wp:term":[{"taxonomy":"category","embeddable":true,"href":"https:\/\/www.correiobraziliense.com.br\/cbradar\/wp-json\/wp\/v2\/categories?post=24516"},{"taxonomy":"post_tag","embeddable":true,"href":"https:\/\/www.correiobraziliense.com.br\/cbradar\/wp-json\/wp\/v2\/post_tag?post=24516"}],"curies":[{"name":"wp","href":"https:\/\/api.w.org\/{rel}","templated":true}]}}