{"id":24563,"date":"2025-04-18T22:50:00","date_gmt":"2025-04-19T01:50:00","guid":{"rendered":"https:\/\/www.correiobraziliense.com.br\/cbradar\/?p=24563"},"modified":"2025-04-17T18:19:00","modified_gmt":"2025-04-17T21:19:00","slug":"conheca-a-cidade-que-decidiu-parar-de-crescer-e-focar-na-qualidade-de-vida","status":"publish","type":"post","link":"https:\/\/www.correiobraziliense.com.br\/cbradar\/conheca-a-cidade-que-decidiu-parar-de-crescer-e-focar-na-qualidade-de-vida\/","title":{"rendered":"Conhe\u00e7a a cidade que decidiu parar de crescer e focar na qualidade de vida"},"content":{"rendered":"\n<p>Enquanto muitas cidades apostam na expans\u00e3o sem limites, <strong>Portland<\/strong>, no estado do <strong>Oregon, EUA<\/strong>, seguiu o caminho oposto: <strong>decidiu conter seu crescimento urbano para priorizar qualidade de vida, sustentabilidade e bem-estar coletivo<\/strong>.<\/p>\n\n\n\n<p>Com pol\u00edticas de planejamento r\u00edgidas e foco em comunidades locais, a cidade implementou uma <strong>\u201clinha urbana de crescimento\u201d<\/strong> que <strong>impede a ocupa\u00e7\u00e3o desenfreada do territ\u00f3rio<\/strong> e protege \u00e1reas verdes ao redor.<\/p>\n\n\n\n<h2 class=\"wp-block-heading\">Como Portland freou sua expans\u00e3o urbana?<\/h2>\n\n\n\n<ul class=\"wp-block-list\">\n<li>Desde a d\u00e9cada de 1970, a cidade adota uma pol\u00edtica chamada <strong>Urban Growth Boundary (UGB)<\/strong> \u2014 uma esp\u00e9cie de \u201cmuro invis\u00edvel\u201d que <strong>limita legalmente onde a cidade pode crescer<\/strong><\/li>\n\n\n\n<li>Dentro da UGB, a prioridade \u00e9 <strong>densificar com intelig\u00eancia<\/strong>, aproveitando \u00e1reas j\u00e1 urbanizadas e melhorando a infraestrutura existente<\/li>\n\n\n\n<li>Fora da linha, <strong>campos agr\u00edcolas, florestas e parques s\u00e3o preservados<\/strong>, impedindo o avan\u00e7o de novos bairros e empreendimentos<\/li>\n\n\n\n<li>O foco \u00e9 em <strong>moradia acess\u00edvel, transporte sustent\u00e1vel, energia limpa e vida comunit\u00e1ria ativa<\/strong><\/li>\n\n\n\n<li>A cidade tamb\u00e9m investe em <strong>zonas de pedestres, ciclovias, transporte coletivo e bairros autossuficientes<\/strong><\/li>\n<\/ul>\n\n\n\n<p>Com isso, Portland tornou-se uma refer\u00eancia mundial em <strong>planejamento urbano progressista<\/strong>.<\/p>\n\n\n\n<figure class=\"wp-block-image size-large\"><img decoding=\"async\" width=\"1024\" height=\"576\" src=\"https:\/\/www.correiobraziliense.com.br\/cbradar\/wp-content\/uploads\/2025\/04\/Portland_1744848539307-1024x576.jpg\" alt=\"Conhe\u00e7a a cidade que decidiu parar de crescer e focar na qualidade de vida\" class=\"wp-image-24565\" srcset=\"https:\/\/www.correiobraziliense.com.br\/cbradar\/wp-content\/uploads\/2025\/04\/Portland_1744848539307-1024x576.jpg 1024w, https:\/\/www.correiobraziliense.com.br\/cbradar\/wp-content\/uploads\/2025\/04\/Portland_1744848539307-300x169.jpg 300w, https:\/\/www.correiobraziliense.com.br\/cbradar\/wp-content\/uploads\/2025\/04\/Portland_1744848539307-768x432.jpg 768w, https:\/\/www.correiobraziliense.com.br\/cbradar\/wp-content\/uploads\/2025\/04\/Portland_1744848539307-750x422.jpg 750w, https:\/\/www.correiobraziliense.com.br\/cbradar\/wp-content\/uploads\/2025\/04\/Portland_1744848539307-1140x641.jpg 1140w, https:\/\/www.correiobraziliense.com.br\/cbradar\/wp-content\/uploads\/2025\/04\/Portland_1744848539307.jpg 1280w\" sizes=\"(max-width: 1024px) 100vw, 1024px\" \/><figcaption class=\"wp-element-caption\">Portland. Cr\u00e9ditos: depositphotos.com \/ Rigucci<\/figcaption><\/figure>\n\n\n\n<h2 class=\"wp-block-heading\">Por que Portland adotou essa estrat\u00e9gia?<\/h2>\n\n\n\n<p>A decis\u00e3o foi tomada com base em metas de longo prazo, visando:<\/p>\n\n\n\n<ul class=\"wp-block-list\">\n<li><strong>Evitar a cria\u00e7\u00e3o de \u201ccidades-dormit\u00f3rio\u201d e o uso excessivo de carros<\/strong><\/li>\n\n\n\n<li>Proteger o meio ambiente e a <strong>agricultura familiar nos arredores<\/strong><\/li>\n\n\n\n<li>Reduzir a segrega\u00e7\u00e3o social causada por expans\u00e3o descontrolada<\/li>\n\n\n\n<li>Estimular <strong>bairros vivos, caminh\u00e1veis e bem servidos de servi\u00e7os locais<\/strong><\/li>\n\n\n\n<li>Criar um modelo urbano que valoriza <strong>o humano acima do concreto<\/strong><\/li>\n<\/ul>\n\n\n\n<p>Portland decidiu que <strong>crescer com equil\u00edbrio \u00e9 melhor do que crescer sem freio.<\/strong><\/p>\n\n\n\n<h2 class=\"wp-block-heading\">Curiosidades sobre Portland e seu modelo de crescimento<\/h2>\n\n\n\n<ul class=\"wp-block-list\">\n<li>A cidade \u00e9 conhecida como uma das <strong>mais ecol\u00f3gicas e bike-friendly dos EUA<\/strong><\/li>\n\n\n\n<li>O \u201cn\u00e3o crescimento horizontal\u201d impulsionou a cria\u00e7\u00e3o de <strong>microbairros autossuficientes<\/strong> com mercados, escolas e pra\u00e7as<\/li>\n\n\n\n<li>Portland foi uma das primeiras a criar <strong>zonas de \u201c20-Minute Neighborhoods\u201d<\/strong>, onde tudo essencial fica a no m\u00e1ximo 20 minutos a p\u00e9 ou de bike<\/li>\n\n\n\n<li>O modelo j\u00e1 foi estudado e replicado em cidades como <strong>Vancouver, Melbourne e Curitiba<\/strong><\/li>\n\n\n\n<li>A popula\u00e7\u00e3o apoia majoritariamente o conceito, reconhecendo os benef\u00edcios para o cotidiano<\/li>\n<\/ul>\n\n\n\n<p>Portland mostra que <strong>qualidade de vida n\u00e3o \u00e9 medida em metros quadrados urbanizados \u2014 mas em tempo, sa\u00fade, natureza e rela\u00e7\u00f5es humanas mais pr\u00f3ximas.<\/strong><\/p>\n","protected":false},"excerpt":{"rendered":"<p>Em Portland, o crescimento urbano foi limitado por lei para proteger a qualidade de vida. Conhe\u00e7a a cidade americana que trocou expans\u00e3o por equil\u00edbrio.<\/p>\n","protected":false},"author":3,"featured_media":24564,"comment_status":"open","ping_status":"open","sticky":false,"template":"","format":"standard","meta":{"_yoast_wpseo_focuskw":"cidade parar de crescer","_yoast_wpseo_title":"%%title%%","_yoast_wpseo_metadesc":"Em Portland, o crescimento urbano foi limitado por lei para proteger a qualidade de vida. Conhe\u00e7a a cidade americana que trocou expans\u00e3o por equil\u00edbrio.","jnews-multi-image_gallery":[],"jnews_single_post":{"format":"standard"},"jnews_primary_category":[],"jnews_social_meta":[],"jnews_override_counter":[],"footnotes":""},"categories":[108],"tags":[109],"class_list":["post-24563","post","type-post","status-publish","format-standard","has-post-thumbnail","hentry","category-cidades","tag-cidades"],"yoast_head":"<!-- This site is optimized with the Yoast SEO plugin v24.6 - https:\/\/yoast.com\/wordpress\/plugins\/seo\/ -->\n<title>Conhe\u00e7a a cidade que decidiu parar de crescer e focar na qualidade de vida<\/title>\n<meta name=\"description\" content=\"Em Portland, o crescimento urbano foi limitado por lei para proteger a qualidade de vida. Conhe\u00e7a a cidade americana que trocou expans\u00e3o por equil\u00edbrio.\" \/>\n<meta name=\"robots\" content=\"index, follow, max-snippet:-1, max-image-preview:large, max-video-preview:-1\" \/>\n<link rel=\"canonical\" href=\"https:\/\/www.correiobraziliense.com.br\/cbradar\/conheca-a-cidade-que-decidiu-parar-de-crescer-e-focar-na-qualidade-de-vida\/\" \/>\n<meta property=\"og:locale\" content=\"pt_BR\" \/>\n<meta property=\"og:type\" content=\"article\" \/>\n<meta property=\"og:title\" content=\"Conhe\u00e7a a cidade que decidiu parar de crescer e focar na qualidade de vida\" \/>\n<meta property=\"og:description\" content=\"Em Portland, o crescimento urbano foi limitado por lei para proteger a qualidade de vida. Conhe\u00e7a a cidade americana que trocou expans\u00e3o por equil\u00edbrio.\" \/>\n<meta property=\"og:url\" content=\"https:\/\/www.correiobraziliense.com.br\/cbradar\/conheca-a-cidade-que-decidiu-parar-de-crescer-e-focar-na-qualidade-de-vida\/\" \/>\n<meta property=\"og:site_name\" content=\"Correio Braziliense - Radar\" \/>\n<meta property=\"article:published_time\" content=\"2025-04-19T01:50:00+00:00\" \/>\n<meta property=\"og:image\" content=\"https:\/\/www.correiobraziliense.com.br\/cbradar\/wp-content\/uploads\/2025\/04\/Portland_1744848506007.jpg\" \/>\n\t<meta property=\"og:image:width\" content=\"1280\" \/>\n\t<meta property=\"og:image:height\" content=\"720\" \/>\n\t<meta property=\"og:image:type\" content=\"image\/jpeg\" \/>\n<meta name=\"author\" content=\"Larissa Carvalho\" \/>\n<meta name=\"twitter:card\" content=\"summary_large_image\" \/>\n<meta name=\"twitter:label1\" content=\"Escrito por\" \/>\n\t<meta name=\"twitter:data1\" content=\"Larissa Carvalho\" \/>\n\t<meta name=\"twitter:label2\" content=\"Est. tempo de leitura\" \/>\n\t<meta name=\"twitter:data2\" content=\"3 minutos\" \/>\n<!-- \/ Yoast SEO plugin. -->","yoast_head_json":{"title":"Conhe\u00e7a a cidade que decidiu parar de crescer e focar na qualidade de vida","description":"Em Portland, o crescimento urbano foi limitado por lei para proteger a qualidade de vida. Conhe\u00e7a a cidade americana que trocou expans\u00e3o por equil\u00edbrio.","robots":{"index":"index","follow":"follow","max-snippet":"max-snippet:-1","max-image-preview":"max-image-preview:large","max-video-preview":"max-video-preview:-1"},"canonical":"https:\/\/www.correiobraziliense.com.br\/cbradar\/conheca-a-cidade-que-decidiu-parar-de-crescer-e-focar-na-qualidade-de-vida\/","og_locale":"pt_BR","og_type":"article","og_title":"Conhe\u00e7a a cidade que decidiu parar de crescer e focar na qualidade de vida","og_description":"Em Portland, o crescimento urbano foi limitado por lei para proteger a qualidade de vida. Conhe\u00e7a a cidade americana que trocou expans\u00e3o por equil\u00edbrio.","og_url":"https:\/\/www.correiobraziliense.com.br\/cbradar\/conheca-a-cidade-que-decidiu-parar-de-crescer-e-focar-na-qualidade-de-vida\/","og_site_name":"Correio Braziliense - Radar","article_published_time":"2025-04-19T01:50:00+00:00","og_image":[{"width":1280,"height":720,"url":"https:\/\/www.correiobraziliense.com.br\/cbradar\/wp-content\/uploads\/2025\/04\/Portland_1744848506007.jpg","type":"image\/jpeg"}],"author":"Larissa Carvalho","twitter_card":"summary_large_image","twitter_misc":{"Escrito por":"Larissa Carvalho","Est. tempo de leitura":"3 minutos"},"schema":{"@context":"https:\/\/schema.org","@graph":[{"@type":"WebPage","@id":"https:\/\/www.correiobraziliense.com.br\/cbradar\/conheca-a-cidade-que-decidiu-parar-de-crescer-e-focar-na-qualidade-de-vida\/","url":"https:\/\/www.correiobraziliense.com.br\/cbradar\/conheca-a-cidade-que-decidiu-parar-de-crescer-e-focar-na-qualidade-de-vida\/","name":"Conhe\u00e7a a cidade que decidiu parar de crescer e focar na qualidade de vida","isPartOf":{"@id":"https:\/\/www.correiobraziliense.com.br\/cbradar\/#website"},"primaryImageOfPage":{"@id":"https:\/\/www.correiobraziliense.com.br\/cbradar\/conheca-a-cidade-que-decidiu-parar-de-crescer-e-focar-na-qualidade-de-vida\/#primaryimage"},"image":{"@id":"https:\/\/www.correiobraziliense.com.br\/cbradar\/conheca-a-cidade-que-decidiu-parar-de-crescer-e-focar-na-qualidade-de-vida\/#primaryimage"},"thumbnailUrl":"https:\/\/www.correiobraziliense.com.br\/cbradar\/wp-content\/uploads\/2025\/04\/Portland_1744848506007.jpg","datePublished":"2025-04-19T01:50:00+00:00","author":{"@id":"https:\/\/www.correiobraziliense.com.br\/cbradar\/#\/schema\/person\/58422787644df994b53a19d3e56c1513"},"description":"Em Portland, o crescimento urbano foi limitado por lei para proteger a qualidade de vida. Conhe\u00e7a a cidade americana que trocou expans\u00e3o por equil\u00edbrio.","breadcrumb":{"@id":"https:\/\/www.correiobraziliense.com.br\/cbradar\/conheca-a-cidade-que-decidiu-parar-de-crescer-e-focar-na-qualidade-de-vida\/#breadcrumb"},"inLanguage":"pt-BR","potentialAction":[{"@type":"ReadAction","target":["https:\/\/www.correiobraziliense.com.br\/cbradar\/conheca-a-cidade-que-decidiu-parar-de-crescer-e-focar-na-qualidade-de-vida\/"]}]},{"@type":"ImageObject","inLanguage":"pt-BR","@id":"https:\/\/www.correiobraziliense.com.br\/cbradar\/conheca-a-cidade-que-decidiu-parar-de-crescer-e-focar-na-qualidade-de-vida\/#primaryimage","url":"https:\/\/www.correiobraziliense.com.br\/cbradar\/wp-content\/uploads\/2025\/04\/Portland_1744848506007.jpg","contentUrl":"https:\/\/www.correiobraziliense.com.br\/cbradar\/wp-content\/uploads\/2025\/04\/Portland_1744848506007.jpg","width":1280,"height":720,"caption":"Portland. Cr\u00e9ditos: depositphotos.com \/ sepavone"},{"@type":"BreadcrumbList","@id":"https:\/\/www.correiobraziliense.com.br\/cbradar\/conheca-a-cidade-que-decidiu-parar-de-crescer-e-focar-na-qualidade-de-vida\/#breadcrumb","itemListElement":[{"@type":"ListItem","position":1,"name":"In\u00edcio","item":"https:\/\/www.correiobraziliense.com.br\/cbradar\/"},{"@type":"ListItem","position":2,"name":"Conhe\u00e7a a cidade que decidiu parar de crescer e focar na qualidade de vida"}]},{"@type":"WebSite","@id":"https:\/\/www.correiobraziliense.com.br\/cbradar\/#website","url":"https:\/\/www.correiobraziliense.com.br\/cbradar\/","name":"Correio Braziliense - Radar","description":"Acompanhe as \u00faltimas not\u00edcias e fique bem informado sobre tudo o que acontece no Brasil e no mundo.","potentialAction":[{"@type":"SearchAction","target":{"@type":"EntryPoint","urlTemplate":"https:\/\/www.correiobraziliense.com.br\/cbradar\/?s={search_term_string}"},"query-input":{"@type":"PropertyValueSpecification","valueRequired":true,"valueName":"search_term_string"}}],"inLanguage":"pt-BR"},{"@type":"Person","@id":"https:\/\/www.correiobraziliense.com.br\/cbradar\/#\/schema\/person\/58422787644df994b53a19d3e56c1513","name":"Larissa Carvalho","image":{"@type":"ImageObject","inLanguage":"pt-BR","@id":"https:\/\/www.correiobraziliense.com.br\/cbradar\/#\/schema\/person\/image\/","url":"https:\/\/secure.gravatar.com\/avatar\/fe4f91a0de32b52a838d0d612abdc1aa?s=96&d=mm&r=g","contentUrl":"https:\/\/secure.gravatar.com\/avatar\/fe4f91a0de32b52a838d0d612abdc1aa?s=96&d=mm&r=g","caption":"Larissa Carvalho"},"url":"https:\/\/www.correiobraziliense.com.br\/cbradar\/author\/larissamyth\/"}]}},"_links":{"self":[{"href":"https:\/\/www.correiobraziliense.com.br\/cbradar\/wp-json\/wp\/v2\/posts\/24563","targetHints":{"allow":["GET"]}}],"collection":[{"href":"https:\/\/www.correiobraziliense.com.br\/cbradar\/wp-json\/wp\/v2\/posts"}],"about":[{"href":"https:\/\/www.correiobraziliense.com.br\/cbradar\/wp-json\/wp\/v2\/types\/post"}],"author":[{"embeddable":true,"href":"https:\/\/www.correiobraziliense.com.br\/cbradar\/wp-json\/wp\/v2\/users\/3"}],"replies":[{"embeddable":true,"href":"https:\/\/www.correiobraziliense.com.br\/cbradar\/wp-json\/wp\/v2\/comments?post=24563"}],"version-history":[{"count":1,"href":"https:\/\/www.correiobraziliense.com.br\/cbradar\/wp-json\/wp\/v2\/posts\/24563\/revisions"}],"predecessor-version":[{"id":24566,"href":"https:\/\/www.correiobraziliense.com.br\/cbradar\/wp-json\/wp\/v2\/posts\/24563\/revisions\/24566"}],"wp:featuredmedia":[{"embeddable":true,"href":"https:\/\/www.correiobraziliense.com.br\/cbradar\/wp-json\/wp\/v2\/media\/24564"}],"wp:attachment":[{"href":"https:\/\/www.correiobraziliense.com.br\/cbradar\/wp-json\/wp\/v2\/media?parent=24563"}],"wp:term":[{"taxonomy":"category","embeddable":true,"href":"https:\/\/www.correiobraziliense.com.br\/cbradar\/wp-json\/wp\/v2\/categories?post=24563"},{"taxonomy":"post_tag","embeddable":true,"href":"https:\/\/www.correiobraziliense.com.br\/cbradar\/wp-json\/wp\/v2\/tags?post=24563"}],"curies":[{"name":"wp","href":"https:\/\/api.w.org\/{rel}","templated":true}]}}