{"id":2458,"date":"2025-02-14T09:50:00","date_gmt":"2025-02-14T12:50:00","guid":{"rendered":"https:\/\/www.correiobraziliense.com.br\/cbradar\/?p=2458"},"modified":"2025-06-28T01:38:50","modified_gmt":"2025-06-28T04:38:50","slug":"ator-brasileiro-foi-escalado-para-um-novo-filme-em-hollywood","status":"publish","type":"post","link":"https:\/\/www.correiobraziliense.com.br\/cbradar\/ator-brasileiro-foi-escalado-para-um-novo-filme-em-hollywood\/","title":{"rendered":"Ator brasileiro foi escalado para um novo filme em Hollywood"},"content":{"rendered":"\n<p>O ator brasileiro <strong><a href=\"https:\/\/www.imdb.com\/pt\/name\/nm0578080\/?ref_=nv_sr_srsg_0_tt_6_nm_2_in_0_q_Selton%2520Mello\" target=\"_blank\" rel=\"noreferrer noopener\">Selton Mello<\/a><\/strong>, de 52 anos, est\u00e1 vivendo um momento \u00fanico em sua carreira ao conquistar <strong>Hollywood<\/strong> com sua participa\u00e7\u00e3o no novo filme <strong>&#8220;Anaconda&#8221;<\/strong>. Recentemente, o artista compartilhou fotos dos bastidores da produ\u00e7\u00e3o, mostrando momentos descontra\u00eddos ao lado de grandes estrelas como <strong>Jack Black<\/strong> e <strong>Thandiwe Newton<\/strong>. As imagens, capturadas durante as filmagens em um barco, revelam a qu\u00edmica e camaradagem entre o elenco internacional.<\/p>\n\n\n\n<p>O novo <strong>&#8220;Anaconda&#8221;<\/strong> conta com um elenco impressionante que inclui <strong>Paul Rudd<\/strong>, <strong>Steve Zahn<\/strong> e <strong>Ione Skye<\/strong>, prometendo uma abordagem totalmente diferente do <a href=\"https:\/\/www.correiobraziliense.com.br\/cbradar\/ex-lutador-se-torna-um-dos-astros-mais-ricos-de-hollywood\/\" target=\"_blank\" rel=\"noreferrer noopener\">filme<\/a> original de 1997. Esta nova vers\u00e3o mistura a\u00e7\u00e3o, com\u00e9dia e reflex\u00f5es sobre a vida adulta, cria<\/p>\n\n\n\n<h2 class=\"wp-block-heading\"><strong>Qual \u00e9 a abordagem do novo filme &#8220;Anaconda&#8221;?<\/strong><\/h2>\n\n\n\n<p>Dirigido por <strong>Tom Gormican<\/strong>, conhecido por seu trabalho em &#8220;<strong>O Peso do Talento<\/strong>&#8220;, esta nova vers\u00e3o de &#8220;Anaconda&#8221; promete uma abordagem distinta do filme original. Enquanto a produ\u00e7\u00e3o dos anos <strong>1990 <\/strong>focava em uma equipe de exploradores no Amazonas sendo ca\u00e7ada por uma anaconda monstruosa, a nova vers\u00e3o mistura elementos de a\u00e7\u00e3o, com\u00e9dia e uma reflex\u00e3o sobre a vida na meia-idade. Essa combina\u00e7\u00e3o de g\u00eaneros visa oferecer uma experi\u00eancia cinematogr\u00e1fica \u00fanica e envolvente.<\/p>\n\n\n\n<figure class=\"wp-block-embed aligncenter is-type-video is-provider-youtube wp-block-embed-youtube wp-embed-aspect-16-9 wp-has-aspect-ratio\"><div class=\"wp-block-embed__wrapper\">\n<div class=\"jeg_video_container jeg_video_content\"><iframe loading=\"lazy\" title=\"ANACONDA \u2013 Official Cast Announcement\" width=\"500\" height=\"281\" src=\"https:\/\/www.youtube.com\/embed\/oOm-JFPkMvc?feature=oembed\" frameborder=\"0\" allow=\"accelerometer; autoplay; clipboard-write; encrypted-media; gyroscope; picture-in-picture; web-share\" referrerpolicy=\"strict-origin-when-cross-origin\" allowfullscreen><\/iframe><\/div>\n<\/div><\/figure>\n\n\n\n<h2 class=\"wp-block-heading\"><strong>Qual ser\u00e1 o papel de Selton Mello no filme?<\/strong><\/h2>\n\n\n\n<p>Selton Mello, com sua vasta experi\u00eancia no cinema e na televis\u00e3o, traz uma nova dimens\u00e3o ao filme com seu papel de cuidador de animais. Sua presen\u00e7a promete adicionar um elemento de humor e leveza \u00e0 trama, equilibrando os momentos de tens\u00e3o e perigo com toques de com\u00e9dia. A escolha de Mello para este papel reflete a inten\u00e7\u00e3o dos produtores de criar uma narrativa que seja tanto emocionante quanto divertida.<\/p>\n\n\n\n<h2 class=\"wp-block-heading\"><strong>O que esperar da estreia?<\/strong><\/h2>\n\n\n\n<p>A estreia do novo &#8220;Anaconda&#8221; est\u00e1 marcada para o dia <strong>25 de dezembro de 2025<\/strong>, uma data que promete atrair tanto os f\u00e3s do filme original quanto uma nova gera\u00e7\u00e3o de espectadores. Com um elenco estelar e uma abordagem inovadora, a expectativa \u00e9 que o filme ofere\u00e7a uma experi\u00eancia cinematogr\u00e1fica memor\u00e1vel. A combina\u00e7\u00e3o de a\u00e7\u00e3o, com\u00e9dia e introspec\u00e7\u00e3o sobre a meia-idade promete ressoar com um p\u00fablico diversificado.<\/p>\n\n\n\n<h2 class=\"wp-block-heading\">Como <strong>&#8220;Anaconda&#8221;<\/strong> representa um marco na carreira do ator?<\/h2>\n\n\n\n<p>Esta participa\u00e7\u00e3o em <strong>&#8220;Anaconda&#8221;<\/strong> marca oficialmente a estreia de <strong>Selton Mello<\/strong> em produ\u00e7\u00f5es de <strong>Hollywood<\/strong>, representando um passo importante na internacionaliza\u00e7\u00e3o de sua carreira. O projeto surge em um momento especial, logo ap\u00f3s o sucesso de <strong>&#8220;Ainda Estou Aqui&#8221;<\/strong>, que est\u00e1 concorrendo ao <strong>Oscar<\/strong> e elevou o perfil do ator no cen\u00e1rio mundial. Trabalhar ao lado de estrelas consagradas como <strong>Jack Black<\/strong> e <strong>Paul Rudd<\/strong> oferece ao ator brasileiro uma plataforma \u00fanica para mostrar seu talento para p\u00fablicos globais.<\/p>\n\n\n\n<p>O pr\u00f3prio <strong>Selton<\/strong> expressou sua empolga\u00e7\u00e3o com esta nova fase, descrevendo o projeto como uma oportunidade de expans\u00e3o pessoal e art\u00edstica. Em suas palavras, ele est\u00e1 &#8220;expandindo para outros lugares e por dentro&#8221;, demonstrando como esta experi\u00eancia internacional representa crescimento tanto profissional quanto pessoal em sua jornada como artista.<\/p>\n\n\n\n<h2 class=\"wp-block-heading\">Perguntas Frequentes (FAQ)<\/h2>\n\n\n\n<p><strong>O que \u00e9 o novo filme &#8220;Anaconda&#8221;?<\/strong> \u00c9 uma releitura c\u00f4mica da franquia de terror original, focando em aventura e humor em vez de apenas suspense.<\/p>\n\n\n\n<p><strong>Qual personagem Selton Mello interpreta?<\/strong> Ele vive <strong>Santiago Braba<\/strong>, um tratador de animais brasileiro que ajuda o grupo em sua aventura.<\/p>\n\n\n\n<p><strong>Quando o filme ser\u00e1 lan\u00e7ado?<\/strong> A estreia est\u00e1 marcada para 25 de dezembro de 2025, durante as festividades de <strong>Natal<\/strong>.<\/p>\n\n\n\n<p><strong>Onde foram realizadas as filmagens?<\/strong> A produ\u00e7\u00e3o aconteceu na <strong>Austr\u00e1lia<\/strong>, com apoio do governo local atrav\u00e9s da <strong>Screen Queensland<\/strong>.<\/p>\n\n\n\n<p><strong>Quem mais participa do elenco?<\/strong> <strong>Jack Black<\/strong>, <strong>Paul Rudd<\/strong>, <strong>Thandiwe Newton<\/strong>, <strong>Steve Zahn<\/strong> e <strong>Ione Skye<\/strong> completam o elenco principal.<\/p>\n\n\n\n<p><strong>Como este filme se conecta com o original?<\/strong> \u00c9 uma reimagina\u00e7\u00e3o moderna que mant\u00e9m o conceito de cobras gigantes, mas com abordagem c\u00f4mica e reflexiva sobre a vida adulta.<\/p>\n\n\n\n<p><strong>Selton Mello<\/strong> continua surpreendendo e conquistando novos horizontes, levando o talento brasileiro para o mundo. Sua participa\u00e7\u00e3o em <strong>&#8220;Anaconda&#8221;<\/strong> n\u00e3o apenas representa uma conquista pessoal, mas tamb\u00e9m abre caminhos para outros artistas nacionais em produ\u00e7\u00f5es internacionais, fortalecendo a presen\u00e7a do Brasil no cinema mundial.<\/p>\n","protected":false},"excerpt":{"rendered":"<p>O ator brasileiro Selton Mello, de 52 anos, est\u00e1 vivendo um momento \u00fanico em sua carreira ao conquistar Hollywood com sua participa\u00e7\u00e3o no novo filme &#8220;Anaconda&#8221;. Recentemente, o artista compartilhou fotos dos bastidores da produ\u00e7\u00e3o, mostrando momentos descontra\u00eddos ao lado de grandes estrelas como Jack Black e Thandiwe Newton. As imagens, capturadas durante as filmagens [&hellip;]<\/p>\n","protected":false},"author":8,"featured_media":2497,"comment_status":"open","ping_status":"open","sticky":false,"template":"","format":"standard","meta":{"_yoast_wpseo_focuskw":"Anaconda","_yoast_wpseo_title":"","_yoast_wpseo_metadesc":"Um renomado ator brasileiro foi escalado para o novo filme de Anaconda. Entenda o enredo e confira v\u00eddeo direto dos bastidores do filme.","jnews-multi-image_gallery":[],"jnews_single_post":{"format":"standard"},"jnews_primary_category":[],"jnews_social_meta":[],"jnews_override_counter":[],"footnotes":""},"categories":[128,140,169],"post_tag":[672,504,673],"class_list":["post-2458","post","type-post","status-publish","format-standard","has-post-thumbnail","hentry","category-economia","category-entretenimento","category-noticias","tag-anaconda","tag-ator","tag-selton-mello"],"yoast_head":"<!-- This site is optimized with the Yoast SEO plugin v24.6 - https:\/\/yoast.com\/wordpress\/plugins\/seo\/ -->\n<title>Ator brasileiro foi escalado para um novo filme em Hollywood - Correio Braziliense - Radar<\/title>\n<meta name=\"description\" content=\"Um renomado ator brasileiro foi escalado para o novo filme de Anaconda. Entenda o enredo e confira v\u00eddeo direto dos bastidores do filme.\" \/>\n<meta name=\"robots\" content=\"index, follow, max-snippet:-1, max-image-preview:large, max-video-preview:-1\" \/>\n<link rel=\"canonical\" href=\"https:\/\/www.correiobraziliense.com.br\/cbradar\/ator-brasileiro-foi-escalado-para-um-novo-filme-em-hollywood\/\" \/>\n<meta property=\"og:locale\" content=\"pt_BR\" \/>\n<meta property=\"og:type\" content=\"article\" \/>\n<meta property=\"og:title\" content=\"Ator brasileiro foi escalado para um novo filme em Hollywood - Correio Braziliense - Radar\" \/>\n<meta property=\"og:description\" content=\"Um renomado ator brasileiro foi escalado para o novo filme de Anaconda. Entenda o enredo e confira v\u00eddeo direto dos bastidores do filme.\" \/>\n<meta property=\"og:url\" content=\"https:\/\/www.correiobraziliense.com.br\/cbradar\/ator-brasileiro-foi-escalado-para-um-novo-filme-em-hollywood\/\" \/>\n<meta property=\"og:site_name\" content=\"Correio Braziliense - Radar\" \/>\n<meta property=\"article:published_time\" content=\"2025-02-14T12:50:00+00:00\" \/>\n<meta property=\"article:modified_time\" content=\"2025-06-28T04:38:50+00:00\" \/>\n<meta property=\"og:image\" content=\"https:\/\/www.correiobraziliense.com.br\/cbradar\/wp-content\/uploads\/2025\/02\/Design-sem-nome-9.png\" \/>\n\t<meta property=\"og:image:width\" content=\"1280\" \/>\n\t<meta property=\"og:image:height\" content=\"720\" \/>\n\t<meta property=\"og:image:type\" content=\"image\/png\" \/>\n<meta name=\"author\" content=\"Maura Pereira\" \/>\n<meta name=\"twitter:card\" content=\"summary_large_image\" \/>\n<meta name=\"twitter:label1\" content=\"Escrito por\" \/>\n\t<meta name=\"twitter:data1\" content=\"Maura Pereira\" \/>\n\t<meta name=\"twitter:label2\" content=\"Est. tempo de leitura\" \/>\n\t<meta name=\"twitter:data2\" content=\"4 minutos\" \/>\n<!-- \/ Yoast SEO plugin. -->","yoast_head_json":{"title":"Ator brasileiro foi escalado para um novo filme em Hollywood - Correio Braziliense - Radar","description":"Um renomado ator brasileiro foi escalado para o novo filme de Anaconda. Entenda o enredo e confira v\u00eddeo direto dos bastidores do filme.","robots":{"index":"index","follow":"follow","max-snippet":"max-snippet:-1","max-image-preview":"max-image-preview:large","max-video-preview":"max-video-preview:-1"},"canonical":"https:\/\/www.correiobraziliense.com.br\/cbradar\/ator-brasileiro-foi-escalado-para-um-novo-filme-em-hollywood\/","og_locale":"pt_BR","og_type":"article","og_title":"Ator brasileiro foi escalado para um novo filme em Hollywood - Correio Braziliense - Radar","og_description":"Um renomado ator brasileiro foi escalado para o novo filme de Anaconda. Entenda o enredo e confira v\u00eddeo direto dos bastidores do filme.","og_url":"https:\/\/www.correiobraziliense.com.br\/cbradar\/ator-brasileiro-foi-escalado-para-um-novo-filme-em-hollywood\/","og_site_name":"Correio Braziliense - Radar","article_published_time":"2025-02-14T12:50:00+00:00","article_modified_time":"2025-06-28T04:38:50+00:00","og_image":[{"width":1280,"height":720,"url":"https:\/\/www.correiobraziliense.com.br\/cbradar\/wp-content\/uploads\/2025\/02\/Design-sem-nome-9.png","type":"image\/png"}],"author":"Maura Pereira","twitter_card":"summary_large_image","twitter_misc":{"Escrito por":"Maura Pereira","Est. tempo de leitura":"4 minutos"},"schema":{"@context":"https:\/\/schema.org","@graph":[{"@type":"WebPage","@id":"https:\/\/www.correiobraziliense.com.br\/cbradar\/ator-brasileiro-foi-escalado-para-um-novo-filme-em-hollywood\/","url":"https:\/\/www.correiobraziliense.com.br\/cbradar\/ator-brasileiro-foi-escalado-para-um-novo-filme-em-hollywood\/","name":"Ator brasileiro foi escalado para um novo filme em Hollywood - Correio Braziliense - Radar","isPartOf":{"@id":"https:\/\/www.correiobraziliense.com.br\/cbradar\/#website"},"primaryImageOfPage":{"@id":"https:\/\/www.correiobraziliense.com.br\/cbradar\/ator-brasileiro-foi-escalado-para-um-novo-filme-em-hollywood\/#primaryimage"},"image":{"@id":"https:\/\/www.correiobraziliense.com.br\/cbradar\/ator-brasileiro-foi-escalado-para-um-novo-filme-em-hollywood\/#primaryimage"},"thumbnailUrl":"https:\/\/www.correiobraziliense.com.br\/cbradar\/wp-content\/uploads\/2025\/02\/Design-sem-nome-9.png","datePublished":"2025-02-14T12:50:00+00:00","dateModified":"2025-06-28T04:38:50+00:00","author":{"@id":"https:\/\/www.correiobraziliense.com.br\/cbradar\/#\/schema\/person\/4053c651a9bfc785afc6f4cbc9032fd3"},"description":"Um renomado ator brasileiro foi escalado para o novo filme de Anaconda. Entenda o enredo e confira v\u00eddeo direto dos bastidores do filme.","breadcrumb":{"@id":"https:\/\/www.correiobraziliense.com.br\/cbradar\/ator-brasileiro-foi-escalado-para-um-novo-filme-em-hollywood\/#breadcrumb"},"inLanguage":"pt-BR","potentialAction":[{"@type":"ReadAction","target":["https:\/\/www.correiobraziliense.com.br\/cbradar\/ator-brasileiro-foi-escalado-para-um-novo-filme-em-hollywood\/"]}]},{"@type":"ImageObject","inLanguage":"pt-BR","@id":"https:\/\/www.correiobraziliense.com.br\/cbradar\/ator-brasileiro-foi-escalado-para-um-novo-filme-em-hollywood\/#primaryimage","url":"https:\/\/www.correiobraziliense.com.br\/cbradar\/wp-content\/uploads\/2025\/02\/Design-sem-nome-9.png","contentUrl":"https:\/\/www.correiobraziliense.com.br\/cbradar\/wp-content\/uploads\/2025\/02\/Design-sem-nome-9.png","width":1280,"height":720,"caption":"Anaconda (1997) \/\/ Reprodu\u00e7\u00e3o: IMDB (https:\/\/www.imdb.com\/)"},{"@type":"BreadcrumbList","@id":"https:\/\/www.correiobraziliense.com.br\/cbradar\/ator-brasileiro-foi-escalado-para-um-novo-filme-em-hollywood\/#breadcrumb","itemListElement":[{"@type":"ListItem","position":1,"name":"In\u00edcio","item":"https:\/\/www.correiobraziliense.com.br\/cbradar\/"},{"@type":"ListItem","position":2,"name":"Ator brasileiro foi escalado para um novo filme em Hollywood"}]},{"@type":"WebSite","@id":"https:\/\/www.correiobraziliense.com.br\/cbradar\/#website","url":"https:\/\/www.correiobraziliense.com.br\/cbradar\/","name":"Correio Braziliense - Radar","description":"Acompanhe as \u00faltimas not\u00edcias e fique bem informado sobre tudo o que acontece no Brasil e no mundo.","potentialAction":[{"@type":"SearchAction","target":{"@type":"EntryPoint","urlTemplate":"https:\/\/www.correiobraziliense.com.br\/cbradar\/?s={search_term_string}"},"query-input":{"@type":"PropertyValueSpecification","valueRequired":true,"valueName":"search_term_string"}}],"inLanguage":"pt-BR"},{"@type":"Person","@id":"https:\/\/www.correiobraziliense.com.br\/cbradar\/#\/schema\/person\/4053c651a9bfc785afc6f4cbc9032fd3","name":"Maura Pereira","image":{"@type":"ImageObject","inLanguage":"pt-BR","@id":"https:\/\/www.correiobraziliense.com.br\/cbradar\/#\/schema\/person\/image\/","url":"https:\/\/secure.gravatar.com\/avatar\/3effd6bdadfa447f15089c7f7144eaa6?s=96&d=mm&r=g","contentUrl":"https:\/\/secure.gravatar.com\/avatar\/3effd6bdadfa447f15089c7f7144eaa6?s=96&d=mm&r=g","caption":"Maura Pereira"},"sameAs":["https:\/\/www.correiobraziliense.com.br\/"],"url":"https:\/\/www.correiobraziliense.com.br\/cbradar\/author\/mauramyth\/"}]}},"_links":{"self":[{"href":"https:\/\/www.correiobraziliense.com.br\/cbradar\/wp-json\/wp\/v2\/posts\/2458","targetHints":{"allow":["GET"]}}],"collection":[{"href":"https:\/\/www.correiobraziliense.com.br\/cbradar\/wp-json\/wp\/v2\/posts"}],"about":[{"href":"https:\/\/www.correiobraziliense.com.br\/cbradar\/wp-json\/wp\/v2\/types\/post"}],"author":[{"embeddable":true,"href":"https:\/\/www.correiobraziliense.com.br\/cbradar\/wp-json\/wp\/v2\/users\/8"}],"replies":[{"embeddable":true,"href":"https:\/\/www.correiobraziliense.com.br\/cbradar\/wp-json\/wp\/v2\/comments?post=2458"}],"version-history":[{"count":15,"href":"https:\/\/www.correiobraziliense.com.br\/cbradar\/wp-json\/wp\/v2\/posts\/2458\/revisions"}],"predecessor-version":[{"id":60652,"href":"https:\/\/www.correiobraziliense.com.br\/cbradar\/wp-json\/wp\/v2\/posts\/2458\/revisions\/60652"}],"wp:featuredmedia":[{"embeddable":true,"href":"https:\/\/www.correiobraziliense.com.br\/cbradar\/wp-json\/wp\/v2\/media\/2497"}],"wp:attachment":[{"href":"https:\/\/www.correiobraziliense.com.br\/cbradar\/wp-json\/wp\/v2\/media?parent=2458"}],"wp:term":[{"taxonomy":"category","embeddable":true,"href":"https:\/\/www.correiobraziliense.com.br\/cbradar\/wp-json\/wp\/v2\/categories?post=2458"},{"taxonomy":"post_tag","embeddable":true,"href":"https:\/\/www.correiobraziliense.com.br\/cbradar\/wp-json\/wp\/v2\/post_tag?post=2458"}],"curies":[{"name":"wp","href":"https:\/\/api.w.org\/{rel}","templated":true}]}}