{"id":24693,"date":"2025-04-19T16:30:00","date_gmt":"2025-04-19T19:30:00","guid":{"rendered":"https:\/\/www.correiobraziliense.com.br\/cbradar\/?p=24693"},"modified":"2025-04-17T03:03:03","modified_gmt":"2025-04-17T06:03:03","slug":"o-imperio-do-ator-que-foi-eleito-o-homem-mais-sexy-do-mundo","status":"publish","type":"post","link":"https:\/\/www.correiobraziliense.com.br\/cbradar\/o-imperio-do-ator-que-foi-eleito-o-homem-mais-sexy-do-mundo\/","title":{"rendered":"O imp\u00e9rio do ator que foi eleito o &#8220;Homem Mais Sexy do Mundo&#8221;"},"content":{"rendered":"\n<p><strong><a href=\"https:\/\/pt.wikipedia.org\/wiki\/Chris_Evans\" target=\"_blank\" rel=\"noreferrer noopener\">Chris Evans<\/a><\/strong> \u00e9 um dos nomes mais conhecidos em <strong><a href=\"https:\/\/www.correiobraziliense.com.br\/cbradar\/a-incrivel-fortuna-do-ator-que-nao-tinha-dubles-em-hollywood\/\" target=\"_blank\" rel=\"noreferrer noopener\">Hollywood<\/a><\/strong>, especialmente por sua ic\u00f4nica interpreta\u00e7\u00e3o como <strong>Capit\u00e3o Am\u00e9rica<\/strong> na franquia <strong>&#8220;Vingadores&#8221;<\/strong>. Sua habilidade em combinar carisma, a\u00e7\u00e3o e emo\u00e7\u00e3o em seus pap\u00e9is o tornou uma das figuras mais queridas e respeitadas da ind\u00fastria cinematogr\u00e1fica. Al\u00e9m de seu trabalho em filmes, <strong>Evans<\/strong> tamb\u00e9m \u00e9 conhecido por sua atua\u00e7\u00e3o em outros projetos, como dire\u00e7\u00f5es e empreendimentos fora do cinema. Neste artigo, vamos explorar a trajet\u00f3ria do ator <strong>Chris Evans<\/strong>, seus maiores sucessos, pr\u00eamios conquistados e, claro, analisar o valor estimado de sua fortuna e as fontes de sua renda.<\/p>\n\n\n\n<h2 class=\"wp-block-heading\">Como \u00e9 a hist\u00f3ria de Chris Evans?<\/h2>\n\n\n\n<p><strong>Chris Evans<\/strong> nasceu em <strong>Boston<\/strong>, <strong>Massachusetts<\/strong>, <strong>Estados Unidos<\/strong>, em <strong>13 de junho de 1981<\/strong>. Filho de um dentista e uma diretora de ensino, ele cresceu em um ambiente familiar est\u00e1vel, com uma forte influ\u00eancia de seus quatro irm\u00e3os. Desde jovem, <strong>Evans<\/strong> demonstrou interesse pela atua\u00e7\u00e3o, participando de pe\u00e7as teatrais na escola e em sua cidade natal. A sua paix\u00e3o pelo palco e pela tela o levou a se mudar para <strong>Nova York<\/strong>, onde frequentou a <strong>Lee Strasberg Theatre Institute<\/strong> para aprimorar suas habilidades.<\/p>\n\n\n\n<p>Sua carreira come\u00e7ou com pap\u00e9is em produ\u00e7\u00f5es de TV, mas foi no cinema que <strong>Chris Evans<\/strong> realmente se destacou. Ele iniciou sua trajet\u00f3ria no cinema com filmes como <strong>&#8220;Not Another Teen Movie&#8221;<\/strong> (<strong>2001<\/strong>), mas foi a partir de <strong>2005<\/strong>, com sua participa\u00e7\u00e3o em <strong>&#8220;Quarteto Fant\u00e1stico&#8221;<\/strong>, que ele come\u00e7ou a ganhar notoriedade. O papel de <strong>Johnny Storm<\/strong> (Tocha Humana) foi um marco na sua carreira, mas o verdadeiro auge viria alguns anos depois, com o ic\u00f4nico papel de <strong>Capit\u00e3o Am\u00e9rica<\/strong>.<\/p>\n\n\n<div class=\"wp-block-image\">\n<figure class=\"aligncenter size-large\"><img decoding=\"async\" width=\"1024\" height=\"576\" src=\"https:\/\/www.correiobraziliense.com.br\/cbradar\/wp-content\/uploads\/2025\/04\/Chris-Evans_1744869060547-1024x576.jpg\" alt=\"O imp\u00e9rio do ator que foi eleito o &quot;Homem Mais Sexy do Mundo&quot;\" class=\"wp-image-24743\" srcset=\"https:\/\/www.correiobraziliense.com.br\/cbradar\/wp-content\/uploads\/2025\/04\/Chris-Evans_1744869060547-1024x576.jpg 1024w, https:\/\/www.correiobraziliense.com.br\/cbradar\/wp-content\/uploads\/2025\/04\/Chris-Evans_1744869060547-300x169.jpg 300w, https:\/\/www.correiobraziliense.com.br\/cbradar\/wp-content\/uploads\/2025\/04\/Chris-Evans_1744869060547-768x432.jpg 768w, https:\/\/www.correiobraziliense.com.br\/cbradar\/wp-content\/uploads\/2025\/04\/Chris-Evans_1744869060547-750x422.jpg 750w, https:\/\/www.correiobraziliense.com.br\/cbradar\/wp-content\/uploads\/2025\/04\/Chris-Evans_1744869060547-1140x641.jpg 1140w, https:\/\/www.correiobraziliense.com.br\/cbradar\/wp-content\/uploads\/2025\/04\/Chris-Evans_1744869060547.jpg 1280w\" sizes=\"(max-width: 1024px) 100vw, 1024px\" \/><figcaption class=\"wp-element-caption\">Chris Evans \/\/ Cr\u00e9ditos: depositphotos.com \/ Image Press Agency<\/figcaption><\/figure><\/div>\n\n\n<h2 class=\"wp-block-heading\">Como foi o in\u00edcio da carreira de Chris Evans?<\/h2>\n\n\n\n<p>O in\u00edcio da carreira de <strong>Chris Evans<\/strong> foi marcado por uma s\u00e9rie de pap\u00e9is em filmes de menor visibilidade, mas ele rapidamente se destacou por sua energia e presen\u00e7a de palco. Ap\u00f3s sua estreia em <strong>&#8220;Not Another Teen Movie&#8221;<\/strong>, ele apareceu em outros filmes populares da \u00e9poca, como <strong>&#8220;The Perfect Score&#8221;<\/strong> (<strong>2004<\/strong>) e <strong>&#8220;Cellular&#8221;<\/strong> (<strong>2004<\/strong>), mas foi em <strong>2005<\/strong>, com <strong>&#8220;Quarteto Fant\u00e1stico&#8221;<\/strong>, que sua carreira tomou outro rumo. Interpretando o irreverente <strong>Johnny Storm<\/strong>, <strong>Evans<\/strong> conquistou o p\u00fablico e a cr\u00edtica, o que abriu portas para pap\u00e9is em franquias maiores e mais desafiadoras.<\/p>\n\n\n\n<p>Em <strong>2011<\/strong>, <strong>Evans<\/strong> alcan\u00e7ou a fama internacional ao interpretar <strong>Steve Rogers<\/strong>, o <strong>Capit\u00e3o Am\u00e9rica<\/strong>, no filme hom\u00f4nimo. O sucesso do filme e de sua sequ\u00eancia, <strong>&#8220;Os Vingadores&#8221;<\/strong> (<strong>2012<\/strong>), consolidou <strong>Evans<\/strong> como um dos maiores astros de Hollywood, um status que ele manteve por mais de uma d\u00e9cada enquanto estrelava outros filmes do universo cinematogr\u00e1fico da <strong>Marvel<\/strong>.<\/p>\n\n\n\n<h2 class=\"wp-block-heading\">Quais os maiores sucessos da carreira de Chris Evans?<\/h2>\n\n\n\n<p><strong>Chris Evans<\/strong> tem uma carreira repleta de grandes sucessos, sendo o maior deles, sem d\u00favida, seu papel como <strong>Capit\u00e3o Am\u00e9rica<\/strong> nos filmes da <strong>Marvel<\/strong>. Sua interpreta\u00e7\u00e3o do her\u00f3i patriota come\u00e7ou com <strong>&#8220;Capit\u00e3o Am\u00e9rica: O Primeiro Vingador&#8221;<\/strong> (<strong>2011<\/strong>) e seguiu com os filmes subsequentes da franquia, incluindo <strong>&#8220;Os Vingadores&#8221;<\/strong>, <strong>&#8220;Capit\u00e3o Am\u00e9rica: O Soldado Invernal&#8221;<\/strong> (<strong>2014<\/strong>) e <strong>&#8220;Vingadores: Ultimato&#8221;<\/strong> (<strong>2019<\/strong>). A s\u00e9rie de filmes da <strong>Marvel<\/strong> n\u00e3o s\u00f3 fez de <strong>Evans<\/strong> um \u00edcone cultural, mas tamb\u00e9m impulsionou sua carreira a novas alturas.<\/p>\n\n\n\n<p>Al\u00e9m do sucesso no universo da <strong>Marvel<\/strong>, <strong>Evans<\/strong> tamb\u00e9m teve uma carreira s\u00f3lida em filmes fora do g\u00eanero de super-her\u00f3is. Ele estrelou em <strong>&#8220;Snowpiercer: O Expresso do Amanh\u00e3&#8221;<\/strong> (<strong>2013<\/strong>), dirigido por <strong>Bong Joon-ho<\/strong>, e em <strong>&#8220;A Hora Mais Escura&#8221;<\/strong> (<strong>2016<\/strong>), filmes que foram bem recebidos pela cr\u00edtica e demonstraram sua versatilidade como ator. Sua habilidade de se adaptar a diferentes tipos de pap\u00e9is \u00e9 uma das principais raz\u00f5es por que <strong>Evans<\/strong> continua a ser um dos atores mais procurados de <strong>Hollywood<\/strong>.<\/p>\n\n\n\n<h2 class=\"wp-block-heading\">Quais seus maiores pr\u00eamios e conquistas da carreira?<\/h2>\n\n\n\n<p><strong>Chris Evans<\/strong> tem sido amplamente reconhecido ao longo de sua carreira, especialmente por sua atua\u00e7\u00e3o no universo da <strong>Marvel<\/strong>. Embora ele n\u00e3o tenha vencido um <strong>Oscar<\/strong>, recebeu v\u00e1rias indica\u00e7\u00f5es a pr\u00eamios de prest\u00edgio, incluindo <strong>Pr\u00eamios do Sindicato dos Atores<\/strong> e <strong>People&#8217;s Choice Awards<\/strong>. Em <strong>2016<\/strong>, <strong>ele foi eleito &#8220;Homem do Ano&#8221;<\/strong> <strong>pela revista<\/strong> <strong>GQ<\/strong> por sua influ\u00eancia na cultura pop e suas contribui\u00e7\u00f5es cinematogr\u00e1ficas.<\/p>\n\n\n\n<p><strong>Ele tamb\u00e9m foi eleito o &#8220;Homem Mais Sexy do Mundo&#8221;<\/strong> <strong>pela revista<\/strong> <strong><em>People<\/em> em 2022.<\/strong> O an\u00fancio foi feito em novembro daquele ano, e o ator, conhecido por interpretar o<strong> Capit\u00e3o Am\u00e9rica no Universo Cinematogr\u00e1fico da Marvel,<\/strong> brincou que sua m\u00e3e ficaria muito feliz com o t\u00edtulo, dizendo: &#8220;Ela se orgulha de tudo que eu fa\u00e7o, mas isso \u00e9 algo que ela pode realmente se gabar&#8221;<\/p>\n\n\n\n<p>Al\u00e9m disso, <strong>Evans<\/strong> tamb\u00e9m foi premiado por suas performances em filmes fora da franquia <strong>Marvel<\/strong>, como em <strong>&#8220;Snowpiercer&#8221;<\/strong>, onde seu desempenho em um papel mais dram\u00e1tico e introspectivo foi amplamente aclamado. Suas conquistas no cinema, tanto como ator quanto como diretor (ele fez sua estreia como diretor em <strong>&#8220;Before We Go&#8221;<\/strong> em <strong>2014<\/strong>), ajudaram a consolidar sua posi\u00e7\u00e3o como uma das grandes estrelas de <strong>Hollywood<\/strong>.<\/p>\n\n\n\n<h2 class=\"wp-block-heading\">Chris Evans j\u00e1 se envolveu em pol\u00eamicas?<\/h2>\n\n\n\n<p>Embora <strong>Chris Evans<\/strong> seja amplamente visto como uma pessoa amig\u00e1vel e profissional, ele n\u00e3o est\u00e1 imune a pol\u00eamicas. Um dos momentos mais comentados foi quando, durante uma entrevista, <strong>Evans<\/strong> foi questionado sobre sua popularidade e como ele lidava com a fama. Ele respondeu de maneira honesta e aberta, mas sua resposta foi mal interpretada por alguns como uma cr\u00edtica ao mundo das celebridades e sua superficialidade. No entanto, <strong>Evans<\/strong> sempre procurou corrigir qualquer mal-entendido e continuar seu trabalho com respeito pela sua audi\u00eancia e colegas de profiss\u00e3o.<\/p>\n\n\n\n<p>Al\u00e9m disso, em algumas ocasi\u00f5es, <strong>Evans<\/strong> tamb\u00e9m se viu envolvido em debates p\u00fablicos sobre quest\u00f5es pol\u00edticas e sociais. No entanto, sua postura sempre foi de defender seus valores pessoais e de se manter fiel a sua vis\u00e3o, o que lhe rendeu tanto apoio quanto cr\u00edticas. No geral, suas pol\u00eamicas foram menores em compara\u00e7\u00e3o com a enorme quantidade de trabalhos bem-sucedidos e respeitados em sua carreira.<\/p>\n\n\n\n<h2 class=\"wp-block-heading\">Curiosidades<\/h2>\n\n\n\n<ol class=\"wp-block-list\">\n<li><strong>Chris Evans<\/strong> come\u00e7ou sua carreira como modelo antes de se tornar ator.<\/li>\n\n\n\n<li>Ele tem um grande amor por esportes, especialmente basquete e futebol.<\/li>\n\n\n\n<li><strong>Evans<\/strong> \u00e9 um grande defensor de causas sociais, como os direitos dos imigrantes e a luta contra o aquecimento global.<\/li>\n\n\n\n<li>Ele tem um irm\u00e3o, <strong>Scott Evans<\/strong>, que tamb\u00e9m \u00e9 ator e j\u00e1 apareceu em diversas produ\u00e7\u00f5es de <strong>TV<\/strong>.<\/li>\n\n\n\n<li><strong>Chris Evans<\/strong> \u00e9 conhecido por sua habilidade em realizar cenas de a\u00e7\u00e3o e, muitas vezes, realiza suas pr\u00f3prias acrobacias.<\/li>\n\n\n\n<li>Al\u00e9m de ser ator, <strong>Evans<\/strong> tamb\u00e9m tem uma paix\u00e3o por dirigir e produziu diversos projetos cinematogr\u00e1ficos.<\/li>\n\n\n\n<li>Ele j\u00e1 participou de campanhas de caridade para arrecadar fundos para crian\u00e7as em situa\u00e7\u00e3o de vulnerabilidade.<\/li>\n\n\n\n<li><strong>Evans<\/strong> tem um grande carinho por seus f\u00e3s e frequentemente interage com eles nas redes sociais.<\/li>\n\n\n\n<li>Ele \u00e9 um dos poucos atores da <strong>Marvel<\/strong> a ter se envolvido em projetos fora do g\u00eanero de super-her\u00f3is, mostrando sua diversidade como ator.<\/li>\n\n\n\n<li><strong>Chris Evans<\/strong> tem um grande amor pela sua cidade natal, <strong>Boston<\/strong>, e sempre se declara grato por suas ra\u00edzes.<\/li>\n<\/ol>\n\n\n\n<h2 class=\"wp-block-heading\">Qual o valor estimado da fortuna e fontes de renda de Chris Evans?<\/h2>\n\n\n\n<p>A fortuna de <strong>Chris Evans<\/strong> \u00e9 estimada em <strong>$80 milh\u00f5es<\/strong>. Sua principal fonte de renda vem de sua atua\u00e7\u00e3o no cinema, especialmente nos filmes da <strong>Marvel<\/strong>, onde ele foi um dos personagens centrais da franquia <strong>Vingadores<\/strong>. Al\u00e9m disso, <strong>Evans<\/strong> tamb\u00e9m obteve grandes ganhos com outros filmes de sucesso, como <strong>&#8220;Snowpiercer&#8221;<\/strong> e <strong>&#8220;O Protetor&#8221;<\/strong>.<\/p>\n\n\n\n<p>Al\u00e9m de sua carreira de ator, <strong>Chris Evans<\/strong> tamb\u00e9m tem fontes de renda como produtor e diretor. Ele fez sua estreia como diretor em <strong>&#8220;Before We Go&#8221;<\/strong> e tem planos de continuar trabalhando em projetos na \u00e1rea de dire\u00e7\u00e3o. <strong>Evans<\/strong> tamb\u00e9m ganha dinheiro com contratos publicit\u00e1rios e acordos de endosse, como sua colabora\u00e7\u00e3o com marcas famosas no mundo da moda e tecnologia. Com sua crescente popularidade e novas oportunidades de trabalho, \u00e9 esperado que sua fortuna continue a crescer ao longo dos pr\u00f3ximos anos.<\/p>\n","protected":false},"excerpt":{"rendered":"<p>Chris Evans \u00e9 um dos nomes mais conhecidos em Hollywood, especialmente por sua ic\u00f4nica interpreta\u00e7\u00e3o como Capit\u00e3o Am\u00e9rica na franquia &#8220;Vingadores&#8221;. Sua habilidade em combinar carisma, a\u00e7\u00e3o e emo\u00e7\u00e3o em seus pap\u00e9is o tornou uma das figuras mais queridas e respeitadas da ind\u00fastria cinematogr\u00e1fica. Al\u00e9m de seu trabalho em filmes, Evans tamb\u00e9m \u00e9 conhecido por [&hellip;]<\/p>\n","protected":false},"author":8,"featured_media":24751,"comment_status":"open","ping_status":"open","sticky":false,"template":"","format":"standard","meta":{"_yoast_wpseo_focuskw":"ator","_yoast_wpseo_title":"","_yoast_wpseo_metadesc":"Veja o imp\u00e9rio do ator eleito o \"Homem Mais Sexy do Mundo\" em 2022, \u00e9 composto por filmes, s\u00e9ries e uma carreira de sucesso impressionante.","jnews-multi-image_gallery":[],"jnews_single_post":{"format":"standard"},"jnews_primary_category":[],"jnews_social_meta":[],"jnews_override_counter":[],"footnotes":""},"categories":[128,169],"tags":[560,1639,534],"class_list":["post-24693","post","type-post","status-publish","format-standard","has-post-thumbnail","hentry","category-economia","category-noticias","tag-ator-de-hollywood","tag-chris-evans","tag-fortunas"],"yoast_head":"<!-- This site is optimized with the Yoast SEO plugin v24.6 - https:\/\/yoast.com\/wordpress\/plugins\/seo\/ -->\n<title>O imp\u00e9rio do ator que foi eleito o &quot;Homem Mais Sexy do Mundo&quot; - Correio Braziliense - Radar<\/title>\n<meta name=\"description\" content=\"Veja o imp\u00e9rio do ator eleito o &quot;Homem Mais Sexy do Mundo&quot; em 2022, \u00e9 composto por filmes, s\u00e9ries e uma carreira de sucesso impressionante.\" \/>\n<meta name=\"robots\" content=\"index, follow, max-snippet:-1, max-image-preview:large, max-video-preview:-1\" \/>\n<link rel=\"canonical\" href=\"https:\/\/www.correiobraziliense.com.br\/cbradar\/o-imperio-do-ator-que-foi-eleito-o-homem-mais-sexy-do-mundo\/\" \/>\n<meta property=\"og:locale\" content=\"pt_BR\" \/>\n<meta property=\"og:type\" content=\"article\" \/>\n<meta property=\"og:title\" content=\"O imp\u00e9rio do ator que foi eleito o &quot;Homem Mais Sexy do Mundo&quot; - Correio Braziliense - Radar\" \/>\n<meta property=\"og:description\" content=\"Veja o imp\u00e9rio do ator eleito o &quot;Homem Mais Sexy do Mundo&quot; em 2022, \u00e9 composto por filmes, s\u00e9ries e uma carreira de sucesso impressionante.\" \/>\n<meta property=\"og:url\" content=\"https:\/\/www.correiobraziliense.com.br\/cbradar\/o-imperio-do-ator-que-foi-eleito-o-homem-mais-sexy-do-mundo\/\" \/>\n<meta property=\"og:site_name\" content=\"Correio Braziliense - Radar\" \/>\n<meta property=\"article:published_time\" content=\"2025-04-19T19:30:00+00:00\" \/>\n<meta property=\"og:image\" content=\"https:\/\/www.correiobraziliense.com.br\/cbradar\/wp-content\/uploads\/2025\/04\/CHRIS-EVANS_1744869553189.jpg\" \/>\n\t<meta property=\"og:image:width\" content=\"1280\" \/>\n\t<meta property=\"og:image:height\" content=\"720\" \/>\n\t<meta property=\"og:image:type\" content=\"image\/jpeg\" \/>\n<meta name=\"author\" content=\"Maura Pereira\" \/>\n<meta name=\"twitter:card\" content=\"summary_large_image\" \/>\n<meta name=\"twitter:label1\" content=\"Escrito por\" \/>\n\t<meta name=\"twitter:data1\" content=\"Maura Pereira\" \/>\n\t<meta name=\"twitter:label2\" content=\"Est. tempo de leitura\" \/>\n\t<meta name=\"twitter:data2\" content=\"8 minutos\" \/>\n<!-- \/ Yoast SEO plugin. -->","yoast_head_json":{"title":"O imp\u00e9rio do ator que foi eleito o \"Homem Mais Sexy do Mundo\" - Correio Braziliense - Radar","description":"Veja o imp\u00e9rio do ator eleito o \"Homem Mais Sexy do Mundo\" em 2022, \u00e9 composto por filmes, s\u00e9ries e uma carreira de sucesso impressionante.","robots":{"index":"index","follow":"follow","max-snippet":"max-snippet:-1","max-image-preview":"max-image-preview:large","max-video-preview":"max-video-preview:-1"},"canonical":"https:\/\/www.correiobraziliense.com.br\/cbradar\/o-imperio-do-ator-que-foi-eleito-o-homem-mais-sexy-do-mundo\/","og_locale":"pt_BR","og_type":"article","og_title":"O imp\u00e9rio do ator que foi eleito o \"Homem Mais Sexy do Mundo\" - Correio Braziliense - Radar","og_description":"Veja o imp\u00e9rio do ator eleito o \"Homem Mais Sexy do Mundo\" em 2022, \u00e9 composto por filmes, s\u00e9ries e uma carreira de sucesso impressionante.","og_url":"https:\/\/www.correiobraziliense.com.br\/cbradar\/o-imperio-do-ator-que-foi-eleito-o-homem-mais-sexy-do-mundo\/","og_site_name":"Correio Braziliense - Radar","article_published_time":"2025-04-19T19:30:00+00:00","og_image":[{"width":1280,"height":720,"url":"https:\/\/www.correiobraziliense.com.br\/cbradar\/wp-content\/uploads\/2025\/04\/CHRIS-EVANS_1744869553189.jpg","type":"image\/jpeg"}],"author":"Maura Pereira","twitter_card":"summary_large_image","twitter_misc":{"Escrito por":"Maura Pereira","Est. tempo de leitura":"8 minutos"},"schema":{"@context":"https:\/\/schema.org","@graph":[{"@type":"WebPage","@id":"https:\/\/www.correiobraziliense.com.br\/cbradar\/o-imperio-do-ator-que-foi-eleito-o-homem-mais-sexy-do-mundo\/","url":"https:\/\/www.correiobraziliense.com.br\/cbradar\/o-imperio-do-ator-que-foi-eleito-o-homem-mais-sexy-do-mundo\/","name":"O imp\u00e9rio do ator que foi eleito o \"Homem Mais Sexy do Mundo\" - Correio Braziliense - Radar","isPartOf":{"@id":"https:\/\/www.correiobraziliense.com.br\/cbradar\/#website"},"primaryImageOfPage":{"@id":"https:\/\/www.correiobraziliense.com.br\/cbradar\/o-imperio-do-ator-que-foi-eleito-o-homem-mais-sexy-do-mundo\/#primaryimage"},"image":{"@id":"https:\/\/www.correiobraziliense.com.br\/cbradar\/o-imperio-do-ator-que-foi-eleito-o-homem-mais-sexy-do-mundo\/#primaryimage"},"thumbnailUrl":"https:\/\/www.correiobraziliense.com.br\/cbradar\/wp-content\/uploads\/2025\/04\/CHRIS-EVANS_1744869553189.jpg","datePublished":"2025-04-19T19:30:00+00:00","author":{"@id":"https:\/\/www.correiobraziliense.com.br\/cbradar\/#\/schema\/person\/4053c651a9bfc785afc6f4cbc9032fd3"},"description":"Veja o imp\u00e9rio do ator eleito o \"Homem Mais Sexy do Mundo\" em 2022, \u00e9 composto por filmes, s\u00e9ries e uma carreira de sucesso impressionante.","breadcrumb":{"@id":"https:\/\/www.correiobraziliense.com.br\/cbradar\/o-imperio-do-ator-que-foi-eleito-o-homem-mais-sexy-do-mundo\/#breadcrumb"},"inLanguage":"pt-BR","potentialAction":[{"@type":"ReadAction","target":["https:\/\/www.correiobraziliense.com.br\/cbradar\/o-imperio-do-ator-que-foi-eleito-o-homem-mais-sexy-do-mundo\/"]}]},{"@type":"ImageObject","inLanguage":"pt-BR","@id":"https:\/\/www.correiobraziliense.com.br\/cbradar\/o-imperio-do-ator-que-foi-eleito-o-homem-mais-sexy-do-mundo\/#primaryimage","url":"https:\/\/www.correiobraziliense.com.br\/cbradar\/wp-content\/uploads\/2025\/04\/CHRIS-EVANS_1744869553189.jpg","contentUrl":"https:\/\/www.correiobraziliense.com.br\/cbradar\/wp-content\/uploads\/2025\/04\/CHRIS-EVANS_1744869553189.jpg","width":1280,"height":720,"caption":"Chris Evans \/\/ Cr\u00e9ditos: depositphotos.com \/ Jean_Nelson"},{"@type":"BreadcrumbList","@id":"https:\/\/www.correiobraziliense.com.br\/cbradar\/o-imperio-do-ator-que-foi-eleito-o-homem-mais-sexy-do-mundo\/#breadcrumb","itemListElement":[{"@type":"ListItem","position":1,"name":"In\u00edcio","item":"https:\/\/www.correiobraziliense.com.br\/cbradar\/"},{"@type":"ListItem","position":2,"name":"O imp\u00e9rio do ator que foi eleito o &#8220;Homem Mais Sexy do Mundo&#8221;"}]},{"@type":"WebSite","@id":"https:\/\/www.correiobraziliense.com.br\/cbradar\/#website","url":"https:\/\/www.correiobraziliense.com.br\/cbradar\/","name":"Correio Braziliense - Radar","description":"Acompanhe as \u00faltimas not\u00edcias e fique bem informado sobre tudo o que acontece no Brasil e no mundo.","potentialAction":[{"@type":"SearchAction","target":{"@type":"EntryPoint","urlTemplate":"https:\/\/www.correiobraziliense.com.br\/cbradar\/?s={search_term_string}"},"query-input":{"@type":"PropertyValueSpecification","valueRequired":true,"valueName":"search_term_string"}}],"inLanguage":"pt-BR"},{"@type":"Person","@id":"https:\/\/www.correiobraziliense.com.br\/cbradar\/#\/schema\/person\/4053c651a9bfc785afc6f4cbc9032fd3","name":"Maura Pereira","image":{"@type":"ImageObject","inLanguage":"pt-BR","@id":"https:\/\/www.correiobraziliense.com.br\/cbradar\/#\/schema\/person\/image\/","url":"https:\/\/secure.gravatar.com\/avatar\/3effd6bdadfa447f15089c7f7144eaa6?s=96&d=mm&r=g","contentUrl":"https:\/\/secure.gravatar.com\/avatar\/3effd6bdadfa447f15089c7f7144eaa6?s=96&d=mm&r=g","caption":"Maura Pereira"},"sameAs":["https:\/\/www.correiobraziliense.com.br\/"],"url":"https:\/\/www.correiobraziliense.com.br\/cbradar\/author\/mauramyth\/"}]}},"_links":{"self":[{"href":"https:\/\/www.correiobraziliense.com.br\/cbradar\/wp-json\/wp\/v2\/posts\/24693","targetHints":{"allow":["GET"]}}],"collection":[{"href":"https:\/\/www.correiobraziliense.com.br\/cbradar\/wp-json\/wp\/v2\/posts"}],"about":[{"href":"https:\/\/www.correiobraziliense.com.br\/cbradar\/wp-json\/wp\/v2\/types\/post"}],"author":[{"embeddable":true,"href":"https:\/\/www.correiobraziliense.com.br\/cbradar\/wp-json\/wp\/v2\/users\/8"}],"replies":[{"embeddable":true,"href":"https:\/\/www.correiobraziliense.com.br\/cbradar\/wp-json\/wp\/v2\/comments?post=24693"}],"version-history":[{"count":11,"href":"https:\/\/www.correiobraziliense.com.br\/cbradar\/wp-json\/wp\/v2\/posts\/24693\/revisions"}],"predecessor-version":[{"id":24753,"href":"https:\/\/www.correiobraziliense.com.br\/cbradar\/wp-json\/wp\/v2\/posts\/24693\/revisions\/24753"}],"wp:featuredmedia":[{"embeddable":true,"href":"https:\/\/www.correiobraziliense.com.br\/cbradar\/wp-json\/wp\/v2\/media\/24751"}],"wp:attachment":[{"href":"https:\/\/www.correiobraziliense.com.br\/cbradar\/wp-json\/wp\/v2\/media?parent=24693"}],"wp:term":[{"taxonomy":"category","embeddable":true,"href":"https:\/\/www.correiobraziliense.com.br\/cbradar\/wp-json\/wp\/v2\/categories?post=24693"},{"taxonomy":"post_tag","embeddable":true,"href":"https:\/\/www.correiobraziliense.com.br\/cbradar\/wp-json\/wp\/v2\/tags?post=24693"}],"curies":[{"name":"wp","href":"https:\/\/api.w.org\/{rel}","templated":true}]}}