{"id":24694,"date":"2025-04-20T16:30:00","date_gmt":"2025-04-20T19:30:00","guid":{"rendered":"https:\/\/www.correiobraziliense.com.br\/cbradar\/?p=24694"},"modified":"2025-04-17T03:21:04","modified_gmt":"2025-04-17T06:21:04","slug":"qual-o-patrimonio-da-ex-atriz-de-camp-rock-nos-dias-atuais","status":"publish","type":"post","link":"https:\/\/www.correiobraziliense.com.br\/cbradar\/qual-o-patrimonio-da-ex-atriz-de-camp-rock-nos-dias-atuais\/","title":{"rendered":"Qual o patrim\u00f4nio da ex atriz de Camp Rock nos dias atuais?"},"content":{"rendered":"\n<p><a href=\"https:\/\/pt.wikipedia.org\/wiki\/Demi_Lovato\" target=\"_blank\" rel=\"noreferrer noopener\"><strong>Demi Lovato<\/strong> <\/a>\u00e9 uma das artistas mais talentosas e vers\u00e1teis de sua gera\u00e7\u00e3o, conhecida por sua poderosa voz, talento em atua\u00e7\u00e3o e coragem para enfrentar os desafios da vida p\u00fablica. Ao longo de sua carreira, <strong>Demi<\/strong> se destacou n\u00e3o s\u00f3 pela sua m\u00fasica, mas tamb\u00e9m por sua influ\u00eancia na cultura pop e seu ativismo em quest\u00f5es importantes, como sa\u00fade mental e direitos <strong>LGBTQ+<\/strong>. Neste artigo, vamos explorar a trajet\u00f3ria de <strong>Demi Lovato<\/strong>, seus maiores sucessos, pr\u00eamios conquistados e, claro, o valor estimado do seu patrim\u00f4nio nos dias de hoje.<\/p>\n\n\n\n<h2 class=\"wp-block-heading\">Qual \u00e9 a hist\u00f3ria de Demi Lovato?<\/h2>\n\n\n\n<p><strong>Demi Lovato<\/strong> nasceu em <strong>Albuquerque<\/strong>, <strong>Novo M\u00e9xico<\/strong>, <strong><a href=\"https:\/\/www.correiobraziliense.com.br\/cbradar\/essa-cidade-brasileira-planejada-e-inspirada-na-capital-dos-estados-unidos\/\" target=\"_blank\" rel=\"noreferrer noopener\">Estados Unidos<\/a><\/strong>, em <strong>20 de agosto de 1992<\/strong>. Ela come\u00e7ou sua jornada art\u00edstica ainda jovem, influenciada pelo ambiente familiar, j\u00e1 que sua m\u00e3e era uma ex-artista de <strong>Dallas<\/strong>. <strong>Demi<\/strong> se mudou para <strong>Dallas<\/strong> com sua m\u00e3e e irm\u00e3s, onde come\u00e7ou a se destacar como atriz. Sua paix\u00e3o pela m\u00fasica e atua\u00e7\u00e3o surgiu precocemente, e ela logo passou a participar de diversas audi\u00e7\u00f5es, o que levou ao seu ingresso em importantes programas de televis\u00e3o.<\/p>\n\n\n\n<p>Com uma inf\u00e2ncia repleta de mudan\u00e7as, <strong>Lovato<\/strong> rapidamente encontrou sua voca\u00e7\u00e3o e come\u00e7ou a trilhar um caminho no entretenimento. Ela participou de projetos na <strong>Disney Channel<\/strong>, onde teve seu papel de destaque como <strong>Mitchie Torres<\/strong> em <strong>&#8220;Camp Rock&#8221;<\/strong> (<strong>2008<\/strong>), ao lado de <strong>Joe Jonas<\/strong>. Esse filme ajudou a consolidar sua imagem e a abrir portas para sua carreira musical. Desde ent\u00e3o, <strong>Demi Lovato<\/strong> n\u00e3o s\u00f3 se tornou uma das principais estrelas da m\u00fasica pop, mas tamb\u00e9m um \u00edcone cultural, com uma carreira marcada por altos e baixos que foram p\u00fablicos e, ao mesmo tempo, inspiradores.<\/p>\n\n\n<div class=\"wp-block-image\">\n<figure class=\"aligncenter size-large\"><img decoding=\"async\" width=\"1024\" height=\"576\" src=\"https:\/\/www.correiobraziliense.com.br\/cbradar\/wp-content\/uploads\/2025\/04\/demi-lovato_1744869917323-1024x576.jpg\" alt=\"Qual o patrim\u00f4nio da ex atriz de Camp Rock nos dias atuais?\" class=\"wp-image-24756\" srcset=\"https:\/\/www.correiobraziliense.com.br\/cbradar\/wp-content\/uploads\/2025\/04\/demi-lovato_1744869917323-1024x576.jpg 1024w, https:\/\/www.correiobraziliense.com.br\/cbradar\/wp-content\/uploads\/2025\/04\/demi-lovato_1744869917323-300x169.jpg 300w, https:\/\/www.correiobraziliense.com.br\/cbradar\/wp-content\/uploads\/2025\/04\/demi-lovato_1744869917323-768x432.jpg 768w, https:\/\/www.correiobraziliense.com.br\/cbradar\/wp-content\/uploads\/2025\/04\/demi-lovato_1744869917323-750x422.jpg 750w, https:\/\/www.correiobraziliense.com.br\/cbradar\/wp-content\/uploads\/2025\/04\/demi-lovato_1744869917323-1140x641.jpg 1140w, https:\/\/www.correiobraziliense.com.br\/cbradar\/wp-content\/uploads\/2025\/04\/demi-lovato_1744869917323.jpg 1280w\" sizes=\"(max-width: 1024px) 100vw, 1024px\" \/><figcaption class=\"wp-element-caption\">Cr\u00e9ditos: depositphotos.com \/ Image Press Agency<\/figcaption><\/figure><\/div>\n\n\n<h2 class=\"wp-block-heading\">Como foi o in\u00edcio da carreira de Demi Lovato?<\/h2>\n\n\n\n<p>A carreira de <strong>Demi Lovato<\/strong> come\u00e7ou com seu trabalho na <strong>Disney Channel<\/strong>, mas sua ascens\u00e3o no mundo da m\u00fasica foi um marco importante para sua trajet\u00f3ria. Seu \u00e1lbum de estreia, <strong>&#8220;Don&#8217;t Forget&#8221;<\/strong> (<strong>2008<\/strong>), foi um sucesso imediato, atingindo altos n\u00fameros nas paradas musicais. A mistura de pop e rock, juntamente com sua voz \u00fanica, cativou uma base de f\u00e3s jovem, e <strong>Lovato<\/strong> rapidamente se tornou um nome conhecido na ind\u00fastria da m\u00fasica. No entanto, foi com seu segundo \u00e1lbum, <strong>&#8220;Here We Go Again&#8221;<\/strong> (<strong>2009<\/strong>), que ela solidificou sua carreira musical, mostrando seu crescimento art\u00edstico e atraindo ainda mais f\u00e3s.<\/p>\n\n\n\n<p>Ao longo dos anos, <strong>Demi Lovato<\/strong> continuou a expandir sua carreira, lan\u00e7ando \u00e1lbuns de sucesso, como <strong>&#8220;Unbroken&#8221;<\/strong> (<strong>2011<\/strong>), <strong>&#8220;Demi&#8221;<\/strong> (<strong>2013<\/strong>) e <strong>&#8220;Confident&#8221;<\/strong> (<strong>2015<\/strong>), que lhe renderam hits como <strong>&#8220;Skyscraper&#8221;<\/strong> e <strong>&#8220;Heart Attack&#8221;<\/strong>. Seu talento musical e habilidade para escrever letras emocionantes foram reconhecidos, o que lhe garantiu n\u00e3o apenas pr\u00eamios, mas tamb\u00e9m o respeito da ind\u00fastria. Al\u00e9m da m\u00fasica, ela continuou atuando e aparecendo em diversos filmes e programas de televis\u00e3o, mantendo sua relev\u00e2ncia tanto no palco quanto nas telas.<\/p>\n\n\n\n<h2 class=\"wp-block-heading\">Quais os maiores sucessos da carreira de Demi Lovato?<\/h2>\n\n\n\n<p><strong>Demi Lovato<\/strong> tem uma carreira recheada de sucessos musicais, sendo respons\u00e1vel por alguns dos maiores hits da m\u00fasica pop contempor\u00e2nea. Suas m\u00fasicas, como <strong>&#8220;Skyscraper&#8221;<\/strong>, <strong>&#8220;Heart Attack&#8221;<\/strong>, <strong>&#8220;Sorry Not Sorry&#8221;<\/strong> e <strong>&#8220;Confident&#8221;<\/strong>, s\u00e3o apenas alguns exemplos de como ela se estabeleceu como uma das vozes mais poderosas e aut\u00eanticas do pop. Al\u00e9m de seu sucesso nas paradas, ela tamb\u00e9m conquistou um enorme n\u00famero de f\u00e3s ao redor do mundo, sendo considerada um \u00edcone da m\u00fasica pop.<\/p>\n\n\n\n<p>Al\u00e9m da m\u00fasica, <strong>Demi Lovato<\/strong> tamb\u00e9m se destacou como atriz, especialmente em sua participa\u00e7\u00e3o no filme <strong>&#8220;Camp Rock&#8221;<\/strong> (<strong>2008<\/strong>) e sua pr\u00f3pria s\u00e9rie, <strong>&#8220;Sonny with a Chance&#8221;<\/strong> (<strong>2009-2011<\/strong>), que foram grandes sucessos entre o p\u00fablico jovem. Ela continuou a brilhar na ind\u00fastria do entretenimento, com apari\u00e7\u00f5es em reality shows, como <strong>&#8220;The X Factor&#8221;<\/strong>, onde foi jurada, e tamb\u00e9m participa\u00e7\u00f5es em filmes como <strong>&#8220;Charming&#8221;<\/strong> (<strong>2018<\/strong>) e <strong>&#8220;Smurfs: The Lost Village&#8221;<\/strong> (<strong>2017<\/strong>).<\/p>\n\n\n\n<figure class=\"wp-block-embed aligncenter is-type-video is-provider-youtube wp-block-embed-youtube wp-embed-aspect-16-9 wp-has-aspect-ratio\"><div class=\"wp-block-embed__wrapper\">\n<div class=\"jeg_video_container jeg_video_content\"><iframe loading=\"lazy\" title=\"Demi Lovato, Joe Jonas - This Is Me (From &quot;Camp Rock&quot;\/Sing-Along)\" width=\"500\" height=\"281\" src=\"https:\/\/www.youtube.com\/embed\/6HCUoMgviwU?feature=oembed\" frameborder=\"0\" allow=\"accelerometer; autoplay; clipboard-write; encrypted-media; gyroscope; picture-in-picture; web-share\" referrerpolicy=\"strict-origin-when-cross-origin\" allowfullscreen><\/iframe><\/div>\n<\/div><\/figure>\n\n\n\n<h2 class=\"wp-block-heading\">Quais seus maiores pr\u00eamios e conquistas da carreira?<\/h2>\n\n\n\n<p><strong>Demi Lovato<\/strong> tem uma vasta cole\u00e7\u00e3o de pr\u00eamios ao longo de sua carreira, refletindo seu impacto na m\u00fasica e na cultura pop. Ela foi indicada e ganhou pr\u00eamios como o <strong>People&#8217;s Choice Award<\/strong>, <strong>Teen Choice Awards<\/strong> e <strong>MTV Video Music Awards<\/strong>. Al\u00e9m disso, <strong>Demi<\/strong> tamb\u00e9m recebeu honras por seu ativismo e trabalho com sa\u00fade mental, incluindo pr\u00eamios de organiza\u00e7\u00f5es de sa\u00fade e entidades que reconhecem seu papel como defensora da luta contra a estigmatiza\u00e7\u00e3o da sa\u00fade mental.<\/p>\n\n\n\n<p>Em adi\u00e7\u00e3o aos pr\u00eamios, <strong>Demi Lovato<\/strong> foi reconhecida por sua habilidade em escrever m\u00fasicas e por sua for\u00e7a como mulher na ind\u00fastria da m\u00fasica. Sua jornada pessoal e profissional de supera\u00e7\u00e3o, especialmente em rela\u00e7\u00e3o \u00e0s quest\u00f5es de sa\u00fade mental e v\u00edcios, tamb\u00e9m trouxe um respeito profundo de seus f\u00e3s e da ind\u00fastria, que celebram sua honestidade e coragem.<\/p>\n\n\n\n<h2 class=\"wp-block-heading\">Demi Lovato j\u00e1 se envolveu em pol\u00eamicas?<\/h2>\n\n\n\n<p>Como uma figura p\u00fablica por tanto tempo, <strong>Demi Lovato<\/strong> teve alguns momentos pol\u00eamicos que foram amplamente discutidos pela m\u00eddia e seus f\u00e3s. Ao longo dos anos, ela teve batalhas p\u00fablicas com quest\u00f5es de sa\u00fade mental e depend\u00eancia, o que foi, por um lado, um ponto de apoio para muitas pessoas que enfrentam os mesmos problemas. Sua abertura sobre esses desafios ajudou a quebrar tabus, mas tamb\u00e9m a colocou no centro de algumas controv\u00e9rsias.<\/p>\n\n\n\n<p>Al\u00e9m disso, <strong>Lovato<\/strong> tamb\u00e9m se envolveu em algumas pol\u00eamicas menores, como declara\u00e7\u00f5es nas redes sociais, que foram interpretadas de diferentes maneiras. No entanto, ela sempre usou sua plataforma para falar abertamente sobre suas dificuldades, com a inten\u00e7\u00e3o de ajudar outras pessoas e n\u00e3o de se esconder das cr\u00edticas. Sua sinceridade, embora tenha causado controv\u00e9rsias, tamb\u00e9m \u00e9 vista por muitos como uma de suas maiores qualidades.<\/p>\n\n\n\n<h2 class=\"wp-block-heading\">Curiosidades<\/h2>\n\n\n\n<ol class=\"wp-block-list\">\n<li><strong>Demi Lovato<\/strong> come\u00e7ou sua carreira como atriz ainda muito jovem, aos <strong>7 anos<\/strong>.<\/li>\n\n\n\n<li>Ela foi diagnosticada com <strong>transtorno bipolar<\/strong> e \u00e9 uma defensora da sa\u00fade mental.<\/li>\n\n\n\n<li><strong>Lovato<\/strong> tem v\u00e1rios \u00e1lbuns de platina e ouro, sendo uma das artistas de maior sucesso da d\u00e9cada de 2010.<\/li>\n\n\n\n<li>Ela foi nomeada <strong>Embaixadora Global de Sa\u00fade Mental<\/strong> pela <strong>Organiza\u00e7\u00e3o das Na\u00e7\u00f5es Unidas<\/strong>.<\/li>\n\n\n\n<li><strong>Demi<\/strong> tem tatuagens que simbolizam momentos importantes de sua vida e carreira.<\/li>\n\n\n\n<li>Ela j\u00e1 se envolveu em v\u00e1rias campanhas beneficentes, especialmente relacionadas \u00e0 preven\u00e7\u00e3o ao suic\u00eddio e sa\u00fade mental.<\/li>\n\n\n\n<li><strong>Lovato<\/strong> \u00e9 uma grande defensora dos direitos LGBTQ+ e tem se envolvido em diversas causas sociais.<\/li>\n\n\n\n<li>Ela foi uma das primeiras grandes estrelas a falar abertamente sobre suas lutas com a depend\u00eancia.<\/li>\n\n\n\n<li><strong>Demi Lovato<\/strong> tem uma enorme base de f\u00e3s no mundo todo, com milh\u00f5es de seguidores nas redes sociais.<\/li>\n\n\n\n<li>Ela lan\u00e7ou uma autobiografia chamada <strong>&#8220;Staying Strong: 365 Days a Year&#8221;<\/strong> (<strong>2013<\/strong>), onde compartilha suas experi\u00eancias de vida e supera\u00e7\u00e3o.<\/li>\n<\/ol>\n\n\n\n<h2 class=\"wp-block-heading\">Qual o valor estimado da fortuna e fontes de renda de Demi Lovato?<\/h2>\n\n\n\n<p>A fortuna de <strong>Demi Lovato<\/strong> \u00e9 estimada em <strong>$40 milh\u00f5es<\/strong>. Sua principal fonte de renda prov\u00e9m de sua carreira musical, com \u00e1lbuns de sucesso e turn\u00eas internacionais. Ela tamb\u00e9m ganha consider\u00e1veis somas com suas apari\u00e7\u00f5es em filmes, s\u00e9ries e contratos publicit\u00e1rios. Al\u00e9m disso, <strong>Demi<\/strong> tem uma s\u00e9rie de empreendimentos e investimentos, incluindo sua linha de produtos de beleza e colabora\u00e7\u00f5es com marcas renomadas.<\/p>\n\n\n\n<p>Al\u00e9m de sua carreira no entretenimento, <strong>Demi Lovato<\/strong> tamb\u00e9m ganha com seus livros e acordos de endosse. Ela \u00e9 uma defensora ativa de causas sociais, e seu trabalho como defensora de sa\u00fade mental e direitos humanos tamb\u00e9m gerou fontes de receita atrav\u00e9s de parcerias com organiza\u00e7\u00f5es de caridade e funda\u00e7\u00f5es. Com uma carreira crescente e novos projetos a caminho, espera-se que sua fortuna continue a crescer.<\/p>\n","protected":false},"excerpt":{"rendered":"<p>Demi Lovato \u00e9 uma das artistas mais talentosas e vers\u00e1teis de sua gera\u00e7\u00e3o, conhecida por sua poderosa voz, talento em atua\u00e7\u00e3o e coragem para enfrentar os desafios da vida p\u00fablica. Ao longo de sua carreira, Demi se destacou n\u00e3o s\u00f3 pela sua m\u00fasica, mas tamb\u00e9m por sua influ\u00eancia na cultura pop e seu ativismo em [&hellip;]<\/p>\n","protected":false},"author":8,"featured_media":24755,"comment_status":"open","ping_status":"open","sticky":false,"template":"","format":"standard","meta":{"jnews-multi-image_gallery":[],"jnews_single_post":{"format":"standard"},"jnews_primary_category":[],"jnews_social_meta":[],"jnews_override_counter":[],"footnotes":""},"categories":[128,169],"post_tag":[729,3462,534],"class_list":["post-24694","post","type-post","status-publish","format-standard","has-post-thumbnail","hentry","category-economia","category-noticias","tag-artista-pop","tag-demi-lovato","tag-fortunas"],"yoast_head":"<!-- This site is optimized with the Yoast SEO plugin v24.6 - https:\/\/yoast.com\/wordpress\/plugins\/seo\/ -->\n<title>Qual o patrim\u00f4nio da ex atriz de Camp Rock nos dias atuais? - Correio Braziliense - Radar<\/title>\n<meta name=\"description\" content=\"Descubra mais sobre a ex-atriz de Camp Rock, sua hist\u00f3ria, pol\u00eamicas, curiosidades e \u00e9 claro, seu patrim\u00f4nio impressionante nos dias de hoje!\" \/>\n<meta name=\"robots\" content=\"index, follow, max-snippet:-1, max-image-preview:large, max-video-preview:-1\" \/>\n<link rel=\"canonical\" href=\"https:\/\/www.correiobraziliense.com.br\/cbradar\/qual-o-patrimonio-da-ex-atriz-de-camp-rock-nos-dias-atuais\/\" \/>\n<meta property=\"og:locale\" content=\"pt_BR\" \/>\n<meta property=\"og:type\" content=\"article\" \/>\n<meta property=\"og:title\" content=\"Qual o patrim\u00f4nio da ex atriz de Camp Rock nos dias atuais? - Correio Braziliense - Radar\" \/>\n<meta property=\"og:description\" content=\"Descubra mais sobre a ex-atriz de Camp Rock, sua hist\u00f3ria, pol\u00eamicas, curiosidades e \u00e9 claro, seu patrim\u00f4nio impressionante nos dias de hoje!\" \/>\n<meta property=\"og:url\" content=\"https:\/\/www.correiobraziliense.com.br\/cbradar\/qual-o-patrimonio-da-ex-atriz-de-camp-rock-nos-dias-atuais\/\" \/>\n<meta property=\"og:site_name\" content=\"Correio Braziliense - Radar\" \/>\n<meta property=\"article:published_time\" content=\"2025-04-20T19:30:00+00:00\" \/>\n<meta property=\"og:image\" content=\"https:\/\/www.correiobraziliense.com.br\/cbradar\/wp-content\/uploads\/2025\/04\/demi-lovato_1744869926044.jpg\" \/>\n\t<meta property=\"og:image:width\" content=\"1280\" \/>\n\t<meta property=\"og:image:height\" content=\"720\" \/>\n\t<meta property=\"og:image:type\" content=\"image\/jpeg\" \/>\n<meta name=\"author\" content=\"Maura Pereira\" \/>\n<meta name=\"twitter:card\" content=\"summary_large_image\" \/>\n<meta name=\"twitter:label1\" content=\"Escrito por\" \/>\n\t<meta name=\"twitter:data1\" content=\"Maura Pereira\" \/>\n\t<meta name=\"twitter:label2\" content=\"Est. tempo de leitura\" \/>\n\t<meta name=\"twitter:data2\" content=\"8 minutos\" \/>\n<!-- \/ Yoast SEO plugin. -->","yoast_head_json":{"title":"Qual o patrim\u00f4nio da ex atriz de Camp Rock nos dias atuais? - Correio Braziliense - Radar","description":"Descubra mais sobre a ex-atriz de Camp Rock, sua hist\u00f3ria, pol\u00eamicas, curiosidades e \u00e9 claro, seu patrim\u00f4nio impressionante nos dias de hoje!","robots":{"index":"index","follow":"follow","max-snippet":"max-snippet:-1","max-image-preview":"max-image-preview:large","max-video-preview":"max-video-preview:-1"},"canonical":"https:\/\/www.correiobraziliense.com.br\/cbradar\/qual-o-patrimonio-da-ex-atriz-de-camp-rock-nos-dias-atuais\/","og_locale":"pt_BR","og_type":"article","og_title":"Qual o patrim\u00f4nio da ex atriz de Camp Rock nos dias atuais? - Correio Braziliense - Radar","og_description":"Descubra mais sobre a ex-atriz de Camp Rock, sua hist\u00f3ria, pol\u00eamicas, curiosidades e \u00e9 claro, seu patrim\u00f4nio impressionante nos dias de hoje!","og_url":"https:\/\/www.correiobraziliense.com.br\/cbradar\/qual-o-patrimonio-da-ex-atriz-de-camp-rock-nos-dias-atuais\/","og_site_name":"Correio Braziliense - Radar","article_published_time":"2025-04-20T19:30:00+00:00","og_image":[{"width":1280,"height":720,"url":"https:\/\/www.correiobraziliense.com.br\/cbradar\/wp-content\/uploads\/2025\/04\/demi-lovato_1744869926044.jpg","type":"image\/jpeg"}],"author":"Maura Pereira","twitter_card":"summary_large_image","twitter_misc":{"Escrito por":"Maura Pereira","Est. tempo de leitura":"8 minutos"},"schema":{"@context":"https:\/\/schema.org","@graph":[{"@type":"WebPage","@id":"https:\/\/www.correiobraziliense.com.br\/cbradar\/qual-o-patrimonio-da-ex-atriz-de-camp-rock-nos-dias-atuais\/","url":"https:\/\/www.correiobraziliense.com.br\/cbradar\/qual-o-patrimonio-da-ex-atriz-de-camp-rock-nos-dias-atuais\/","name":"Qual o patrim\u00f4nio da ex atriz de Camp Rock nos dias atuais? - Correio Braziliense - Radar","isPartOf":{"@id":"https:\/\/www.correiobraziliense.com.br\/cbradar\/#website"},"primaryImageOfPage":{"@id":"https:\/\/www.correiobraziliense.com.br\/cbradar\/qual-o-patrimonio-da-ex-atriz-de-camp-rock-nos-dias-atuais\/#primaryimage"},"image":{"@id":"https:\/\/www.correiobraziliense.com.br\/cbradar\/qual-o-patrimonio-da-ex-atriz-de-camp-rock-nos-dias-atuais\/#primaryimage"},"thumbnailUrl":"https:\/\/www.correiobraziliense.com.br\/cbradar\/wp-content\/uploads\/2025\/04\/demi-lovato_1744869926044.jpg","datePublished":"2025-04-20T19:30:00+00:00","author":{"@id":"https:\/\/www.correiobraziliense.com.br\/cbradar\/#\/schema\/person\/4053c651a9bfc785afc6f4cbc9032fd3"},"description":"Descubra mais sobre a ex-atriz de Camp Rock, sua hist\u00f3ria, pol\u00eamicas, curiosidades e \u00e9 claro, seu patrim\u00f4nio impressionante nos dias de hoje!","breadcrumb":{"@id":"https:\/\/www.correiobraziliense.com.br\/cbradar\/qual-o-patrimonio-da-ex-atriz-de-camp-rock-nos-dias-atuais\/#breadcrumb"},"inLanguage":"pt-BR","potentialAction":[{"@type":"ReadAction","target":["https:\/\/www.correiobraziliense.com.br\/cbradar\/qual-o-patrimonio-da-ex-atriz-de-camp-rock-nos-dias-atuais\/"]}]},{"@type":"ImageObject","inLanguage":"pt-BR","@id":"https:\/\/www.correiobraziliense.com.br\/cbradar\/qual-o-patrimonio-da-ex-atriz-de-camp-rock-nos-dias-atuais\/#primaryimage","url":"https:\/\/www.correiobraziliense.com.br\/cbradar\/wp-content\/uploads\/2025\/04\/demi-lovato_1744869926044.jpg","contentUrl":"https:\/\/www.correiobraziliense.com.br\/cbradar\/wp-content\/uploads\/2025\/04\/demi-lovato_1744869926044.jpg","width":1280,"height":720,"caption":"Demi Lovato \/\/ Cr\u00e9ditos: depositphotos.com \/ PopularImages"},{"@type":"BreadcrumbList","@id":"https:\/\/www.correiobraziliense.com.br\/cbradar\/qual-o-patrimonio-da-ex-atriz-de-camp-rock-nos-dias-atuais\/#breadcrumb","itemListElement":[{"@type":"ListItem","position":1,"name":"In\u00edcio","item":"https:\/\/www.correiobraziliense.com.br\/cbradar\/"},{"@type":"ListItem","position":2,"name":"Qual o patrim\u00f4nio da ex atriz de Camp Rock nos dias atuais?"}]},{"@type":"WebSite","@id":"https:\/\/www.correiobraziliense.com.br\/cbradar\/#website","url":"https:\/\/www.correiobraziliense.com.br\/cbradar\/","name":"Correio Braziliense - Radar","description":"Acompanhe as \u00faltimas not\u00edcias e fique bem informado sobre tudo o que acontece no Brasil e no mundo.","potentialAction":[{"@type":"SearchAction","target":{"@type":"EntryPoint","urlTemplate":"https:\/\/www.correiobraziliense.com.br\/cbradar\/?s={search_term_string}"},"query-input":{"@type":"PropertyValueSpecification","valueRequired":true,"valueName":"search_term_string"}}],"inLanguage":"pt-BR"},{"@type":"Person","@id":"https:\/\/www.correiobraziliense.com.br\/cbradar\/#\/schema\/person\/4053c651a9bfc785afc6f4cbc9032fd3","name":"Maura Pereira","image":{"@type":"ImageObject","inLanguage":"pt-BR","@id":"https:\/\/www.correiobraziliense.com.br\/cbradar\/#\/schema\/person\/image\/","url":"https:\/\/secure.gravatar.com\/avatar\/3effd6bdadfa447f15089c7f7144eaa6?s=96&d=mm&r=g","contentUrl":"https:\/\/secure.gravatar.com\/avatar\/3effd6bdadfa447f15089c7f7144eaa6?s=96&d=mm&r=g","caption":"Maura Pereira"},"sameAs":["https:\/\/www.correiobraziliense.com.br\/"],"url":"https:\/\/www.correiobraziliense.com.br\/cbradar\/author\/mauramyth\/"}]}},"_links":{"self":[{"href":"https:\/\/www.correiobraziliense.com.br\/cbradar\/wp-json\/wp\/v2\/posts\/24694","targetHints":{"allow":["GET"]}}],"collection":[{"href":"https:\/\/www.correiobraziliense.com.br\/cbradar\/wp-json\/wp\/v2\/posts"}],"about":[{"href":"https:\/\/www.correiobraziliense.com.br\/cbradar\/wp-json\/wp\/v2\/types\/post"}],"author":[{"embeddable":true,"href":"https:\/\/www.correiobraziliense.com.br\/cbradar\/wp-json\/wp\/v2\/users\/8"}],"replies":[{"embeddable":true,"href":"https:\/\/www.correiobraziliense.com.br\/cbradar\/wp-json\/wp\/v2\/comments?post=24694"}],"version-history":[{"count":14,"href":"https:\/\/www.correiobraziliense.com.br\/cbradar\/wp-json\/wp\/v2\/posts\/24694\/revisions"}],"predecessor-version":[{"id":24767,"href":"https:\/\/www.correiobraziliense.com.br\/cbradar\/wp-json\/wp\/v2\/posts\/24694\/revisions\/24767"}],"wp:featuredmedia":[{"embeddable":true,"href":"https:\/\/www.correiobraziliense.com.br\/cbradar\/wp-json\/wp\/v2\/media\/24755"}],"wp:attachment":[{"href":"https:\/\/www.correiobraziliense.com.br\/cbradar\/wp-json\/wp\/v2\/media?parent=24694"}],"wp:term":[{"taxonomy":"category","embeddable":true,"href":"https:\/\/www.correiobraziliense.com.br\/cbradar\/wp-json\/wp\/v2\/categories?post=24694"},{"taxonomy":"post_tag","embeddable":true,"href":"https:\/\/www.correiobraziliense.com.br\/cbradar\/wp-json\/wp\/v2\/post_tag?post=24694"}],"curies":[{"name":"wp","href":"https:\/\/api.w.org\/{rel}","templated":true}]}}