{"id":24768,"date":"2025-04-18T21:50:00","date_gmt":"2025-04-19T00:50:00","guid":{"rendered":"https:\/\/www.correiobraziliense.com.br\/cbradar\/?p=24768"},"modified":"2025-04-18T09:24:39","modified_gmt":"2025-04-18T12:24:39","slug":"essa-cidade-em-santa-catarina-e-uma-das-melhores-para-se-viver-com-uma-natureza-exuberante","status":"publish","type":"post","link":"https:\/\/www.correiobraziliense.com.br\/cbradar\/essa-cidade-em-santa-catarina-e-uma-das-melhores-para-se-viver-com-uma-natureza-exuberante\/","title":{"rendered":"Essa cidade em Santa Catarina \u00e9 uma das melhores para se viver com uma natureza exuberante"},"content":{"rendered":"\n<p>Conhecida como a \u201c<strong>cidade das flores, das bicicletas e da dan\u00e7a<\/strong>\u201d, <strong>Joinville<\/strong>, em<a href=\"https:\/\/www.correiobraziliense.com.br\/cbradar\/essa-cidade-no-interior-de-santa-catarina-surpreende-pelo-ecoturismo\/\" target=\"_blank\" rel=\"noreferrer noopener\"> <strong>Santa Catarina<\/strong><\/a>, \u00e9 um destino encantador que mistura tradi\u00e7\u00e3o, modernidade e natureza exuberante. Com uma forte influ\u00eancia da imigra\u00e7\u00e3o europeia, principalmente <strong>alem\u00e3<\/strong>, <strong>su\u00ed\u00e7a<\/strong> e <strong>norueguesa<\/strong>, a cidade se destaca por sua arquitetura peculiar, eventos culturais e qualidade de vida. Seja para passeios tranquilos, experi\u00eancias gastron\u00f4micas ou imers\u00e3o na cultura, o turismo em <strong>Joinville<\/strong> oferece algo para todos os gostos.<\/p>\n\n\n\n<p>Neste artigo, voc\u00ea vai descobrir tudo o que precisa saber sobre <strong>Joinville<\/strong>: desde a sua rica hist\u00f3ria at\u00e9 os pontos tur\u00edsticos imperd\u00edveis, passando por curiosidades, clima, gastronomia e dicas pr\u00e1ticas para aproveitar ao m\u00e1ximo sua visita. Continue lendo e planeje uma viagem inesquec\u00edvel para essa joia do sul do <strong>Brasil<\/strong>!<\/p>\n\n\n\n<h2 class=\"wp-block-heading\">Qual \u00e9 a hist\u00f3ria de Joinville?<\/h2>\n\n\n\n<p>A hist\u00f3ria de <strong>Joinville<\/strong> come\u00e7ou oficialmente em <strong>9 de mar\u00e7o de 1851<\/strong>, com a chegada dos primeiros imigrantes europeus, em sua maioria <strong>alem\u00e3es<\/strong>, <strong>su\u00ed\u00e7os<\/strong> e <strong>noruegueses<\/strong>. O territ\u00f3rio, por\u00e9m, j\u00e1 havia sido habitado por ind\u00edgenas da etnia <strong>guarani<\/strong>. A cidade recebeu esse nome em homenagem ao <strong>pr\u00edncipe Fran\u00e7ois Ferdinand Philippe Louis Marie<\/strong>, de <strong>Orl\u00e9ans<\/strong>, o \u201c<strong>Pr\u00edncipe de Joinville<\/strong>\u201d, que se casou com a princesa <strong>Francisca<\/strong>, filha do imperador <strong>Dom Pedro I<\/strong>.<\/p>\n\n\n\n<p>Durante os s\u00e9culos <strong>XIX<\/strong> e <strong>XX<\/strong>, <strong>Joinville<\/strong> passou por um processo acelerado de crescimento econ\u00f4mico impulsionado pela agricultura, ind\u00fastria t\u00eaxtil e metal\u00fargica. Esses avan\u00e7os moldaram o perfil moderno da cidade, que hoje \u00e9 um dos principais polos industriais da regi\u00e3o sul. O reflexo dessa hist\u00f3ria est\u00e1 nas ruas arborizadas, casar\u00f5es antigos preservados e tradi\u00e7\u00f5es que sobrevivem at\u00e9 os dias atuais.<\/p>\n\n\n<div class=\"wp-block-image\">\n<figure class=\"aligncenter size-large\"><img decoding=\"async\" src=\"https:\/\/www.correiobraziliense.com.br\/cbradar\/wp-content\/uploads\/2025\/02\/Joinville_1740199061486-1024x576.jpg\" alt=\"Essa \u00e9 a cidade conhecida como a &quot;Manchester Catarinense&quot;\" class=\"wp-image-4909\"\/><figcaption class=\"wp-element-caption\">Joinville \/\/ Cr\u00e9ditos: depositphotos.com \/ sasha64f<\/figcaption><\/figure><\/div>\n\n\n<h2 class=\"wp-block-heading\">Quais s\u00e3o as curiosidades mais interessantes sobre Joinville?<\/h2>\n\n\n\n<p>Uma das curiosidades mais fascinantes sobre <strong>Joinville<\/strong> <strong>\u00e9 que ela abriga a \u00fanica filial da famosa <a href=\"https:\/\/pt.wikipedia.org\/wiki\/Escola_do_Teatro_Bolshoi_no_Brasil\" target=\"_blank\" rel=\"noreferrer noopener\">Escola do Teatro Bolshoi <\/a><\/strong>fora da <strong>R\u00fassia<\/strong>. A cidade tamb\u00e9m \u00e9 sede do maior festival de dan\u00e7a do mundo, o <strong>Festival de Dan\u00e7a de Joinville<\/strong>, que atrai milhares de bailarinos e visitantes todos os anos. Outro destaque \u00e9 o forte uso de bicicletas como meio de transporte, o que rendeu a <strong>Joinville<\/strong> o t\u00edtulo de \u201c<strong>cidade das bicicletas<\/strong>\u201d.<\/p>\n\n\n\n<p>A cidade tamb\u00e9m \u00e9 conhecida por seus apelidos carinhosos, como \u201c<strong>Manchester catarinense<\/strong>\u201d, em refer\u00eancia \u00e0 sua for\u00e7a industrial, e \u201c<strong>cidade das flores<\/strong>\u201d, gra\u00e7as \u00e0 tradicional Festa das Flores. Seu bras\u00e3o e bandeira carregam elementos que remetem \u00e0 natureza, \u00e0 realeza e \u00e0 imigra\u00e7\u00e3o, refor\u00e7ando a identidade \u00fanica de <strong>Joinville<\/strong> como um verdadeiro mosaico cultural.<\/p>\n\n\n\n<blockquote class=\"instagram-media\" data-instgrm-captioned data-instgrm-permalink=\"https:\/\/www.instagram.com\/reel\/DIh95zjsz2e\/?utm_source=ig_embed&amp;utm_campaign=loading\" data-instgrm-version=\"14\" style=\" background:#FFF; border:0; border-radius:3px; box-shadow:0 0 1px 0 rgba(0,0,0,0.5),0 1px 10px 0 rgba(0,0,0,0.15); margin: 1px; max-width:540px; min-width:326px; padding:0; width:99.375%; width:-webkit-calc(100% - 2px); width:calc(100% - 2px);\"><div style=\"padding:16px;\"> <a href=\"https:\/\/www.instagram.com\/reel\/DIh95zjsz2e\/?utm_source=ig_embed&amp;utm_campaign=loading\" style=\" background:#FFFFFF; line-height:0; padding:0 0; text-align:center; text-decoration:none; width:100%;\" target=\"_blank\"> <div style=\" display: flex; flex-direction: row; align-items: center;\"> <div style=\"background-color: #F4F4F4; border-radius: 50%; flex-grow: 0; height: 40px; margin-right: 14px; width: 40px;\"><\/div> <div style=\"display: flex; flex-direction: column; flex-grow: 1; justify-content: center;\"> <div style=\" background-color: #F4F4F4; border-radius: 4px; flex-grow: 0; height: 14px; margin-bottom: 6px; width: 100px;\"><\/div> <div style=\" background-color: #F4F4F4; border-radius: 4px; flex-grow: 0; height: 14px; width: 60px;\"><\/div><\/div><\/div><div style=\"padding: 19% 0;\"><\/div> <div style=\"display:block; height:50px; margin:0 auto 12px; width:50px;\"><svg width=\"50px\" height=\"50px\" viewBox=\"0 0 60 60\" version=\"1.1\" xmlns=\"https:\/\/www.w3.org\/2000\/svg\" xmlns:xlink=\"https:\/\/www.w3.org\/1999\/xlink\"><g stroke=\"none\" stroke-width=\"1\" fill=\"none\" fill-rule=\"evenodd\"><g transform=\"translate(-511.000000, -20.000000)\" fill=\"#000000\"><g><path d=\"M556.869,30.41 C554.814,30.41 553.148,32.076 553.148,34.131 C553.148,36.186 554.814,37.852 556.869,37.852 C558.924,37.852 560.59,36.186 560.59,34.131 C560.59,32.076 558.924,30.41 556.869,30.41 M541,60.657 C535.114,60.657 530.342,55.887 530.342,50 C530.342,44.114 535.114,39.342 541,39.342 C546.887,39.342 551.658,44.114 551.658,50 C551.658,55.887 546.887,60.657 541,60.657 M541,33.886 C532.1,33.886 524.886,41.1 524.886,50 C524.886,58.899 532.1,66.113 541,66.113 C549.9,66.113 557.115,58.899 557.115,50 C557.115,41.1 549.9,33.886 541,33.886 M565.378,62.101 C565.244,65.022 564.756,66.606 564.346,67.663 C563.803,69.06 563.154,70.057 562.106,71.106 C561.058,72.155 560.06,72.803 558.662,73.347 C557.607,73.757 556.021,74.244 553.102,74.378 C549.944,74.521 548.997,74.552 541,74.552 C533.003,74.552 532.056,74.521 528.898,74.378 C525.979,74.244 524.393,73.757 523.338,73.347 C521.94,72.803 520.942,72.155 519.894,71.106 C518.846,70.057 518.197,69.06 517.654,67.663 C517.244,66.606 516.755,65.022 516.623,62.101 C516.479,58.943 516.448,57.996 516.448,50 C516.448,42.003 516.479,41.056 516.623,37.899 C516.755,34.978 517.244,33.391 517.654,32.338 C518.197,30.938 518.846,29.942 519.894,28.894 C520.942,27.846 521.94,27.196 523.338,26.654 C524.393,26.244 525.979,25.756 528.898,25.623 C532.057,25.479 533.004,25.448 541,25.448 C548.997,25.448 549.943,25.479 553.102,25.623 C556.021,25.756 557.607,26.244 558.662,26.654 C560.06,27.196 561.058,27.846 562.106,28.894 C563.154,29.942 563.803,30.938 564.346,32.338 C564.756,33.391 565.244,34.978 565.378,37.899 C565.522,41.056 565.552,42.003 565.552,50 C565.552,57.996 565.522,58.943 565.378,62.101 M570.82,37.631 C570.674,34.438 570.167,32.258 569.425,30.349 C568.659,28.377 567.633,26.702 565.965,25.035 C564.297,23.368 562.623,22.342 560.652,21.575 C558.743,20.834 556.562,20.326 553.369,20.18 C550.169,20.033 549.148,20 541,20 C532.853,20 531.831,20.033 528.631,20.18 C525.438,20.326 523.257,20.834 521.349,21.575 C519.376,22.342 517.703,23.368 516.035,25.035 C514.368,26.702 513.342,28.377 512.574,30.349 C511.834,32.258 511.326,34.438 511.181,37.631 C511.035,40.831 511,41.851 511,50 C511,58.147 511.035,59.17 511.181,62.369 C511.326,65.562 511.834,67.743 512.574,69.651 C513.342,71.625 514.368,73.296 516.035,74.965 C517.703,76.634 519.376,77.658 521.349,78.425 C523.257,79.167 525.438,79.673 528.631,79.82 C531.831,79.965 532.853,80.001 541,80.001 C549.148,80.001 550.169,79.965 553.369,79.82 C556.562,79.673 558.743,79.167 560.652,78.425 C562.623,77.658 564.297,76.634 565.965,74.965 C567.633,73.296 568.659,71.625 569.425,69.651 C570.167,67.743 570.674,65.562 570.82,62.369 C570.966,59.17 571,58.147 571,50 C571,41.851 570.966,40.831 570.82,37.631\"><\/path><\/g><\/g><\/g><\/svg><\/div><div style=\"padding-top: 8px;\"> <div style=\" color:#3897f0; font-family:Arial,sans-serif; font-size:14px; font-style:normal; font-weight:550; line-height:18px;\">Ver essa foto no Instagram<\/div><\/div><div style=\"padding: 12.5% 0;\"><\/div> <div style=\"display: flex; flex-direction: row; margin-bottom: 14px; align-items: center;\"><div> <div style=\"background-color: #F4F4F4; border-radius: 50%; height: 12.5px; width: 12.5px; transform: translateX(0px) translateY(7px);\"><\/div> <div style=\"background-color: #F4F4F4; height: 12.5px; transform: rotate(-45deg) translateX(3px) translateY(1px); width: 12.5px; flex-grow: 0; margin-right: 14px; margin-left: 2px;\"><\/div> <div style=\"background-color: #F4F4F4; border-radius: 50%; height: 12.5px; width: 12.5px; transform: translateX(9px) translateY(-18px);\"><\/div><\/div><div style=\"margin-left: 8px;\"> <div style=\" background-color: #F4F4F4; border-radius: 50%; flex-grow: 0; height: 20px; width: 20px;\"><\/div> <div style=\" width: 0; height: 0; border-top: 2px solid transparent; border-left: 6px solid #f4f4f4; border-bottom: 2px solid transparent; transform: translateX(16px) translateY(-4px) rotate(30deg)\"><\/div><\/div><div style=\"margin-left: auto;\"> <div style=\" width: 0px; border-top: 8px solid #F4F4F4; border-right: 8px solid transparent; transform: translateY(16px);\"><\/div> <div style=\" background-color: #F4F4F4; flex-grow: 0; height: 12px; width: 16px; transform: translateY(-4px);\"><\/div> <div style=\" width: 0; height: 0; border-top: 8px solid #F4F4F4; border-left: 8px solid transparent; transform: translateY(-4px) translateX(8px);\"><\/div><\/div><\/div> <div style=\"display: flex; flex-direction: column; flex-grow: 1; justify-content: center; margin-bottom: 24px;\"> <div style=\" background-color: #F4F4F4; border-radius: 4px; flex-grow: 0; height: 14px; margin-bottom: 6px; width: 224px;\"><\/div> <div style=\" background-color: #F4F4F4; border-radius: 4px; flex-grow: 0; height: 14px; width: 144px;\"><\/div><\/div><\/a><p style=\" color:#c9c8cd; font-family:Arial,sans-serif; font-size:14px; line-height:17px; margin-bottom:0; margin-top:8px; overflow:hidden; padding:8px 0 7px; text-align:center; text-overflow:ellipsis; white-space:nowrap;\"><a href=\"https:\/\/www.instagram.com\/reel\/DIh95zjsz2e\/?utm_source=ig_embed&amp;utm_campaign=loading\" style=\" color:#c9c8cd; font-family:Arial,sans-serif; font-size:14px; font-style:normal; font-weight:normal; line-height:17px; text-decoration:none;\" target=\"_blank\">Uma publica\u00e7\u00e3o compartilhada por Escola Bolshoi Brasil (@escola_bolshoi)<\/a><\/p><\/div><\/blockquote>\n<script async src=\"\/\/www.instagram.com\/embed.js\"><\/script>\n\n\n\n<h2 class=\"wp-block-heading\">Quais s\u00e3o os principais pontos tur\u00edsticos de Joinville?<\/h2>\n\n\n\n<p>Entre os pontos tur\u00edsticos mais visitados de <strong>Joinville<\/strong>, destaca-se o <strong>Mirante de Joinville<\/strong>, localizado no <strong>Parque Natural da Caieira<\/strong>, que oferece uma vista panor\u00e2mica espetacular da cidade. O <strong>Museu Nacional de Imigra\u00e7\u00e3o e Coloniza\u00e7\u00e3o<\/strong>, com seu acervo hist\u00f3rico riqu\u00edssimo, tamb\u00e9m \u00e9 parada obrigat\u00f3ria. J\u00e1 o <strong>Zoobot\u00e2nico<\/strong>, ideal para fam\u00edlias, encanta por sua fauna e flora t\u00edpicas da <strong>Mata Atl\u00e2ntica<\/strong>. A entrada em muitos desses locais \u00e9 gratuita ou de baixo custo, e os hor\u00e1rios variam conforme a esta\u00e7\u00e3o.<\/p>\n\n\n\n<p>A melhor \u00e9poca para visitar esses pontos \u00e9 durante a primavera e o inverno, quando o clima \u00e9 mais ameno e seco. Al\u00e9m disso, em <strong>novembro<\/strong>, acontece a <strong>Festa das Flores<\/strong>, que transforma <strong>Joinville<\/strong> em um jardim a c\u00e9u aberto. Para quem tem mais tempo, vale incluir no roteiro passeios at\u00e9 o <strong>Distrito de Pirabeiraba<\/strong>, onde o ecoturismo \u00e9 a grande estrela, com trilhas e cachoeiras em meio \u00e0 natureza.<\/p>\n\n\n\n<h2 class=\"wp-block-heading\">Como \u00e9 o clima local e qual a melhor \u00e9poca para visitar?<\/h2>\n\n\n\n<p><strong>Joinville<\/strong> possui clima subtropical \u00famido, com ver\u00f5es quentes e invernos amenos. As temperaturas m\u00e9dias variam entre <strong>16\u00b0C<\/strong> no inverno e <strong>28\u00b0C<\/strong> no ver\u00e3o, com altos \u00edndices de precipita\u00e7\u00e3o ao longo do ano. Os meses entre <strong>dezembro<\/strong> e <strong>mar\u00e7o<\/strong> tendem a ser mais chuvosos, o que pode impactar alguns passeios ao ar livre.<\/p>\n\n\n\n<p>A melhor \u00e9poca para visitar a cidade vai de <strong>abril<\/strong> a <strong>agosto<\/strong>, quando o clima \u00e9 mais seco e agrad\u00e1vel. Durante o inverno, o turismo em <strong>Joinville<\/strong> ganha for\u00e7a com eventos culturais e temperaturas mais confort\u00e1veis para explorar museus e atra\u00e7\u00f5es hist\u00f3ricas. Recomenda-se o uso de roupas leves no ver\u00e3o e agasalhos durante o inverno, al\u00e9m de sempre carregar capa de chuva ou guarda-chuva, independentemente da esta\u00e7\u00e3o.<\/p>\n\n\n\n<h2 class=\"wp-block-heading\">O que fazer em Joinville al\u00e9m dos pontos tur\u00edsticos?<\/h2>\n\n\n\n<p>Al\u00e9m das atra\u00e7\u00f5es mais conhecidas, <strong>Joinville<\/strong> oferece experi\u00eancias culturais aut\u00eanticas em suas feiras e mercados locais, como o <strong>Mercado P\u00fablico Municipal<\/strong>, onde voc\u00ea pode saborear pratos t\u00edpicos e comprar produtos artesanais. Os bairros hist\u00f3ricos, como o <strong>Bucarein<\/strong> e o <strong>Sagua\u00e7u<\/strong>, preservam casar\u00f5es coloniais e contam hist\u00f3rias de gera\u00e7\u00f5es que constru\u00edram a cidade.<\/p>\n\n\n\n<p>A gastronomia \u00e9 um espet\u00e1culo \u00e0 parte. Pratos t\u00edpicos como o marreco recheado, o chucrute e o strudel s\u00e3o facilmente encontrados em restaurantes tradicionais como o <strong>Tannenwald<\/strong> e o <strong>Villa Germania<\/strong>. Para se hospedar, h\u00e1 op\u00e7\u00f5es para todos os bolsos, de pousadas charmosas no centro a hot\u00e9is mais modernos pr\u00f3ximos \u00e0 zona industrial. O transporte \u00e9 eficiente, com linhas de \u00f4nibus bem distribu\u00eddas e boa cobertura de aplicativos de mobilidade.<\/p>\n\n\n\n<h2 class=\"wp-block-heading\">Quais s\u00e3o as dicas essenciais para quem visita Joinville?<\/h2>\n\n\n\n<p>A seguran\u00e7a em <strong>Joinville<\/strong> \u00e9 compar\u00e1vel \u00e0 de outras cidades m\u00e9dias do <strong>Brasil<\/strong>, mas \u00e9 sempre bom manter aten\u00e7\u00e3o aos pertences e evitar locais muito isolados \u00e0 noite. O transporte p\u00fablico \u00e9 eficiente, com passagens custando cerca de <strong>R$ 5<\/strong>, e \u00e9 poss\u00edvel se deslocar com tranquilidade pela cidade utilizando \u00f4nibus, t\u00e1xis ou apps como <strong>Uber<\/strong> e <strong>99<\/strong>.<\/p>\n\n\n\n<p>Para economizar, viaje fora da alta temporada e procure por promo\u00e7\u00f5es em sites de reserva de hospedagem. Fique atento a poss\u00edveis armadilhas tur\u00edsticas, como restaurantes que cobram caro sem oferecer qualidade ou guias n\u00e3o credenciados. Utilizar mapas digitais e aplicativos de avalia\u00e7\u00e3o, como <strong>Google Maps<\/strong> e <strong>TripAdvisor<\/strong>, ajuda bastante a evitar surpresas desagrad\u00e1veis.<\/p>\n\n\n\n<h2 class=\"wp-block-heading\">Perguntas frequentes (FAQ)<\/h2>\n\n\n\n<p><strong>Qual \u00e9 a melhor \u00e9poca do ano para visitar Joinville?<\/strong><br>Geralmente, depende do clima e dos eventos locais, como festivais ou feriados.<\/p>\n\n\n\n<p><strong>Quais pratos t\u00edpicos devem ser experimentados?<\/strong><br>Busque restaurantes tradicionais para provar a culin\u00e1ria local de <strong>Joinville<\/strong>.<\/p>\n\n\n\n<p><strong>Quais s\u00e3o as melhores op\u00e7\u00f5es de transporte na cidade?<\/strong><br>Use \u00f4nibus, t\u00e1xis, aplicativos ou aluguel de bicicletas, dependendo da infraestrutura de <strong>Joinville<\/strong>.<\/p>\n\n\n\n<p><strong>Joinville \u00e9 segura para turistas?<\/strong><br>Em geral, sim, mas \u00e9 importante manter os cuidados de praxe em qualquer grande centro urbano.<\/p>\n\n\n\n<p><strong>Que eventos e festivais ocorrem anualmente em Joinville?<\/strong><br>H\u00e1 celebra\u00e7\u00f5es religiosas, gastron\u00f4micas ou art\u00edsticas ao longo do ano; consulte calend\u00e1rios oficiais para se programar.<\/p>\n","protected":false},"excerpt":{"rendered":"<p>Conhecida como a \u201ccidade das flores, das bicicletas e da dan\u00e7a\u201d, Joinville, em Santa Catarina, \u00e9 um destino encantador que mistura tradi\u00e7\u00e3o, modernidade e natureza exuberante. Com uma forte influ\u00eancia da imigra\u00e7\u00e3o europeia, principalmente alem\u00e3, su\u00ed\u00e7a e norueguesa, a cidade se destaca por sua arquitetura peculiar, eventos culturais e qualidade de vida. Seja para passeios [&hellip;]<\/p>\n","protected":false},"author":8,"featured_media":4910,"comment_status":"open","ping_status":"open","sticky":false,"template":"","format":"standard","meta":{"jnews-multi-image_gallery":[],"jnews_single_post":{"format":"standard"},"jnews_primary_category":[],"jnews_social_meta":[],"jnews_override_counter":[],"footnotes":""},"categories":[108,111],"post_tag":[225,3464,953],"class_list":["post-24768","post","type-post","status-publish","format-standard","has-post-thumbnail","hentry","category-cidades","category-turismo","tag-brasil","tag-escola-do-teatro-bolshoi","tag-joinville"],"yoast_head":"<!-- This site is optimized with the Yoast SEO plugin v24.6 - https:\/\/yoast.com\/wordpress\/plugins\/seo\/ -->\n<title>Essa cidade em Santa Catarina \u00e9 uma das melhores para se viver com uma natureza exuberante - Correio Braziliense - Radar<\/title>\n<meta name=\"description\" content=\"Cidade em Santa Catarina se destaca como uma das melhores para viver, cercada por uma natureza exuberante. Conhe\u00e7a!\" \/>\n<meta name=\"robots\" content=\"index, follow, max-snippet:-1, max-image-preview:large, max-video-preview:-1\" \/>\n<link rel=\"canonical\" href=\"https:\/\/www.correiobraziliense.com.br\/cbradar\/essa-cidade-em-santa-catarina-e-uma-das-melhores-para-se-viver-com-uma-natureza-exuberante\/\" \/>\n<meta property=\"og:locale\" content=\"pt_BR\" \/>\n<meta property=\"og:type\" content=\"article\" \/>\n<meta property=\"og:title\" content=\"Essa cidade em Santa Catarina \u00e9 uma das melhores para se viver com uma natureza exuberante - Correio Braziliense - Radar\" \/>\n<meta property=\"og:description\" content=\"Cidade em Santa Catarina se destaca como uma das melhores para viver, cercada por uma natureza exuberante. Conhe\u00e7a!\" \/>\n<meta property=\"og:url\" content=\"https:\/\/www.correiobraziliense.com.br\/cbradar\/essa-cidade-em-santa-catarina-e-uma-das-melhores-para-se-viver-com-uma-natureza-exuberante\/\" \/>\n<meta property=\"og:site_name\" content=\"Correio Braziliense - Radar\" \/>\n<meta property=\"article:published_time\" content=\"2025-04-19T00:50:00+00:00\" \/>\n<meta property=\"og:image\" content=\"https:\/\/www.correiobraziliense.com.br\/cbradar\/wp-content\/uploads\/2025\/02\/Joinville_1740199019417.jpg\" \/>\n\t<meta property=\"og:image:width\" content=\"1280\" \/>\n\t<meta property=\"og:image:height\" content=\"720\" \/>\n\t<meta property=\"og:image:type\" content=\"image\/jpeg\" \/>\n<meta name=\"author\" content=\"Maura Pereira\" \/>\n<meta name=\"twitter:card\" content=\"summary_large_image\" \/>\n<meta name=\"twitter:label1\" content=\"Escrito por\" \/>\n\t<meta name=\"twitter:data1\" content=\"Maura Pereira\" \/>\n\t<meta name=\"twitter:label2\" content=\"Est. tempo de leitura\" \/>\n\t<meta name=\"twitter:data2\" content=\"7 minutos\" \/>\n<!-- \/ Yoast SEO plugin. -->","yoast_head_json":{"title":"Essa cidade em Santa Catarina \u00e9 uma das melhores para se viver com uma natureza exuberante - Correio Braziliense - Radar","description":"Cidade em Santa Catarina se destaca como uma das melhores para viver, cercada por uma natureza exuberante. Conhe\u00e7a!","robots":{"index":"index","follow":"follow","max-snippet":"max-snippet:-1","max-image-preview":"max-image-preview:large","max-video-preview":"max-video-preview:-1"},"canonical":"https:\/\/www.correiobraziliense.com.br\/cbradar\/essa-cidade-em-santa-catarina-e-uma-das-melhores-para-se-viver-com-uma-natureza-exuberante\/","og_locale":"pt_BR","og_type":"article","og_title":"Essa cidade em Santa Catarina \u00e9 uma das melhores para se viver com uma natureza exuberante - Correio Braziliense - Radar","og_description":"Cidade em Santa Catarina se destaca como uma das melhores para viver, cercada por uma natureza exuberante. Conhe\u00e7a!","og_url":"https:\/\/www.correiobraziliense.com.br\/cbradar\/essa-cidade-em-santa-catarina-e-uma-das-melhores-para-se-viver-com-uma-natureza-exuberante\/","og_site_name":"Correio Braziliense - Radar","article_published_time":"2025-04-19T00:50:00+00:00","og_image":[{"width":1280,"height":720,"url":"https:\/\/www.correiobraziliense.com.br\/cbradar\/wp-content\/uploads\/2025\/02\/Joinville_1740199019417.jpg","type":"image\/jpeg"}],"author":"Maura Pereira","twitter_card":"summary_large_image","twitter_misc":{"Escrito por":"Maura Pereira","Est. tempo de leitura":"7 minutos"},"schema":{"@context":"https:\/\/schema.org","@graph":[{"@type":"WebPage","@id":"https:\/\/www.correiobraziliense.com.br\/cbradar\/essa-cidade-em-santa-catarina-e-uma-das-melhores-para-se-viver-com-uma-natureza-exuberante\/","url":"https:\/\/www.correiobraziliense.com.br\/cbradar\/essa-cidade-em-santa-catarina-e-uma-das-melhores-para-se-viver-com-uma-natureza-exuberante\/","name":"Essa cidade em Santa Catarina \u00e9 uma das melhores para se viver com uma natureza exuberante - Correio Braziliense - Radar","isPartOf":{"@id":"https:\/\/www.correiobraziliense.com.br\/cbradar\/#website"},"primaryImageOfPage":{"@id":"https:\/\/www.correiobraziliense.com.br\/cbradar\/essa-cidade-em-santa-catarina-e-uma-das-melhores-para-se-viver-com-uma-natureza-exuberante\/#primaryimage"},"image":{"@id":"https:\/\/www.correiobraziliense.com.br\/cbradar\/essa-cidade-em-santa-catarina-e-uma-das-melhores-para-se-viver-com-uma-natureza-exuberante\/#primaryimage"},"thumbnailUrl":"https:\/\/www.correiobraziliense.com.br\/cbradar\/wp-content\/uploads\/2025\/02\/Joinville_1740199019417.jpg","datePublished":"2025-04-19T00:50:00+00:00","author":{"@id":"https:\/\/www.correiobraziliense.com.br\/cbradar\/#\/schema\/person\/4053c651a9bfc785afc6f4cbc9032fd3"},"description":"Cidade em Santa Catarina se destaca como uma das melhores para viver, cercada por uma natureza exuberante. Conhe\u00e7a!","breadcrumb":{"@id":"https:\/\/www.correiobraziliense.com.br\/cbradar\/essa-cidade-em-santa-catarina-e-uma-das-melhores-para-se-viver-com-uma-natureza-exuberante\/#breadcrumb"},"inLanguage":"pt-BR","potentialAction":[{"@type":"ReadAction","target":["https:\/\/www.correiobraziliense.com.br\/cbradar\/essa-cidade-em-santa-catarina-e-uma-das-melhores-para-se-viver-com-uma-natureza-exuberante\/"]}]},{"@type":"ImageObject","inLanguage":"pt-BR","@id":"https:\/\/www.correiobraziliense.com.br\/cbradar\/essa-cidade-em-santa-catarina-e-uma-das-melhores-para-se-viver-com-uma-natureza-exuberante\/#primaryimage","url":"https:\/\/www.correiobraziliense.com.br\/cbradar\/wp-content\/uploads\/2025\/02\/Joinville_1740199019417.jpg","contentUrl":"https:\/\/www.correiobraziliense.com.br\/cbradar\/wp-content\/uploads\/2025\/02\/Joinville_1740199019417.jpg","width":1280,"height":720,"caption":"Em Joinville, desfrute parques, zool\u00f3gico e eventos culturais \u00fanicos que celebram a diversidade. \/\/ Cr\u00e9ditos: depositphotos.com \/ paulosezio"},{"@type":"BreadcrumbList","@id":"https:\/\/www.correiobraziliense.com.br\/cbradar\/essa-cidade-em-santa-catarina-e-uma-das-melhores-para-se-viver-com-uma-natureza-exuberante\/#breadcrumb","itemListElement":[{"@type":"ListItem","position":1,"name":"In\u00edcio","item":"https:\/\/www.correiobraziliense.com.br\/cbradar\/"},{"@type":"ListItem","position":2,"name":"Essa cidade em Santa Catarina \u00e9 uma das melhores para se viver com uma natureza exuberante"}]},{"@type":"WebSite","@id":"https:\/\/www.correiobraziliense.com.br\/cbradar\/#website","url":"https:\/\/www.correiobraziliense.com.br\/cbradar\/","name":"Correio Braziliense - Radar","description":"Acompanhe as \u00faltimas not\u00edcias e fique bem informado sobre tudo o que acontece no Brasil e no mundo.","potentialAction":[{"@type":"SearchAction","target":{"@type":"EntryPoint","urlTemplate":"https:\/\/www.correiobraziliense.com.br\/cbradar\/?s={search_term_string}"},"query-input":{"@type":"PropertyValueSpecification","valueRequired":true,"valueName":"search_term_string"}}],"inLanguage":"pt-BR"},{"@type":"Person","@id":"https:\/\/www.correiobraziliense.com.br\/cbradar\/#\/schema\/person\/4053c651a9bfc785afc6f4cbc9032fd3","name":"Maura Pereira","image":{"@type":"ImageObject","inLanguage":"pt-BR","@id":"https:\/\/www.correiobraziliense.com.br\/cbradar\/#\/schema\/person\/image\/","url":"https:\/\/secure.gravatar.com\/avatar\/3effd6bdadfa447f15089c7f7144eaa6?s=96&d=mm&r=g","contentUrl":"https:\/\/secure.gravatar.com\/avatar\/3effd6bdadfa447f15089c7f7144eaa6?s=96&d=mm&r=g","caption":"Maura Pereira"},"sameAs":["https:\/\/www.correiobraziliense.com.br\/"],"url":"https:\/\/www.correiobraziliense.com.br\/cbradar\/author\/mauramyth\/"}]}},"_links":{"self":[{"href":"https:\/\/www.correiobraziliense.com.br\/cbradar\/wp-json\/wp\/v2\/posts\/24768","targetHints":{"allow":["GET"]}}],"collection":[{"href":"https:\/\/www.correiobraziliense.com.br\/cbradar\/wp-json\/wp\/v2\/posts"}],"about":[{"href":"https:\/\/www.correiobraziliense.com.br\/cbradar\/wp-json\/wp\/v2\/types\/post"}],"author":[{"embeddable":true,"href":"https:\/\/www.correiobraziliense.com.br\/cbradar\/wp-json\/wp\/v2\/users\/8"}],"replies":[{"embeddable":true,"href":"https:\/\/www.correiobraziliense.com.br\/cbradar\/wp-json\/wp\/v2\/comments?post=24768"}],"version-history":[{"count":13,"href":"https:\/\/www.correiobraziliense.com.br\/cbradar\/wp-json\/wp\/v2\/posts\/24768\/revisions"}],"predecessor-version":[{"id":25162,"href":"https:\/\/www.correiobraziliense.com.br\/cbradar\/wp-json\/wp\/v2\/posts\/24768\/revisions\/25162"}],"wp:featuredmedia":[{"embeddable":true,"href":"https:\/\/www.correiobraziliense.com.br\/cbradar\/wp-json\/wp\/v2\/media\/4910"}],"wp:attachment":[{"href":"https:\/\/www.correiobraziliense.com.br\/cbradar\/wp-json\/wp\/v2\/media?parent=24768"}],"wp:term":[{"taxonomy":"category","embeddable":true,"href":"https:\/\/www.correiobraziliense.com.br\/cbradar\/wp-json\/wp\/v2\/categories?post=24768"},{"taxonomy":"post_tag","embeddable":true,"href":"https:\/\/www.correiobraziliense.com.br\/cbradar\/wp-json\/wp\/v2\/post_tag?post=24768"}],"curies":[{"name":"wp","href":"https:\/\/api.w.org\/{rel}","templated":true}]}}