{"id":24770,"date":"2025-04-18T15:50:00","date_gmt":"2025-04-18T18:50:00","guid":{"rendered":"https:\/\/www.correiobraziliense.com.br\/cbradar\/?p=24770"},"modified":"2025-04-18T09:13:07","modified_gmt":"2025-04-18T12:13:07","slug":"a-magia-da-cidade-carioca-que-e-conhecida-como-a-perola-do-atlantico","status":"publish","type":"post","link":"https:\/\/www.correiobraziliense.com.br\/cbradar\/a-magia-da-cidade-carioca-que-e-conhecida-como-a-perola-do-atlantico\/","title":{"rendered":"A magia da cidade carioca que \u00e9 conhecida como a &#8220;P\u00e9rola do Atl\u00e2ntico&#8221;"},"content":{"rendered":"\n<p><strong><a href=\"https:\/\/www.paraty.rj.gov.br\/\" target=\"_blank\" rel=\"noreferrer noopener\">Paraty<\/a><\/strong>, \u00e9 uma cidade do<a href=\"https:\/\/www.correiobraziliense.com.br\/cbradar\/voce-conhece-esta-cidade-do-rio-de-janeiro-encantadora\/\" target=\"_blank\" rel=\"noreferrer noopener\"> <strong>Rio de Janeiro<\/strong><\/a> que encanta pela combina\u00e7\u00e3o \u00fanica de hist\u00f3ria, cultura e belezas naturais. Localizada entre montanhas e o mar, essa cidade colonial \u00e9 conhecida por suas ruas de pedras, arquitetura preservada e praias paradis\u00edacas. Neste artigo, vamos explorar tudo o que voc\u00ea precisa saber para aproveitar ao m\u00e1ximo sua visita, incluindo os principais pontos tur\u00edsticos, curiosidades, clima e muito mais. Continue lendo para planejar uma viagem inesquec\u00edvel!<\/p>\n\n\n\n<h2 class=\"wp-block-heading\">Qual \u00e9 a hist\u00f3ria de Paraty?<\/h2>\n\n\n\n<p><strong>Paraty<\/strong> foi fundada em <strong>1667<\/strong> e teve um papel crucial no Brasil colonial, especialmente como um importante ponto de com\u00e9rcio durante o ciclo do ouro. No s\u00e9culo XVIII, a cidade se tornou um dos maiores portos para o escoamento do ouro para Portugal, e suas ruas e casarios preservados hoje ainda guardam resqu\u00edcios dessa \u00e9poca. Ao longo dos anos, <strong>Paraty<\/strong> tamb\u00e9m foi palco de disputas e influ\u00eancias culturais, com a chegada de diferentes etnias e costumes.<\/p>\n\n\n\n<p>Essa rica hist\u00f3ria se reflete n\u00e3o apenas nas constru\u00e7\u00f5es antigas, mas tamb\u00e9m nas tradi\u00e7\u00f5es locais, como a Festa de <strong>Nossa Senhora dos Rem\u00e9dios<\/strong>, que celebra a funda\u00e7\u00e3o da cidade. <strong>Paraty<\/strong> conseguiu manter a ess\u00eancia do passado enquanto abra\u00e7a um futuro de turismo e preserva\u00e7\u00e3o cultural, tornando-se um dos destinos mais procurados do litoral fluminense.<\/p>\n\n\n<div class=\"wp-block-image\">\n<figure class=\"aligncenter size-large\"><img decoding=\"async\" width=\"1024\" height=\"576\" src=\"https:\/\/www.correiobraziliense.com.br\/cbradar\/wp-content\/uploads\/2025\/04\/Paraty_1744545537065-1024x576.jpg\" alt=\"A magia da cidade conhecida como a &quot;P\u00e9rola do Atl\u00e2ntico&quot;\" class=\"wp-image-22895\" srcset=\"https:\/\/www.correiobraziliense.com.br\/cbradar\/wp-content\/uploads\/2025\/04\/Paraty_1744545537065-1024x576.jpg 1024w, https:\/\/www.correiobraziliense.com.br\/cbradar\/wp-content\/uploads\/2025\/04\/Paraty_1744545537065-300x169.jpg 300w, https:\/\/www.correiobraziliense.com.br\/cbradar\/wp-content\/uploads\/2025\/04\/Paraty_1744545537065-768x432.jpg 768w, https:\/\/www.correiobraziliense.com.br\/cbradar\/wp-content\/uploads\/2025\/04\/Paraty_1744545537065-750x422.jpg 750w, https:\/\/www.correiobraziliense.com.br\/cbradar\/wp-content\/uploads\/2025\/04\/Paraty_1744545537065-1140x641.jpg 1140w, https:\/\/www.correiobraziliense.com.br\/cbradar\/wp-content\/uploads\/2025\/04\/Paraty_1744545537065.jpg 1280w\" sizes=\"(max-width: 1024px) 100vw, 1024px\" \/><figcaption class=\"wp-element-caption\">Paraty \/\/ Cr\u00e9ditos: depositphotos.com \/ dabldy<\/figcaption><\/figure><\/div>\n\n\n<h2 class=\"wp-block-heading\">Quais s\u00e3o as curiosidades mais interessantes sobre Paraty?<\/h2>\n\n\n\n<p>Uma das maiores curiosidades sobre <strong>Paraty<\/strong> \u00e9 que a cidade preserva suas ruas de pedras originais, que foram mantidas como estavam desde o per\u00edodo colonial. Isso cria uma atmosfera \u00fanica, com uma sensa\u00e7\u00e3o de viagem no tempo ao percorrer o centro hist\u00f3rico. Al\u00e9m disso, <strong>Paraty<\/strong> \u00e9 famosa por suas tradicionais &#8220;<strong>cachoeiras de pedras<\/strong>&#8221; que, de acordo com lendas locais, s\u00e3o fontes de purifica\u00e7\u00e3o espiritual.<\/p>\n\n\n\n<p>A cidade tamb\u00e9m \u00e9 conhecida por suas manifesta\u00e7\u00f5es culturais, como o <strong>Festival Internacional de Cinema<\/strong> de <strong>Paraty<\/strong>, que atrai cineastas e visitantes de todo o mundo. <strong>Paraty<\/strong> ainda conta com apelidos carinhosos, como &#8220;<strong>A P\u00e9rola do Atl\u00e2ntico<\/strong>&#8220;, que destacam sua beleza natural e hist\u00f3rica. Esses elementos fazem parte da identidade \u00fanica da cidade e s\u00e3o um grande atrativo para os turistas.<\/p>\n\n\n\n<h2 class=\"wp-block-heading\">Quais s\u00e3o os principais pontos tur\u00edsticos de Paraty?<\/h2>\n\n\n\n<p><strong>Paraty<\/strong> possui uma s\u00e9rie de pontos tur\u00edsticos que encantam visitantes de todas as idades. O centro hist\u00f3rico, com suas ruas de pedra e casarios coloridos, \u00e9 um dos maiores atrativos. Al\u00e9m disso, o <strong>Igreja de Santa Rita<\/strong> e o <strong>Museu de Arte de Paraty<\/strong> oferecem uma imers\u00e3o na hist\u00f3ria e arte local. Para quem gosta de natureza, as praias de <strong>Paraty<\/strong> s\u00e3o um espet\u00e1culo \u00e0 parte, como a <strong>Praia do Sono<\/strong> e a <strong>Praia de Trindade<\/strong>, acess\u00edveis tanto por barco quanto por trilhas.<\/p>\n\n\n\n<p>Outros pontos not\u00e1veis incluem o <strong>Parque Nacional da Serra da Bocaina<\/strong>, ideal para quem busca aventura em meio \u00e0 vegeta\u00e7\u00e3o da Mata Atl\u00e2ntica. Para uma visita completa, a melhor \u00e9poca \u00e9 durante a baixa temporada, quando \u00e9 poss\u00edvel explorar a cidade com mais tranquilidade e aproveitar as belezas naturais sem grandes aglomera\u00e7\u00f5es.<\/p>\n\n\n\n<h2 class=\"wp-block-heading\">Como \u00e9 o clima local e qual a melhor \u00e9poca para visitar?<\/h2>\n\n\n\n<p>O clima de <strong>Paraty<\/strong> \u00e9 tropical, com ver\u00f5es quentes e \u00famidos e invernos mais amenos. A temperatura m\u00e9dia anual gira em torno de <strong>25\u00b0C<\/strong>, mas pode ultrapassar os <strong>30\u00b0C<\/strong> durante os meses mais quentes, entre <strong>dezembro<\/strong> e <strong>mar\u00e7o<\/strong>. Nesse per\u00edodo, as chuvas s\u00e3o mais frequentes, especialmente em janeiro e fevereiro. Se voc\u00ea prefere um clima mais seco e ameno, o melhor \u00e9 visitar <strong>Paraty<\/strong> entre <strong>abril<\/strong> e <strong>setembro<\/strong>, quando as temperaturas ficam mais agrad\u00e1veis e as chuvas s\u00e3o menos intensas.<\/p>\n\n\n\n<p>Durante a alta temporada, que inclui o carnaval e os feriados prolongados, a cidade tende a ficar mais movimentada, o que pode afetar os pre\u00e7os e a disponibilidade de hospedagem. Por isso, se deseja evitar grandes multid\u00f5es, considere visitar durante a baixa temporada.<\/p>\n\n\n\n<h2 class=\"wp-block-heading\">O que fazer em Paraty al\u00e9m dos pontos tur\u00edsticos?<\/h2>\n\n\n\n<p>Al\u00e9m dos famosos pontos tur\u00edsticos, <strong>Paraty<\/strong> oferece experi\u00eancias aut\u00eanticas e imersivas na cultura local. Voc\u00ea pode visitar feiras de artesanato, como a Feira de Arte e Cultura, e explorar os mercados para levar lembran\u00e7as t\u00edpicas. A gastronomia local tamb\u00e9m \u00e9 um grande atrativo, com pratos como a <strong>moqueca de peixe<\/strong> e o <strong>pir\u00e3o<\/strong> servidos em restaurantes tradicionais, como o <strong>Restaurante do Hiltinho<\/strong>.<\/p>\n\n\n\n<p>A cidade tamb\u00e9m oferece diversas op\u00e7\u00f5es de hospedagem, desde pousadas charmosas no centro hist\u00f3rico at\u00e9 campings nas praias pr\u00f3ximas. Para se locomover pela cidade, o transporte p\u00fablico \u00e9 limitado, ent\u00e3o muitos preferem utilizar t\u00e1xis ou aplicativos de transporte, mas tamb\u00e9m \u00e9 poss\u00edvel alugar bicicletas e explorar as redondezas de forma tranquila.<\/p>\n\n\n\n<h2 class=\"wp-block-heading\">Dicas essenciais<\/h2>\n\n\n\n<p>Ao visitar <strong>Paraty<\/strong>, \u00e9 importante manter cuidados com a seguran\u00e7a, especialmente nas \u00e1reas mais tur\u00edsticas. Evite andar com objetos de valor vis\u00edveis e sempre fique atento aos seus pertences. O transporte p\u00fablico \u00e9 b\u00e1sico, mas as op\u00e7\u00f5es de t\u00e1xis e bicicletas est\u00e3o dispon\u00edveis para facilitar o deslocamento. Para economizar, procure por promo\u00e7\u00f5es de hospedagem durante a baixa temporada e aproveite as ofertas de restaurantes locais, que costumam ter pre\u00e7os acess\u00edveis fora dos per\u00edodos de grande movimento.<\/p>\n\n\n\n<p>Al\u00e9m disso, esteja preparado para o clima tropical e leve roupas leves e confort\u00e1veis. N\u00e3o se esque\u00e7a de usar protetor solar, principalmente durante os passeios pelas praias e trilhas.<\/p>\n\n\n\n<h2 class=\"wp-block-heading\">Perguntas frequentes (FAQ)<\/h2>\n\n\n\n<p><strong>Qual \u00e9 a melhor \u00e9poca do ano para visitar Paraty?<\/strong> <br>A melhor \u00e9poca \u00e9 entre <strong>abril<\/strong> e <strong>setembro<\/strong>, quando o clima \u00e9 mais ameno e as chuvas s\u00e3o menos frequentes.<\/p>\n\n\n\n<p><strong>Quais pratos t\u00edpicos devem ser experimentados?<\/strong> <br>N\u00e3o deixe de experimentar a <strong>moqueca de peixe<\/strong> e o <strong>pir\u00e3o<\/strong>, al\u00e9m de doces como o <strong>quindim<\/strong> e o <strong>cocada<\/strong>.<\/p>\n\n\n\n<p><strong>Quais s\u00e3o as melhores op\u00e7\u00f5es de transporte na cidade?<\/strong> <br>\u00c9 poss\u00edvel se locomover com t\u00e1xis, aplicativos de transporte, bicicletas ou at\u00e9 a p\u00e9, dependendo da proximidade dos locais que deseja visitar.<\/p>\n\n\n\n<p><strong>Paraty \u00e9 segura para turistas?<\/strong> <br>Sim, <strong>Paraty<\/strong> \u00e9 uma cidade segura, mas como em qualquer destino tur\u00edstico, \u00e9 importante ter cuidados b\u00e1sicos com seus pertences.<\/p>\n\n\n\n<p><strong>Que eventos e festivais ocorrem anualmente em Paraty?<\/strong> <br>Destacam-se o<strong> Festival Internacional de Cinema<\/strong> de <strong>Paraty<\/strong> e a <strong>Festa de<\/strong> <strong>Nossa Senhora dos Rem\u00e9dios<\/strong>, entre outros.<\/p>\n\n\n\n<hr class=\"wp-block-separator has-alpha-channel-opacity\"\/>\n","protected":false},"excerpt":{"rendered":"<p>Paraty, \u00e9 uma cidade do Rio de Janeiro que encanta pela combina\u00e7\u00e3o \u00fanica de hist\u00f3ria, cultura e belezas naturais. Localizada entre montanhas e o mar, essa cidade colonial \u00e9 conhecida por suas ruas de pedras, arquitetura preservada e praias paradis\u00edacas. Neste artigo, vamos explorar tudo o que voc\u00ea precisa saber para aproveitar ao m\u00e1ximo sua [&hellip;]<\/p>\n","protected":false},"author":8,"featured_media":22897,"comment_status":"open","ping_status":"open","sticky":false,"template":"","format":"standard","meta":{"jnews-multi-image_gallery":[],"jnews_single_post":{"format":"standard"},"jnews_primary_category":[],"jnews_social_meta":[],"jnews_override_counter":[],"footnotes":""},"categories":[108,111],"post_tag":[225,3263,304],"class_list":["post-24770","post","type-post","status-publish","format-standard","has-post-thumbnail","hentry","category-cidades","category-turismo","tag-brasil","tag-paraty","tag-rio-de-janeiro"],"yoast_head":"<!-- This site is optimized with the Yoast SEO plugin v24.6 - https:\/\/yoast.com\/wordpress\/plugins\/seo\/ -->\n<title>A magia da cidade carioca que \u00e9 conhecida como a &quot;P\u00e9rola do Atl\u00e2ntico&quot; - Correio Braziliense - Radar<\/title>\n<meta name=\"description\" content=\"A cidade conhecida como &quot;P\u00e9rola do Atl\u00e2ntico&quot; encanta turistas e moradores. Saiba por que ela \u00e9 t\u00e3o \u00fanica e fascinante.\" \/>\n<meta name=\"robots\" content=\"index, follow, max-snippet:-1, max-image-preview:large, max-video-preview:-1\" \/>\n<link rel=\"canonical\" href=\"https:\/\/www.correiobraziliense.com.br\/cbradar\/a-magia-da-cidade-carioca-que-e-conhecida-como-a-perola-do-atlantico\/\" \/>\n<meta property=\"og:locale\" content=\"pt_BR\" \/>\n<meta property=\"og:type\" content=\"article\" \/>\n<meta property=\"og:title\" content=\"A magia da cidade carioca que \u00e9 conhecida como a &quot;P\u00e9rola do Atl\u00e2ntico&quot; - Correio Braziliense - Radar\" \/>\n<meta property=\"og:description\" content=\"A cidade conhecida como &quot;P\u00e9rola do Atl\u00e2ntico&quot; encanta turistas e moradores. Saiba por que ela \u00e9 t\u00e3o \u00fanica e fascinante.\" \/>\n<meta property=\"og:url\" content=\"https:\/\/www.correiobraziliense.com.br\/cbradar\/a-magia-da-cidade-carioca-que-e-conhecida-como-a-perola-do-atlantico\/\" \/>\n<meta property=\"og:site_name\" content=\"Correio Braziliense - Radar\" \/>\n<meta property=\"article:published_time\" content=\"2025-04-18T18:50:00+00:00\" \/>\n<meta property=\"og:image\" content=\"https:\/\/www.correiobraziliense.com.br\/cbradar\/wp-content\/uploads\/2025\/04\/Paraty_1744545547648.jpg\" \/>\n\t<meta property=\"og:image:width\" content=\"1280\" \/>\n\t<meta property=\"og:image:height\" content=\"720\" \/>\n\t<meta property=\"og:image:type\" content=\"image\/jpeg\" \/>\n<meta name=\"author\" content=\"Maura Pereira\" \/>\n<meta name=\"twitter:card\" content=\"summary_large_image\" \/>\n<meta name=\"twitter:label1\" content=\"Escrito por\" \/>\n\t<meta name=\"twitter:data1\" content=\"Maura Pereira\" \/>\n\t<meta name=\"twitter:label2\" content=\"Est. tempo de leitura\" \/>\n\t<meta name=\"twitter:data2\" content=\"6 minutos\" \/>\n<!-- \/ Yoast SEO plugin. -->","yoast_head_json":{"title":"A magia da cidade carioca que \u00e9 conhecida como a \"P\u00e9rola do Atl\u00e2ntico\" - Correio Braziliense - Radar","description":"A cidade conhecida como \"P\u00e9rola do Atl\u00e2ntico\" encanta turistas e moradores. Saiba por que ela \u00e9 t\u00e3o \u00fanica e fascinante.","robots":{"index":"index","follow":"follow","max-snippet":"max-snippet:-1","max-image-preview":"max-image-preview:large","max-video-preview":"max-video-preview:-1"},"canonical":"https:\/\/www.correiobraziliense.com.br\/cbradar\/a-magia-da-cidade-carioca-que-e-conhecida-como-a-perola-do-atlantico\/","og_locale":"pt_BR","og_type":"article","og_title":"A magia da cidade carioca que \u00e9 conhecida como a \"P\u00e9rola do Atl\u00e2ntico\" - Correio Braziliense - Radar","og_description":"A cidade conhecida como \"P\u00e9rola do Atl\u00e2ntico\" encanta turistas e moradores. Saiba por que ela \u00e9 t\u00e3o \u00fanica e fascinante.","og_url":"https:\/\/www.correiobraziliense.com.br\/cbradar\/a-magia-da-cidade-carioca-que-e-conhecida-como-a-perola-do-atlantico\/","og_site_name":"Correio Braziliense - Radar","article_published_time":"2025-04-18T18:50:00+00:00","og_image":[{"width":1280,"height":720,"url":"https:\/\/www.correiobraziliense.com.br\/cbradar\/wp-content\/uploads\/2025\/04\/Paraty_1744545547648.jpg","type":"image\/jpeg"}],"author":"Maura Pereira","twitter_card":"summary_large_image","twitter_misc":{"Escrito por":"Maura Pereira","Est. tempo de leitura":"6 minutos"},"schema":{"@context":"https:\/\/schema.org","@graph":[{"@type":"WebPage","@id":"https:\/\/www.correiobraziliense.com.br\/cbradar\/a-magia-da-cidade-carioca-que-e-conhecida-como-a-perola-do-atlantico\/","url":"https:\/\/www.correiobraziliense.com.br\/cbradar\/a-magia-da-cidade-carioca-que-e-conhecida-como-a-perola-do-atlantico\/","name":"A magia da cidade carioca que \u00e9 conhecida como a \"P\u00e9rola do Atl\u00e2ntico\" - Correio Braziliense - Radar","isPartOf":{"@id":"https:\/\/www.correiobraziliense.com.br\/cbradar\/#website"},"primaryImageOfPage":{"@id":"https:\/\/www.correiobraziliense.com.br\/cbradar\/a-magia-da-cidade-carioca-que-e-conhecida-como-a-perola-do-atlantico\/#primaryimage"},"image":{"@id":"https:\/\/www.correiobraziliense.com.br\/cbradar\/a-magia-da-cidade-carioca-que-e-conhecida-como-a-perola-do-atlantico\/#primaryimage"},"thumbnailUrl":"https:\/\/www.correiobraziliense.com.br\/cbradar\/wp-content\/uploads\/2025\/04\/Paraty_1744545547648.jpg","datePublished":"2025-04-18T18:50:00+00:00","author":{"@id":"https:\/\/www.correiobraziliense.com.br\/cbradar\/#\/schema\/person\/4053c651a9bfc785afc6f4cbc9032fd3"},"description":"A cidade conhecida como \"P\u00e9rola do Atl\u00e2ntico\" encanta turistas e moradores. Saiba por que ela \u00e9 t\u00e3o \u00fanica e fascinante.","breadcrumb":{"@id":"https:\/\/www.correiobraziliense.com.br\/cbradar\/a-magia-da-cidade-carioca-que-e-conhecida-como-a-perola-do-atlantico\/#breadcrumb"},"inLanguage":"pt-BR","potentialAction":[{"@type":"ReadAction","target":["https:\/\/www.correiobraziliense.com.br\/cbradar\/a-magia-da-cidade-carioca-que-e-conhecida-como-a-perola-do-atlantico\/"]}]},{"@type":"ImageObject","inLanguage":"pt-BR","@id":"https:\/\/www.correiobraziliense.com.br\/cbradar\/a-magia-da-cidade-carioca-que-e-conhecida-como-a-perola-do-atlantico\/#primaryimage","url":"https:\/\/www.correiobraziliense.com.br\/cbradar\/wp-content\/uploads\/2025\/04\/Paraty_1744545547648.jpg","contentUrl":"https:\/\/www.correiobraziliense.com.br\/cbradar\/wp-content\/uploads\/2025\/04\/Paraty_1744545547648.jpg","width":1280,"height":720,"caption":"Encante-se com Paraty, cen\u00e1rio paradis\u00edaco onde hist\u00f3ria e natureza se unem para emocionar. \/\/ Cr\u00e9ditos: depositphotos.com \/ xura"},{"@type":"BreadcrumbList","@id":"https:\/\/www.correiobraziliense.com.br\/cbradar\/a-magia-da-cidade-carioca-que-e-conhecida-como-a-perola-do-atlantico\/#breadcrumb","itemListElement":[{"@type":"ListItem","position":1,"name":"In\u00edcio","item":"https:\/\/www.correiobraziliense.com.br\/cbradar\/"},{"@type":"ListItem","position":2,"name":"A magia da cidade carioca que \u00e9 conhecida como a &#8220;P\u00e9rola do Atl\u00e2ntico&#8221;"}]},{"@type":"WebSite","@id":"https:\/\/www.correiobraziliense.com.br\/cbradar\/#website","url":"https:\/\/www.correiobraziliense.com.br\/cbradar\/","name":"Correio Braziliense - Radar","description":"Acompanhe as \u00faltimas not\u00edcias e fique bem informado sobre tudo o que acontece no Brasil e no mundo.","potentialAction":[{"@type":"SearchAction","target":{"@type":"EntryPoint","urlTemplate":"https:\/\/www.correiobraziliense.com.br\/cbradar\/?s={search_term_string}"},"query-input":{"@type":"PropertyValueSpecification","valueRequired":true,"valueName":"search_term_string"}}],"inLanguage":"pt-BR"},{"@type":"Person","@id":"https:\/\/www.correiobraziliense.com.br\/cbradar\/#\/schema\/person\/4053c651a9bfc785afc6f4cbc9032fd3","name":"Maura Pereira","image":{"@type":"ImageObject","inLanguage":"pt-BR","@id":"https:\/\/www.correiobraziliense.com.br\/cbradar\/#\/schema\/person\/image\/","url":"https:\/\/secure.gravatar.com\/avatar\/3effd6bdadfa447f15089c7f7144eaa6?s=96&d=mm&r=g","contentUrl":"https:\/\/secure.gravatar.com\/avatar\/3effd6bdadfa447f15089c7f7144eaa6?s=96&d=mm&r=g","caption":"Maura Pereira"},"sameAs":["https:\/\/www.correiobraziliense.com.br\/"],"url":"https:\/\/www.correiobraziliense.com.br\/cbradar\/author\/mauramyth\/"}]}},"_links":{"self":[{"href":"https:\/\/www.correiobraziliense.com.br\/cbradar\/wp-json\/wp\/v2\/posts\/24770","targetHints":{"allow":["GET"]}}],"collection":[{"href":"https:\/\/www.correiobraziliense.com.br\/cbradar\/wp-json\/wp\/v2\/posts"}],"about":[{"href":"https:\/\/www.correiobraziliense.com.br\/cbradar\/wp-json\/wp\/v2\/types\/post"}],"author":[{"embeddable":true,"href":"https:\/\/www.correiobraziliense.com.br\/cbradar\/wp-json\/wp\/v2\/users\/8"}],"replies":[{"embeddable":true,"href":"https:\/\/www.correiobraziliense.com.br\/cbradar\/wp-json\/wp\/v2\/comments?post=24770"}],"version-history":[{"count":7,"href":"https:\/\/www.correiobraziliense.com.br\/cbradar\/wp-json\/wp\/v2\/posts\/24770\/revisions"}],"predecessor-version":[{"id":25157,"href":"https:\/\/www.correiobraziliense.com.br\/cbradar\/wp-json\/wp\/v2\/posts\/24770\/revisions\/25157"}],"wp:featuredmedia":[{"embeddable":true,"href":"https:\/\/www.correiobraziliense.com.br\/cbradar\/wp-json\/wp\/v2\/media\/22897"}],"wp:attachment":[{"href":"https:\/\/www.correiobraziliense.com.br\/cbradar\/wp-json\/wp\/v2\/media?parent=24770"}],"wp:term":[{"taxonomy":"category","embeddable":true,"href":"https:\/\/www.correiobraziliense.com.br\/cbradar\/wp-json\/wp\/v2\/categories?post=24770"},{"taxonomy":"post_tag","embeddable":true,"href":"https:\/\/www.correiobraziliense.com.br\/cbradar\/wp-json\/wp\/v2\/post_tag?post=24770"}],"curies":[{"name":"wp","href":"https:\/\/api.w.org\/{rel}","templated":true}]}}