{"id":24804,"date":"2025-04-19T15:50:00","date_gmt":"2025-04-19T18:50:00","guid":{"rendered":"https:\/\/www.correiobraziliense.com.br\/cbradar\/?p=24804"},"modified":"2025-04-17T04:37:20","modified_gmt":"2025-04-17T07:37:20","slug":"voce-conhece-a-unica-cidade-brasileira-fundada-por-um-indigena","status":"publish","type":"post","link":"https:\/\/www.correiobraziliense.com.br\/cbradar\/voce-conhece-a-unica-cidade-brasileira-fundada-por-um-indigena\/","title":{"rendered":"Voc\u00ea conhece a \u00fanica cidade brasileira fundada por um ind\u00edgena?"},"content":{"rendered":"\n<p><strong><a href=\"https:\/\/niteroi.rj.gov.br\/\" target=\"_blank\" rel=\"noreferrer noopener\">Niter\u00f3i<\/a><\/strong>, localizada no estado do <strong><a href=\"https:\/\/www.correiobraziliense.com.br\/cbradar\/voce-conhece-esta-cidade-do-rio-de-janeiro-encantadora\/\" target=\"_blank\" rel=\"noreferrer noopener\">Rio de Janeiro<\/a><\/strong>, \u00e9 uma cidade que surpreende por sua beleza natural, riqueza cultural e import\u00e2ncia hist\u00f3rica. Conhecida como a \u201cCidade Sorriso\u201d, ela une o charme de uma cidade litor\u00e2nea com o dinamismo de um centro urbano moderno. Com paisagens deslumbrantes voltadas para a <strong>Ba\u00eda de Guanabara<\/strong> e atra\u00e7\u00f5es que v\u00e3o de museus ic\u00f4nicos a praias paradis\u00edacas, <strong>Niter\u00f3i<\/strong> se destaca como um destino imperd\u00edvel para turistas de todas as idades.<\/p>\n\n\n\n<p>Neste artigo, voc\u00ea vai conhecer a fundo tudo o que precisa saber antes de visitar <strong>Niter\u00f3i<\/strong>: desde sua hist\u00f3ria fascinante at\u00e9 os principais pontos tur\u00edsticos, curiosidades culturais e dicas pr\u00e1ticas sobre hospedagem, seguran\u00e7a e transporte. Continue a leitura e descubra por que incluir <strong>Niter\u00f3i<\/strong> no seu roteiro \u00e9 uma decis\u00e3o que vale a pena!<\/p>\n\n\n\n<h2 class=\"wp-block-heading\">Qual \u00e9 a hist\u00f3ria de Niter\u00f3i?<\/h2>\n\n\n\n<p>A hist\u00f3ria de <strong>Niter\u00f3i<\/strong> come\u00e7a em <strong>1573<\/strong>, quando foi fundada por <strong>Arariboia<\/strong>, um l\u00edder ind\u00edgena da etnia temimin\u00f3, como recompensa por sua alian\u00e7a com os portugueses contra os franceses. O nome da cidade tem origem tupi e significa \u201c\u00e1guas escondidas\u201d. Durante o per\u00edodo colonial, <strong>Niter\u00f3i<\/strong> teve papel estrat\u00e9gico na defesa da <strong>Ba\u00eda de Guanabara<\/strong> e, ao longo dos s\u00e9culos, se transformou em um importante polo administrativo e cultural da regi\u00e3o.<\/p>\n\n\n\n<p>Um dos momentos mais marcantes da hist\u00f3ria de <strong>Niter\u00f3i<\/strong> foi quando ela se tornou capital do estado do <strong>Rio de Janeiro<\/strong>, entre <strong>1834<\/strong> e <strong>1975<\/strong>, quando o estado da <strong>Guanabara<\/strong> foi fundido ao estado fluminense. Essa fase trouxe moderniza\u00e7\u00f5es e grandes investimentos \u00e0 cidade. Atualmente, os reflexos de sua rica hist\u00f3ria podem ser vistos em suas ruas, casar\u00f5es hist\u00f3ricos e monumentos, que ajudam a preservar a mem\u00f3ria e a identidade local.<\/p>\n\n\n<div class=\"wp-block-image\">\n<figure class=\"aligncenter size-large\"><img decoding=\"async\" width=\"1024\" height=\"576\" src=\"https:\/\/www.correiobraziliense.com.br\/cbradar\/wp-content\/uploads\/2025\/04\/Niteroi_1744874927670-1024x576.jpg\" alt=\"Voc\u00ea conhece a \u00fanica cidade brasileira fundada por um ind\u00edgena?\" class=\"wp-image-24833\" srcset=\"https:\/\/www.correiobraziliense.com.br\/cbradar\/wp-content\/uploads\/2025\/04\/Niteroi_1744874927670-1024x576.jpg 1024w, https:\/\/www.correiobraziliense.com.br\/cbradar\/wp-content\/uploads\/2025\/04\/Niteroi_1744874927670-300x169.jpg 300w, https:\/\/www.correiobraziliense.com.br\/cbradar\/wp-content\/uploads\/2025\/04\/Niteroi_1744874927670-768x432.jpg 768w, https:\/\/www.correiobraziliense.com.br\/cbradar\/wp-content\/uploads\/2025\/04\/Niteroi_1744874927670-750x422.jpg 750w, https:\/\/www.correiobraziliense.com.br\/cbradar\/wp-content\/uploads\/2025\/04\/Niteroi_1744874927670-1140x641.jpg 1140w, https:\/\/www.correiobraziliense.com.br\/cbradar\/wp-content\/uploads\/2025\/04\/Niteroi_1744874927670.jpg 1280w\" sizes=\"(max-width: 1024px) 100vw, 1024px\" \/><figcaption class=\"wp-element-caption\">Niter\u00f3i \/\/ Cr\u00e9ditos: depositphotos.com \/ Ranimiro<\/figcaption><\/figure><\/div>\n\n\n<h2 class=\"wp-block-heading\">Quais s\u00e3o as curiosidades mais interessantes sobre Niter\u00f3i?<\/h2>\n\n\n\n<p>Uma das curiosidades mais fascinantes de <strong>Niter\u00f3i<\/strong> \u00e9 o fato de ela ser <strong>a \u00fanica cidade brasileira fundada por um ind\u00edgena.<\/strong> Essa origem singular \u00e9 celebrada at\u00e9 hoje em eventos e homenagens a <strong>Arariboia<\/strong>. Al\u00e9m disso, <strong>Niter\u00f3i<\/strong> \u00e9 conhecida por sua liga\u00e7\u00e3o com a arte e a arquitetura, sendo o ber\u00e7o de obras do renomado arquiteto <strong>Oscar Niemeyer<\/strong>, que projetou um conjunto arquitet\u00f4nico impressionante para a cidade, incluindo o famoso <strong>MAC<\/strong> \u2013 <strong>Museu de Arte Contempor\u00e2nea.<\/strong><\/p>\n\n\n\n<p>A cidade tamb\u00e9m possui s\u00edmbolos oficiais carregados de significado, como o bras\u00e3o, a bandeira e o hino municipal. O bras\u00e3o representa a coragem ind\u00edgena e a influ\u00eancia portuguesa, enquanto a bandeira combina elementos hist\u00f3ricos e culturais. Conhecida como \u201cCidade Sorriso\u201d, <strong>Niter\u00f3i<\/strong> ganhou esse apelido pelo estilo de vida tranquilo e acolhedor de seus moradores, que contribui para um clima leve e convidativo.<\/p>\n\n\n\n<h2 class=\"wp-block-heading\">Quais s\u00e3o os principais pontos tur\u00edsticos de Niter\u00f3i?<\/h2>\n\n\n\n<p>Entre os destaques tur\u00edsticos de <strong>Niter\u00f3i<\/strong>, o principal \u00e9 o <strong>Museu de Arte Contempor\u00e2nea (MAC)<\/strong>, cuja estrutura futurista projetada por <strong>Oscar Niemeyer<\/strong> atrai visitantes do mundo inteiro. Outros pontos imperd\u00edveis incluem o <strong>Parque da Cidade<\/strong>, com uma vista panor\u00e2mica espetacular da cidade e do <strong>Rio de Janeiro<\/strong>, e as <strong>Fortalezas de Santa Cruz e S\u00e3o Luiz<\/strong>, que guardam parte da hist\u00f3ria militar brasileira. As praias de <strong>Itacoatiara<\/strong>, <strong>Piratininga<\/strong> e <strong>Camboinhas<\/strong> tamb\u00e9m s\u00e3o muito procuradas por quem busca natureza e tranquilidade.<\/p>\n\n\n\n<p>O ideal \u00e9 visitar o <strong>MAC<\/strong> durante a semana para evitar filas e aproveitar exposi\u00e7\u00f5es com calma. J\u00e1 o <strong>Parque da Cidade<\/strong> tem melhor visibilidade ao amanhecer ou no fim da tarde. As praias s\u00e3o ideais no ver\u00e3o, mas vale considerar a baixa temporada (entre abril e junho) para encontrar menos turistas e pre\u00e7os mais acess\u00edveis. Roteiros que combinam atra\u00e7\u00f5es culturais com belezas naturais tornam a experi\u00eancia em <strong>Niter\u00f3i<\/strong> ainda mais completa.<\/p>\n\n\n\n<h2 class=\"wp-block-heading\">Como \u00e9 o clima local e qual a melhor \u00e9poca para visitar?<\/h2>\n\n\n\n<p><strong>Niter\u00f3i<\/strong> possui clima tropical, com temperaturas m\u00e9dias que variam entre <strong>20\u00b0C<\/strong> e <strong>30\u00b0C<\/strong> ao longo do ano. Os ver\u00f5es s\u00e3o quentes e chuvosos, especialmente entre <strong>dezembro<\/strong> e <strong>mar\u00e7o<\/strong>, enquanto os invernos, de <strong>junho<\/strong> a <strong>agosto<\/strong>, s\u00e3o mais secos e amenos. Apesar disso, o clima costuma ser agrad\u00e1vel em todas as esta\u00e7\u00f5es, o que facilita o turismo durante o ano inteiro.<\/p>\n\n\n\n<p>Para quem prefere evitar as chuvas, os meses de <strong>maio<\/strong> a <strong>agosto<\/strong> s\u00e3o ideais, com temperaturas agrad\u00e1veis e pouca precipita\u00e7\u00e3o. J\u00e1 quem busca aproveitar as praias e eventos culturais, como o carnaval e festas locais, pode preferir os meses mais quentes, mesmo com a possibilidade de chuva. \u00c9 recomend\u00e1vel usar roupas leves, protetor solar e estar preparado para poss\u00edveis mudan\u00e7as clim\u00e1ticas ao longo do dia.<\/p>\n\n\n\n<h2 class=\"wp-block-heading\">O que fazer em Niter\u00f3i al\u00e9m dos pontos tur\u00edsticos?<\/h2>\n\n\n\n<p>Al\u00e9m das atra\u00e7\u00f5es tradicionais, <strong>Niter\u00f3i<\/strong> oferece uma viv\u00eancia local muito rica. O <strong>Mercado S\u00e3o Pedro<\/strong> \u00e9 excelente para experimentar frutos do mar frescos e conhecer a gastronomia da regi\u00e3o. Bairros como <strong>Santa Rosa<\/strong> e <strong>Icara\u00ed<\/strong> t\u00eam feiras de artesanato e eventos culturais aos finais de semana. Visitar os bares e caf\u00e9s do <strong>Centro<\/strong> hist\u00f3rico tamb\u00e9m \u00e9 uma \u00f3tima forma de sentir a alma da cidade.<\/p>\n\n\n\n<p>A cidade disp\u00f5e de boas op\u00e7\u00f5es de hospedagem, desde pousadas acolhedoras at\u00e9 hot\u00e9is sofisticados. Os aplicativos de transporte funcionam bem, mas os \u00f4nibus s\u00e3o uma alternativa econ\u00f4mica e acess\u00edvel. H\u00e1 tamb\u00e9m ciclovias e aluguel de bicicletas em regi\u00f5es como <strong>Icara\u00ed<\/strong>, ideais para explorar a cidade de forma sustent\u00e1vel. O custo-benef\u00edcio \u00e9 um atrativo importante de <strong>Niter\u00f3i<\/strong>, principalmente fora da alta temporada.<\/p>\n\n\n\n<h2 class=\"wp-block-heading\">Quais s\u00e3o as dicas essenciais para quem visita Niter\u00f3i?<\/h2>\n\n\n\n<p>Para garantir uma viagem tranquila, \u00e9 importante tomar precau\u00e7\u00f5es b\u00e1sicas com seguran\u00e7a, como evitar locais isolados \u00e0 noite e manter os pertences sempre por perto. O transporte p\u00fablico funciona bem, com passagens em torno de <strong>R$ 5,00<\/strong>, e cobre as principais regi\u00f5es tur\u00edsticas da cidade. Vale a pena conferir os trajetos com anteced\u00eancia para se organizar melhor.<\/p>\n\n\n\n<p>Quem busca economia pode optar por visitar <strong>Niter\u00f3i<\/strong> durante a baixa temporada, aproveitar cupons de desconto de restaurantes e eventos, e adquirir passagens com anteced\u00eancia. \u00c9 bom estar atento a atra\u00e7\u00f5es muito comerciais que podem cobrar valores inflacionados. Fazer um roteiro bem planejado, com foco na cultura e natureza, \u00e9 a melhor forma de curtir <strong>Niter\u00f3i<\/strong> sem gastar demais.<\/p>\n\n\n\n<h2 class=\"wp-block-heading\">Perguntas frequentes (FAQ)<\/h2>\n\n\n\n<p><strong>Qual \u00e9 a melhor \u00e9poca do ano para visitar Niter\u00f3i?<\/strong><br>Geralmente, depende do clima e dos eventos locais, como festivais ou feriados.<\/p>\n\n\n\n<p><strong>Quais pratos t\u00edpicos devem ser experimentados?<\/strong><br>Busque restaurantes tradicionais para provar a culin\u00e1ria local de <strong>Niter\u00f3i<\/strong>.<\/p>\n\n\n\n<p><strong>Quais s\u00e3o as melhores op\u00e7\u00f5es de transporte na cidade?<\/strong><br>Use \u00f4nibus, t\u00e1xis, aplicativos ou aluguel de bicicletas, dependendo da infraestrutura de <strong>Niter\u00f3i<\/strong>.<\/p>\n\n\n\n<p><strong>Niter\u00f3i \u00e9 segura para turistas?<\/strong><br>Em geral, sim, mas \u00e9 importante manter os cuidados de praxe em qualquer grande centro urbano.<\/p>\n\n\n\n<p><strong>Que eventos e festivais ocorrem anualmente em Niter\u00f3i?<\/strong><br>H\u00e1 celebra\u00e7\u00f5es religiosas, gastron\u00f4micas ou art\u00edsticas ao longo do ano; consulte calend\u00e1rios oficiais para se programar.<\/p>\n","protected":false},"excerpt":{"rendered":"<p>Niter\u00f3i, localizada no estado do Rio de Janeiro, \u00e9 uma cidade que surpreende por sua beleza natural, riqueza cultural e import\u00e2ncia hist\u00f3rica. Conhecida como a \u201cCidade Sorriso\u201d, ela une o charme de uma cidade litor\u00e2nea com o dinamismo de um centro urbano moderno. Com paisagens deslumbrantes voltadas para a Ba\u00eda de Guanabara e atra\u00e7\u00f5es que [&hellip;]<\/p>\n","protected":false},"author":8,"featured_media":24835,"comment_status":"open","ping_status":"open","sticky":false,"template":"","format":"standard","meta":{"jnews-multi-image_gallery":[],"jnews_single_post":{"format":"standard"},"jnews_primary_category":[],"jnews_social_meta":[],"jnews_override_counter":[],"footnotes":""},"categories":[108,111],"post_tag":[225,314,304],"class_list":["post-24804","post","type-post","status-publish","format-standard","has-post-thumbnail","hentry","category-cidades","category-turismo","tag-brasil","tag-niteroi","tag-rio-de-janeiro"],"yoast_head":"<!-- This site is optimized with the Yoast SEO plugin v24.6 - https:\/\/yoast.com\/wordpress\/plugins\/seo\/ -->\n<title>Voc\u00ea conhece a \u00fanica cidade brasileira fundada por um ind\u00edgena? - Correio Braziliense - Radar<\/title>\n<meta name=\"description\" content=\"Saiba mais sobre a \u00fanica cidade no Brasil fundada por um ind\u00edgena e como ela se destaca na hist\u00f3ria do pa\u00eds.\" \/>\n<meta name=\"robots\" content=\"index, follow, max-snippet:-1, max-image-preview:large, max-video-preview:-1\" \/>\n<link rel=\"canonical\" href=\"https:\/\/www.correiobraziliense.com.br\/cbradar\/voce-conhece-a-unica-cidade-brasileira-fundada-por-um-indigena\/\" \/>\n<meta property=\"og:locale\" content=\"pt_BR\" \/>\n<meta property=\"og:type\" content=\"article\" \/>\n<meta property=\"og:title\" content=\"Voc\u00ea conhece a \u00fanica cidade brasileira fundada por um ind\u00edgena? - Correio Braziliense - Radar\" \/>\n<meta property=\"og:description\" content=\"Saiba mais sobre a \u00fanica cidade no Brasil fundada por um ind\u00edgena e como ela se destaca na hist\u00f3ria do pa\u00eds.\" \/>\n<meta property=\"og:url\" content=\"https:\/\/www.correiobraziliense.com.br\/cbradar\/voce-conhece-a-unica-cidade-brasileira-fundada-por-um-indigena\/\" \/>\n<meta property=\"og:site_name\" content=\"Correio Braziliense - Radar\" \/>\n<meta property=\"article:published_time\" content=\"2025-04-19T18:50:00+00:00\" \/>\n<meta property=\"og:image\" content=\"https:\/\/www.correiobraziliense.com.br\/cbradar\/wp-content\/uploads\/2025\/04\/Niteroi_1744874950543.jpg\" \/>\n\t<meta property=\"og:image:width\" content=\"1280\" \/>\n\t<meta property=\"og:image:height\" content=\"720\" \/>\n\t<meta property=\"og:image:type\" content=\"image\/jpeg\" \/>\n<meta name=\"author\" content=\"Maura Pereira\" \/>\n<meta name=\"twitter:card\" content=\"summary_large_image\" \/>\n<meta name=\"twitter:label1\" content=\"Escrito por\" \/>\n\t<meta name=\"twitter:data1\" content=\"Maura Pereira\" \/>\n\t<meta name=\"twitter:label2\" content=\"Est. tempo de leitura\" \/>\n\t<meta name=\"twitter:data2\" content=\"7 minutos\" \/>\n<!-- \/ Yoast SEO plugin. -->","yoast_head_json":{"title":"Voc\u00ea conhece a \u00fanica cidade brasileira fundada por um ind\u00edgena? - Correio Braziliense - Radar","description":"Saiba mais sobre a \u00fanica cidade no Brasil fundada por um ind\u00edgena e como ela se destaca na hist\u00f3ria do pa\u00eds.","robots":{"index":"index","follow":"follow","max-snippet":"max-snippet:-1","max-image-preview":"max-image-preview:large","max-video-preview":"max-video-preview:-1"},"canonical":"https:\/\/www.correiobraziliense.com.br\/cbradar\/voce-conhece-a-unica-cidade-brasileira-fundada-por-um-indigena\/","og_locale":"pt_BR","og_type":"article","og_title":"Voc\u00ea conhece a \u00fanica cidade brasileira fundada por um ind\u00edgena? - Correio Braziliense - Radar","og_description":"Saiba mais sobre a \u00fanica cidade no Brasil fundada por um ind\u00edgena e como ela se destaca na hist\u00f3ria do pa\u00eds.","og_url":"https:\/\/www.correiobraziliense.com.br\/cbradar\/voce-conhece-a-unica-cidade-brasileira-fundada-por-um-indigena\/","og_site_name":"Correio Braziliense - Radar","article_published_time":"2025-04-19T18:50:00+00:00","og_image":[{"width":1280,"height":720,"url":"https:\/\/www.correiobraziliense.com.br\/cbradar\/wp-content\/uploads\/2025\/04\/Niteroi_1744874950543.jpg","type":"image\/jpeg"}],"author":"Maura Pereira","twitter_card":"summary_large_image","twitter_misc":{"Escrito por":"Maura Pereira","Est. tempo de leitura":"7 minutos"},"schema":{"@context":"https:\/\/schema.org","@graph":[{"@type":"WebPage","@id":"https:\/\/www.correiobraziliense.com.br\/cbradar\/voce-conhece-a-unica-cidade-brasileira-fundada-por-um-indigena\/","url":"https:\/\/www.correiobraziliense.com.br\/cbradar\/voce-conhece-a-unica-cidade-brasileira-fundada-por-um-indigena\/","name":"Voc\u00ea conhece a \u00fanica cidade brasileira fundada por um ind\u00edgena? - Correio Braziliense - Radar","isPartOf":{"@id":"https:\/\/www.correiobraziliense.com.br\/cbradar\/#website"},"primaryImageOfPage":{"@id":"https:\/\/www.correiobraziliense.com.br\/cbradar\/voce-conhece-a-unica-cidade-brasileira-fundada-por-um-indigena\/#primaryimage"},"image":{"@id":"https:\/\/www.correiobraziliense.com.br\/cbradar\/voce-conhece-a-unica-cidade-brasileira-fundada-por-um-indigena\/#primaryimage"},"thumbnailUrl":"https:\/\/www.correiobraziliense.com.br\/cbradar\/wp-content\/uploads\/2025\/04\/Niteroi_1744874950543.jpg","datePublished":"2025-04-19T18:50:00+00:00","author":{"@id":"https:\/\/www.correiobraziliense.com.br\/cbradar\/#\/schema\/person\/4053c651a9bfc785afc6f4cbc9032fd3"},"description":"Saiba mais sobre a \u00fanica cidade no Brasil fundada por um ind\u00edgena e como ela se destaca na hist\u00f3ria do pa\u00eds.","breadcrumb":{"@id":"https:\/\/www.correiobraziliense.com.br\/cbradar\/voce-conhece-a-unica-cidade-brasileira-fundada-por-um-indigena\/#breadcrumb"},"inLanguage":"pt-BR","potentialAction":[{"@type":"ReadAction","target":["https:\/\/www.correiobraziliense.com.br\/cbradar\/voce-conhece-a-unica-cidade-brasileira-fundada-por-um-indigena\/"]}]},{"@type":"ImageObject","inLanguage":"pt-BR","@id":"https:\/\/www.correiobraziliense.com.br\/cbradar\/voce-conhece-a-unica-cidade-brasileira-fundada-por-um-indigena\/#primaryimage","url":"https:\/\/www.correiobraziliense.com.br\/cbradar\/wp-content\/uploads\/2025\/04\/Niteroi_1744874950543.jpg","contentUrl":"https:\/\/www.correiobraziliense.com.br\/cbradar\/wp-content\/uploads\/2025\/04\/Niteroi_1744874950543.jpg","width":1280,"height":720,"caption":"Niter\u00f3i \u00e9 uma cidade acolhedora, com espa\u00e7os modernos e chances de emprego para diferentes perfis. \/\/ Cr\u00e9ditos: depositphotos.com \/ Ranimiro"},{"@type":"BreadcrumbList","@id":"https:\/\/www.correiobraziliense.com.br\/cbradar\/voce-conhece-a-unica-cidade-brasileira-fundada-por-um-indigena\/#breadcrumb","itemListElement":[{"@type":"ListItem","position":1,"name":"In\u00edcio","item":"https:\/\/www.correiobraziliense.com.br\/cbradar\/"},{"@type":"ListItem","position":2,"name":"Voc\u00ea conhece a \u00fanica cidade brasileira fundada por um ind\u00edgena?"}]},{"@type":"WebSite","@id":"https:\/\/www.correiobraziliense.com.br\/cbradar\/#website","url":"https:\/\/www.correiobraziliense.com.br\/cbradar\/","name":"Correio Braziliense - Radar","description":"Acompanhe as \u00faltimas not\u00edcias e fique bem informado sobre tudo o que acontece no Brasil e no mundo.","potentialAction":[{"@type":"SearchAction","target":{"@type":"EntryPoint","urlTemplate":"https:\/\/www.correiobraziliense.com.br\/cbradar\/?s={search_term_string}"},"query-input":{"@type":"PropertyValueSpecification","valueRequired":true,"valueName":"search_term_string"}}],"inLanguage":"pt-BR"},{"@type":"Person","@id":"https:\/\/www.correiobraziliense.com.br\/cbradar\/#\/schema\/person\/4053c651a9bfc785afc6f4cbc9032fd3","name":"Maura Pereira","image":{"@type":"ImageObject","inLanguage":"pt-BR","@id":"https:\/\/www.correiobraziliense.com.br\/cbradar\/#\/schema\/person\/image\/","url":"https:\/\/secure.gravatar.com\/avatar\/3effd6bdadfa447f15089c7f7144eaa6?s=96&d=mm&r=g","contentUrl":"https:\/\/secure.gravatar.com\/avatar\/3effd6bdadfa447f15089c7f7144eaa6?s=96&d=mm&r=g","caption":"Maura Pereira"},"sameAs":["https:\/\/www.correiobraziliense.com.br\/"],"url":"https:\/\/www.correiobraziliense.com.br\/cbradar\/author\/mauramyth\/"}]}},"_links":{"self":[{"href":"https:\/\/www.correiobraziliense.com.br\/cbradar\/wp-json\/wp\/v2\/posts\/24804","targetHints":{"allow":["GET"]}}],"collection":[{"href":"https:\/\/www.correiobraziliense.com.br\/cbradar\/wp-json\/wp\/v2\/posts"}],"about":[{"href":"https:\/\/www.correiobraziliense.com.br\/cbradar\/wp-json\/wp\/v2\/types\/post"}],"author":[{"embeddable":true,"href":"https:\/\/www.correiobraziliense.com.br\/cbradar\/wp-json\/wp\/v2\/users\/8"}],"replies":[{"embeddable":true,"href":"https:\/\/www.correiobraziliense.com.br\/cbradar\/wp-json\/wp\/v2\/comments?post=24804"}],"version-history":[{"count":9,"href":"https:\/\/www.correiobraziliense.com.br\/cbradar\/wp-json\/wp\/v2\/posts\/24804\/revisions"}],"predecessor-version":[{"id":24845,"href":"https:\/\/www.correiobraziliense.com.br\/cbradar\/wp-json\/wp\/v2\/posts\/24804\/revisions\/24845"}],"wp:featuredmedia":[{"embeddable":true,"href":"https:\/\/www.correiobraziliense.com.br\/cbradar\/wp-json\/wp\/v2\/media\/24835"}],"wp:attachment":[{"href":"https:\/\/www.correiobraziliense.com.br\/cbradar\/wp-json\/wp\/v2\/media?parent=24804"}],"wp:term":[{"taxonomy":"category","embeddable":true,"href":"https:\/\/www.correiobraziliense.com.br\/cbradar\/wp-json\/wp\/v2\/categories?post=24804"},{"taxonomy":"post_tag","embeddable":true,"href":"https:\/\/www.correiobraziliense.com.br\/cbradar\/wp-json\/wp\/v2\/post_tag?post=24804"}],"curies":[{"name":"wp","href":"https:\/\/api.w.org\/{rel}","templated":true}]}}