{"id":24806,"date":"2025-04-20T17:50:00","date_gmt":"2025-04-20T20:50:00","guid":{"rendered":"https:\/\/www.correiobraziliense.com.br\/cbradar\/?p=24806"},"modified":"2025-04-17T05:04:10","modified_gmt":"2025-04-17T08:04:10","slug":"conheca-a-cidade-azul-famosa-por-suas-aguas-termais","status":"publish","type":"post","link":"https:\/\/www.correiobraziliense.com.br\/cbradar\/conheca-a-cidade-azul-famosa-por-suas-aguas-termais\/","title":{"rendered":"Conhe\u00e7a a &#8220;cidade azul&#8221; famosa por suas \u00e1guas termais"},"content":{"rendered":"\n<p><strong><a href=\"https:\/\/tubarao.sc.gov.br\/\" target=\"_blank\" rel=\"noreferrer noopener\">Tubar\u00e3o<\/a><\/strong>, localizada no sul de <strong><a href=\"https:\/\/www.correiobraziliense.com.br\/cbradar\/essa-cidade-no-interior-de-santa-catarina-surpreende-pelo-ecoturismo\/\" target=\"_blank\" rel=\"noreferrer noopener\">Santa Catarina<\/a><\/strong>, \u00e9 uma cidade que mescla tradi\u00e7\u00e3o, belezas naturais e infraestrutura moderna. Reconhecida por suas \u00e1guas termais, cultura a\u00e7oriana e influ\u00eancia italiana, a cidade atrai visitantes em busca de bem-estar, hist\u00f3ria e gastronomia t\u00edpica. Al\u00e9m disso, sua posi\u00e7\u00e3o estrat\u00e9gica, pr\u00f3xima do litoral e da <strong>Serra do Rio do Rastro<\/strong>, torna <strong>Tubar\u00e3o<\/strong> um ponto de partida ideal para explorar a regi\u00e3o.<\/p>\n\n\n\n<p>Neste artigo, voc\u00ea vai descobrir tudo sobre <strong>Tubar\u00e3o<\/strong>: desde sua origem at\u00e9 os pontos tur\u00edsticos mais visitados, al\u00e9m de dicas valiosas de transporte, hospedagem e seguran\u00e7a. Se voc\u00ea est\u00e1 planejando uma viagem para o sul do <strong>Brasil<\/strong>, continue a leitura e prepare-se para se encantar com esse destino surpreendente.<\/p>\n\n\n\n<h2 class=\"wp-block-heading\">Qual \u00e9 a hist\u00f3ria de Tubar\u00e3o?<\/h2>\n\n\n\n<p>A hist\u00f3ria de <strong>Tubar\u00e3o<\/strong> come\u00e7a oficialmente em <strong>1773<\/strong>, com a chegada dos primeiros colonizadores portugueses, vindos dos A\u00e7ores. A cidade foi fundada \u00e0s margens do <strong>Rio Tubar\u00e3o<\/strong>, nome derivado da palavra ind\u00edgena \u201c<strong>Tub\u00e1-Nhar\u00f4<\/strong>\u201d, que significa <strong>\u201cpai feroz<\/strong>\u201d. Com o tempo, a cidade se tornou um importante polo comercial e de transporte da regi\u00e3o sul, impulsionada pela navega\u00e7\u00e3o fluvial e pela constru\u00e7\u00e3o da estrada de ferro.<\/p>\n\n\n\n<p>No final do s\u00e9culo <strong>XIX <\/strong>e in\u00edcio do s\u00e9culo <strong>XX<\/strong>, a chegada de imigrantes italianos e alem\u00e3es fortaleceu a economia local e diversificou a cultura. <strong>Tubar\u00e3o<\/strong> viveu momentos marcantes, como a enchente devastadora de <strong>1974<\/strong>, que mudou o curso da cidade e levou \u00e0 constru\u00e7\u00e3o de sistemas de preven\u00e7\u00e3o que existem at\u00e9 hoje. As mem\u00f3rias desse per\u00edodo ainda s\u00e3o vis\u00edveis em museus e nas hist\u00f3rias contadas por seus moradores.<\/p>\n\n\n<div class=\"wp-block-image\">\n<figure class=\"aligncenter size-large\"><img decoding=\"async\" src=\"https:\/\/www.correiobraziliense.com.br\/cbradar\/wp-content\/uploads\/2025\/04\/Edicoes-19-1024x576.png\" alt=\"Conhe\u00e7a a &quot;cidade azul&quot; famosa por suas \u00e1guas termais\" class=\"wp-image-21572\"\/><figcaption class=\"wp-element-caption\">Tubar\u00e3o, SC \/\/ Reprodu\u00e7\u00e3o: Turismo de Tubar\u00e3o https:\/\/turismo.tubarao.sc.gov.br (Foto\/Divulga\u00e7\u00e3o)<\/figcaption><\/figure><\/div>\n\n\n<h2 class=\"wp-block-heading\">Quais s\u00e3o as curiosidades mais interessantes sobre Tubar\u00e3o?<\/h2>\n\n\n\n<p>Entre as curiosidades mais marcantes, est\u00e1 o fato de <strong>Tubar\u00e3o<\/strong> ser conhecida como a \u201c<strong>Cidade Azul<\/strong>\u201d, em refer\u00eancia ao clube de futebol local, o <strong>Herc\u00edlio Luz Futebol Clube<\/strong>, cujas cores e torcida fazem parte da identidade cultural da cidade. Outro fato curioso \u00e9 a exist\u00eancia do <strong>Museu Ferrovi\u00e1rio<\/strong>, que preserva vag\u00f5es e trilhos do tempo em que o trem era o principal meio de transporte entre cidades catarinenses.<\/p>\n\n\n\n<p>A cidade tamb\u00e9m se destaca por seu s\u00edmbolo, o <strong>bras\u00e3o municipal<\/strong>, que representa o poder pol\u00edtico e a heran\u00e7a cultural a\u00e7oriana. J\u00e1 a bandeira de <strong>Tubar\u00e3o<\/strong> carrega as cores azul, branca e vermelha, com estrelas que simbolizam os distritos do munic\u00edpio. Esses elementos refor\u00e7am o orgulho local e ajudam a contar a hist\u00f3ria de um povo resiliente e acolhedor.<\/p>\n\n\n\n<h2 class=\"wp-block-heading\">Quais s\u00e3o os principais pontos tur\u00edsticos de Tubar\u00e3o?<\/h2>\n\n\n\n<p>Os principais atrativos de <strong>Tubar\u00e3o<\/strong> incluem o <strong>Thermas da Guarda<\/strong>, um complexo de \u00e1guas termais que atrai turistas em busca de relaxamento e bem-estar. Outro ponto obrigat\u00f3rio \u00e9 o <strong>Museu Ferrovi\u00e1rio de Tubar\u00e3o<\/strong>, que oferece uma viagem no tempo pelas ferrovias do s\u00e9culo XX, com locomotivas restauradas e passeios de trem.<\/p>\n\n\n\n<p>Durante o ano, vale visitar a cidade em per\u00edodos de baixa temporada, como outono e primavera, para curtir as atra\u00e7\u00f5es com mais tranquilidade. Al\u00e9m disso, eventos como o <strong>Festival da Cultura A\u00e7oriana (A\u00e7or)<\/strong> e a <strong>Festa do Divino Esp\u00edrito Santo<\/strong> tornam a experi\u00eancia ainda mais rica. Um roteiro complementado por cidades vizinhas, como <strong>Laguna<\/strong> e <strong>Gravatal<\/strong>, pode ampliar a viv\u00eancia cultural e natural do visitante.<\/p>\n\n\n\n<h2 class=\"wp-block-heading\">Como \u00e9 o clima local e qual a melhor \u00e9poca para visitar?<\/h2>\n\n\n\n<p>O clima em <strong>Tubar\u00e3o<\/strong> \u00e9 subtropical \u00famido, com ver\u00f5es quentes e invernos amenos. As temperaturas m\u00e9dias variam entre <strong>14\u00b0C<\/strong> no inverno e <strong>30\u00b0C<\/strong> no ver\u00e3o, com altos \u00edndices de umidade. As chuvas s\u00e3o bem distribu\u00eddas ao longo do ano, embora os meses de primavera e ver\u00e3o tenham maior volume pluviom\u00e9trico.<\/p>\n\n\n\n<p>A melhor \u00e9poca para visitar \u00e9 entre os meses de abril e junho ou setembro e novembro, quando o clima est\u00e1 mais ameno e os pre\u00e7os s\u00e3o mais acess\u00edveis. No inverno, \u00e9 ideal para aproveitar as \u00e1guas termais, enquanto o ver\u00e3o oferece a vantagem de estar pr\u00f3ximo ao litoral. Leve roupas confort\u00e1veis, protetor solar e capa de chuva, especialmente entre dezembro e mar\u00e7o.<\/p>\n\n\n\n<h2 class=\"wp-block-heading\">O que fazer em Tubar\u00e3o al\u00e9m dos pontos tur\u00edsticos?<\/h2>\n\n\n\n<p>Al\u00e9m das atra\u00e7\u00f5es mais conhecidas, <strong>Tubar\u00e3o<\/strong> oferece experi\u00eancias aut\u00eanticas como a <strong>Feira da Cidade<\/strong>, com produtos frescos e artesanato local. Nos arredores do centro hist\u00f3rico, \u00e9 poss\u00edvel explorar ruas tranquilas, igrejas antigas e caf\u00e9s charmosos. Para os amantes da gastronomia, a culin\u00e1ria t\u00edpica traz del\u00edcias como o entrevero, pratos com frutos do mar e receitas influenciadas pela imigra\u00e7\u00e3o italiana e a\u00e7oriana.<\/p>\n\n\n\n<p>A cidade conta com diversas op\u00e7\u00f5es de hospedagem, desde hot\u00e9is modernos at\u00e9 pousadas mais intimistas. O sistema de transporte \u00e9 eficiente, com linhas de \u00f4nibus que atendem os principais bairros, al\u00e9m da facilidade de usar aplicativos de transporte. Quem prefere mais liberdade pode alugar bicicletas ou caminhar pelas \u00e1reas centrais da cidade.<\/p>\n\n\n\n<h2 class=\"wp-block-heading\">Quais s\u00e3o as dicas essenciais para quem visita Tubar\u00e3o?<\/h2>\n\n\n\n<p>Durante sua visita a <strong>Tubar\u00e3o<\/strong>, \u00e9 importante manter aten\u00e7\u00e3o com objetos pessoais, especialmente em \u00e1reas com grande circula\u00e7\u00e3o de pessoas. A cidade \u00e9 considerada segura, mas cuidados b\u00e1sicos devem ser tomados como em qualquer centro urbano. O transporte p\u00fablico \u00e9 acess\u00edvel, com passagens a valores m\u00e9dios entre <strong>R$ 4,50<\/strong> e <strong>R$ 6,00<\/strong>, dependendo do trajeto.<\/p>\n\n\n\n<p>Para economizar, procure visitar fora da alta temporada e utilize cupons de desconto em atra\u00e7\u00f5es e restaurantes. Tamb\u00e9m \u00e9 bom evitar compras em pontos tur\u00edsticos muito movimentados, onde os pre\u00e7os podem ser inflacionados. Vale conferir plataformas de hospedagem que oferecem promo\u00e7\u00f5es e pacotes que combinam hotel e ingresso para os principais atrativos.<\/p>\n\n\n\n<h2 class=\"wp-block-heading\">Perguntas frequentes (FAQ)<\/h2>\n\n\n\n<p><strong>Qual \u00e9 a melhor \u00e9poca do ano para visitar Tubar\u00e3o?<\/strong><br>Geralmente, depende do clima e dos eventos locais, como festivais ou feriados.<\/p>\n\n\n\n<p><strong>Quais pratos t\u00edpicos devem ser experimentados?<\/strong><br>Busque restaurantes tradicionais para provar a culin\u00e1ria local de <strong>Tubar\u00e3o<\/strong>.<\/p>\n\n\n\n<p><strong>Quais s\u00e3o as melhores op\u00e7\u00f5es de transporte na cidade?<\/strong><br>Use \u00f4nibus, t\u00e1xis, aplicativos ou aluguel de bicicletas, dependendo da infraestrutura de <strong>Tubar\u00e3o<\/strong>.<\/p>\n\n\n\n<p><strong>Tubar\u00e3o \u00e9 segura para turistas?<\/strong><br>Em geral, sim, mas \u00e9 importante manter os cuidados de praxe em qualquer grande centro urbano.<\/p>\n\n\n\n<p><strong>Que eventos e festivais ocorrem anualmente em Tubar\u00e3o?<\/strong><br>H\u00e1 celebra\u00e7\u00f5es religiosas, gastron\u00f4micas ou art\u00edsticas ao longo do ano; consulte calend\u00e1rios oficiais para se programar.<\/p>\n","protected":false},"excerpt":{"rendered":"<p>Tubar\u00e3o, localizada no sul de Santa Catarina, \u00e9 uma cidade que mescla tradi\u00e7\u00e3o, belezas naturais e infraestrutura moderna. Reconhecida por suas \u00e1guas termais, cultura a\u00e7oriana e influ\u00eancia italiana, a cidade atrai visitantes em busca de bem-estar, hist\u00f3ria e gastronomia t\u00edpica. Al\u00e9m disso, sua posi\u00e7\u00e3o estrat\u00e9gica, pr\u00f3xima do litoral e da Serra do Rio do Rastro, [&hellip;]<\/p>\n","protected":false},"author":8,"featured_media":0,"comment_status":"open","ping_status":"open","sticky":false,"template":"","format":"standard","meta":{"_yoast_wpseo_focuskw":"cidade","_yoast_wpseo_title":"","_yoast_wpseo_metadesc":"Descubra a \"cidade azul\" e como suas \u00e1guas termais atraem visitantes de todo o Brasil. Um destino de beleza e relaxamento.","jnews-multi-image_gallery":[],"jnews_single_post":{"format":"standard"},"jnews_primary_category":[],"jnews_social_meta":[],"jnews_override_counter":[],"footnotes":""},"categories":[108,111],"tags":[225,851,3096],"class_list":["post-24806","post","type-post","status-publish","format-standard","hentry","category-cidades","category-turismo","tag-brasil","tag-santa-catarina","tag-tubarao"],"yoast_head":"<!-- This site is optimized with the Yoast SEO plugin v24.6 - https:\/\/yoast.com\/wordpress\/plugins\/seo\/ -->\n<title>Conhe\u00e7a a &quot;cidade azul&quot; famosa por suas \u00e1guas termais - Correio Braziliense - Radar<\/title>\n<meta name=\"description\" content=\"Descubra a &quot;cidade azul&quot; e como suas \u00e1guas termais atraem visitantes de todo o Brasil. Um destino de beleza e relaxamento.\" \/>\n<meta name=\"robots\" content=\"index, follow, max-snippet:-1, max-image-preview:large, max-video-preview:-1\" \/>\n<link rel=\"canonical\" href=\"https:\/\/www.correiobraziliense.com.br\/cbradar\/conheca-a-cidade-azul-famosa-por-suas-aguas-termais\/\" \/>\n<meta property=\"og:locale\" content=\"pt_BR\" \/>\n<meta property=\"og:type\" content=\"article\" \/>\n<meta property=\"og:title\" content=\"Conhe\u00e7a a &quot;cidade azul&quot; famosa por suas \u00e1guas termais - Correio Braziliense - Radar\" \/>\n<meta property=\"og:description\" content=\"Descubra a &quot;cidade azul&quot; e como suas \u00e1guas termais atraem visitantes de todo o Brasil. Um destino de beleza e relaxamento.\" \/>\n<meta property=\"og:url\" content=\"https:\/\/www.correiobraziliense.com.br\/cbradar\/conheca-a-cidade-azul-famosa-por-suas-aguas-termais\/\" \/>\n<meta property=\"og:site_name\" content=\"Correio Braziliense - Radar\" \/>\n<meta property=\"article:published_time\" content=\"2025-04-20T20:50:00+00:00\" \/>\n<meta property=\"og:image\" content=\"https:\/\/www.correiobraziliense.com.br\/cbradar\/wp-content\/uploads\/2025\/04\/Edicoes-18.png\" \/>\n\t<meta property=\"og:image:width\" content=\"1280\" \/>\n\t<meta property=\"og:image:height\" content=\"720\" \/>\n\t<meta property=\"og:image:type\" content=\"image\/png\" \/>\n<meta name=\"author\" content=\"Maura Pereira\" \/>\n<meta name=\"twitter:card\" content=\"summary_large_image\" \/>\n<meta name=\"twitter:label1\" content=\"Escrito por\" \/>\n\t<meta name=\"twitter:data1\" content=\"Maura Pereira\" \/>\n\t<meta name=\"twitter:label2\" content=\"Est. tempo de leitura\" \/>\n\t<meta name=\"twitter:data2\" content=\"6 minutos\" \/>\n<!-- \/ Yoast SEO plugin. -->","yoast_head_json":{"title":"Conhe\u00e7a a \"cidade azul\" famosa por suas \u00e1guas termais - Correio Braziliense - Radar","description":"Descubra a \"cidade azul\" e como suas \u00e1guas termais atraem visitantes de todo o Brasil. Um destino de beleza e relaxamento.","robots":{"index":"index","follow":"follow","max-snippet":"max-snippet:-1","max-image-preview":"max-image-preview:large","max-video-preview":"max-video-preview:-1"},"canonical":"https:\/\/www.correiobraziliense.com.br\/cbradar\/conheca-a-cidade-azul-famosa-por-suas-aguas-termais\/","og_locale":"pt_BR","og_type":"article","og_title":"Conhe\u00e7a a \"cidade azul\" famosa por suas \u00e1guas termais - Correio Braziliense - Radar","og_description":"Descubra a \"cidade azul\" e como suas \u00e1guas termais atraem visitantes de todo o Brasil. Um destino de beleza e relaxamento.","og_url":"https:\/\/www.correiobraziliense.com.br\/cbradar\/conheca-a-cidade-azul-famosa-por-suas-aguas-termais\/","og_site_name":"Correio Braziliense - Radar","article_published_time":"2025-04-20T20:50:00+00:00","og_image":[{"width":1280,"height":720,"url":"https:\/\/www.correiobraziliense.com.br\/cbradar\/wp-content\/uploads\/2025\/04\/Edicoes-18.png","type":"image\/png"}],"author":"Maura Pereira","twitter_card":"summary_large_image","twitter_misc":{"Escrito por":"Maura Pereira","Est. tempo de leitura":"6 minutos"},"schema":{"@context":"https:\/\/schema.org","@graph":[{"@type":"WebPage","@id":"https:\/\/www.correiobraziliense.com.br\/cbradar\/conheca-a-cidade-azul-famosa-por-suas-aguas-termais\/","url":"https:\/\/www.correiobraziliense.com.br\/cbradar\/conheca-a-cidade-azul-famosa-por-suas-aguas-termais\/","name":"Conhe\u00e7a a \"cidade azul\" famosa por suas \u00e1guas termais - Correio Braziliense - Radar","isPartOf":{"@id":"https:\/\/www.correiobraziliense.com.br\/cbradar\/#website"},"primaryImageOfPage":{"@id":"https:\/\/www.correiobraziliense.com.br\/cbradar\/conheca-a-cidade-azul-famosa-por-suas-aguas-termais\/#primaryimage"},"image":{"@id":"https:\/\/www.correiobraziliense.com.br\/cbradar\/conheca-a-cidade-azul-famosa-por-suas-aguas-termais\/#primaryimage"},"thumbnailUrl":"https:\/\/www.correiobraziliense.com.br\/cbradar\/wp-content\/uploads\/2025\/04\/Edicoes-19-1024x576.png","datePublished":"2025-04-20T20:50:00+00:00","author":{"@id":"https:\/\/www.correiobraziliense.com.br\/cbradar\/#\/schema\/person\/4053c651a9bfc785afc6f4cbc9032fd3"},"description":"Descubra a \"cidade azul\" e como suas \u00e1guas termais atraem visitantes de todo o Brasil. Um destino de beleza e relaxamento.","breadcrumb":{"@id":"https:\/\/www.correiobraziliense.com.br\/cbradar\/conheca-a-cidade-azul-famosa-por-suas-aguas-termais\/#breadcrumb"},"inLanguage":"pt-BR","potentialAction":[{"@type":"ReadAction","target":["https:\/\/www.correiobraziliense.com.br\/cbradar\/conheca-a-cidade-azul-famosa-por-suas-aguas-termais\/"]}]},{"@type":"ImageObject","inLanguage":"pt-BR","@id":"https:\/\/www.correiobraziliense.com.br\/cbradar\/conheca-a-cidade-azul-famosa-por-suas-aguas-termais\/#primaryimage","url":"","contentUrl":""},{"@type":"BreadcrumbList","@id":"https:\/\/www.correiobraziliense.com.br\/cbradar\/conheca-a-cidade-azul-famosa-por-suas-aguas-termais\/#breadcrumb","itemListElement":[{"@type":"ListItem","position":1,"name":"In\u00edcio","item":"https:\/\/www.correiobraziliense.com.br\/cbradar\/"},{"@type":"ListItem","position":2,"name":"Conhe\u00e7a a &#8220;cidade azul&#8221; famosa por suas \u00e1guas termais"}]},{"@type":"WebSite","@id":"https:\/\/www.correiobraziliense.com.br\/cbradar\/#website","url":"https:\/\/www.correiobraziliense.com.br\/cbradar\/","name":"Correio Braziliense - Radar","description":"Acompanhe as \u00faltimas not\u00edcias e fique bem informado sobre tudo o que acontece no Brasil e no mundo.","potentialAction":[{"@type":"SearchAction","target":{"@type":"EntryPoint","urlTemplate":"https:\/\/www.correiobraziliense.com.br\/cbradar\/?s={search_term_string}"},"query-input":{"@type":"PropertyValueSpecification","valueRequired":true,"valueName":"search_term_string"}}],"inLanguage":"pt-BR"},{"@type":"Person","@id":"https:\/\/www.correiobraziliense.com.br\/cbradar\/#\/schema\/person\/4053c651a9bfc785afc6f4cbc9032fd3","name":"Maura Pereira","image":{"@type":"ImageObject","inLanguage":"pt-BR","@id":"https:\/\/www.correiobraziliense.com.br\/cbradar\/#\/schema\/person\/image\/","url":"https:\/\/secure.gravatar.com\/avatar\/3effd6bdadfa447f15089c7f7144eaa6?s=96&d=mm&r=g","contentUrl":"https:\/\/secure.gravatar.com\/avatar\/3effd6bdadfa447f15089c7f7144eaa6?s=96&d=mm&r=g","caption":"Maura Pereira"},"sameAs":["https:\/\/www.correiobraziliense.com.br\/"],"url":"https:\/\/www.correiobraziliense.com.br\/cbradar\/author\/mauramyth\/"}]}},"_links":{"self":[{"href":"https:\/\/www.correiobraziliense.com.br\/cbradar\/wp-json\/wp\/v2\/posts\/24806","targetHints":{"allow":["GET"]}}],"collection":[{"href":"https:\/\/www.correiobraziliense.com.br\/cbradar\/wp-json\/wp\/v2\/posts"}],"about":[{"href":"https:\/\/www.correiobraziliense.com.br\/cbradar\/wp-json\/wp\/v2\/types\/post"}],"author":[{"embeddable":true,"href":"https:\/\/www.correiobraziliense.com.br\/cbradar\/wp-json\/wp\/v2\/users\/8"}],"replies":[{"embeddable":true,"href":"https:\/\/www.correiobraziliense.com.br\/cbradar\/wp-json\/wp\/v2\/comments?post=24806"}],"version-history":[{"count":9,"href":"https:\/\/www.correiobraziliense.com.br\/cbradar\/wp-json\/wp\/v2\/posts\/24806\/revisions"}],"predecessor-version":[{"id":24854,"href":"https:\/\/www.correiobraziliense.com.br\/cbradar\/wp-json\/wp\/v2\/posts\/24806\/revisions\/24854"}],"wp:attachment":[{"href":"https:\/\/www.correiobraziliense.com.br\/cbradar\/wp-json\/wp\/v2\/media?parent=24806"}],"wp:term":[{"taxonomy":"category","embeddable":true,"href":"https:\/\/www.correiobraziliense.com.br\/cbradar\/wp-json\/wp\/v2\/categories?post=24806"},{"taxonomy":"post_tag","embeddable":true,"href":"https:\/\/www.correiobraziliense.com.br\/cbradar\/wp-json\/wp\/v2\/tags?post=24806"}],"curies":[{"name":"wp","href":"https:\/\/api.w.org\/{rel}","templated":true}]}}